{"id":223757,"date":"2022-06-06T18:00:00","date_gmt":"2022-06-06T21:00:00","guid":{"rendered":"https:\/\/agrund.com\/?p=223757"},"modified":"2022-06-06T13:32:40","modified_gmt":"2022-06-06T16:32:40","slug":"spfw-n53-a-leitura-cinematografica-da-martins","status":"publish","type":"post","link":"https:\/\/agrund.com\/index.php\/spfw-n53-a-leitura-cinematografica-da-martins\/","title":{"rendered":"SPFW N53 :: A leitura cinematogr\u00e1fica da Martins"},"content":{"rendered":"\n<p>Por Arlindo Grund e Lari Mariano<\/p>\n\n\n\n<p>O M\u00e1gico de Oz + Beetlejuice + P\u00e2nico + Kill Bill: o que essas refer\u00eancias de cinema podem ter em comum? Aqui, a resposta \u00e9 a linha criativa de Tom Martins, que est\u00e1 \u00e0 frente da marca.<br>A tradu\u00e7\u00e3o se faz em looks que costuram os opostos. Do preto, com estampas quase mais sombrias, ao colorido l\u00fadico e cheio de volume, brincos de mi\u00e7anga, franjas e brilho at\u00e9 estampas de cobra. Tudo bem inusitado e sem g\u00eanero, como sempre mostrou o estilista.<\/p>\n\n\n\n<p>Contrastes autorais, diversos, imaginativos, mas reais, porque s\u00e3o materializados pela Martins nesta edi\u00e7\u00e3o. Nada de padr\u00e3o, nada de (pr\u00e9)conceitos que podem gerar exclus\u00e3o. Nas cria\u00e7\u00f5es do Tom, todos s\u00e3o bem-vindos.<\/p>\n\n\n\n<div class=\"wp-block-image\"><figure class=\"aligncenter size-full\"><img data-attachment-id=\"223758\" data-permalink=\"https:\/\/agrund.com\/index.php\/spfw-n53-a-leitura-cinematografica-da-martins\/martins_-spfw-n53_senac-lapa03-06-2022foto-marcelo-soubhia-agfotosite\/\" data-orig-file=\"https:\/\/i0.wp.com\/agrund.com\/wp-content\/uploads\/sites\/6\/2022\/06\/agrund-spfw-n53-Martins-1.jpeg?fit=600%2C900&amp;ssl=1\" data-orig-size=\"600,900\" data-comments-opened=\"1\" data-image-meta=\"{&quot;aperture&quot;:&quot;0&quot;,&quot;credit&quot;:&quot;Marcelo Soubhia\\\/ @agfotosite&quot;,&quot;camera&quot;:&quot;&quot;,&quot;caption&quot;:&quot;Martins\\r_ SPFW N53_\\rSenac Lapa\\r03\\\/06\\\/2022\\r\\rFoto: Marcelo Soubhia\\\/ @agfotosite&quot;,&quot;created_timestamp&quot;:&quot;1654286267&quot;,&quot;copyright&quot;:&quot;Marcelo Soubhia\\\/ @agfotosite&quot;,&quot;focal_length&quot;:&quot;0&quot;,&quot;iso&quot;:&quot;0&quot;,&quot;shutter_speed&quot;:&quot;0&quot;,&quot;title&quot;:&quot;Martins\\r_ SPFW N53_\\rSenac Lapa\\r03\\\/06\\\/2022\\r\\rFoto: Marcelo Soubhia\\\/ @agfotosite&quot;,&quot;orientation&quot;:&quot;1&quot;}\" data-image-title=\"Martins\r_ SPFW N53_\rSenac Lapa\r03\/06\/2022\r\rFoto: Marcelo Soubhia\/ @agfotosite\" data-image-description=\"\" data-image-caption=\"&lt;p&gt;Martins&lt;br \/&gt;\n_ SPFW N53_&lt;br \/&gt;\nSenac Lapa&lt;br \/&gt;\n03\/06\/2022&lt;\/p&gt;\n&lt;p&gt;Foto: Marcelo Soubhia\/ @agfotosite&lt;\/p&gt;\n\" data-medium-file=\"https:\/\/i0.wp.com\/agrund.com\/wp-content\/uploads\/sites\/6\/2022\/06\/agrund-spfw-n53-Martins-1.jpeg?fit=200%2C300&amp;ssl=1\" data-large-file=\"https:\/\/i0.wp.com\/agrund.com\/wp-content\/uploads\/sites\/6\/2022\/06\/agrund-spfw-n53-Martins-1.jpeg?fit=600%2C900&amp;ssl=1\" decoding=\"async\" loading=\"lazy\" width=\"600\" height=\"900\" src=\"https:\/\/i0.wp.com\/agrund.com\/wp-content\/uploads\/sites\/6\/2022\/06\/agrund-spfw-n53-Martins-1.jpeg?resize=600%2C900&#038;ssl=1\" alt=\"\" class=\"wp-image-223758\" srcset=\"https:\/\/i0.wp.com\/agrund.com\/wp-content\/uploads\/sites\/6\/2022\/06\/agrund-spfw-n53-Martins-1.jpeg?w=600&amp;ssl=1 600w, https:\/\/i0.wp.com\/agrund.com\/wp-content\/uploads\/sites\/6\/2022\/06\/agrund-spfw-n53-Martins-1.jpeg?resize=200%2C300&amp;ssl=1 200w\" sizes=\"(max-width: 600px) 100vw, 600px\" data-recalc-dims=\"1\" \/><figcaption>SPFW N53 :: A leitura cinematogr\u00e1fica da Martins<\/figcaption><\/figure><\/div>\n\n\n\n<div class=\"wp-block-image\"><figure class=\"aligncenter size-full\"><img data-attachment-id=\"223759\" data-permalink=\"https:\/\/agrund.com\/index.php\/spfw-n53-a-leitura-cinematografica-da-martins\/martins_-spfw-n53_senac-lapa03-06-2022foto-marcelo-soubhia-agfotosite-2\/\" data-orig-file=\"https:\/\/i0.wp.com\/agrund.com\/wp-content\/uploads\/sites\/6\/2022\/06\/agrund-spfw-n53-Martins-2.jpeg?fit=600%2C900&amp;ssl=1\" data-orig-size=\"600,900\" data-comments-opened=\"1\" data-image-meta=\"{&quot;aperture&quot;:&quot;0&quot;,&quot;credit&quot;:&quot;Marcelo Soubhia\\\/ @agfotosite&quot;,&quot;camera&quot;:&quot;&quot;,&quot;caption&quot;:&quot;Martins\\r_ SPFW N53_\\rSenac Lapa\\r03\\\/06\\\/2022\\r\\rFoto: Marcelo Soubhia\\\/ @agfotosite&quot;,&quot;created_timestamp&quot;:&quot;1654286251&quot;,&quot;copyright&quot;:&quot;Marcelo Soubhia\\\/ @agfotosite&quot;,&quot;focal_length&quot;:&quot;0&quot;,&quot;iso&quot;:&quot;0&quot;,&quot;shutter_speed&quot;:&quot;0&quot;,&quot;title&quot;:&quot;Martins\\r_ SPFW N53_\\rSenac Lapa\\r03\\\/06\\\/2022\\r\\rFoto: Marcelo Soubhia\\\/ @agfotosite&quot;,&quot;orientation&quot;:&quot;1&quot;}\" data-image-title=\"Martins\r_ SPFW N53_\rSenac Lapa\r03\/06\/2022\r\rFoto: Marcelo Soubhia\/ @agfotosite\" data-image-description=\"\" data-image-caption=\"&lt;p&gt;Martins&lt;br \/&gt;\n_ SPFW N53_&lt;br \/&gt;\nSenac Lapa&lt;br \/&gt;\n03\/06\/2022&lt;\/p&gt;\n&lt;p&gt;Foto: Marcelo Soubhia\/ @agfotosite&lt;\/p&gt;\n\" data-medium-file=\"https:\/\/i0.wp.com\/agrund.com\/wp-content\/uploads\/sites\/6\/2022\/06\/agrund-spfw-n53-Martins-2.jpeg?fit=200%2C300&amp;ssl=1\" data-large-file=\"https:\/\/i0.wp.com\/agrund.com\/wp-content\/uploads\/sites\/6\/2022\/06\/agrund-spfw-n53-Martins-2.jpeg?fit=600%2C900&amp;ssl=1\" decoding=\"async\" loading=\"lazy\" width=\"600\" height=\"900\" src=\"https:\/\/i0.wp.com\/agrund.com\/wp-content\/uploads\/sites\/6\/2022\/06\/agrund-spfw-n53-Martins-2.jpeg?resize=600%2C900&#038;ssl=1\" alt=\"\" class=\"wp-image-223759\" srcset=\"https:\/\/i0.wp.com\/agrund.com\/wp-content\/uploads\/sites\/6\/2022\/06\/agrund-spfw-n53-Martins-2.jpeg?w=600&amp;ssl=1 600w, https:\/\/i0.wp.com\/agrund.com\/wp-content\/uploads\/sites\/6\/2022\/06\/agrund-spfw-n53-Martins-2.jpeg?resize=200%2C300&amp;ssl=1 200w\" sizes=\"(max-width: 600px) 100vw, 600px\" data-recalc-dims=\"1\" \/><figcaption>SPFW N53 :: A leitura cinematogr\u00e1fica da Martins<\/figcaption><\/figure><\/div>\n\n\n\n<div class=\"wp-block-image\"><figure class=\"aligncenter size-full\"><img data-attachment-id=\"223760\" data-permalink=\"https:\/\/agrund.com\/index.php\/spfw-n53-a-leitura-cinematografica-da-martins\/martins_-spfw-n53_senac-lapa03-06-2022foto-marcelo-soubhia-agfotosite-3\/\" data-orig-file=\"https:\/\/i0.wp.com\/agrund.com\/wp-content\/uploads\/sites\/6\/2022\/06\/agrund-spfw-n53-Martins-3.jpeg?fit=600%2C900&amp;ssl=1\" data-orig-size=\"600,900\" data-comments-opened=\"1\" data-image-meta=\"{&quot;aperture&quot;:&quot;0&quot;,&quot;credit&quot;:&quot;Marcelo Soubhia\\\/ @agfotosite&quot;,&quot;camera&quot;:&quot;&quot;,&quot;caption&quot;:&quot;Martins\\r_ SPFW N53_\\rSenac Lapa\\r03\\\/06\\\/2022\\r\\rFoto: Marcelo Soubhia\\\/ @agfotosite&quot;,&quot;created_timestamp&quot;:&quot;1654286237&quot;,&quot;copyright&quot;:&quot;Marcelo Soubhia\\\/ @agfotosite&quot;,&quot;focal_length&quot;:&quot;0&quot;,&quot;iso&quot;:&quot;0&quot;,&quot;shutter_speed&quot;:&quot;0&quot;,&quot;title&quot;:&quot;Martins\\r_ SPFW N53_\\rSenac Lapa\\r03\\\/06\\\/2022\\r\\rFoto: Marcelo Soubhia\\\/ @agfotosite&quot;,&quot;orientation&quot;:&quot;1&quot;}\" data-image-title=\"Martins\r_ SPFW N53_\rSenac Lapa\r03\/06\/2022\r\rFoto: Marcelo Soubhia\/ @agfotosite\" data-image-description=\"\" data-image-caption=\"&lt;p&gt;Martins&lt;br \/&gt;\n_ SPFW N53_&lt;br \/&gt;\nSenac Lapa&lt;br \/&gt;\n03\/06\/2022&lt;\/p&gt;\n&lt;p&gt;Foto: Marcelo Soubhia\/ @agfotosite&lt;\/p&gt;\n\" data-medium-file=\"https:\/\/i0.wp.com\/agrund.com\/wp-content\/uploads\/sites\/6\/2022\/06\/agrund-spfw-n53-Martins-3.jpeg?fit=200%2C300&amp;ssl=1\" data-large-file=\"https:\/\/i0.wp.com\/agrund.com\/wp-content\/uploads\/sites\/6\/2022\/06\/agrund-spfw-n53-Martins-3.jpeg?fit=600%2C900&amp;ssl=1\" decoding=\"async\" loading=\"lazy\" width=\"600\" height=\"900\" src=\"https:\/\/i0.wp.com\/agrund.com\/wp-content\/uploads\/sites\/6\/2022\/06\/agrund-spfw-n53-Martins-3.jpeg?resize=600%2C900&#038;ssl=1\" alt=\"\" class=\"wp-image-223760\" srcset=\"https:\/\/i0.wp.com\/agrund.com\/wp-content\/uploads\/sites\/6\/2022\/06\/agrund-spfw-n53-Martins-3.jpeg?w=600&amp;ssl=1 600w, https:\/\/i0.wp.com\/agrund.com\/wp-content\/uploads\/sites\/6\/2022\/06\/agrund-spfw-n53-Martins-3.jpeg?resize=200%2C300&amp;ssl=1 200w\" sizes=\"(max-width: 600px) 100vw, 600px\" data-recalc-dims=\"1\" \/><figcaption>SPFW N53 :: A leitura cinematogr\u00e1fica da Martins<\/figcaption><\/figure><\/div>\n\n\n\n<div class=\"wp-block-image\"><figure class=\"aligncenter size-full\"><img data-attachment-id=\"223761\" data-permalink=\"https:\/\/agrund.com\/index.php\/spfw-n53-a-leitura-cinematografica-da-martins\/martins_-spfw-n53_senac-lapa03-06-2022foto-marcelo-soubhia-agfotosite-4\/\" data-orig-file=\"https:\/\/i0.wp.com\/agrund.com\/wp-content\/uploads\/sites\/6\/2022\/06\/agrund-spfw-n53-Martins-4.jpeg?fit=600%2C900&amp;ssl=1\" data-orig-size=\"600,900\" data-comments-opened=\"1\" data-image-meta=\"{&quot;aperture&quot;:&quot;0&quot;,&quot;credit&quot;:&quot;Marcelo Soubhia\\\/ @agfotosite&quot;,&quot;camera&quot;:&quot;&quot;,&quot;caption&quot;:&quot;Martins\\r_ SPFW N53_\\rSenac Lapa\\r03\\\/06\\\/2022\\r\\rFoto: Marcelo Soubhia\\\/ @agfotosite&quot;,&quot;created_timestamp&quot;:&quot;1654286270&quot;,&quot;copyright&quot;:&quot;Marcelo Soubhia\\\/ @agfotosite&quot;,&quot;focal_length&quot;:&quot;0&quot;,&quot;iso&quot;:&quot;0&quot;,&quot;shutter_speed&quot;:&quot;0&quot;,&quot;title&quot;:&quot;Martins\\r_ SPFW N53_\\rSenac Lapa\\r03\\\/06\\\/2022\\r\\rFoto: Marcelo Soubhia\\\/ @agfotosite&quot;,&quot;orientation&quot;:&quot;1&quot;}\" data-image-title=\"Martins\r_ SPFW N53_\rSenac Lapa\r03\/06\/2022\r\rFoto: Marcelo Soubhia\/ @agfotosite\" data-image-description=\"\" data-image-caption=\"&lt;p&gt;Martins&lt;br \/&gt;\n_ SPFW N53_&lt;br \/&gt;\nSenac Lapa&lt;br \/&gt;\n03\/06\/2022&lt;\/p&gt;\n&lt;p&gt;Foto: Marcelo Soubhia\/ @agfotosite&lt;\/p&gt;\n\" data-medium-file=\"https:\/\/i0.wp.com\/agrund.com\/wp-content\/uploads\/sites\/6\/2022\/06\/agrund-spfw-n53-Martins-4.jpeg?fit=200%2C300&amp;ssl=1\" data-large-file=\"https:\/\/i0.wp.com\/agrund.com\/wp-content\/uploads\/sites\/6\/2022\/06\/agrund-spfw-n53-Martins-4.jpeg?fit=600%2C900&amp;ssl=1\" decoding=\"async\" loading=\"lazy\" width=\"600\" height=\"900\" src=\"https:\/\/i0.wp.com\/agrund.com\/wp-content\/uploads\/sites\/6\/2022\/06\/agrund-spfw-n53-Martins-4.jpeg?resize=600%2C900&#038;ssl=1\" alt=\"\" class=\"wp-image-223761\" srcset=\"https:\/\/i0.wp.com\/agrund.com\/wp-content\/uploads\/sites\/6\/2022\/06\/agrund-spfw-n53-Martins-4.jpeg?w=600&amp;ssl=1 600w, https:\/\/i0.wp.com\/agrund.com\/wp-content\/uploads\/sites\/6\/2022\/06\/agrund-spfw-n53-Martins-4.jpeg?resize=200%2C300&amp;ssl=1 200w\" sizes=\"(max-width: 600px) 100vw, 600px\" data-recalc-dims=\"1\" \/><figcaption>SPFW N53 :: A leitura cinematogr\u00e1fica da Martins<\/figcaption><\/figure><\/div>\n\n\n\n<div class=\"wp-block-image\"><figure class=\"aligncenter size-full\"><img data-attachment-id=\"223762\" data-permalink=\"https:\/\/agrund.com\/index.php\/spfw-n53-a-leitura-cinematografica-da-martins\/martins_-spfw-n53_senac-lapa03-06-2022foto-marcelo-soubhia-agfotosite-5\/\" data-orig-file=\"https:\/\/i0.wp.com\/agrund.com\/wp-content\/uploads\/sites\/6\/2022\/06\/agrund-spfw-n53-Martins-5.jpeg?fit=600%2C900&amp;ssl=1\" data-orig-size=\"600,900\" data-comments-opened=\"1\" data-image-meta=\"{&quot;aperture&quot;:&quot;0&quot;,&quot;credit&quot;:&quot;Marcelo Soubhia\\\/ @agfotosite&quot;,&quot;camera&quot;:&quot;&quot;,&quot;caption&quot;:&quot;Martins\\r_ SPFW N53_\\rSenac Lapa\\r03\\\/06\\\/2022\\r\\rFoto: Marcelo Soubhia\\\/ @agfotosite&quot;,&quot;created_timestamp&quot;:&quot;1654286279&quot;,&quot;copyright&quot;:&quot;Marcelo Soubhia\\\/ @agfotosite&quot;,&quot;focal_length&quot;:&quot;0&quot;,&quot;iso&quot;:&quot;0&quot;,&quot;shutter_speed&quot;:&quot;0&quot;,&quot;title&quot;:&quot;Martins\\r_ SPFW N53_\\rSenac Lapa\\r03\\\/06\\\/2022\\r\\rFoto: Marcelo Soubhia\\\/ @agfotosite&quot;,&quot;orientation&quot;:&quot;1&quot;}\" data-image-title=\"Martins\r_ SPFW N53_\rSenac Lapa\r03\/06\/2022\r\rFoto: Marcelo Soubhia\/ @agfotosite\" data-image-description=\"\" data-image-caption=\"&lt;p&gt;Martins&lt;br \/&gt;\n_ SPFW N53_&lt;br \/&gt;\nSenac Lapa&lt;br \/&gt;\n03\/06\/2022&lt;\/p&gt;\n&lt;p&gt;Foto: Marcelo Soubhia\/ @agfotosite&lt;\/p&gt;\n\" data-medium-file=\"https:\/\/i0.wp.com\/agrund.com\/wp-content\/uploads\/sites\/6\/2022\/06\/agrund-spfw-n53-Martins-5.jpeg?fit=200%2C300&amp;ssl=1\" data-large-file=\"https:\/\/i0.wp.com\/agrund.com\/wp-content\/uploads\/sites\/6\/2022\/06\/agrund-spfw-n53-Martins-5.jpeg?fit=600%2C900&amp;ssl=1\" decoding=\"async\" loading=\"lazy\" width=\"600\" height=\"900\" src=\"https:\/\/i0.wp.com\/agrund.com\/wp-content\/uploads\/sites\/6\/2022\/06\/agrund-spfw-n53-Martins-5.jpeg?resize=600%2C900&#038;ssl=1\" alt=\"\" class=\"wp-image-223762\" srcset=\"https:\/\/i0.wp.com\/agrund.com\/wp-content\/uploads\/sites\/6\/2022\/06\/agrund-spfw-n53-Martins-5.jpeg?w=600&amp;ssl=1 600w, https:\/\/i0.wp.com\/agrund.com\/wp-content\/uploads\/sites\/6\/2022\/06\/agrund-spfw-n53-Martins-5.jpeg?resize=200%2C300&amp;ssl=1 200w\" sizes=\"(max-width: 600px) 100vw, 600px\" data-recalc-dims=\"1\" \/><figcaption>SPFW N53 :: A leitura cinematogr\u00e1fica da Martins<\/figcaption><\/figure><\/div>\n\n\n\n<div class=\"wp-block-image\"><figure class=\"aligncenter size-full\"><img data-attachment-id=\"223763\" data-permalink=\"https:\/\/agrund.com\/index.php\/spfw-n53-a-leitura-cinematografica-da-martins\/martins_-spfw-n53_senac-lapa03-06-2022foto-marcelo-soubhia-agfotosite-6\/\" data-orig-file=\"https:\/\/i0.wp.com\/agrund.com\/wp-content\/uploads\/sites\/6\/2022\/06\/agrund-spfw-n53-Martins-6.jpeg?fit=600%2C900&amp;ssl=1\" data-orig-size=\"600,900\" data-comments-opened=\"1\" data-image-meta=\"{&quot;aperture&quot;:&quot;0&quot;,&quot;credit&quot;:&quot;Marcelo Soubhia\\\/ @agfotosite&quot;,&quot;camera&quot;:&quot;&quot;,&quot;caption&quot;:&quot;Martins\\r_ SPFW N53_\\rSenac Lapa\\r03\\\/06\\\/2022\\r\\rFoto: Marcelo Soubhia\\\/ @agfotosite&quot;,&quot;created_timestamp&quot;:&quot;1654286295&quot;,&quot;copyright&quot;:&quot;Marcelo Soubhia\\\/ @agfotosite&quot;,&quot;focal_length&quot;:&quot;0&quot;,&quot;iso&quot;:&quot;0&quot;,&quot;shutter_speed&quot;:&quot;0&quot;,&quot;title&quot;:&quot;Martins\\r_ SPFW N53_\\rSenac Lapa\\r03\\\/06\\\/2022\\r\\rFoto: Marcelo Soubhia\\\/ @agfotosite&quot;,&quot;orientation&quot;:&quot;1&quot;}\" data-image-title=\"Martins\r_ SPFW N53_\rSenac Lapa\r03\/06\/2022\r\rFoto: Marcelo Soubhia\/ @agfotosite\" data-image-description=\"\" data-image-caption=\"&lt;p&gt;Martins&lt;br \/&gt;\n_ SPFW N53_&lt;br \/&gt;\nSenac Lapa&lt;br \/&gt;\n03\/06\/2022&lt;\/p&gt;\n&lt;p&gt;Foto: Marcelo Soubhia\/ @agfotosite&lt;\/p&gt;\n\" data-medium-file=\"https:\/\/i0.wp.com\/agrund.com\/wp-content\/uploads\/sites\/6\/2022\/06\/agrund-spfw-n53-Martins-6.jpeg?fit=200%2C300&amp;ssl=1\" data-large-file=\"https:\/\/i0.wp.com\/agrund.com\/wp-content\/uploads\/sites\/6\/2022\/06\/agrund-spfw-n53-Martins-6.jpeg?fit=600%2C900&amp;ssl=1\" decoding=\"async\" loading=\"lazy\" width=\"600\" height=\"900\" src=\"https:\/\/i0.wp.com\/agrund.com\/wp-content\/uploads\/sites\/6\/2022\/06\/agrund-spfw-n53-Martins-6.jpeg?resize=600%2C900&#038;ssl=1\" alt=\"\" class=\"wp-image-223763\" srcset=\"https:\/\/i0.wp.com\/agrund.com\/wp-content\/uploads\/sites\/6\/2022\/06\/agrund-spfw-n53-Martins-6.jpeg?w=600&amp;ssl=1 600w, https:\/\/i0.wp.com\/agrund.com\/wp-content\/uploads\/sites\/6\/2022\/06\/agrund-spfw-n53-Martins-6.jpeg?resize=200%2C300&amp;ssl=1 200w\" sizes=\"(max-width: 600px) 100vw, 600px\" data-recalc-dims=\"1\" \/><figcaption>SPFW N53 :: A leitura cinematogr\u00e1fica da Martins<\/figcaption><\/figure><\/div>\n\n\n\n<div class=\"wp-block-image\"><figure class=\"aligncenter size-full\"><img data-attachment-id=\"223764\" data-permalink=\"https:\/\/agrund.com\/index.php\/spfw-n53-a-leitura-cinematografica-da-martins\/martins_-spfw-n53_senac-lapa03-06-2022foto-marcelo-soubhia-agfotosite-7\/\" data-orig-file=\"https:\/\/i0.wp.com\/agrund.com\/wp-content\/uploads\/sites\/6\/2022\/06\/agrund-spfw-n53-Martins-7.jpeg?fit=600%2C901&amp;ssl=1\" data-orig-size=\"600,901\" data-comments-opened=\"1\" data-image-meta=\"{&quot;aperture&quot;:&quot;0&quot;,&quot;credit&quot;:&quot;Marcelo Soubhia\\\/ @agfotosite&quot;,&quot;camera&quot;:&quot;&quot;,&quot;caption&quot;:&quot;Martins\\r_ SPFW N53_\\rSenac Lapa\\r03\\\/06\\\/2022\\r\\rFoto: Marcelo Soubhia\\\/ @agfotosite&quot;,&quot;created_timestamp&quot;:&quot;1654286301&quot;,&quot;copyright&quot;:&quot;Marcelo Soubhia\\\/ @agfotosite&quot;,&quot;focal_length&quot;:&quot;0&quot;,&quot;iso&quot;:&quot;0&quot;,&quot;shutter_speed&quot;:&quot;0&quot;,&quot;title&quot;:&quot;Martins\\r_ SPFW N53_\\rSenac Lapa\\r03\\\/06\\\/2022\\r\\rFoto: Marcelo Soubhia\\\/ @agfotosite&quot;,&quot;orientation&quot;:&quot;1&quot;}\" data-image-title=\"Martins\r_ SPFW N53_\rSenac Lapa\r03\/06\/2022\r\rFoto: Marcelo Soubhia\/ @agfotosite\" data-image-description=\"\" data-image-caption=\"&lt;p&gt;Martins&lt;br \/&gt;\n_ SPFW N53_&lt;br \/&gt;\nSenac Lapa&lt;br \/&gt;\n03\/06\/2022&lt;\/p&gt;\n&lt;p&gt;Foto: Marcelo Soubhia\/ @agfotosite&lt;\/p&gt;\n\" data-medium-file=\"https:\/\/i0.wp.com\/agrund.com\/wp-content\/uploads\/sites\/6\/2022\/06\/agrund-spfw-n53-Martins-7.jpeg?fit=200%2C300&amp;ssl=1\" data-large-file=\"https:\/\/i0.wp.com\/agrund.com\/wp-content\/uploads\/sites\/6\/2022\/06\/agrund-spfw-n53-Martins-7.jpeg?fit=600%2C901&amp;ssl=1\" decoding=\"async\" loading=\"lazy\" width=\"600\" height=\"901\" src=\"https:\/\/i0.wp.com\/agrund.com\/wp-content\/uploads\/sites\/6\/2022\/06\/agrund-spfw-n53-Martins-7.jpeg?resize=600%2C901&#038;ssl=1\" alt=\"\" class=\"wp-image-223764\" srcset=\"https:\/\/i0.wp.com\/agrund.com\/wp-content\/uploads\/sites\/6\/2022\/06\/agrund-spfw-n53-Martins-7.jpeg?w=600&amp;ssl=1 600w, https:\/\/i0.wp.com\/agrund.com\/wp-content\/uploads\/sites\/6\/2022\/06\/agrund-spfw-n53-Martins-7.jpeg?resize=200%2C300&amp;ssl=1 200w\" sizes=\"(max-width: 600px) 100vw, 600px\" data-recalc-dims=\"1\" \/><figcaption>SPFW N53 :: A leitura cinematogr\u00e1fica da Martins<\/figcaption><\/figure><\/div>\n\n\n\n<div class=\"wp-block-image\"><figure class=\"aligncenter size-full\"><img data-attachment-id=\"223765\" data-permalink=\"https:\/\/agrund.com\/index.php\/spfw-n53-a-leitura-cinematografica-da-martins\/martins_-spfw-n53_senac-lapa03-06-2022foto-marcelo-soubhia-agfotosite-8\/\" data-orig-file=\"https:\/\/i0.wp.com\/agrund.com\/wp-content\/uploads\/sites\/6\/2022\/06\/agrund-spfw-n53-Martins-8.jpeg?fit=600%2C900&amp;ssl=1\" data-orig-size=\"600,900\" data-comments-opened=\"1\" data-image-meta=\"{&quot;aperture&quot;:&quot;0&quot;,&quot;credit&quot;:&quot;Marcelo Soubhia\\\/ @agfotosite&quot;,&quot;camera&quot;:&quot;&quot;,&quot;caption&quot;:&quot;Martins\\r_ SPFW N53_\\rSenac Lapa\\r03\\\/06\\\/2022\\r\\rFoto: Marcelo Soubhia\\\/ @agfotosite&quot;,&quot;created_timestamp&quot;:&quot;1654286317&quot;,&quot;copyright&quot;:&quot;Marcelo Soubhia\\\/ @agfotosite&quot;,&quot;focal_length&quot;:&quot;0&quot;,&quot;iso&quot;:&quot;0&quot;,&quot;shutter_speed&quot;:&quot;0&quot;,&quot;title&quot;:&quot;Martins\\r_ SPFW N53_\\rSenac Lapa\\r03\\\/06\\\/2022\\r\\rFoto: Marcelo Soubhia\\\/ @agfotosite&quot;,&quot;orientation&quot;:&quot;1&quot;}\" data-image-title=\"Martins\r_ SPFW N53_\rSenac Lapa\r03\/06\/2022\r\rFoto: Marcelo Soubhia\/ @agfotosite\" data-image-description=\"\" data-image-caption=\"&lt;p&gt;Martins&lt;br \/&gt;\n_ SPFW N53_&lt;br \/&gt;\nSenac Lapa&lt;br \/&gt;\n03\/06\/2022&lt;\/p&gt;\n&lt;p&gt;Foto: Marcelo Soubhia\/ @agfotosite&lt;\/p&gt;\n\" data-medium-file=\"https:\/\/i0.wp.com\/agrund.com\/wp-content\/uploads\/sites\/6\/2022\/06\/agrund-spfw-n53-Martins-8.jpeg?fit=200%2C300&amp;ssl=1\" data-large-file=\"https:\/\/i0.wp.com\/agrund.com\/wp-content\/uploads\/sites\/6\/2022\/06\/agrund-spfw-n53-Martins-8.jpeg?fit=600%2C900&amp;ssl=1\" decoding=\"async\" loading=\"lazy\" width=\"600\" height=\"900\" src=\"https:\/\/i0.wp.com\/agrund.com\/wp-content\/uploads\/sites\/6\/2022\/06\/agrund-spfw-n53-Martins-8.jpeg?resize=600%2C900&#038;ssl=1\" alt=\"\" class=\"wp-image-223765\" srcset=\"https:\/\/i0.wp.com\/agrund.com\/wp-content\/uploads\/sites\/6\/2022\/06\/agrund-spfw-n53-Martins-8.jpeg?w=600&amp;ssl=1 600w, https:\/\/i0.wp.com\/agrund.com\/wp-content\/uploads\/sites\/6\/2022\/06\/agrund-spfw-n53-Martins-8.jpeg?resize=200%2C300&amp;ssl=1 200w\" sizes=\"(max-width: 600px) 100vw, 600px\" data-recalc-dims=\"1\" \/><figcaption>SPFW N53 :: A leitura cinematogr\u00e1fica da Martins<\/figcaption><\/figure><\/div>\n\n\n\n<p>Fotos: Divulga\u00e7\u00e3o\/ Marcelo Soubhia\/ Ag\u00eancia Fotosite. <\/p>\n","protected":false},"excerpt":{"rendered":"<p>Por Arlindo Grund e Lari Mariano O M\u00e1gico de Oz + Beetlejuice + P\u00e2nico + Kill Bill: o que essas refer\u00eancias de cinema podem ter em comum? Aqui, a resposta \u00e9 a linha criativa de Tom Martins, que est\u00e1 \u00e0 frente da marca.A tradu\u00e7\u00e3o se faz em looks que costuram os opostos. Do preto, com [&hellip;]<\/p>\n","protected":false},"author":8,"featured_media":223766,"comment_status":"open","ping_status":"open","sticky":false,"template":"","format":"standard","meta":{"jetpack_post_was_ever_published":false,"_jetpack_newsletter_access":"","jetpack_publicize_message":"","jetpack_is_tweetstorm":false,"jetpack_publicize_feature_enabled":true,"jetpack_social_post_already_shared":true,"jetpack_social_options":{"image_generator_settings":{"template":"highway","enabled":false}}},"categories":[2,18],"tags":[395,375,64,423,347,2423,67,525,140,424,862],"jetpack_publicize_connections":[],"jetpack_featured_media_url":"https:\/\/i0.wp.com\/agrund.com\/wp-content\/uploads\/sites\/6\/2022\/06\/ss-5.jpg?fit=960%2C300&ssl=1","jetpack_sharing_enabled":true,"jetpack_shortlink":"https:\/\/wp.me\/p3Hz0n-WcZ","jetpack_likes_enabled":true,"_links":{"self":[{"href":"https:\/\/agrund.com\/index.php\/wp-json\/wp\/v2\/posts\/223757"}],"collection":[{"href":"https:\/\/agrund.com\/index.php\/wp-json\/wp\/v2\/posts"}],"about":[{"href":"https:\/\/agrund.com\/index.php\/wp-json\/wp\/v2\/types\/post"}],"author":[{"embeddable":true,"href":"https:\/\/agrund.com\/index.php\/wp-json\/wp\/v2\/users\/8"}],"replies":[{"embeddable":true,"href":"https:\/\/agrund.com\/index.php\/wp-json\/wp\/v2\/comments?post=223757"}],"version-history":[{"count":1,"href":"https:\/\/agrund.com\/index.php\/wp-json\/wp\/v2\/posts\/223757\/revisions"}],"predecessor-version":[{"id":223767,"href":"https:\/\/agrund.com\/index.php\/wp-json\/wp\/v2\/posts\/223757\/revisions\/223767"}],"wp:featuredmedia":[{"embeddable":true,"href":"https:\/\/agrund.com\/index.php\/wp-json\/wp\/v2\/media\/223766"}],"wp:attachment":[{"href":"https:\/\/agrund.com\/index.php\/wp-json\/wp\/v2\/media?parent=223757"}],"wp:term":[{"taxonomy":"category","embeddable":true,"href":"https:\/\/agrund.com\/index.php\/wp-json\/wp\/v2\/categories?post=223757"},{"taxonomy":"post_tag","embeddable":true,"href":"https:\/\/agrund.com\/index.php\/wp-json\/wp\/v2\/tags?post=223757"}],"curies":[{"name":"wp","href":"https:\/\/api.w.org\/{rel}","templated":true}]}}