{"id":223684,"date":"2022-06-03T17:50:00","date_gmt":"2022-06-03T20:50:00","guid":{"rendered":"https:\/\/agrund.com\/?p=223684"},"modified":"2022-06-03T17:58:26","modified_gmt":"2022-06-03T20:58:26","slug":"lucas-silveira-da-fresno-fala-sobre-estilo-e-a-volta-do-emo","status":"publish","type":"post","link":"https:\/\/agrund.com\/index.php\/lucas-silveira-da-fresno-fala-sobre-estilo-e-a-volta-do-emo\/","title":{"rendered":"Lucas Silveira, da Fresno, fala sobre estilo e a volta do emo"},"content":{"rendered":"\n<p>Por Rafaela Piovezani <\/p>\n\n\n\n<p>No backstage da SPFW, encontramos com Lucas Silveira, vocalista da banda Fresno, se preparando para entrar na passarela de Igor Dadona.&nbsp;<\/p>\n\n\n\n<p>Se essa collab pareceu inusitada pra voc\u00ea, n\u00f3s temos in\u00fameros motivos para te mostrar que ela faz sentido para ambos os artistas.&nbsp;<\/p>\n\n\n\n<p>A come\u00e7ar pelo fato de que moda e m\u00fasica s\u00e3o artes que sempre caminham juntas, certo? Quantas vezes um cantor ou cantora j\u00e1 ditou tend\u00eancias no Brasil e no mundo? Muitas!&nbsp;<\/p>\n\n\n\n<p>Em nossa conversa, perguntamos como a moda o ajuda a construir as est\u00e9ticas de cada \u00e1lbum, principalmente a do atual &#8216;Vou ter que me virar&#8217;, no qual a banda aposta em novos elementos nos figurinos de videoclipes e shows. &nbsp;<\/p>\n\n\n\n<p>Lucas relembrou que a Fresno sempre esteve ligada ao estilo emo, e no come\u00e7o da carreira muito do que eles vestiam era uma mistura do que gostavam com influ\u00eancia dos artistas internacionais da \u00e9poca. Isso mudou principalmente nos \u00faltimos dois \u00e1lbuns &#8211; &#8216;Sua alegria foi cancelada&#8217; e &#8216;Vou ter que me virar&#8217; -, j\u00e1 que o estilo pessoal de cada integrante foi sendo constru\u00eddo e eles come\u00e7aram a trabalhar com um time de dire\u00e7\u00e3o criativa.&nbsp;<\/p>\n\n\n\n<p>&#8220;Hoje temos pessoas que nos vestem. Percebemos que muita gente que gosta da nossa m\u00fasica come\u00e7ou a trabalhar com moda e fomos descobrindo dentro do mundo de styling e dire\u00e7\u00e3o criativa, pessoas que tinham a ver com a gente&#8221;, revelou Lucas.&nbsp;<\/p>\n\n\n\n<p>Nesse \u00faltimo disco, a banda contou com a dire\u00e7\u00e3o criativa de Dindi Hojah e o mais bacana foi descobrir que a liga\u00e7\u00e3o entre eles surgiu atrav\u00e9s do Instagram.<\/p>\n\n\n\n<p>&#8220;Conheci o Dindi pelos trabalhos incr\u00edveis que ele faz. Segui no Instagram e depois fui descobrir que ele era nosso f\u00e3&#8221;, contou o cantor.&nbsp;<\/p>\n\n\n\n<p>A mesma conex\u00e3o o levou a conhecer Igor Dadona, que tem uma est\u00e9tica com refer\u00eancias emo, punk e rock. Lucas descobriu as cria\u00e7\u00f5es do estilista enquanto fazia uma produ\u00e7\u00e3o de moda e logo depois ficou sabendo que ele era um f\u00e3 da Fresno. O final dessa hist\u00f3ria n\u00f3s vimos na passarela de Igor. &nbsp;<\/p>\n\n\n\n<p>&#8220;Ele tem algumas cole\u00e7\u00f5es bem emo. Fez releituras da est\u00e9tica emo, rock e punk, porque o emo pega muita coisa emprestada do punk. Tem at\u00e9 clubber no meio de tudo. E quando voc\u00ea v\u00ea isso interpretado com uma linguagem de moda, tem muito poder&#8221;, explicou Lucas sobre o trabalho de Igor.&nbsp;<\/p>\n\n\n\n<p>E falando sobre o emo, n\u00e3o pod\u00edamos deixar de perguntar como a volta do g\u00eanero musical ao mainstream, e a tend\u00eancia do estilo, que ganhou for\u00e7a com a Gera\u00e7\u00e3o Z e o TikTok, est\u00e1 impactando na Fresno. Com shows esgotados em muitas cidades, incluindo dois dias na Audio neste final de semana, em S\u00e3o Paulo, Lucas afirmou que eles est\u00e3o vivendo um \u00f3timo momento de banda.<\/p>\n\n\n\n<p>&#8220;A gente percebe as mar\u00e9s que v\u00e3o acontecendo sem o nosso controle. Sempre tivemos nosso p\u00fablico e somos felizes com isso, mas o revival do emo fez muitas pessoas come\u00e7aram a olhar pra Fresno de novo. Pensamos que quando o holofote vira pra ti, voc\u00ea tem que estar com um produto muito bom. Isso foi uma sacada do Dindi Hojah, que fez nossa dire\u00e7\u00e3o criativa&#8221;, completou o m\u00fasico.&nbsp;<\/p>\n\n\n\n<p>E a\u00ed, voc\u00ea ainda acha que moda e m\u00fasica n\u00e3o caminham juntas?<\/p>\n\n\n\n<div class=\"wp-block-image\"><figure class=\"aligncenter size-full\"><img data-attachment-id=\"223686\" data-permalink=\"https:\/\/agrund.com\/index.php\/lucas-silveira-da-fresno-fala-sobre-estilo-e-a-volta-do-emo\/processed-with-vsco-with-kk1-preset\/\" data-orig-file=\"https:\/\/i0.wp.com\/agrund.com\/wp-content\/uploads\/sites\/6\/2022\/06\/agrund-lucas-silveira-igor-dadona-volta-emo-2.jpg?fit=600%2C865&amp;ssl=1\" data-orig-size=\"600,865\" data-comments-opened=\"1\" data-image-meta=\"{&quot;aperture&quot;:&quot;1.8&quot;,&quot;credit&quot;:&quot;&quot;,&quot;camera&quot;:&quot;iPhone 8 Plus&quot;,&quot;caption&quot;:&quot;Processed with VSCO with kk1 preset&quot;,&quot;created_timestamp&quot;:&quot;1654198533&quot;,&quot;copyright&quot;:&quot;Copyright 2022. All rights reserved.&quot;,&quot;focal_length&quot;:&quot;3.99&quot;,&quot;iso&quot;:&quot;125&quot;,&quot;shutter_speed&quot;:&quot;0.0083333333333333&quot;,&quot;title&quot;:&quot;Processed with VSCO with kk1 preset&quot;,&quot;orientation&quot;:&quot;1&quot;}\" data-image-title=\"Processed with VSCO with kk1 preset\" data-image-description=\"\" data-image-caption=\"&lt;p&gt;Processed with VSCO with kk1 preset&lt;\/p&gt;\n\" data-medium-file=\"https:\/\/i0.wp.com\/agrund.com\/wp-content\/uploads\/sites\/6\/2022\/06\/agrund-lucas-silveira-igor-dadona-volta-emo-2.jpg?fit=208%2C300&amp;ssl=1\" data-large-file=\"https:\/\/i0.wp.com\/agrund.com\/wp-content\/uploads\/sites\/6\/2022\/06\/agrund-lucas-silveira-igor-dadona-volta-emo-2.jpg?fit=600%2C865&amp;ssl=1\" decoding=\"async\" loading=\"lazy\" width=\"600\" height=\"865\" src=\"https:\/\/i0.wp.com\/agrund.com\/wp-content\/uploads\/sites\/6\/2022\/06\/agrund-lucas-silveira-igor-dadona-volta-emo-2.jpg?resize=600%2C865&#038;ssl=1\" alt=\"\" class=\"wp-image-223686\" srcset=\"https:\/\/i0.wp.com\/agrund.com\/wp-content\/uploads\/sites\/6\/2022\/06\/agrund-lucas-silveira-igor-dadona-volta-emo-2.jpg?w=600&amp;ssl=1 600w, https:\/\/i0.wp.com\/agrund.com\/wp-content\/uploads\/sites\/6\/2022\/06\/agrund-lucas-silveira-igor-dadona-volta-emo-2.jpg?resize=208%2C300&amp;ssl=1 208w\" sizes=\"(max-width: 600px) 100vw, 600px\" data-recalc-dims=\"1\" \/><figcaption>Lucas Silveira, da Fresno, fala sobre estilo e a volta do emo<\/figcaption><\/figure><\/div>\n\n\n\n<div class=\"wp-block-image\"><figure class=\"aligncenter size-full\"><img data-attachment-id=\"223685\" data-permalink=\"https:\/\/agrund.com\/index.php\/lucas-silveira-da-fresno-fala-sobre-estilo-e-a-volta-do-emo\/agrund-lucas-silveira-igor-dadona-volta-emo\/\" data-orig-file=\"https:\/\/i0.wp.com\/agrund.com\/wp-content\/uploads\/sites\/6\/2022\/06\/agrund-lucas-silveira-igor-dadona-volta-emo.jpg?fit=600%2C900&amp;ssl=1\" data-orig-size=\"600,900\" data-comments-opened=\"1\" data-image-meta=\"{&quot;aperture&quot;:&quot;0&quot;,&quot;credit&quot;:&quot;&quot;,&quot;camera&quot;:&quot;&quot;,&quot;caption&quot;:&quot;&quot;,&quot;created_timestamp&quot;:&quot;0&quot;,&quot;copyright&quot;:&quot;Charles Naseh&quot;,&quot;focal_length&quot;:&quot;0&quot;,&quot;iso&quot;:&quot;0&quot;,&quot;shutter_speed&quot;:&quot;0&quot;,&quot;title&quot;:&quot;&quot;,&quot;orientation&quot;:&quot;0&quot;}\" data-image-title=\"agrund-lucas-silveira-igor-dadona-volta-emo\" data-image-description=\"\" data-image-caption=\"\" data-medium-file=\"https:\/\/i0.wp.com\/agrund.com\/wp-content\/uploads\/sites\/6\/2022\/06\/agrund-lucas-silveira-igor-dadona-volta-emo.jpg?fit=200%2C300&amp;ssl=1\" data-large-file=\"https:\/\/i0.wp.com\/agrund.com\/wp-content\/uploads\/sites\/6\/2022\/06\/agrund-lucas-silveira-igor-dadona-volta-emo.jpg?fit=600%2C900&amp;ssl=1\" decoding=\"async\" loading=\"lazy\" width=\"600\" height=\"900\" src=\"https:\/\/i0.wp.com\/agrund.com\/wp-content\/uploads\/sites\/6\/2022\/06\/agrund-lucas-silveira-igor-dadona-volta-emo.jpg?resize=600%2C900&#038;ssl=1\" alt=\"\" class=\"wp-image-223685\" srcset=\"https:\/\/i0.wp.com\/agrund.com\/wp-content\/uploads\/sites\/6\/2022\/06\/agrund-lucas-silveira-igor-dadona-volta-emo.jpg?w=600&amp;ssl=1 600w, https:\/\/i0.wp.com\/agrund.com\/wp-content\/uploads\/sites\/6\/2022\/06\/agrund-lucas-silveira-igor-dadona-volta-emo.jpg?resize=200%2C300&amp;ssl=1 200w\" sizes=\"(max-width: 600px) 100vw, 600px\" data-recalc-dims=\"1\" \/><figcaption>Lucas na passarela de Igor Dadona<\/figcaption><\/figure><\/div>\n\n\n\n<p>Fotos: Rafa Piovezani\/ Divulga\u00e7\u00e3o Charles Naseh. <\/p>\n","protected":false},"excerpt":{"rendered":"<p>Por Rafaela Piovezani No backstage da SPFW, encontramos com Lucas Silveira, vocalista da banda Fresno, se preparando para entrar na passarela de Igor Dadona.&nbsp; Se essa collab pareceu inusitada pra voc\u00ea, n\u00f3s temos in\u00fameros motivos para te mostrar que ela faz sentido para ambos os artistas.&nbsp; A come\u00e7ar pelo fato de que moda e m\u00fasica [&hellip;]<\/p>\n","protected":false},"author":8,"featured_media":223687,"comment_status":"open","ping_status":"open","sticky":false,"template":"","format":"standard","meta":{"jetpack_post_was_ever_published":false,"_jetpack_newsletter_access":"","jetpack_publicize_message":"","jetpack_is_tweetstorm":false,"jetpack_publicize_feature_enabled":true,"jetpack_social_post_already_shared":true,"jetpack_social_options":{"image_generator_settings":{"template":"highway","enabled":false}}},"categories":[2,18],"tags":[395,375,309,3242,423,347,3241,2863,3240,67,525,148,140,424,862],"jetpack_publicize_connections":[],"jetpack_featured_media_url":"https:\/\/i0.wp.com\/agrund.com\/wp-content\/uploads\/sites\/6\/2022\/06\/s-9.jpg?fit=960%2C300&ssl=1","jetpack_sharing_enabled":true,"jetpack_shortlink":"https:\/\/wp.me\/p3Hz0n-WbO","jetpack_likes_enabled":true,"_links":{"self":[{"href":"https:\/\/agrund.com\/index.php\/wp-json\/wp\/v2\/posts\/223684"}],"collection":[{"href":"https:\/\/agrund.com\/index.php\/wp-json\/wp\/v2\/posts"}],"about":[{"href":"https:\/\/agrund.com\/index.php\/wp-json\/wp\/v2\/types\/post"}],"author":[{"embeddable":true,"href":"https:\/\/agrund.com\/index.php\/wp-json\/wp\/v2\/users\/8"}],"replies":[{"embeddable":true,"href":"https:\/\/agrund.com\/index.php\/wp-json\/wp\/v2\/comments?post=223684"}],"version-history":[{"count":2,"href":"https:\/\/agrund.com\/index.php\/wp-json\/wp\/v2\/posts\/223684\/revisions"}],"predecessor-version":[{"id":223689,"href":"https:\/\/agrund.com\/index.php\/wp-json\/wp\/v2\/posts\/223684\/revisions\/223689"}],"wp:featuredmedia":[{"embeddable":true,"href":"https:\/\/agrund.com\/index.php\/wp-json\/wp\/v2\/media\/223687"}],"wp:attachment":[{"href":"https:\/\/agrund.com\/index.php\/wp-json\/wp\/v2\/media?parent=223684"}],"wp:term":[{"taxonomy":"category","embeddable":true,"href":"https:\/\/agrund.com\/index.php\/wp-json\/wp\/v2\/categories?post=223684"},{"taxonomy":"post_tag","embeddable":true,"href":"https:\/\/agrund.com\/index.php\/wp-json\/wp\/v2\/tags?post=223684"}],"curies":[{"name":"wp","href":"https:\/\/api.w.org\/{rel}","templated":true}]}}