{"id":223342,"date":"2022-05-06T14:00:00","date_gmt":"2022-05-06T17:00:00","guid":{"rendered":"https:\/\/agrund.com\/?p=223342"},"modified":"2022-05-06T14:18:47","modified_gmt":"2022-05-06T17:18:47","slug":"dia-das-maes-para-ela-que-ama-moda-2","status":"publish","type":"post","link":"https:\/\/agrund.com\/index.php\/dia-das-maes-para-ela-que-ama-moda-2\/","title":{"rendered":"Dia das M\u00e3es :: Para ela que ama moda"},"content":{"rendered":"\n<p>Ontem (05) te mostramos AQUI nossa sele\u00e7\u00e3o de presentes para as mam\u00e3es que amam o universo da beleza, mas hoje tem mais!<\/p>\n\n\n\n<p>Vamos falar sobre moda? Ainda d\u00e1 tempo de encontrar uma pe\u00e7a que seja a cara da sua m\u00e3e para ela arrasar ainda mais nos looks do dia a dia. Ela gosta de investir em tend\u00eancias ou prefere pe\u00e7as b\u00e1sicas que n\u00e3o saem de moda?<\/p>\n\n\n\n<p>Pode ficar tranquila! Tem op\u00e7\u00f5es para todos os gostos. Confira:<\/p>\n\n\n\n<p>Bl<strong>azer longo alfaiataria<\/strong> | C&amp;A Mindset | R$ 329,99<\/p>\n\n\n\n<div class=\"wp-block-image\"><figure class=\"aligncenter size-full\"><img data-attachment-id=\"223343\" data-permalink=\"https:\/\/agrund.com\/index.php\/dia-das-maes-para-ela-que-ama-moda-2\/agrund-dia-maes-cea\/\" data-orig-file=\"https:\/\/i0.wp.com\/agrund.com\/wp-content\/uploads\/sites\/6\/2022\/05\/Agrund-dia-maes-cea.jpg?fit=600%2C600&amp;ssl=1\" data-orig-size=\"600,600\" data-comments-opened=\"1\" data-image-meta=\"{&quot;aperture&quot;:&quot;0&quot;,&quot;credit&quot;:&quot;&quot;,&quot;camera&quot;:&quot;&quot;,&quot;caption&quot;:&quot;&quot;,&quot;created_timestamp&quot;:&quot;0&quot;,&quot;copyright&quot;:&quot;&quot;,&quot;focal_length&quot;:&quot;0&quot;,&quot;iso&quot;:&quot;0&quot;,&quot;shutter_speed&quot;:&quot;0&quot;,&quot;title&quot;:&quot;&quot;,&quot;orientation&quot;:&quot;0&quot;}\" data-image-title=\"Agrund-dia-maes-cea\" data-image-description=\"\" data-image-caption=\"\" data-medium-file=\"https:\/\/i0.wp.com\/agrund.com\/wp-content\/uploads\/sites\/6\/2022\/05\/Agrund-dia-maes-cea.jpg?fit=300%2C300&amp;ssl=1\" data-large-file=\"https:\/\/i0.wp.com\/agrund.com\/wp-content\/uploads\/sites\/6\/2022\/05\/Agrund-dia-maes-cea.jpg?fit=600%2C600&amp;ssl=1\" decoding=\"async\" loading=\"lazy\" width=\"600\" height=\"600\" src=\"https:\/\/i0.wp.com\/agrund.com\/wp-content\/uploads\/sites\/6\/2022\/05\/Agrund-dia-maes-cea.jpg?resize=600%2C600&#038;ssl=1\" alt=\"\" class=\"wp-image-223343\" srcset=\"https:\/\/i0.wp.com\/agrund.com\/wp-content\/uploads\/sites\/6\/2022\/05\/Agrund-dia-maes-cea.jpg?w=600&amp;ssl=1 600w, https:\/\/i0.wp.com\/agrund.com\/wp-content\/uploads\/sites\/6\/2022\/05\/Agrund-dia-maes-cea.jpg?resize=300%2C300&amp;ssl=1 300w, https:\/\/i0.wp.com\/agrund.com\/wp-content\/uploads\/sites\/6\/2022\/05\/Agrund-dia-maes-cea.jpg?resize=150%2C150&amp;ssl=1 150w\" sizes=\"(max-width: 600px) 100vw, 600px\" data-recalc-dims=\"1\" \/><figcaption>Dia das M\u00e3es :: Para ela que ama moda<\/figcaption><\/figure><\/div>\n\n\n\n<p><strong>Sand\u00e1lia Astrid Rosa<\/strong> | Carol Bassi | R$ 944,00<\/p>\n\n\n\n<div class=\"wp-block-image\"><figure class=\"aligncenter size-full\"><img data-attachment-id=\"223344\" data-permalink=\"https:\/\/agrund.com\/index.php\/dia-das-maes-para-ela-que-ama-moda-2\/agrund-dia-maes-carol-bassi\/\" data-orig-file=\"https:\/\/i0.wp.com\/agrund.com\/wp-content\/uploads\/sites\/6\/2022\/05\/agrund-dia-maes-carol-bassi.jpg?fit=600%2C431&amp;ssl=1\" data-orig-size=\"600,431\" data-comments-opened=\"1\" data-image-meta=\"{&quot;aperture&quot;:&quot;0&quot;,&quot;credit&quot;:&quot;&quot;,&quot;camera&quot;:&quot;&quot;,&quot;caption&quot;:&quot;&quot;,&quot;created_timestamp&quot;:&quot;0&quot;,&quot;copyright&quot;:&quot;&quot;,&quot;focal_length&quot;:&quot;0&quot;,&quot;iso&quot;:&quot;0&quot;,&quot;shutter_speed&quot;:&quot;0&quot;,&quot;title&quot;:&quot;&quot;,&quot;orientation&quot;:&quot;1&quot;}\" data-image-title=\"agrund-dia-maes-carol-bassi\" data-image-description=\"\" data-image-caption=\"\" data-medium-file=\"https:\/\/i0.wp.com\/agrund.com\/wp-content\/uploads\/sites\/6\/2022\/05\/agrund-dia-maes-carol-bassi.jpg?fit=300%2C216&amp;ssl=1\" data-large-file=\"https:\/\/i0.wp.com\/agrund.com\/wp-content\/uploads\/sites\/6\/2022\/05\/agrund-dia-maes-carol-bassi.jpg?fit=600%2C431&amp;ssl=1\" decoding=\"async\" loading=\"lazy\" width=\"600\" height=\"431\" src=\"https:\/\/i0.wp.com\/agrund.com\/wp-content\/uploads\/sites\/6\/2022\/05\/agrund-dia-maes-carol-bassi.jpg?resize=600%2C431&#038;ssl=1\" alt=\"\" class=\"wp-image-223344\" srcset=\"https:\/\/i0.wp.com\/agrund.com\/wp-content\/uploads\/sites\/6\/2022\/05\/agrund-dia-maes-carol-bassi.jpg?w=600&amp;ssl=1 600w, https:\/\/i0.wp.com\/agrund.com\/wp-content\/uploads\/sites\/6\/2022\/05\/agrund-dia-maes-carol-bassi.jpg?resize=300%2C216&amp;ssl=1 300w\" sizes=\"(max-width: 600px) 100vw, 600px\" data-recalc-dims=\"1\" \/><figcaption>Dia das M\u00e3es :: Para ela que ama moda<\/figcaption><\/figure><\/div>\n\n\n\n<p><strong>Bolsa Crafted Square<\/strong> | DL Store | R$ 1.350,00<\/p>\n\n\n\n<div class=\"wp-block-image\"><figure class=\"aligncenter size-full\"><img data-attachment-id=\"223345\" data-permalink=\"https:\/\/agrund.com\/index.php\/dia-das-maes-para-ela-que-ama-moda-2\/agrund-dia-maes-dl-store\/\" data-orig-file=\"https:\/\/i0.wp.com\/agrund.com\/wp-content\/uploads\/sites\/6\/2022\/05\/agrund-dia-maes-dl-store.jpg?fit=600%2C600&amp;ssl=1\" data-orig-size=\"600,600\" data-comments-opened=\"1\" data-image-meta=\"{&quot;aperture&quot;:&quot;3.2&quot;,&quot;credit&quot;:&quot;LEF_MCM&quot;,&quot;camera&quot;:&quot;Canon EOS Rebel SL3&quot;,&quot;caption&quot;:&quot;&quot;,&quot;created_timestamp&quot;:&quot;1585981233&quot;,&quot;copyright&quot;:&quot;&quot;,&quot;focal_length&quot;:&quot;50&quot;,&quot;iso&quot;:&quot;800&quot;,&quot;shutter_speed&quot;:&quot;0.0025&quot;,&quot;title&quot;:&quot;&quot;,&quot;orientation&quot;:&quot;1&quot;}\" data-image-title=\"agrund-dia-maes-dl-store\" data-image-description=\"\" data-image-caption=\"\" data-medium-file=\"https:\/\/i0.wp.com\/agrund.com\/wp-content\/uploads\/sites\/6\/2022\/05\/agrund-dia-maes-dl-store.jpg?fit=300%2C300&amp;ssl=1\" data-large-file=\"https:\/\/i0.wp.com\/agrund.com\/wp-content\/uploads\/sites\/6\/2022\/05\/agrund-dia-maes-dl-store.jpg?fit=600%2C600&amp;ssl=1\" decoding=\"async\" loading=\"lazy\" width=\"600\" height=\"600\" src=\"https:\/\/i0.wp.com\/agrund.com\/wp-content\/uploads\/sites\/6\/2022\/05\/agrund-dia-maes-dl-store.jpg?resize=600%2C600&#038;ssl=1\" alt=\"\" class=\"wp-image-223345\" srcset=\"https:\/\/i0.wp.com\/agrund.com\/wp-content\/uploads\/sites\/6\/2022\/05\/agrund-dia-maes-dl-store.jpg?w=600&amp;ssl=1 600w, https:\/\/i0.wp.com\/agrund.com\/wp-content\/uploads\/sites\/6\/2022\/05\/agrund-dia-maes-dl-store.jpg?resize=300%2C300&amp;ssl=1 300w, https:\/\/i0.wp.com\/agrund.com\/wp-content\/uploads\/sites\/6\/2022\/05\/agrund-dia-maes-dl-store.jpg?resize=150%2C150&amp;ssl=1 150w\" sizes=\"(max-width: 600px) 100vw, 600px\" data-recalc-dims=\"1\" \/><figcaption>Dia das M\u00e3es :: Para ela que ama moda<\/figcaption><\/figure><\/div>\n\n\n\n<p><strong>Blusa de moletinho texturizado<\/strong> | Renner | R$ 119,90<\/p>\n\n\n\n<div class=\"wp-block-image\"><figure class=\"aligncenter size-full\"><img data-attachment-id=\"223346\" data-permalink=\"https:\/\/agrund.com\/index.php\/dia-das-maes-para-ela-que-ama-moda-2\/agrund-dia-maes-renner\/\" data-orig-file=\"https:\/\/i0.wp.com\/agrund.com\/wp-content\/uploads\/sites\/6\/2022\/05\/Agrund-dia-maes-renner.jpg?fit=600%2C600&amp;ssl=1\" data-orig-size=\"600,600\" data-comments-opened=\"1\" data-image-meta=\"{&quot;aperture&quot;:&quot;0&quot;,&quot;credit&quot;:&quot;&quot;,&quot;camera&quot;:&quot;&quot;,&quot;caption&quot;:&quot;&quot;,&quot;created_timestamp&quot;:&quot;0&quot;,&quot;copyright&quot;:&quot;&quot;,&quot;focal_length&quot;:&quot;0&quot;,&quot;iso&quot;:&quot;0&quot;,&quot;shutter_speed&quot;:&quot;0&quot;,&quot;title&quot;:&quot;&quot;,&quot;orientation&quot;:&quot;0&quot;}\" data-image-title=\"Agrund-dia-maes-renner\" data-image-description=\"\" data-image-caption=\"\" data-medium-file=\"https:\/\/i0.wp.com\/agrund.com\/wp-content\/uploads\/sites\/6\/2022\/05\/Agrund-dia-maes-renner.jpg?fit=300%2C300&amp;ssl=1\" data-large-file=\"https:\/\/i0.wp.com\/agrund.com\/wp-content\/uploads\/sites\/6\/2022\/05\/Agrund-dia-maes-renner.jpg?fit=600%2C600&amp;ssl=1\" decoding=\"async\" loading=\"lazy\" width=\"600\" height=\"600\" src=\"https:\/\/i0.wp.com\/agrund.com\/wp-content\/uploads\/sites\/6\/2022\/05\/Agrund-dia-maes-renner.jpg?resize=600%2C600&#038;ssl=1\" alt=\"\" class=\"wp-image-223346\" srcset=\"https:\/\/i0.wp.com\/agrund.com\/wp-content\/uploads\/sites\/6\/2022\/05\/Agrund-dia-maes-renner.jpg?w=600&amp;ssl=1 600w, https:\/\/i0.wp.com\/agrund.com\/wp-content\/uploads\/sites\/6\/2022\/05\/Agrund-dia-maes-renner.jpg?resize=300%2C300&amp;ssl=1 300w, https:\/\/i0.wp.com\/agrund.com\/wp-content\/uploads\/sites\/6\/2022\/05\/Agrund-dia-maes-renner.jpg?resize=150%2C150&amp;ssl=1 150w\" sizes=\"(max-width: 600px) 100vw, 600px\" data-recalc-dims=\"1\" \/><figcaption>Dia das M\u00e3es :: Para ela que ama moda<\/figcaption><\/figure><\/div>\n\n\n\n<p>\u00d3<strong>culos Giorgio Armani<\/strong> | Luxottica | R$ 1.820,00<\/p>\n\n\n\n<div class=\"wp-block-image\"><figure class=\"aligncenter size-full\"><img data-attachment-id=\"223347\" data-permalink=\"https:\/\/agrund.com\/index.php\/dia-das-maes-para-ela-que-ama-moda-2\/agrund-dia-maes-giorgio-armani\/\" data-orig-file=\"https:\/\/i0.wp.com\/agrund.com\/wp-content\/uploads\/sites\/6\/2022\/05\/agrund-dia-maes-giorgio-armani.jpg?fit=600%2C600&amp;ssl=1\" data-orig-size=\"600,600\" data-comments-opened=\"1\" data-image-meta=\"{&quot;aperture&quot;:&quot;0&quot;,&quot;credit&quot;:&quot;&quot;,&quot;camera&quot;:&quot;&quot;,&quot;caption&quot;:&quot;&quot;,&quot;created_timestamp&quot;:&quot;0&quot;,&quot;copyright&quot;:&quot;&quot;,&quot;focal_length&quot;:&quot;0&quot;,&quot;iso&quot;:&quot;0&quot;,&quot;shutter_speed&quot;:&quot;0&quot;,&quot;title&quot;:&quot;&quot;,&quot;orientation&quot;:&quot;0&quot;}\" data-image-title=\"agrund-dia-maes-giorgio-armani\" data-image-description=\"\" data-image-caption=\"\" data-medium-file=\"https:\/\/i0.wp.com\/agrund.com\/wp-content\/uploads\/sites\/6\/2022\/05\/agrund-dia-maes-giorgio-armani.jpg?fit=300%2C300&amp;ssl=1\" data-large-file=\"https:\/\/i0.wp.com\/agrund.com\/wp-content\/uploads\/sites\/6\/2022\/05\/agrund-dia-maes-giorgio-armani.jpg?fit=600%2C600&amp;ssl=1\" decoding=\"async\" loading=\"lazy\" width=\"600\" height=\"600\" src=\"https:\/\/i0.wp.com\/agrund.com\/wp-content\/uploads\/sites\/6\/2022\/05\/agrund-dia-maes-giorgio-armani.jpg?resize=600%2C600&#038;ssl=1\" alt=\"\" class=\"wp-image-223347\" srcset=\"https:\/\/i0.wp.com\/agrund.com\/wp-content\/uploads\/sites\/6\/2022\/05\/agrund-dia-maes-giorgio-armani.jpg?w=600&amp;ssl=1 600w, https:\/\/i0.wp.com\/agrund.com\/wp-content\/uploads\/sites\/6\/2022\/05\/agrund-dia-maes-giorgio-armani.jpg?resize=300%2C300&amp;ssl=1 300w, https:\/\/i0.wp.com\/agrund.com\/wp-content\/uploads\/sites\/6\/2022\/05\/agrund-dia-maes-giorgio-armani.jpg?resize=150%2C150&amp;ssl=1 150w\" sizes=\"(max-width: 600px) 100vw, 600px\" data-recalc-dims=\"1\" \/><figcaption>Dia das M\u00e3es :: Para ela que ama moda<\/figcaption><\/figure><\/div>\n\n\n\n<p><strong>T\u00eanis V 10 Sable Parme Suede<\/strong> | Vert | Iguatemi 365 | R$ 540,00<\/p>\n\n\n\n<div class=\"wp-block-image\"><figure class=\"aligncenter size-full\"><img data-attachment-id=\"223348\" data-permalink=\"https:\/\/agrund.com\/index.php\/dia-das-maes-para-ela-que-ama-moda-2\/agrund-dia-maes-vert\/\" data-orig-file=\"https:\/\/i0.wp.com\/agrund.com\/wp-content\/uploads\/sites\/6\/2022\/05\/agrund-dia-maes-vert.jpg?fit=600%2C600&amp;ssl=1\" data-orig-size=\"600,600\" data-comments-opened=\"1\" data-image-meta=\"{&quot;aperture&quot;:&quot;0&quot;,&quot;credit&quot;:&quot;&quot;,&quot;camera&quot;:&quot;&quot;,&quot;caption&quot;:&quot;&quot;,&quot;created_timestamp&quot;:&quot;0&quot;,&quot;copyright&quot;:&quot;&quot;,&quot;focal_length&quot;:&quot;0&quot;,&quot;iso&quot;:&quot;0&quot;,&quot;shutter_speed&quot;:&quot;0&quot;,&quot;title&quot;:&quot;&quot;,&quot;orientation&quot;:&quot;0&quot;}\" data-image-title=\"agrund-dia-maes-vert\" data-image-description=\"\" data-image-caption=\"\" data-medium-file=\"https:\/\/i0.wp.com\/agrund.com\/wp-content\/uploads\/sites\/6\/2022\/05\/agrund-dia-maes-vert.jpg?fit=300%2C300&amp;ssl=1\" data-large-file=\"https:\/\/i0.wp.com\/agrund.com\/wp-content\/uploads\/sites\/6\/2022\/05\/agrund-dia-maes-vert.jpg?fit=600%2C600&amp;ssl=1\" decoding=\"async\" loading=\"lazy\" width=\"600\" height=\"600\" src=\"https:\/\/i0.wp.com\/agrund.com\/wp-content\/uploads\/sites\/6\/2022\/05\/agrund-dia-maes-vert.jpg?resize=600%2C600&#038;ssl=1\" alt=\"\" class=\"wp-image-223348\" srcset=\"https:\/\/i0.wp.com\/agrund.com\/wp-content\/uploads\/sites\/6\/2022\/05\/agrund-dia-maes-vert.jpg?w=600&amp;ssl=1 600w, https:\/\/i0.wp.com\/agrund.com\/wp-content\/uploads\/sites\/6\/2022\/05\/agrund-dia-maes-vert.jpg?resize=300%2C300&amp;ssl=1 300w, https:\/\/i0.wp.com\/agrund.com\/wp-content\/uploads\/sites\/6\/2022\/05\/agrund-dia-maes-vert.jpg?resize=150%2C150&amp;ssl=1 150w\" sizes=\"(max-width: 600px) 100vw, 600px\" data-recalc-dims=\"1\" \/><figcaption>Dia das M\u00e3es :: Para ela que ama moda<\/figcaption><\/figure><\/div>\n\n\n\n<p>Fotos: Divulga\u00e7\u00e3o. <\/p>\n","protected":false},"excerpt":{"rendered":"<p>Ontem (05) te mostramos AQUI nossa sele\u00e7\u00e3o de presentes para as mam\u00e3es que amam o universo da beleza, mas hoje tem mais! Vamos falar sobre moda? Ainda d\u00e1 tempo de encontrar uma pe\u00e7a que seja a cara da sua m\u00e3e para ela arrasar ainda mais nos looks do dia a dia. Ela gosta de investir [&hellip;]<\/p>\n","protected":false},"author":8,"featured_media":223349,"comment_status":"open","ping_status":"open","sticky":false,"template":"","format":"standard","meta":{"jetpack_post_was_ever_published":false,"_jetpack_newsletter_access":"","jetpack_publicize_message":"","jetpack_is_tweetstorm":false,"jetpack_publicize_feature_enabled":true,"jetpack_social_post_already_shared":true,"jetpack_social_options":{"image_generator_settings":{"template":"highway","enabled":false}}},"categories":[2],"tags":[395,375,2716,438,3224,67,525,2770,2717,424,862],"jetpack_publicize_connections":[],"jetpack_featured_media_url":"https:\/\/i0.wp.com\/agrund.com\/wp-content\/uploads\/sites\/6\/2022\/05\/s-6.jpg?fit=960%2C300&ssl=1","jetpack_sharing_enabled":true,"jetpack_shortlink":"https:\/\/wp.me\/p3Hz0n-W6i","jetpack_likes_enabled":true,"_links":{"self":[{"href":"https:\/\/agrund.com\/index.php\/wp-json\/wp\/v2\/posts\/223342"}],"collection":[{"href":"https:\/\/agrund.com\/index.php\/wp-json\/wp\/v2\/posts"}],"about":[{"href":"https:\/\/agrund.com\/index.php\/wp-json\/wp\/v2\/types\/post"}],"author":[{"embeddable":true,"href":"https:\/\/agrund.com\/index.php\/wp-json\/wp\/v2\/users\/8"}],"replies":[{"embeddable":true,"href":"https:\/\/agrund.com\/index.php\/wp-json\/wp\/v2\/comments?post=223342"}],"version-history":[{"count":1,"href":"https:\/\/agrund.com\/index.php\/wp-json\/wp\/v2\/posts\/223342\/revisions"}],"predecessor-version":[{"id":223350,"href":"https:\/\/agrund.com\/index.php\/wp-json\/wp\/v2\/posts\/223342\/revisions\/223350"}],"wp:featuredmedia":[{"embeddable":true,"href":"https:\/\/agrund.com\/index.php\/wp-json\/wp\/v2\/media\/223349"}],"wp:attachment":[{"href":"https:\/\/agrund.com\/index.php\/wp-json\/wp\/v2\/media?parent=223342"}],"wp:term":[{"taxonomy":"category","embeddable":true,"href":"https:\/\/agrund.com\/index.php\/wp-json\/wp\/v2\/categories?post=223342"},{"taxonomy":"post_tag","embeddable":true,"href":"https:\/\/agrund.com\/index.php\/wp-json\/wp\/v2\/tags?post=223342"}],"curies":[{"name":"wp","href":"https:\/\/api.w.org\/{rel}","templated":true}]}}