{"id":223305,"date":"2022-05-03T17:00:00","date_gmt":"2022-05-03T20:00:00","guid":{"rendered":"https:\/\/agrund.com\/?p=223305"},"modified":"2022-05-03T18:10:27","modified_gmt":"2022-05-03T21:10:27","slug":"os-detalhes-do-vestido-de-marilyn-monroe-usado-po-kim-kardashian","status":"publish","type":"post","link":"https:\/\/agrund.com\/index.php\/os-detalhes-do-vestido-de-marilyn-monroe-usado-po-kim-kardashian\/","title":{"rendered":"Os detalhes do vestido de Marilyn Monroe usado por Kim Kardashian"},"content":{"rendered":"\n<p>Depois de alguns rumores que surgiram na internet semana passada, Kim Kardashian realmente surgiu no tapete vermelho do Met Gala 2022 usando o ic\u00f4nico vestido de Marilyn Monroe.&nbsp;<\/p>\n\n\n\n<p>Criado por Jean Louis a partir de um croqui feito por Bob Mackie, o longo transparente inteiramente bordado com 6 mil cristais foi confeccionado em 1962 para Marilyn us\u00e1-lo no anivers\u00e1rio de John Kennedy, durante a apresenta\u00e7\u00e3o de &#8216;Happy Birthday Mr. President&#8217;.&nbsp;<\/p>\n\n\n\n<p>Sem d\u00favida, um dos grandes momentos da moda norte-americana e foi exatamente isso que inspirou Kim a us\u00e1-lo em homenagem ao tema da exposi\u00e7\u00e3o do Met, &#8220;In America: A Lexicon of Fashion&#8221;.&nbsp;<\/p>\n\n\n\n<p>Al\u00e9m de platinar o cabelo para fazer refer\u00eancia \u00e0 Monroe, Kim revelou que emagreceu 7 quilos em 3 semanas, j\u00e1 que o vestido original n\u00e3o serviu em seu corpo e ele n\u00e3o poderia ser ajustado pois \u00e9 uma pe\u00e7a do museu Ripley&#8217;s Believe It Or Not.&nbsp;<\/p>\n\n\n\n<p>Ela cruzou o tapete vermelho bel\u00edssima com o vestido original, mas logo depois de subir as escadas o trocou por uma r\u00e9plica para n\u00e3o correr o risco de danific\u00e1-lo.&nbsp;<\/p>\n\n\n\n<p>A t\u00edtulo de curiosidade, a pe\u00e7a j\u00e1 foi vendida por US$ 4,8 milh\u00f5es, sendo considerada o vestido mais caro at\u00e9 hoje vendido em leil\u00e3o.&nbsp;<\/p>\n\n\n\n<p>Confira alguns cliques de Kim:<\/p>\n\n\n\n<div class=\"wp-block-image\"><figure class=\"aligncenter size-full\"><img data-attachment-id=\"223310\" data-permalink=\"https:\/\/agrund.com\/index.php\/os-detalhes-do-vestido-de-marilyn-monroe-usado-po-kim-kardashian\/content_fbc42124-6060-47b8-996c-eabc29e312c4\/\" data-orig-file=\"https:\/\/i0.wp.com\/agrund.com\/wp-content\/uploads\/sites\/6\/2022\/05\/content_fbc42124-6060-47b8-996c-eabc29e312c4.jpeg?fit=600%2C749&amp;ssl=1\" data-orig-size=\"600,749\" data-comments-opened=\"1\" data-image-meta=\"{&quot;aperture&quot;:&quot;0&quot;,&quot;credit&quot;:&quot;&quot;,&quot;camera&quot;:&quot;&quot;,&quot;caption&quot;:&quot;&quot;,&quot;created_timestamp&quot;:&quot;0&quot;,&quot;copyright&quot;:&quot;&quot;,&quot;focal_length&quot;:&quot;0&quot;,&quot;iso&quot;:&quot;0&quot;,&quot;shutter_speed&quot;:&quot;0&quot;,&quot;title&quot;:&quot;&quot;,&quot;orientation&quot;:&quot;0&quot;}\" data-image-title=\"content_fbc42124-6060-47b8-996c-eabc29e312c4\" data-image-description=\"\" data-image-caption=\"\" data-medium-file=\"https:\/\/i0.wp.com\/agrund.com\/wp-content\/uploads\/sites\/6\/2022\/05\/content_fbc42124-6060-47b8-996c-eabc29e312c4.jpeg?fit=240%2C300&amp;ssl=1\" data-large-file=\"https:\/\/i0.wp.com\/agrund.com\/wp-content\/uploads\/sites\/6\/2022\/05\/content_fbc42124-6060-47b8-996c-eabc29e312c4.jpeg?fit=600%2C749&amp;ssl=1\" decoding=\"async\" loading=\"lazy\" width=\"600\" height=\"749\" src=\"https:\/\/i0.wp.com\/agrund.com\/wp-content\/uploads\/sites\/6\/2022\/05\/content_fbc42124-6060-47b8-996c-eabc29e312c4.jpeg?resize=600%2C749&#038;ssl=1\" alt=\"\" class=\"wp-image-223310\" srcset=\"https:\/\/i0.wp.com\/agrund.com\/wp-content\/uploads\/sites\/6\/2022\/05\/content_fbc42124-6060-47b8-996c-eabc29e312c4.jpeg?w=600&amp;ssl=1 600w, https:\/\/i0.wp.com\/agrund.com\/wp-content\/uploads\/sites\/6\/2022\/05\/content_fbc42124-6060-47b8-996c-eabc29e312c4.jpeg?resize=240%2C300&amp;ssl=1 240w\" sizes=\"(max-width: 600px) 100vw, 600px\" data-recalc-dims=\"1\" \/><figcaption>Os detalhes do vestido de Marilyn Monroe usado por Kim Kardashian<\/figcaption><\/figure><\/div>\n\n\n\n<div class=\"wp-block-image\"><figure class=\"aligncenter size-full\"><img data-attachment-id=\"223311\" data-permalink=\"https:\/\/agrund.com\/index.php\/os-detalhes-do-vestido-de-marilyn-monroe-usado-po-kim-kardashian\/agrund-kim-kardashian-merilyn-monroe-met-5-1\/\" data-orig-file=\"https:\/\/i0.wp.com\/agrund.com\/wp-content\/uploads\/sites\/6\/2022\/05\/agrund-kim-kardashian-merilyn-monroe-met-5-1.jpg?fit=600%2C896&amp;ssl=1\" data-orig-size=\"600,896\" data-comments-opened=\"1\" data-image-meta=\"{&quot;aperture&quot;:&quot;0&quot;,&quot;credit&quot;:&quot;&quot;,&quot;camera&quot;:&quot;&quot;,&quot;caption&quot;:&quot;&quot;,&quot;created_timestamp&quot;:&quot;0&quot;,&quot;copyright&quot;:&quot;&quot;,&quot;focal_length&quot;:&quot;0&quot;,&quot;iso&quot;:&quot;0&quot;,&quot;shutter_speed&quot;:&quot;0&quot;,&quot;title&quot;:&quot;&quot;,&quot;orientation&quot;:&quot;0&quot;}\" data-image-title=\"agrund-kim-kardashian-merilyn-monroe-met-5-1\" data-image-description=\"\" data-image-caption=\"\" data-medium-file=\"https:\/\/i0.wp.com\/agrund.com\/wp-content\/uploads\/sites\/6\/2022\/05\/agrund-kim-kardashian-merilyn-monroe-met-5-1.jpg?fit=201%2C300&amp;ssl=1\" data-large-file=\"https:\/\/i0.wp.com\/agrund.com\/wp-content\/uploads\/sites\/6\/2022\/05\/agrund-kim-kardashian-merilyn-monroe-met-5-1.jpg?fit=600%2C896&amp;ssl=1\" decoding=\"async\" loading=\"lazy\" width=\"600\" height=\"896\" src=\"https:\/\/i0.wp.com\/agrund.com\/wp-content\/uploads\/sites\/6\/2022\/05\/agrund-kim-kardashian-merilyn-monroe-met-5-1.jpg?resize=600%2C896&#038;ssl=1\" alt=\"\" class=\"wp-image-223311\" srcset=\"https:\/\/i0.wp.com\/agrund.com\/wp-content\/uploads\/sites\/6\/2022\/05\/agrund-kim-kardashian-merilyn-monroe-met-5-1.jpg?w=600&amp;ssl=1 600w, https:\/\/i0.wp.com\/agrund.com\/wp-content\/uploads\/sites\/6\/2022\/05\/agrund-kim-kardashian-merilyn-monroe-met-5-1.jpg?resize=201%2C300&amp;ssl=1 201w\" sizes=\"(max-width: 600px) 100vw, 600px\" data-recalc-dims=\"1\" \/><figcaption>Os detalhes do vestido de Marilyn Monroe usado por Kim Kardashian<\/figcaption><\/figure><\/div>\n\n\n\n<div class=\"wp-block-image\"><figure class=\"aligncenter size-full\"><img data-attachment-id=\"223307\" data-permalink=\"https:\/\/agrund.com\/index.php\/os-detalhes-do-vestido-de-marilyn-monroe-usado-po-kim-kardashian\/agrund-kim-kardashian-merilyn-monroe-met-3\/\" data-orig-file=\"https:\/\/i0.wp.com\/agrund.com\/wp-content\/uploads\/sites\/6\/2022\/05\/agrund-kim-kardashian-merilyn-monroe-met-3.jpg?fit=600%2C897&amp;ssl=1\" data-orig-size=\"600,897\" data-comments-opened=\"1\" data-image-meta=\"{&quot;aperture&quot;:&quot;0&quot;,&quot;credit&quot;:&quot;&quot;,&quot;camera&quot;:&quot;&quot;,&quot;caption&quot;:&quot;&quot;,&quot;created_timestamp&quot;:&quot;0&quot;,&quot;copyright&quot;:&quot;&quot;,&quot;focal_length&quot;:&quot;0&quot;,&quot;iso&quot;:&quot;0&quot;,&quot;shutter_speed&quot;:&quot;0&quot;,&quot;title&quot;:&quot;&quot;,&quot;orientation&quot;:&quot;0&quot;}\" data-image-title=\"agrund-kim-kardashian-merilyn-monroe-met-3\" data-image-description=\"\" data-image-caption=\"\" data-medium-file=\"https:\/\/i0.wp.com\/agrund.com\/wp-content\/uploads\/sites\/6\/2022\/05\/agrund-kim-kardashian-merilyn-monroe-met-3.jpg?fit=201%2C300&amp;ssl=1\" data-large-file=\"https:\/\/i0.wp.com\/agrund.com\/wp-content\/uploads\/sites\/6\/2022\/05\/agrund-kim-kardashian-merilyn-monroe-met-3.jpg?fit=600%2C897&amp;ssl=1\" decoding=\"async\" loading=\"lazy\" width=\"600\" height=\"897\" src=\"https:\/\/i0.wp.com\/agrund.com\/wp-content\/uploads\/sites\/6\/2022\/05\/agrund-kim-kardashian-merilyn-monroe-met-3.jpg?resize=600%2C897&#038;ssl=1\" alt=\"\" class=\"wp-image-223307\" srcset=\"https:\/\/i0.wp.com\/agrund.com\/wp-content\/uploads\/sites\/6\/2022\/05\/agrund-kim-kardashian-merilyn-monroe-met-3.jpg?w=600&amp;ssl=1 600w, https:\/\/i0.wp.com\/agrund.com\/wp-content\/uploads\/sites\/6\/2022\/05\/agrund-kim-kardashian-merilyn-monroe-met-3.jpg?resize=201%2C300&amp;ssl=1 201w\" sizes=\"(max-width: 600px) 100vw, 600px\" data-recalc-dims=\"1\" \/><figcaption>Os detalhes do vestido de Marilyn Monroe usado por Kim Kardashian<\/figcaption><\/figure><\/div>\n\n\n\n<div class=\"wp-block-image\"><figure class=\"aligncenter size-full\"><img data-attachment-id=\"223308\" data-permalink=\"https:\/\/agrund.com\/index.php\/os-detalhes-do-vestido-de-marilyn-monroe-usado-po-kim-kardashian\/agrund-kim-kardashian-merilyn-monroe-met-1\/\" data-orig-file=\"https:\/\/i0.wp.com\/agrund.com\/wp-content\/uploads\/sites\/6\/2022\/05\/agrund-kim-kardashian-merilyn-monroe-met-1.jpg?fit=600%2C860&amp;ssl=1\" data-orig-size=\"600,860\" data-comments-opened=\"1\" data-image-meta=\"{&quot;aperture&quot;:&quot;0&quot;,&quot;credit&quot;:&quot;&quot;,&quot;camera&quot;:&quot;&quot;,&quot;caption&quot;:&quot;&quot;,&quot;created_timestamp&quot;:&quot;0&quot;,&quot;copyright&quot;:&quot;&quot;,&quot;focal_length&quot;:&quot;0&quot;,&quot;iso&quot;:&quot;0&quot;,&quot;shutter_speed&quot;:&quot;0&quot;,&quot;title&quot;:&quot;&quot;,&quot;orientation&quot;:&quot;0&quot;}\" data-image-title=\"agrund-kim-kardashian-merilyn-monroe-met-1\" data-image-description=\"\" data-image-caption=\"\" data-medium-file=\"https:\/\/i0.wp.com\/agrund.com\/wp-content\/uploads\/sites\/6\/2022\/05\/agrund-kim-kardashian-merilyn-monroe-met-1.jpg?fit=209%2C300&amp;ssl=1\" data-large-file=\"https:\/\/i0.wp.com\/agrund.com\/wp-content\/uploads\/sites\/6\/2022\/05\/agrund-kim-kardashian-merilyn-monroe-met-1.jpg?fit=600%2C860&amp;ssl=1\" decoding=\"async\" loading=\"lazy\" width=\"600\" height=\"860\" src=\"https:\/\/i0.wp.com\/agrund.com\/wp-content\/uploads\/sites\/6\/2022\/05\/agrund-kim-kardashian-merilyn-monroe-met-1.jpg?resize=600%2C860&#038;ssl=1\" alt=\"\" class=\"wp-image-223308\" srcset=\"https:\/\/i0.wp.com\/agrund.com\/wp-content\/uploads\/sites\/6\/2022\/05\/agrund-kim-kardashian-merilyn-monroe-met-1.jpg?w=600&amp;ssl=1 600w, https:\/\/i0.wp.com\/agrund.com\/wp-content\/uploads\/sites\/6\/2022\/05\/agrund-kim-kardashian-merilyn-monroe-met-1.jpg?resize=209%2C300&amp;ssl=1 209w\" sizes=\"(max-width: 600px) 100vw, 600px\" data-recalc-dims=\"1\" \/><figcaption>Os detalhes do vestido de Marilyn Monroe usado por Kim Kardashian<\/figcaption><\/figure><\/div>\n\n\n\n<div class=\"wp-block-image\"><figure class=\"aligncenter size-full\"><img data-attachment-id=\"223309\" data-permalink=\"https:\/\/agrund.com\/index.php\/os-detalhes-do-vestido-de-marilyn-monroe-usado-po-kim-kardashian\/agrund-kim-kardashian-merilyn-monroe-met-4\/\" data-orig-file=\"https:\/\/i0.wp.com\/agrund.com\/wp-content\/uploads\/sites\/6\/2022\/05\/agrund-kim-kardashian-merilyn-monroe-met-4.jpg?fit=600%2C852&amp;ssl=1\" data-orig-size=\"600,852\" data-comments-opened=\"1\" data-image-meta=\"{&quot;aperture&quot;:&quot;0&quot;,&quot;credit&quot;:&quot;&quot;,&quot;camera&quot;:&quot;&quot;,&quot;caption&quot;:&quot;&quot;,&quot;created_timestamp&quot;:&quot;0&quot;,&quot;copyright&quot;:&quot;&quot;,&quot;focal_length&quot;:&quot;0&quot;,&quot;iso&quot;:&quot;0&quot;,&quot;shutter_speed&quot;:&quot;0&quot;,&quot;title&quot;:&quot;&quot;,&quot;orientation&quot;:&quot;0&quot;}\" data-image-title=\"agrund-kim-kardashian-merilyn-monroe-met-4\" data-image-description=\"\" data-image-caption=\"\" data-medium-file=\"https:\/\/i0.wp.com\/agrund.com\/wp-content\/uploads\/sites\/6\/2022\/05\/agrund-kim-kardashian-merilyn-monroe-met-4.jpg?fit=211%2C300&amp;ssl=1\" data-large-file=\"https:\/\/i0.wp.com\/agrund.com\/wp-content\/uploads\/sites\/6\/2022\/05\/agrund-kim-kardashian-merilyn-monroe-met-4.jpg?fit=600%2C852&amp;ssl=1\" decoding=\"async\" loading=\"lazy\" width=\"600\" height=\"852\" src=\"https:\/\/i0.wp.com\/agrund.com\/wp-content\/uploads\/sites\/6\/2022\/05\/agrund-kim-kardashian-merilyn-monroe-met-4.jpg?resize=600%2C852&#038;ssl=1\" alt=\"\" class=\"wp-image-223309\" srcset=\"https:\/\/i0.wp.com\/agrund.com\/wp-content\/uploads\/sites\/6\/2022\/05\/agrund-kim-kardashian-merilyn-monroe-met-4.jpg?w=600&amp;ssl=1 600w, https:\/\/i0.wp.com\/agrund.com\/wp-content\/uploads\/sites\/6\/2022\/05\/agrund-kim-kardashian-merilyn-monroe-met-4.jpg?resize=211%2C300&amp;ssl=1 211w\" sizes=\"(max-width: 600px) 100vw, 600px\" data-recalc-dims=\"1\" \/><figcaption>Os detalhes do vestido de Marilyn Monroe usado por Kim Kardashian<\/figcaption><\/figure><\/div>\n\n\n\n<p>Fotos: Reprodu\u00e7\u00e3o. <\/p>\n","protected":false},"excerpt":{"rendered":"<p>Depois de alguns rumores que surgiram na internet semana passada, Kim Kardashian realmente surgiu no tapete vermelho do Met Gala 2022 usando o ic\u00f4nico vestido de Marilyn Monroe.&nbsp; Criado por Jean Louis a partir de um croqui feito por Bob Mackie, o longo transparente inteiramente bordado com 6 mil cristais foi confeccionado em 1962 para [&hellip;]<\/p>\n","protected":false},"author":8,"featured_media":223312,"comment_status":"open","ping_status":"open","sticky":false,"template":"","format":"standard","meta":{"jetpack_post_was_ever_published":false,"_jetpack_newsletter_access":"","jetpack_publicize_message":"","jetpack_is_tweetstorm":false,"jetpack_publicize_feature_enabled":true,"jetpack_social_post_already_shared":true,"jetpack_social_options":{"image_generator_settings":{"template":"highway","enabled":false}}},"categories":[2],"tags":[395,375,494,72,438,592,593,67,525,148,424],"jetpack_publicize_connections":[],"jetpack_featured_media_url":"https:\/\/i0.wp.com\/agrund.com\/wp-content\/uploads\/sites\/6\/2022\/05\/s-2.jpg?fit=960%2C300&ssl=1","jetpack_sharing_enabled":true,"jetpack_shortlink":"https:\/\/wp.me\/p3Hz0n-W5H","jetpack_likes_enabled":true,"_links":{"self":[{"href":"https:\/\/agrund.com\/index.php\/wp-json\/wp\/v2\/posts\/223305"}],"collection":[{"href":"https:\/\/agrund.com\/index.php\/wp-json\/wp\/v2\/posts"}],"about":[{"href":"https:\/\/agrund.com\/index.php\/wp-json\/wp\/v2\/types\/post"}],"author":[{"embeddable":true,"href":"https:\/\/agrund.com\/index.php\/wp-json\/wp\/v2\/users\/8"}],"replies":[{"embeddable":true,"href":"https:\/\/agrund.com\/index.php\/wp-json\/wp\/v2\/comments?post=223305"}],"version-history":[{"count":3,"href":"https:\/\/agrund.com\/index.php\/wp-json\/wp\/v2\/posts\/223305\/revisions"}],"predecessor-version":[{"id":223315,"href":"https:\/\/agrund.com\/index.php\/wp-json\/wp\/v2\/posts\/223305\/revisions\/223315"}],"wp:featuredmedia":[{"embeddable":true,"href":"https:\/\/agrund.com\/index.php\/wp-json\/wp\/v2\/media\/223312"}],"wp:attachment":[{"href":"https:\/\/agrund.com\/index.php\/wp-json\/wp\/v2\/media?parent=223305"}],"wp:term":[{"taxonomy":"category","embeddable":true,"href":"https:\/\/agrund.com\/index.php\/wp-json\/wp\/v2\/categories?post=223305"},{"taxonomy":"post_tag","embeddable":true,"href":"https:\/\/agrund.com\/index.php\/wp-json\/wp\/v2\/tags?post=223305"}],"curies":[{"name":"wp","href":"https:\/\/api.w.org\/{rel}","templated":true}]}}