{"id":223291,"date":"2022-05-03T13:00:00","date_gmt":"2022-05-03T16:00:00","guid":{"rendered":"https:\/\/agrund.com\/?p=223291"},"modified":"2022-05-03T14:00:15","modified_gmt":"2022-05-03T17:00:15","slug":"met-gala-2022-10-looks-do-tapete-vermelho","status":"publish","type":"post","link":"https:\/\/agrund.com\/index.php\/met-gala-2022-10-looks-do-tapete-vermelho\/","title":{"rendered":"Met Gala 2022: 10 Looks do tapete vermelho\u00a0"},"content":{"rendered":"\n<p>Por Arlindo Grund. Colabora\u00e7\u00e3o de Lari Mariano&nbsp;<\/p>\n\n\n\n<p>Uma moda de impactos \u2014 e nada de minimalismos \u2014 resume a \u00e9poca hist\u00f3rica que, hoje, \u00e9 tema do MET Gala. O evento veio, mais uma vez resgatando a hist\u00f3ria da moda norte-americana, e o per\u00edodo da vez \u00e9 o s\u00e9culo XIX, \u201cos anos dourados\u201d de Nova York. O que d\u00e1 pra ver? Volumes, bordados, estruturas, brilho. Aqui, quanto mais, melhor!<\/p>\n\n\n\n<p>E aliado a tudo isso, uma veia sustent\u00e1vel com muitas marcas e estilistas reeditando pe\u00e7as de seus arquivos, enquanto que outros buscam esse caminho atrav\u00e9s dos tecidos que j\u00e1 foram usados em outras cria\u00e7\u00f5es. A moda tamb\u00e9m precisa fazer a gente refletir sobre o consumo consciente.<\/p>\n\n\n\n<p>O repetir tecidos, acess\u00f3rios, joias, roupas, nunca esteve t\u00e3o em alta. Reflexo de um novo comportamento e de uma desconstru\u00e7\u00e3o do que realmente \u00e9 ser elegante.&nbsp;<\/p>\n\n\n\n<p>Selecionamos 10 looks que passaram pelo tapete vermelho do evento. Qual deles \u00e9 o seu favorito?\u00a0<\/p>\n\n\n\n<div class=\"wp-block-image\"><figure class=\"aligncenter size-full\"><img data-attachment-id=\"223303\" data-permalink=\"https:\/\/agrund.com\/index.php\/met-gala-2022-10-looks-do-tapete-vermelho\/agrund-met-gala-2022-looks-1\/\" data-orig-file=\"https:\/\/i0.wp.com\/agrund.com\/wp-content\/uploads\/sites\/6\/2022\/05\/agrund-met-gala-2022-looks-1.jpg?fit=600%2C896&amp;ssl=1\" data-orig-size=\"600,896\" data-comments-opened=\"1\" data-image-meta=\"{&quot;aperture&quot;:&quot;0&quot;,&quot;credit&quot;:&quot;&quot;,&quot;camera&quot;:&quot;&quot;,&quot;caption&quot;:&quot;&quot;,&quot;created_timestamp&quot;:&quot;0&quot;,&quot;copyright&quot;:&quot;&quot;,&quot;focal_length&quot;:&quot;0&quot;,&quot;iso&quot;:&quot;0&quot;,&quot;shutter_speed&quot;:&quot;0&quot;,&quot;title&quot;:&quot;&quot;,&quot;orientation&quot;:&quot;0&quot;}\" data-image-title=\"agrund-met-gala-2022-looks-1\" data-image-description=\"\" data-image-caption=\"\" data-medium-file=\"https:\/\/i0.wp.com\/agrund.com\/wp-content\/uploads\/sites\/6\/2022\/05\/agrund-met-gala-2022-looks-1.jpg?fit=201%2C300&amp;ssl=1\" data-large-file=\"https:\/\/i0.wp.com\/agrund.com\/wp-content\/uploads\/sites\/6\/2022\/05\/agrund-met-gala-2022-looks-1.jpg?fit=600%2C896&amp;ssl=1\" decoding=\"async\" loading=\"lazy\" width=\"600\" height=\"896\" src=\"https:\/\/i0.wp.com\/agrund.com\/wp-content\/uploads\/sites\/6\/2022\/05\/agrund-met-gala-2022-looks-1.jpg?resize=600%2C896&#038;ssl=1\" alt=\"\" class=\"wp-image-223303\" srcset=\"https:\/\/i0.wp.com\/agrund.com\/wp-content\/uploads\/sites\/6\/2022\/05\/agrund-met-gala-2022-looks-1.jpg?w=600&amp;ssl=1 600w, https:\/\/i0.wp.com\/agrund.com\/wp-content\/uploads\/sites\/6\/2022\/05\/agrund-met-gala-2022-looks-1.jpg?resize=201%2C300&amp;ssl=1 201w\" sizes=\"(max-width: 600px) 100vw, 600px\" data-recalc-dims=\"1\" \/><figcaption>Kim Kardashian veste acervo Marilyn Monroe<\/figcaption><\/figure><\/div>\n\n\n\n<div class=\"wp-block-image\"><figure class=\"aligncenter size-full\"><img data-attachment-id=\"223292\" data-permalink=\"https:\/\/agrund.com\/index.php\/met-gala-2022-10-looks-do-tapete-vermelho\/agrund-met-gala-2022-looks-3\/\" data-orig-file=\"https:\/\/i0.wp.com\/agrund.com\/wp-content\/uploads\/sites\/6\/2022\/05\/agrund-met-gala-2022-looks-3.jpg?fit=600%2C739&amp;ssl=1\" data-orig-size=\"600,739\" data-comments-opened=\"1\" data-image-meta=\"{&quot;aperture&quot;:&quot;0&quot;,&quot;credit&quot;:&quot;&quot;,&quot;camera&quot;:&quot;&quot;,&quot;caption&quot;:&quot;&quot;,&quot;created_timestamp&quot;:&quot;1651585203&quot;,&quot;copyright&quot;:&quot;&quot;,&quot;focal_length&quot;:&quot;0&quot;,&quot;iso&quot;:&quot;0&quot;,&quot;shutter_speed&quot;:&quot;0&quot;,&quot;title&quot;:&quot;&quot;,&quot;orientation&quot;:&quot;1&quot;}\" data-image-title=\"agrund-met-gala-2022-looks-3\" data-image-description=\"\" data-image-caption=\"\" data-medium-file=\"https:\/\/i0.wp.com\/agrund.com\/wp-content\/uploads\/sites\/6\/2022\/05\/agrund-met-gala-2022-looks-3.jpg?fit=244%2C300&amp;ssl=1\" data-large-file=\"https:\/\/i0.wp.com\/agrund.com\/wp-content\/uploads\/sites\/6\/2022\/05\/agrund-met-gala-2022-looks-3.jpg?fit=600%2C739&amp;ssl=1\" decoding=\"async\" loading=\"lazy\" width=\"600\" height=\"739\" src=\"https:\/\/i0.wp.com\/agrund.com\/wp-content\/uploads\/sites\/6\/2022\/05\/agrund-met-gala-2022-looks-3.jpg?resize=600%2C739&#038;ssl=1\" alt=\"\" class=\"wp-image-223292\" srcset=\"https:\/\/i0.wp.com\/agrund.com\/wp-content\/uploads\/sites\/6\/2022\/05\/agrund-met-gala-2022-looks-3.jpg?w=600&amp;ssl=1 600w, https:\/\/i0.wp.com\/agrund.com\/wp-content\/uploads\/sites\/6\/2022\/05\/agrund-met-gala-2022-looks-3.jpg?resize=244%2C300&amp;ssl=1 244w\" sizes=\"(max-width: 600px) 100vw, 600px\" data-recalc-dims=\"1\" \/><figcaption>Blake Lively veste Versace<\/figcaption><\/figure><\/div>\n\n\n\n<div class=\"wp-block-image\"><figure class=\"aligncenter size-full\"><img data-attachment-id=\"223293\" data-permalink=\"https:\/\/agrund.com\/index.php\/met-gala-2022-10-looks-do-tapete-vermelho\/agrund-met-gala-2022-looks-2\/\" data-orig-file=\"https:\/\/i0.wp.com\/agrund.com\/wp-content\/uploads\/sites\/6\/2022\/05\/agrund-met-gala-2022-looks-2.jpeg?fit=600%2C720&amp;ssl=1\" data-orig-size=\"600,720\" data-comments-opened=\"1\" data-image-meta=\"{&quot;aperture&quot;:&quot;0&quot;,&quot;credit&quot;:&quot;&quot;,&quot;camera&quot;:&quot;&quot;,&quot;caption&quot;:&quot;&quot;,&quot;created_timestamp&quot;:&quot;0&quot;,&quot;copyright&quot;:&quot;&quot;,&quot;focal_length&quot;:&quot;0&quot;,&quot;iso&quot;:&quot;0&quot;,&quot;shutter_speed&quot;:&quot;0&quot;,&quot;title&quot;:&quot;&quot;,&quot;orientation&quot;:&quot;1&quot;}\" data-image-title=\"agrund-met-gala-2022-looks-2\" data-image-description=\"\" data-image-caption=\"\" data-medium-file=\"https:\/\/i0.wp.com\/agrund.com\/wp-content\/uploads\/sites\/6\/2022\/05\/agrund-met-gala-2022-looks-2.jpeg?fit=250%2C300&amp;ssl=1\" data-large-file=\"https:\/\/i0.wp.com\/agrund.com\/wp-content\/uploads\/sites\/6\/2022\/05\/agrund-met-gala-2022-looks-2.jpeg?fit=600%2C720&amp;ssl=1\" decoding=\"async\" loading=\"lazy\" width=\"600\" height=\"720\" src=\"https:\/\/i0.wp.com\/agrund.com\/wp-content\/uploads\/sites\/6\/2022\/05\/agrund-met-gala-2022-looks-2.jpeg?resize=600%2C720&#038;ssl=1\" alt=\"\" class=\"wp-image-223293\" srcset=\"https:\/\/i0.wp.com\/agrund.com\/wp-content\/uploads\/sites\/6\/2022\/05\/agrund-met-gala-2022-looks-2.jpeg?w=600&amp;ssl=1 600w, https:\/\/i0.wp.com\/agrund.com\/wp-content\/uploads\/sites\/6\/2022\/05\/agrund-met-gala-2022-looks-2.jpeg?resize=250%2C300&amp;ssl=1 250w\" sizes=\"(max-width: 600px) 100vw, 600px\" data-recalc-dims=\"1\" \/><figcaption>Billie Eilish veste Gucci<\/figcaption><\/figure><\/div>\n\n\n\n<div class=\"wp-block-image\"><figure class=\"aligncenter size-full\"><img data-attachment-id=\"223294\" data-permalink=\"https:\/\/agrund.com\/index.php\/met-gala-2022-10-looks-do-tapete-vermelho\/agrund-met-gala-2022-looks-6\/\" data-orig-file=\"https:\/\/i0.wp.com\/agrund.com\/wp-content\/uploads\/sites\/6\/2022\/05\/agrund-met-gala-2022-looks-6.jpg?fit=600%2C672&amp;ssl=1\" data-orig-size=\"600,672\" data-comments-opened=\"1\" data-image-meta=\"{&quot;aperture&quot;:&quot;0&quot;,&quot;credit&quot;:&quot;&quot;,&quot;camera&quot;:&quot;&quot;,&quot;caption&quot;:&quot;&quot;,&quot;created_timestamp&quot;:&quot;1651585215&quot;,&quot;copyright&quot;:&quot;&quot;,&quot;focal_length&quot;:&quot;0&quot;,&quot;iso&quot;:&quot;0&quot;,&quot;shutter_speed&quot;:&quot;0&quot;,&quot;title&quot;:&quot;&quot;,&quot;orientation&quot;:&quot;1&quot;}\" data-image-title=\"agrund-met-gala-2022-looks-6\" data-image-description=\"\" data-image-caption=\"\" data-medium-file=\"https:\/\/i0.wp.com\/agrund.com\/wp-content\/uploads\/sites\/6\/2022\/05\/agrund-met-gala-2022-looks-6.jpg?fit=268%2C300&amp;ssl=1\" data-large-file=\"https:\/\/i0.wp.com\/agrund.com\/wp-content\/uploads\/sites\/6\/2022\/05\/agrund-met-gala-2022-looks-6.jpg?fit=600%2C672&amp;ssl=1\" decoding=\"async\" loading=\"lazy\" width=\"600\" height=\"672\" src=\"https:\/\/i0.wp.com\/agrund.com\/wp-content\/uploads\/sites\/6\/2022\/05\/agrund-met-gala-2022-looks-6.jpg?resize=600%2C672&#038;ssl=1\" alt=\"\" class=\"wp-image-223294\" srcset=\"https:\/\/i0.wp.com\/agrund.com\/wp-content\/uploads\/sites\/6\/2022\/05\/agrund-met-gala-2022-looks-6.jpg?w=600&amp;ssl=1 600w, https:\/\/i0.wp.com\/agrund.com\/wp-content\/uploads\/sites\/6\/2022\/05\/agrund-met-gala-2022-looks-6.jpg?resize=268%2C300&amp;ssl=1 268w\" sizes=\"(max-width: 600px) 100vw, 600px\" data-recalc-dims=\"1\" \/><figcaption>Hailey Bieber veste Saint Laurent<\/figcaption><\/figure><\/div>\n\n\n\n<div class=\"wp-block-image\"><figure class=\"aligncenter size-full\"><img data-attachment-id=\"223295\" data-permalink=\"https:\/\/agrund.com\/index.php\/met-gala-2022-10-looks-do-tapete-vermelho\/agrund-met-gala-2022-looks-7\/\" data-orig-file=\"https:\/\/i0.wp.com\/agrund.com\/wp-content\/uploads\/sites\/6\/2022\/05\/agrund-met-gala-2022-looks-7.jpg?fit=600%2C741&amp;ssl=1\" data-orig-size=\"600,741\" data-comments-opened=\"1\" data-image-meta=\"{&quot;aperture&quot;:&quot;0&quot;,&quot;credit&quot;:&quot;&quot;,&quot;camera&quot;:&quot;&quot;,&quot;caption&quot;:&quot;&quot;,&quot;created_timestamp&quot;:&quot;1651585213&quot;,&quot;copyright&quot;:&quot;&quot;,&quot;focal_length&quot;:&quot;0&quot;,&quot;iso&quot;:&quot;0&quot;,&quot;shutter_speed&quot;:&quot;0&quot;,&quot;title&quot;:&quot;&quot;,&quot;orientation&quot;:&quot;1&quot;}\" data-image-title=\"agrund-met-gala-2022-looks-7\" data-image-description=\"\" data-image-caption=\"\" data-medium-file=\"https:\/\/i0.wp.com\/agrund.com\/wp-content\/uploads\/sites\/6\/2022\/05\/agrund-met-gala-2022-looks-7.jpg?fit=243%2C300&amp;ssl=1\" data-large-file=\"https:\/\/i0.wp.com\/agrund.com\/wp-content\/uploads\/sites\/6\/2022\/05\/agrund-met-gala-2022-looks-7.jpg?fit=600%2C741&amp;ssl=1\" decoding=\"async\" loading=\"lazy\" width=\"600\" height=\"741\" src=\"https:\/\/i0.wp.com\/agrund.com\/wp-content\/uploads\/sites\/6\/2022\/05\/agrund-met-gala-2022-looks-7.jpg?resize=600%2C741&#038;ssl=1\" alt=\"\" class=\"wp-image-223295\" srcset=\"https:\/\/i0.wp.com\/agrund.com\/wp-content\/uploads\/sites\/6\/2022\/05\/agrund-met-gala-2022-looks-7.jpg?w=600&amp;ssl=1 600w, https:\/\/i0.wp.com\/agrund.com\/wp-content\/uploads\/sites\/6\/2022\/05\/agrund-met-gala-2022-looks-7.jpg?resize=243%2C300&amp;ssl=1 243w\" sizes=\"(max-width: 600px) 100vw, 600px\" data-recalc-dims=\"1\" \/><figcaption>Anitta veste Moschino<\/figcaption><\/figure><\/div>\n\n\n\n<div class=\"wp-block-image\"><figure class=\"aligncenter size-full\"><img data-attachment-id=\"223296\" data-permalink=\"https:\/\/agrund.com\/index.php\/met-gala-2022-10-looks-do-tapete-vermelho\/agrund-met-gala-2022-looks-9\/\" data-orig-file=\"https:\/\/i0.wp.com\/agrund.com\/wp-content\/uploads\/sites\/6\/2022\/05\/agrund-met-gala-2022-looks-9.jpg?fit=600%2C738&amp;ssl=1\" data-orig-size=\"600,738\" data-comments-opened=\"1\" data-image-meta=\"{&quot;aperture&quot;:&quot;0&quot;,&quot;credit&quot;:&quot;&quot;,&quot;camera&quot;:&quot;&quot;,&quot;caption&quot;:&quot;&quot;,&quot;created_timestamp&quot;:&quot;1651585226&quot;,&quot;copyright&quot;:&quot;&quot;,&quot;focal_length&quot;:&quot;0&quot;,&quot;iso&quot;:&quot;0&quot;,&quot;shutter_speed&quot;:&quot;0&quot;,&quot;title&quot;:&quot;&quot;,&quot;orientation&quot;:&quot;1&quot;}\" data-image-title=\"agrund-met-gala-2022-looks-9\" data-image-description=\"\" data-image-caption=\"\" data-medium-file=\"https:\/\/i0.wp.com\/agrund.com\/wp-content\/uploads\/sites\/6\/2022\/05\/agrund-met-gala-2022-looks-9.jpg?fit=244%2C300&amp;ssl=1\" data-large-file=\"https:\/\/i0.wp.com\/agrund.com\/wp-content\/uploads\/sites\/6\/2022\/05\/agrund-met-gala-2022-looks-9.jpg?fit=600%2C738&amp;ssl=1\" decoding=\"async\" loading=\"lazy\" width=\"600\" height=\"738\" src=\"https:\/\/i0.wp.com\/agrund.com\/wp-content\/uploads\/sites\/6\/2022\/05\/agrund-met-gala-2022-looks-9.jpg?resize=600%2C738&#038;ssl=1\" alt=\"\" class=\"wp-image-223296\" srcset=\"https:\/\/i0.wp.com\/agrund.com\/wp-content\/uploads\/sites\/6\/2022\/05\/agrund-met-gala-2022-looks-9.jpg?w=600&amp;ssl=1 600w, https:\/\/i0.wp.com\/agrund.com\/wp-content\/uploads\/sites\/6\/2022\/05\/agrund-met-gala-2022-looks-9.jpg?resize=244%2C300&amp;ssl=1 244w\" sizes=\"(max-width: 600px) 100vw, 600px\" data-recalc-dims=\"1\" \/><figcaption>Emma Stone veste Louis Vuitton<\/figcaption><\/figure><\/div>\n\n\n\n<div class=\"wp-block-image\"><figure class=\"aligncenter size-full\"><img data-attachment-id=\"223297\" data-permalink=\"https:\/\/agrund.com\/index.php\/met-gala-2022-10-looks-do-tapete-vermelho\/agrund-met-gala-2022-looks-5\/\" data-orig-file=\"https:\/\/i0.wp.com\/agrund.com\/wp-content\/uploads\/sites\/6\/2022\/05\/agrund-met-gala-2022-looks-5.jpg?fit=600%2C741&amp;ssl=1\" data-orig-size=\"600,741\" data-comments-opened=\"1\" data-image-meta=\"{&quot;aperture&quot;:&quot;0&quot;,&quot;credit&quot;:&quot;&quot;,&quot;camera&quot;:&quot;&quot;,&quot;caption&quot;:&quot;&quot;,&quot;created_timestamp&quot;:&quot;1651585211&quot;,&quot;copyright&quot;:&quot;&quot;,&quot;focal_length&quot;:&quot;0&quot;,&quot;iso&quot;:&quot;0&quot;,&quot;shutter_speed&quot;:&quot;0&quot;,&quot;title&quot;:&quot;&quot;,&quot;orientation&quot;:&quot;1&quot;}\" data-image-title=\"agrund-met-gala-2022-looks-5\" data-image-description=\"\" data-image-caption=\"\" data-medium-file=\"https:\/\/i0.wp.com\/agrund.com\/wp-content\/uploads\/sites\/6\/2022\/05\/agrund-met-gala-2022-looks-5.jpg?fit=243%2C300&amp;ssl=1\" data-large-file=\"https:\/\/i0.wp.com\/agrund.com\/wp-content\/uploads\/sites\/6\/2022\/05\/agrund-met-gala-2022-looks-5.jpg?fit=600%2C741&amp;ssl=1\" decoding=\"async\" loading=\"lazy\" width=\"600\" height=\"741\" src=\"https:\/\/i0.wp.com\/agrund.com\/wp-content\/uploads\/sites\/6\/2022\/05\/agrund-met-gala-2022-looks-5.jpg?resize=600%2C741&#038;ssl=1\" alt=\"\" class=\"wp-image-223297\" srcset=\"https:\/\/i0.wp.com\/agrund.com\/wp-content\/uploads\/sites\/6\/2022\/05\/agrund-met-gala-2022-looks-5.jpg?w=600&amp;ssl=1 600w, https:\/\/i0.wp.com\/agrund.com\/wp-content\/uploads\/sites\/6\/2022\/05\/agrund-met-gala-2022-looks-5.jpg?resize=243%2C300&amp;ssl=1 243w\" sizes=\"(max-width: 600px) 100vw, 600px\" data-recalc-dims=\"1\" \/><figcaption>Janelle Mon\u00e1e veste Ralph Lauren<\/figcaption><\/figure><\/div>\n\n\n\n<div class=\"wp-block-image\"><figure class=\"aligncenter size-full\"><img data-attachment-id=\"223298\" data-permalink=\"https:\/\/agrund.com\/index.php\/met-gala-2022-10-looks-do-tapete-vermelho\/agrund-met-gala-2022-looks-4\/\" data-orig-file=\"https:\/\/i0.wp.com\/agrund.com\/wp-content\/uploads\/sites\/6\/2022\/05\/agrund-met-gala-2022-looks-4.jpg?fit=600%2C740&amp;ssl=1\" data-orig-size=\"600,740\" data-comments-opened=\"1\" data-image-meta=\"{&quot;aperture&quot;:&quot;0&quot;,&quot;credit&quot;:&quot;&quot;,&quot;camera&quot;:&quot;&quot;,&quot;caption&quot;:&quot;&quot;,&quot;created_timestamp&quot;:&quot;1651585209&quot;,&quot;copyright&quot;:&quot;&quot;,&quot;focal_length&quot;:&quot;0&quot;,&quot;iso&quot;:&quot;0&quot;,&quot;shutter_speed&quot;:&quot;0&quot;,&quot;title&quot;:&quot;&quot;,&quot;orientation&quot;:&quot;1&quot;}\" data-image-title=\"agrund-met-gala-2022-looks-4\" data-image-description=\"\" data-image-caption=\"\" data-medium-file=\"https:\/\/i0.wp.com\/agrund.com\/wp-content\/uploads\/sites\/6\/2022\/05\/agrund-met-gala-2022-looks-4.jpg?fit=243%2C300&amp;ssl=1\" data-large-file=\"https:\/\/i0.wp.com\/agrund.com\/wp-content\/uploads\/sites\/6\/2022\/05\/agrund-met-gala-2022-looks-4.jpg?fit=600%2C740&amp;ssl=1\" decoding=\"async\" loading=\"lazy\" width=\"600\" height=\"740\" src=\"https:\/\/i0.wp.com\/agrund.com\/wp-content\/uploads\/sites\/6\/2022\/05\/agrund-met-gala-2022-looks-4.jpg?resize=600%2C740&#038;ssl=1\" alt=\"\" class=\"wp-image-223298\" srcset=\"https:\/\/i0.wp.com\/agrund.com\/wp-content\/uploads\/sites\/6\/2022\/05\/agrund-met-gala-2022-looks-4.jpg?w=600&amp;ssl=1 600w, https:\/\/i0.wp.com\/agrund.com\/wp-content\/uploads\/sites\/6\/2022\/05\/agrund-met-gala-2022-looks-4.jpg?resize=243%2C300&amp;ssl=1 243w\" sizes=\"(max-width: 600px) 100vw, 600px\" data-recalc-dims=\"1\" \/><figcaption>Anna Wintour veste Chanel<\/figcaption><\/figure><\/div>\n\n\n\n<div class=\"wp-block-image\"><figure class=\"aligncenter size-full\"><img data-attachment-id=\"223299\" data-permalink=\"https:\/\/agrund.com\/index.php\/met-gala-2022-10-looks-do-tapete-vermelho\/agrund-met-gala-2022-looks-10\/\" data-orig-file=\"https:\/\/i0.wp.com\/agrund.com\/wp-content\/uploads\/sites\/6\/2022\/05\/agrund-met-gala-2022-looks-10.jpg?fit=600%2C893&amp;ssl=1\" data-orig-size=\"600,893\" data-comments-opened=\"1\" data-image-meta=\"{&quot;aperture&quot;:&quot;0&quot;,&quot;credit&quot;:&quot;&quot;,&quot;camera&quot;:&quot;&quot;,&quot;caption&quot;:&quot;&quot;,&quot;created_timestamp&quot;:&quot;0&quot;,&quot;copyright&quot;:&quot;&quot;,&quot;focal_length&quot;:&quot;0&quot;,&quot;iso&quot;:&quot;0&quot;,&quot;shutter_speed&quot;:&quot;0&quot;,&quot;title&quot;:&quot;&quot;,&quot;orientation&quot;:&quot;0&quot;}\" data-image-title=\"agrund-met-gala-2022-looks-10\" data-image-description=\"\" data-image-caption=\"\" data-medium-file=\"https:\/\/i0.wp.com\/agrund.com\/wp-content\/uploads\/sites\/6\/2022\/05\/agrund-met-gala-2022-looks-10.jpg?fit=202%2C300&amp;ssl=1\" data-large-file=\"https:\/\/i0.wp.com\/agrund.com\/wp-content\/uploads\/sites\/6\/2022\/05\/agrund-met-gala-2022-looks-10.jpg?fit=600%2C893&amp;ssl=1\" decoding=\"async\" loading=\"lazy\" width=\"600\" height=\"893\" src=\"https:\/\/i0.wp.com\/agrund.com\/wp-content\/uploads\/sites\/6\/2022\/05\/agrund-met-gala-2022-looks-10.jpg?resize=600%2C893&#038;ssl=1\" alt=\"\" class=\"wp-image-223299\" srcset=\"https:\/\/i0.wp.com\/agrund.com\/wp-content\/uploads\/sites\/6\/2022\/05\/agrund-met-gala-2022-looks-10.jpg?w=600&amp;ssl=1 600w, https:\/\/i0.wp.com\/agrund.com\/wp-content\/uploads\/sites\/6\/2022\/05\/agrund-met-gala-2022-looks-10.jpg?resize=202%2C300&amp;ssl=1 202w\" sizes=\"(max-width: 600px) 100vw, 600px\" data-recalc-dims=\"1\" \/><figcaption>Carol Trentini veste Danielle Frankel<\/figcaption><\/figure><\/div>\n\n\n\n<div class=\"wp-block-image\"><figure class=\"aligncenter size-full\"><img data-attachment-id=\"223300\" data-permalink=\"https:\/\/agrund.com\/index.php\/met-gala-2022-10-looks-do-tapete-vermelho\/agrund-met-gala-2022-looks-8\/\" data-orig-file=\"https:\/\/i0.wp.com\/agrund.com\/wp-content\/uploads\/sites\/6\/2022\/05\/agrund-met-gala-2022-looks-8.jpg?fit=600%2C684&amp;ssl=1\" data-orig-size=\"600,684\" data-comments-opened=\"1\" data-image-meta=\"{&quot;aperture&quot;:&quot;0&quot;,&quot;credit&quot;:&quot;&quot;,&quot;camera&quot;:&quot;&quot;,&quot;caption&quot;:&quot;&quot;,&quot;created_timestamp&quot;:&quot;1651585228&quot;,&quot;copyright&quot;:&quot;&quot;,&quot;focal_length&quot;:&quot;0&quot;,&quot;iso&quot;:&quot;0&quot;,&quot;shutter_speed&quot;:&quot;0&quot;,&quot;title&quot;:&quot;&quot;,&quot;orientation&quot;:&quot;1&quot;}\" data-image-title=\"agrund-met-gala-2022-looks-8\" data-image-description=\"\" data-image-caption=\"\" data-medium-file=\"https:\/\/i0.wp.com\/agrund.com\/wp-content\/uploads\/sites\/6\/2022\/05\/agrund-met-gala-2022-looks-8.jpg?fit=263%2C300&amp;ssl=1\" data-large-file=\"https:\/\/i0.wp.com\/agrund.com\/wp-content\/uploads\/sites\/6\/2022\/05\/agrund-met-gala-2022-looks-8.jpg?fit=600%2C684&amp;ssl=1\" decoding=\"async\" loading=\"lazy\" width=\"600\" height=\"684\" src=\"https:\/\/i0.wp.com\/agrund.com\/wp-content\/uploads\/sites\/6\/2022\/05\/agrund-met-gala-2022-looks-8.jpg?resize=600%2C684&#038;ssl=1\" alt=\"\" class=\"wp-image-223300\" srcset=\"https:\/\/i0.wp.com\/agrund.com\/wp-content\/uploads\/sites\/6\/2022\/05\/agrund-met-gala-2022-looks-8.jpg?w=600&amp;ssl=1 600w, https:\/\/i0.wp.com\/agrund.com\/wp-content\/uploads\/sites\/6\/2022\/05\/agrund-met-gala-2022-looks-8.jpg?resize=263%2C300&amp;ssl=1 263w\" sizes=\"(max-width: 600px) 100vw, 600px\" data-recalc-dims=\"1\" \/><figcaption>Glenn Close veste Valentino <\/figcaption><\/figure><\/div>\n\n\n\n<p>Fotos: Reprodu\u00e7\u00e3o. <\/p>\n","protected":false},"excerpt":{"rendered":"<p>Por Arlindo Grund. Colabora\u00e7\u00e3o de Lari Mariano&nbsp; Uma moda de impactos \u2014 e nada de minimalismos \u2014 resume a \u00e9poca hist\u00f3rica que, hoje, \u00e9 tema do MET Gala. O evento veio, mais uma vez resgatando a hist\u00f3ria da moda norte-americana, e o per\u00edodo da vez \u00e9 o s\u00e9culo XIX, \u201cos anos dourados\u201d de Nova York. [&hellip;]<\/p>\n","protected":false},"author":8,"featured_media":223301,"comment_status":"open","ping_status":"open","sticky":false,"template":"","format":"standard","meta":{"jetpack_post_was_ever_published":false,"_jetpack_newsletter_access":"","jetpack_publicize_message":"","jetpack_is_tweetstorm":false,"jetpack_publicize_feature_enabled":true,"jetpack_social_post_already_shared":true,"jetpack_social_options":{"image_generator_settings":{"template":"highway","enabled":false}}},"categories":[2],"tags":[395,375,423,347,438,592,593,67,525,424,564],"jetpack_publicize_connections":[],"jetpack_featured_media_url":"https:\/\/i0.wp.com\/agrund.com\/wp-content\/uploads\/sites\/6\/2022\/05\/s-1.jpg?fit=960%2C300&ssl=1","jetpack_sharing_enabled":true,"jetpack_shortlink":"https:\/\/wp.me\/p3Hz0n-W5t","jetpack_likes_enabled":true,"_links":{"self":[{"href":"https:\/\/agrund.com\/index.php\/wp-json\/wp\/v2\/posts\/223291"}],"collection":[{"href":"https:\/\/agrund.com\/index.php\/wp-json\/wp\/v2\/posts"}],"about":[{"href":"https:\/\/agrund.com\/index.php\/wp-json\/wp\/v2\/types\/post"}],"author":[{"embeddable":true,"href":"https:\/\/agrund.com\/index.php\/wp-json\/wp\/v2\/users\/8"}],"replies":[{"embeddable":true,"href":"https:\/\/agrund.com\/index.php\/wp-json\/wp\/v2\/comments?post=223291"}],"version-history":[{"count":2,"href":"https:\/\/agrund.com\/index.php\/wp-json\/wp\/v2\/posts\/223291\/revisions"}],"predecessor-version":[{"id":223304,"href":"https:\/\/agrund.com\/index.php\/wp-json\/wp\/v2\/posts\/223291\/revisions\/223304"}],"wp:featuredmedia":[{"embeddable":true,"href":"https:\/\/agrund.com\/index.php\/wp-json\/wp\/v2\/media\/223301"}],"wp:attachment":[{"href":"https:\/\/agrund.com\/index.php\/wp-json\/wp\/v2\/media?parent=223291"}],"wp:term":[{"taxonomy":"category","embeddable":true,"href":"https:\/\/agrund.com\/index.php\/wp-json\/wp\/v2\/categories?post=223291"},{"taxonomy":"post_tag","embeddable":true,"href":"https:\/\/agrund.com\/index.php\/wp-json\/wp\/v2\/tags?post=223291"}],"curies":[{"name":"wp","href":"https:\/\/api.w.org\/{rel}","templated":true}]}}