{"id":223188,"date":"2022-04-26T14:00:00","date_gmt":"2022-04-26T17:00:00","guid":{"rendered":"https:\/\/agrund.com\/?p=223188"},"modified":"2022-04-26T13:32:34","modified_gmt":"2022-04-26T16:32:34","slug":"minas-trend-27a-edicao-moda-autoral-da-rmr-simone-lapenda","status":"publish","type":"post","link":"https:\/\/agrund.com\/index.php\/minas-trend-27a-edicao-moda-autoral-da-rmr-simone-lapenda\/","title":{"rendered":"Minas Trend 27\u00aa edi\u00e7\u00e3o :: Moda Autoral da RMR &#8211; Simone Lapenda"},"content":{"rendered":"\n<p>Por Thay Sanqueta<\/p>\n\n\n\n<p>Simone Lapenda \u00e9 uma das marcas autorais pernambucanas que estreou nesta edi\u00e7\u00e3o do Minas Trend.\u00a0<\/p>\n\n\n\n<p>Cada acess\u00f3rio feito em cer\u00e2mica \u00e9 modelado e pintado \u00e0 m\u00e3o com um capricho sem igual. Atrav\u00e9s das ilustra\u00e7\u00f5es das pe\u00e7as \u00e9 poss\u00edvel conhecer um pouco mais das cren\u00e7as e culturas do Nordeste do nosso Pa\u00eds, e algumas delas foram desenvolvidas como forma de protesto.\u00a0<\/p>\n\n\n\n<p>Lindas pe\u00e7as que adornam, posicionam e aben\u00e7oam!\u00a0<\/p>\n\n\n\n<div class=\"wp-block-image\"><figure class=\"aligncenter size-large\"><img data-attachment-id=\"223189\" data-permalink=\"https:\/\/agrund.com\/index.php\/minas-trend-27a-edicao-moda-autoral-da-rmr-simone-lapenda\/agrund-minas-trend-simone-lapenda-1\/\" data-orig-file=\"https:\/\/i0.wp.com\/agrund.com\/wp-content\/uploads\/sites\/6\/2022\/04\/agrund-minas-trend-simone-lapenda-1.jpeg?fit=600%2C1067&amp;ssl=1\" data-orig-size=\"600,1067\" data-comments-opened=\"1\" data-image-meta=\"{&quot;aperture&quot;:&quot;0&quot;,&quot;credit&quot;:&quot;&quot;,&quot;camera&quot;:&quot;&quot;,&quot;caption&quot;:&quot;&quot;,&quot;created_timestamp&quot;:&quot;0&quot;,&quot;copyright&quot;:&quot;&quot;,&quot;focal_length&quot;:&quot;0&quot;,&quot;iso&quot;:&quot;0&quot;,&quot;shutter_speed&quot;:&quot;0&quot;,&quot;title&quot;:&quot;&quot;,&quot;orientation&quot;:&quot;1&quot;}\" data-image-title=\"agrund-minas-trend-simone-lapenda-1\" data-image-description=\"\" data-image-caption=\"\" data-medium-file=\"https:\/\/i0.wp.com\/agrund.com\/wp-content\/uploads\/sites\/6\/2022\/04\/agrund-minas-trend-simone-lapenda-1.jpeg?fit=169%2C300&amp;ssl=1\" data-large-file=\"https:\/\/i0.wp.com\/agrund.com\/wp-content\/uploads\/sites\/6\/2022\/04\/agrund-minas-trend-simone-lapenda-1.jpeg?fit=576%2C1024&amp;ssl=1\" decoding=\"async\" loading=\"lazy\" width=\"576\" height=\"1024\" src=\"https:\/\/i0.wp.com\/agrund.com\/wp-content\/uploads\/sites\/6\/2022\/04\/agrund-minas-trend-simone-lapenda-1.jpeg?resize=576%2C1024&#038;ssl=1\" alt=\"\" class=\"wp-image-223189\" srcset=\"https:\/\/i0.wp.com\/agrund.com\/wp-content\/uploads\/sites\/6\/2022\/04\/agrund-minas-trend-simone-lapenda-1.jpeg?resize=576%2C1024&amp;ssl=1 576w, https:\/\/i0.wp.com\/agrund.com\/wp-content\/uploads\/sites\/6\/2022\/04\/agrund-minas-trend-simone-lapenda-1.jpeg?resize=169%2C300&amp;ssl=1 169w, https:\/\/i0.wp.com\/agrund.com\/wp-content\/uploads\/sites\/6\/2022\/04\/agrund-minas-trend-simone-lapenda-1.jpeg?w=600&amp;ssl=1 600w\" sizes=\"(max-width: 576px) 100vw, 576px\" data-recalc-dims=\"1\" \/><figcaption>Minas Trend 27\u00aa edi\u00e7\u00e3o :: Moda Autoral da RMR &#8211; Simone Lapenda<\/figcaption><\/figure><\/div>\n\n\n\n<div class=\"wp-block-image\"><figure class=\"aligncenter size-large\"><img data-attachment-id=\"223190\" data-permalink=\"https:\/\/agrund.com\/index.php\/minas-trend-27a-edicao-moda-autoral-da-rmr-simone-lapenda\/agrund-minas-trend-simone-lapenda-2\/\" data-orig-file=\"https:\/\/i0.wp.com\/agrund.com\/wp-content\/uploads\/sites\/6\/2022\/04\/agrund-minas-trend-simone-lapenda-2.jpeg?fit=600%2C1067&amp;ssl=1\" data-orig-size=\"600,1067\" data-comments-opened=\"1\" data-image-meta=\"{&quot;aperture&quot;:&quot;0&quot;,&quot;credit&quot;:&quot;&quot;,&quot;camera&quot;:&quot;&quot;,&quot;caption&quot;:&quot;&quot;,&quot;created_timestamp&quot;:&quot;0&quot;,&quot;copyright&quot;:&quot;&quot;,&quot;focal_length&quot;:&quot;0&quot;,&quot;iso&quot;:&quot;0&quot;,&quot;shutter_speed&quot;:&quot;0&quot;,&quot;title&quot;:&quot;&quot;,&quot;orientation&quot;:&quot;1&quot;}\" data-image-title=\"agrund-minas-trend-simone-lapenda-2\" data-image-description=\"\" data-image-caption=\"\" data-medium-file=\"https:\/\/i0.wp.com\/agrund.com\/wp-content\/uploads\/sites\/6\/2022\/04\/agrund-minas-trend-simone-lapenda-2.jpeg?fit=169%2C300&amp;ssl=1\" data-large-file=\"https:\/\/i0.wp.com\/agrund.com\/wp-content\/uploads\/sites\/6\/2022\/04\/agrund-minas-trend-simone-lapenda-2.jpeg?fit=576%2C1024&amp;ssl=1\" decoding=\"async\" loading=\"lazy\" width=\"576\" height=\"1024\" src=\"https:\/\/i0.wp.com\/agrund.com\/wp-content\/uploads\/sites\/6\/2022\/04\/agrund-minas-trend-simone-lapenda-2.jpeg?resize=576%2C1024&#038;ssl=1\" alt=\"\" class=\"wp-image-223190\" srcset=\"https:\/\/i0.wp.com\/agrund.com\/wp-content\/uploads\/sites\/6\/2022\/04\/agrund-minas-trend-simone-lapenda-2.jpeg?resize=576%2C1024&amp;ssl=1 576w, https:\/\/i0.wp.com\/agrund.com\/wp-content\/uploads\/sites\/6\/2022\/04\/agrund-minas-trend-simone-lapenda-2.jpeg?resize=169%2C300&amp;ssl=1 169w, https:\/\/i0.wp.com\/agrund.com\/wp-content\/uploads\/sites\/6\/2022\/04\/agrund-minas-trend-simone-lapenda-2.jpeg?w=600&amp;ssl=1 600w\" sizes=\"(max-width: 576px) 100vw, 576px\" data-recalc-dims=\"1\" \/><figcaption>Minas Trend 27\u00aa edi\u00e7\u00e3o :: Moda Autoral da RMR &#8211; Simone Lapenda<\/figcaption><\/figure><\/div>\n\n\n\n<div class=\"wp-block-image\"><figure class=\"aligncenter size-large\"><img data-attachment-id=\"223191\" data-permalink=\"https:\/\/agrund.com\/index.php\/minas-trend-27a-edicao-moda-autoral-da-rmr-simone-lapenda\/agrund-minas-trend-simone-lapenda-3\/\" data-orig-file=\"https:\/\/i0.wp.com\/agrund.com\/wp-content\/uploads\/sites\/6\/2022\/04\/agrund-minas-trend-simone-lapenda-3.jpeg?fit=600%2C1067&amp;ssl=1\" data-orig-size=\"600,1067\" data-comments-opened=\"1\" data-image-meta=\"{&quot;aperture&quot;:&quot;0&quot;,&quot;credit&quot;:&quot;&quot;,&quot;camera&quot;:&quot;&quot;,&quot;caption&quot;:&quot;&quot;,&quot;created_timestamp&quot;:&quot;0&quot;,&quot;copyright&quot;:&quot;&quot;,&quot;focal_length&quot;:&quot;0&quot;,&quot;iso&quot;:&quot;0&quot;,&quot;shutter_speed&quot;:&quot;0&quot;,&quot;title&quot;:&quot;&quot;,&quot;orientation&quot;:&quot;1&quot;}\" data-image-title=\"agrund-minas-trend-simone-lapenda-3\" data-image-description=\"\" data-image-caption=\"\" data-medium-file=\"https:\/\/i0.wp.com\/agrund.com\/wp-content\/uploads\/sites\/6\/2022\/04\/agrund-minas-trend-simone-lapenda-3.jpeg?fit=169%2C300&amp;ssl=1\" data-large-file=\"https:\/\/i0.wp.com\/agrund.com\/wp-content\/uploads\/sites\/6\/2022\/04\/agrund-minas-trend-simone-lapenda-3.jpeg?fit=576%2C1024&amp;ssl=1\" decoding=\"async\" loading=\"lazy\" width=\"576\" height=\"1024\" src=\"https:\/\/i0.wp.com\/agrund.com\/wp-content\/uploads\/sites\/6\/2022\/04\/agrund-minas-trend-simone-lapenda-3.jpeg?resize=576%2C1024&#038;ssl=1\" alt=\"\" class=\"wp-image-223191\" srcset=\"https:\/\/i0.wp.com\/agrund.com\/wp-content\/uploads\/sites\/6\/2022\/04\/agrund-minas-trend-simone-lapenda-3.jpeg?resize=576%2C1024&amp;ssl=1 576w, https:\/\/i0.wp.com\/agrund.com\/wp-content\/uploads\/sites\/6\/2022\/04\/agrund-minas-trend-simone-lapenda-3.jpeg?resize=169%2C300&amp;ssl=1 169w, https:\/\/i0.wp.com\/agrund.com\/wp-content\/uploads\/sites\/6\/2022\/04\/agrund-minas-trend-simone-lapenda-3.jpeg?w=600&amp;ssl=1 600w\" sizes=\"(max-width: 576px) 100vw, 576px\" data-recalc-dims=\"1\" \/><figcaption>Minas Trend 27\u00aa edi\u00e7\u00e3o :: Moda Autoral da RMR &#8211; Simone Lapenda<\/figcaption><\/figure><\/div>\n\n\n\n<div class=\"wp-block-image\"><figure class=\"aligncenter size-large\"><img data-attachment-id=\"223192\" data-permalink=\"https:\/\/agrund.com\/index.php\/minas-trend-27a-edicao-moda-autoral-da-rmr-simone-lapenda\/agrund-minas-trend-simone-lapenda-4\/\" data-orig-file=\"https:\/\/i0.wp.com\/agrund.com\/wp-content\/uploads\/sites\/6\/2022\/04\/agrund-minas-trend-simone-lapenda-4.jpeg?fit=600%2C1067&amp;ssl=1\" data-orig-size=\"600,1067\" data-comments-opened=\"1\" data-image-meta=\"{&quot;aperture&quot;:&quot;0&quot;,&quot;credit&quot;:&quot;&quot;,&quot;camera&quot;:&quot;&quot;,&quot;caption&quot;:&quot;&quot;,&quot;created_timestamp&quot;:&quot;0&quot;,&quot;copyright&quot;:&quot;&quot;,&quot;focal_length&quot;:&quot;0&quot;,&quot;iso&quot;:&quot;0&quot;,&quot;shutter_speed&quot;:&quot;0&quot;,&quot;title&quot;:&quot;&quot;,&quot;orientation&quot;:&quot;1&quot;}\" data-image-title=\"agrund-minas-trend-simone-lapenda-4\" data-image-description=\"\" data-image-caption=\"\" data-medium-file=\"https:\/\/i0.wp.com\/agrund.com\/wp-content\/uploads\/sites\/6\/2022\/04\/agrund-minas-trend-simone-lapenda-4.jpeg?fit=169%2C300&amp;ssl=1\" data-large-file=\"https:\/\/i0.wp.com\/agrund.com\/wp-content\/uploads\/sites\/6\/2022\/04\/agrund-minas-trend-simone-lapenda-4.jpeg?fit=576%2C1024&amp;ssl=1\" decoding=\"async\" loading=\"lazy\" width=\"576\" height=\"1024\" src=\"https:\/\/i0.wp.com\/agrund.com\/wp-content\/uploads\/sites\/6\/2022\/04\/agrund-minas-trend-simone-lapenda-4.jpeg?resize=576%2C1024&#038;ssl=1\" alt=\"\" class=\"wp-image-223192\" srcset=\"https:\/\/i0.wp.com\/agrund.com\/wp-content\/uploads\/sites\/6\/2022\/04\/agrund-minas-trend-simone-lapenda-4.jpeg?resize=576%2C1024&amp;ssl=1 576w, https:\/\/i0.wp.com\/agrund.com\/wp-content\/uploads\/sites\/6\/2022\/04\/agrund-minas-trend-simone-lapenda-4.jpeg?resize=169%2C300&amp;ssl=1 169w, https:\/\/i0.wp.com\/agrund.com\/wp-content\/uploads\/sites\/6\/2022\/04\/agrund-minas-trend-simone-lapenda-4.jpeg?w=600&amp;ssl=1 600w\" sizes=\"(max-width: 576px) 100vw, 576px\" data-recalc-dims=\"1\" \/><figcaption>Minas Trend 27\u00aa edi\u00e7\u00e3o :: Moda Autoral da RMR &#8211; Simone Lapenda<\/figcaption><\/figure><\/div>\n\n\n\n<div class=\"wp-block-image\"><figure class=\"aligncenter size-large\"><img data-attachment-id=\"223193\" data-permalink=\"https:\/\/agrund.com\/index.php\/minas-trend-27a-edicao-moda-autoral-da-rmr-simone-lapenda\/agrund-minas-trend-simone-lapenda-5\/\" data-orig-file=\"https:\/\/i0.wp.com\/agrund.com\/wp-content\/uploads\/sites\/6\/2022\/04\/agrund-minas-trend-simone-lapenda-5.jpeg?fit=600%2C1067&amp;ssl=1\" data-orig-size=\"600,1067\" data-comments-opened=\"1\" data-image-meta=\"{&quot;aperture&quot;:&quot;0&quot;,&quot;credit&quot;:&quot;&quot;,&quot;camera&quot;:&quot;&quot;,&quot;caption&quot;:&quot;&quot;,&quot;created_timestamp&quot;:&quot;0&quot;,&quot;copyright&quot;:&quot;&quot;,&quot;focal_length&quot;:&quot;0&quot;,&quot;iso&quot;:&quot;0&quot;,&quot;shutter_speed&quot;:&quot;0&quot;,&quot;title&quot;:&quot;&quot;,&quot;orientation&quot;:&quot;1&quot;}\" data-image-title=\"agrund-minas-trend-simone-lapenda-5\" data-image-description=\"\" data-image-caption=\"\" data-medium-file=\"https:\/\/i0.wp.com\/agrund.com\/wp-content\/uploads\/sites\/6\/2022\/04\/agrund-minas-trend-simone-lapenda-5.jpeg?fit=169%2C300&amp;ssl=1\" data-large-file=\"https:\/\/i0.wp.com\/agrund.com\/wp-content\/uploads\/sites\/6\/2022\/04\/agrund-minas-trend-simone-lapenda-5.jpeg?fit=576%2C1024&amp;ssl=1\" decoding=\"async\" loading=\"lazy\" width=\"576\" height=\"1024\" src=\"https:\/\/i0.wp.com\/agrund.com\/wp-content\/uploads\/sites\/6\/2022\/04\/agrund-minas-trend-simone-lapenda-5.jpeg?resize=576%2C1024&#038;ssl=1\" alt=\"\" class=\"wp-image-223193\" srcset=\"https:\/\/i0.wp.com\/agrund.com\/wp-content\/uploads\/sites\/6\/2022\/04\/agrund-minas-trend-simone-lapenda-5.jpeg?resize=576%2C1024&amp;ssl=1 576w, https:\/\/i0.wp.com\/agrund.com\/wp-content\/uploads\/sites\/6\/2022\/04\/agrund-minas-trend-simone-lapenda-5.jpeg?resize=169%2C300&amp;ssl=1 169w, https:\/\/i0.wp.com\/agrund.com\/wp-content\/uploads\/sites\/6\/2022\/04\/agrund-minas-trend-simone-lapenda-5.jpeg?w=600&amp;ssl=1 600w\" sizes=\"(max-width: 576px) 100vw, 576px\" data-recalc-dims=\"1\" \/><figcaption>Minas Trend 27\u00aa edi\u00e7\u00e3o :: Moda Autoral da RMR &#8211; Simone Lapenda<\/figcaption><\/figure><\/div>\n\n\n\n<div class=\"wp-block-image\"><figure class=\"aligncenter size-large\"><img data-attachment-id=\"223194\" data-permalink=\"https:\/\/agrund.com\/index.php\/minas-trend-27a-edicao-moda-autoral-da-rmr-simone-lapenda\/agrund-minas-trend-simone-lapenda-6\/\" data-orig-file=\"https:\/\/i0.wp.com\/agrund.com\/wp-content\/uploads\/sites\/6\/2022\/04\/agrund-minas-trend-simone-lapenda-6.jpeg?fit=600%2C1067&amp;ssl=1\" data-orig-size=\"600,1067\" data-comments-opened=\"1\" data-image-meta=\"{&quot;aperture&quot;:&quot;0&quot;,&quot;credit&quot;:&quot;&quot;,&quot;camera&quot;:&quot;&quot;,&quot;caption&quot;:&quot;&quot;,&quot;created_timestamp&quot;:&quot;0&quot;,&quot;copyright&quot;:&quot;&quot;,&quot;focal_length&quot;:&quot;0&quot;,&quot;iso&quot;:&quot;0&quot;,&quot;shutter_speed&quot;:&quot;0&quot;,&quot;title&quot;:&quot;&quot;,&quot;orientation&quot;:&quot;1&quot;}\" data-image-title=\"agrund-minas-trend-simone-lapenda-6\" data-image-description=\"\" data-image-caption=\"\" data-medium-file=\"https:\/\/i0.wp.com\/agrund.com\/wp-content\/uploads\/sites\/6\/2022\/04\/agrund-minas-trend-simone-lapenda-6.jpeg?fit=169%2C300&amp;ssl=1\" data-large-file=\"https:\/\/i0.wp.com\/agrund.com\/wp-content\/uploads\/sites\/6\/2022\/04\/agrund-minas-trend-simone-lapenda-6.jpeg?fit=576%2C1024&amp;ssl=1\" decoding=\"async\" loading=\"lazy\" width=\"576\" height=\"1024\" src=\"https:\/\/i0.wp.com\/agrund.com\/wp-content\/uploads\/sites\/6\/2022\/04\/agrund-minas-trend-simone-lapenda-6.jpeg?resize=576%2C1024&#038;ssl=1\" alt=\"\" class=\"wp-image-223194\" srcset=\"https:\/\/i0.wp.com\/agrund.com\/wp-content\/uploads\/sites\/6\/2022\/04\/agrund-minas-trend-simone-lapenda-6.jpeg?resize=576%2C1024&amp;ssl=1 576w, https:\/\/i0.wp.com\/agrund.com\/wp-content\/uploads\/sites\/6\/2022\/04\/agrund-minas-trend-simone-lapenda-6.jpeg?resize=169%2C300&amp;ssl=1 169w, https:\/\/i0.wp.com\/agrund.com\/wp-content\/uploads\/sites\/6\/2022\/04\/agrund-minas-trend-simone-lapenda-6.jpeg?w=600&amp;ssl=1 600w\" sizes=\"(max-width: 576px) 100vw, 576px\" data-recalc-dims=\"1\" \/><figcaption>Minas Trend 27\u00aa edi\u00e7\u00e3o :: Moda Autoral da RMR &#8211; Simone Lapenda<\/figcaption><\/figure><\/div>\n\n\n\n<div class=\"wp-block-image\"><figure class=\"aligncenter size-large\"><img data-attachment-id=\"223197\" data-permalink=\"https:\/\/agrund.com\/index.php\/minas-trend-27a-edicao-moda-autoral-da-rmr-simone-lapenda\/agrund-minas-trend-simone-lapenda-8\/\" data-orig-file=\"https:\/\/i0.wp.com\/agrund.com\/wp-content\/uploads\/sites\/6\/2022\/04\/agrund-minas-trend-simone-lapenda-8.jpeg?fit=600%2C1067&amp;ssl=1\" data-orig-size=\"600,1067\" data-comments-opened=\"1\" data-image-meta=\"{&quot;aperture&quot;:&quot;0&quot;,&quot;credit&quot;:&quot;&quot;,&quot;camera&quot;:&quot;&quot;,&quot;caption&quot;:&quot;&quot;,&quot;created_timestamp&quot;:&quot;0&quot;,&quot;copyright&quot;:&quot;&quot;,&quot;focal_length&quot;:&quot;0&quot;,&quot;iso&quot;:&quot;0&quot;,&quot;shutter_speed&quot;:&quot;0&quot;,&quot;title&quot;:&quot;&quot;,&quot;orientation&quot;:&quot;1&quot;}\" data-image-title=\"agrund-minas-trend-simone-lapenda-8\" data-image-description=\"\" data-image-caption=\"\" data-medium-file=\"https:\/\/i0.wp.com\/agrund.com\/wp-content\/uploads\/sites\/6\/2022\/04\/agrund-minas-trend-simone-lapenda-8.jpeg?fit=169%2C300&amp;ssl=1\" data-large-file=\"https:\/\/i0.wp.com\/agrund.com\/wp-content\/uploads\/sites\/6\/2022\/04\/agrund-minas-trend-simone-lapenda-8.jpeg?fit=576%2C1024&amp;ssl=1\" decoding=\"async\" loading=\"lazy\" width=\"576\" height=\"1024\" src=\"https:\/\/i0.wp.com\/agrund.com\/wp-content\/uploads\/sites\/6\/2022\/04\/agrund-minas-trend-simone-lapenda-8.jpeg?resize=576%2C1024&#038;ssl=1\" alt=\"\" class=\"wp-image-223197\" srcset=\"https:\/\/i0.wp.com\/agrund.com\/wp-content\/uploads\/sites\/6\/2022\/04\/agrund-minas-trend-simone-lapenda-8.jpeg?resize=576%2C1024&amp;ssl=1 576w, https:\/\/i0.wp.com\/agrund.com\/wp-content\/uploads\/sites\/6\/2022\/04\/agrund-minas-trend-simone-lapenda-8.jpeg?resize=169%2C300&amp;ssl=1 169w, https:\/\/i0.wp.com\/agrund.com\/wp-content\/uploads\/sites\/6\/2022\/04\/agrund-minas-trend-simone-lapenda-8.jpeg?w=600&amp;ssl=1 600w\" sizes=\"(max-width: 576px) 100vw, 576px\" data-recalc-dims=\"1\" \/><figcaption>Minas Trend 27\u00aa edi\u00e7\u00e3o :: Moda Autoral da RMR &#8211; Simone Lapenda<\/figcaption><\/figure><\/div>\n\n\n\n<div class=\"wp-block-image\"><figure class=\"aligncenter size-large\"><img data-attachment-id=\"223198\" data-permalink=\"https:\/\/agrund.com\/index.php\/minas-trend-27a-edicao-moda-autoral-da-rmr-simone-lapenda\/agrund-minas-trend-simone-lapenda-7-2\/\" data-orig-file=\"https:\/\/i0.wp.com\/agrund.com\/wp-content\/uploads\/sites\/6\/2022\/04\/agrund-minas-trend-simone-lapenda-7-2.jpeg?fit=600%2C1067&amp;ssl=1\" data-orig-size=\"600,1067\" data-comments-opened=\"1\" data-image-meta=\"{&quot;aperture&quot;:&quot;0&quot;,&quot;credit&quot;:&quot;&quot;,&quot;camera&quot;:&quot;&quot;,&quot;caption&quot;:&quot;&quot;,&quot;created_timestamp&quot;:&quot;0&quot;,&quot;copyright&quot;:&quot;&quot;,&quot;focal_length&quot;:&quot;0&quot;,&quot;iso&quot;:&quot;0&quot;,&quot;shutter_speed&quot;:&quot;0&quot;,&quot;title&quot;:&quot;&quot;,&quot;orientation&quot;:&quot;1&quot;}\" data-image-title=\"agrund-minas-trend-simone-lapenda-7-2\" data-image-description=\"\" data-image-caption=\"\" data-medium-file=\"https:\/\/i0.wp.com\/agrund.com\/wp-content\/uploads\/sites\/6\/2022\/04\/agrund-minas-trend-simone-lapenda-7-2.jpeg?fit=169%2C300&amp;ssl=1\" data-large-file=\"https:\/\/i0.wp.com\/agrund.com\/wp-content\/uploads\/sites\/6\/2022\/04\/agrund-minas-trend-simone-lapenda-7-2.jpeg?fit=576%2C1024&amp;ssl=1\" decoding=\"async\" loading=\"lazy\" width=\"576\" height=\"1024\" src=\"https:\/\/i0.wp.com\/agrund.com\/wp-content\/uploads\/sites\/6\/2022\/04\/agrund-minas-trend-simone-lapenda-7-2.jpeg?resize=576%2C1024&#038;ssl=1\" alt=\"\" class=\"wp-image-223198\" srcset=\"https:\/\/i0.wp.com\/agrund.com\/wp-content\/uploads\/sites\/6\/2022\/04\/agrund-minas-trend-simone-lapenda-7-2.jpeg?resize=576%2C1024&amp;ssl=1 576w, https:\/\/i0.wp.com\/agrund.com\/wp-content\/uploads\/sites\/6\/2022\/04\/agrund-minas-trend-simone-lapenda-7-2.jpeg?resize=169%2C300&amp;ssl=1 169w, https:\/\/i0.wp.com\/agrund.com\/wp-content\/uploads\/sites\/6\/2022\/04\/agrund-minas-trend-simone-lapenda-7-2.jpeg?w=600&amp;ssl=1 600w\" sizes=\"(max-width: 576px) 100vw, 576px\" data-recalc-dims=\"1\" \/><figcaption>Minas Trend 27\u00aa edi\u00e7\u00e3o :: Moda Autoral da RMR &#8211; Simone Lapenda<\/figcaption><\/figure><\/div>\n\n\n\n<p>Fotos: Thay Sanqueta. <\/p>\n","protected":false},"excerpt":{"rendered":"<p>Por Thay Sanqueta Simone Lapenda \u00e9 uma das marcas autorais pernambucanas que estreou nesta edi\u00e7\u00e3o do Minas Trend.\u00a0 Cada acess\u00f3rio feito em cer\u00e2mica \u00e9 modelado e pintado \u00e0 m\u00e3o com um capricho sem igual. Atrav\u00e9s das ilustra\u00e7\u00f5es das pe\u00e7as \u00e9 poss\u00edvel conhecer um pouco mais das cren\u00e7as e culturas do Nordeste do nosso Pa\u00eds, e [&hellip;]<\/p>\n","protected":false},"author":8,"featured_media":223199,"comment_status":"open","ping_status":"open","sticky":false,"template":"","format":"standard","meta":{"jetpack_post_was_ever_published":false,"_jetpack_newsletter_access":"","jetpack_publicize_message":"","jetpack_is_tweetstorm":false,"jetpack_publicize_feature_enabled":true,"jetpack_social_post_already_shared":true,"jetpack_social_options":{"image_generator_settings":{"template":"highway","enabled":false}}},"categories":[9,2],"tags":[395,375,77,67,525,3217,862],"jetpack_publicize_connections":[],"jetpack_featured_media_url":"https:\/\/i0.wp.com\/agrund.com\/wp-content\/uploads\/sites\/6\/2022\/04\/s1.jpg?fit=960%2C300&ssl=1","jetpack_sharing_enabled":true,"jetpack_shortlink":"https:\/\/wp.me\/p3Hz0n-W3O","jetpack_likes_enabled":true,"_links":{"self":[{"href":"https:\/\/agrund.com\/index.php\/wp-json\/wp\/v2\/posts\/223188"}],"collection":[{"href":"https:\/\/agrund.com\/index.php\/wp-json\/wp\/v2\/posts"}],"about":[{"href":"https:\/\/agrund.com\/index.php\/wp-json\/wp\/v2\/types\/post"}],"author":[{"embeddable":true,"href":"https:\/\/agrund.com\/index.php\/wp-json\/wp\/v2\/users\/8"}],"replies":[{"embeddable":true,"href":"https:\/\/agrund.com\/index.php\/wp-json\/wp\/v2\/comments?post=223188"}],"version-history":[{"count":1,"href":"https:\/\/agrund.com\/index.php\/wp-json\/wp\/v2\/posts\/223188\/revisions"}],"predecessor-version":[{"id":223200,"href":"https:\/\/agrund.com\/index.php\/wp-json\/wp\/v2\/posts\/223188\/revisions\/223200"}],"wp:featuredmedia":[{"embeddable":true,"href":"https:\/\/agrund.com\/index.php\/wp-json\/wp\/v2\/media\/223199"}],"wp:attachment":[{"href":"https:\/\/agrund.com\/index.php\/wp-json\/wp\/v2\/media?parent=223188"}],"wp:term":[{"taxonomy":"category","embeddable":true,"href":"https:\/\/agrund.com\/index.php\/wp-json\/wp\/v2\/categories?post=223188"},{"taxonomy":"post_tag","embeddable":true,"href":"https:\/\/agrund.com\/index.php\/wp-json\/wp\/v2\/tags?post=223188"}],"curies":[{"name":"wp","href":"https:\/\/api.w.org\/{rel}","templated":true}]}}