{"id":223149,"date":"2022-04-25T16:00:00","date_gmt":"2022-04-25T19:00:00","guid":{"rendered":"https:\/\/agrund.com\/?p=223149"},"modified":"2022-04-25T14:43:39","modified_gmt":"2022-04-25T17:43:39","slug":"minas-trend-27a-edicao-05-tendencias-de-calcados-para-2023","status":"publish","type":"post","link":"https:\/\/agrund.com\/index.php\/minas-trend-27a-edicao-05-tendencias-de-calcados-para-2023\/","title":{"rendered":"Minas Trend 27\u00aa edi\u00e7\u00e3o :: 05 tend\u00eancias de cal\u00e7ados para 2023"},"content":{"rendered":"\n<p>Por Thay Sanqueta<\/p>\n\n\n\n<p>Na tentativa de auxiliar os lojistas e tamb\u00e9m voc\u00ea &#8211; cliente final que est\u00e1 lendo essa mat\u00e9ria e pode se sentir perdida no meio de tantas op\u00e7\u00f5es de tend\u00eancias e novidades -, n\u00f3s, do Agrund.com, vamos te ajudar!<\/p>\n\n\n\n<p>Conversamos com a Hemili Scain, respons\u00e1vel pelo estilo da marca Suzani Bissoli, e ela nos contou quais s\u00e3o as 5 macro tend\u00eancias do momento para 2023 quando falamos sobre cal\u00e7ados. Confira:<\/p>\n\n\n\n<p><strong>\u2022 Cores vibrantes<\/strong><\/p>\n\n\n\n<div class=\"wp-block-image\"><figure class=\"aligncenter size-large\"><img data-attachment-id=\"223150\" data-permalink=\"https:\/\/agrund.com\/index.php\/minas-trend-27a-edicao-05-tendencias-de-calcados-para-2023\/agrund-minas-trend-1-tendencia\/\" data-orig-file=\"https:\/\/i0.wp.com\/agrund.com\/wp-content\/uploads\/sites\/6\/2022\/04\/agrund-minas-trend-1-tendencia.jpeg?fit=600%2C1067&amp;ssl=1\" data-orig-size=\"600,1067\" data-comments-opened=\"1\" data-image-meta=\"{&quot;aperture&quot;:&quot;0&quot;,&quot;credit&quot;:&quot;&quot;,&quot;camera&quot;:&quot;&quot;,&quot;caption&quot;:&quot;&quot;,&quot;created_timestamp&quot;:&quot;0&quot;,&quot;copyright&quot;:&quot;&quot;,&quot;focal_length&quot;:&quot;0&quot;,&quot;iso&quot;:&quot;0&quot;,&quot;shutter_speed&quot;:&quot;0&quot;,&quot;title&quot;:&quot;&quot;,&quot;orientation&quot;:&quot;1&quot;}\" data-image-title=\"agrund-minas-trend-1-tendencia\" data-image-description=\"\" data-image-caption=\"\" data-medium-file=\"https:\/\/i0.wp.com\/agrund.com\/wp-content\/uploads\/sites\/6\/2022\/04\/agrund-minas-trend-1-tendencia.jpeg?fit=169%2C300&amp;ssl=1\" data-large-file=\"https:\/\/i0.wp.com\/agrund.com\/wp-content\/uploads\/sites\/6\/2022\/04\/agrund-minas-trend-1-tendencia.jpeg?fit=576%2C1024&amp;ssl=1\" decoding=\"async\" loading=\"lazy\" width=\"576\" height=\"1024\" src=\"https:\/\/i0.wp.com\/agrund.com\/wp-content\/uploads\/sites\/6\/2022\/04\/agrund-minas-trend-1-tendencia.jpeg?resize=576%2C1024&#038;ssl=1\" alt=\"\" class=\"wp-image-223150\" srcset=\"https:\/\/i0.wp.com\/agrund.com\/wp-content\/uploads\/sites\/6\/2022\/04\/agrund-minas-trend-1-tendencia.jpeg?resize=576%2C1024&amp;ssl=1 576w, https:\/\/i0.wp.com\/agrund.com\/wp-content\/uploads\/sites\/6\/2022\/04\/agrund-minas-trend-1-tendencia.jpeg?resize=169%2C300&amp;ssl=1 169w, https:\/\/i0.wp.com\/agrund.com\/wp-content\/uploads\/sites\/6\/2022\/04\/agrund-minas-trend-1-tendencia.jpeg?w=600&amp;ssl=1 600w\" sizes=\"(max-width: 576px) 100vw, 576px\" data-recalc-dims=\"1\" \/><figcaption>Minas Trend 27\u00aa edi\u00e7\u00e3o :: 05 tend\u00eancias de cal\u00e7ados para 2023<\/figcaption><\/figure><\/div>\n\n\n\n<p><\/p>\n\n\n\n<p><strong>\u2022 Saltos protagonistas<\/strong><\/p>\n\n\n\n<div class=\"wp-block-image\"><figure class=\"aligncenter size-full\"><img data-attachment-id=\"223151\" data-permalink=\"https:\/\/agrund.com\/index.php\/minas-trend-27a-edicao-05-tendencias-de-calcados-para-2023\/agrund-minas-trend-1-tendencia-2\/\" data-orig-file=\"https:\/\/i0.wp.com\/agrund.com\/wp-content\/uploads\/sites\/6\/2022\/04\/agrund-minas-trend-1-tendencia-2.jpeg?fit=600%2C855&amp;ssl=1\" data-orig-size=\"600,855\" data-comments-opened=\"1\" data-image-meta=\"{&quot;aperture&quot;:&quot;0&quot;,&quot;credit&quot;:&quot;&quot;,&quot;camera&quot;:&quot;&quot;,&quot;caption&quot;:&quot;&quot;,&quot;created_timestamp&quot;:&quot;0&quot;,&quot;copyright&quot;:&quot;&quot;,&quot;focal_length&quot;:&quot;0&quot;,&quot;iso&quot;:&quot;0&quot;,&quot;shutter_speed&quot;:&quot;0&quot;,&quot;title&quot;:&quot;&quot;,&quot;orientation&quot;:&quot;1&quot;}\" data-image-title=\"agrund-minas-trend-1-tendencia-2\" data-image-description=\"\" data-image-caption=\"\" data-medium-file=\"https:\/\/i0.wp.com\/agrund.com\/wp-content\/uploads\/sites\/6\/2022\/04\/agrund-minas-trend-1-tendencia-2.jpeg?fit=211%2C300&amp;ssl=1\" data-large-file=\"https:\/\/i0.wp.com\/agrund.com\/wp-content\/uploads\/sites\/6\/2022\/04\/agrund-minas-trend-1-tendencia-2.jpeg?fit=600%2C855&amp;ssl=1\" decoding=\"async\" loading=\"lazy\" width=\"600\" height=\"855\" src=\"https:\/\/i0.wp.com\/agrund.com\/wp-content\/uploads\/sites\/6\/2022\/04\/agrund-minas-trend-1-tendencia-2.jpeg?resize=600%2C855&#038;ssl=1\" alt=\"\" class=\"wp-image-223151\" srcset=\"https:\/\/i0.wp.com\/agrund.com\/wp-content\/uploads\/sites\/6\/2022\/04\/agrund-minas-trend-1-tendencia-2.jpeg?w=600&amp;ssl=1 600w, https:\/\/i0.wp.com\/agrund.com\/wp-content\/uploads\/sites\/6\/2022\/04\/agrund-minas-trend-1-tendencia-2.jpeg?resize=211%2C300&amp;ssl=1 211w\" sizes=\"(max-width: 600px) 100vw, 600px\" data-recalc-dims=\"1\" \/><figcaption>Minas Trend 27\u00aa edi\u00e7\u00e3o :: 05 tend\u00eancias de cal\u00e7ados para 2023<\/figcaption><\/figure><\/div>\n\n\n\n<p><\/p>\n\n\n\n<p><strong>\u2022 Amarra\u00e7\u00e3o no tornozelo<\/strong><\/p>\n\n\n\n<div class=\"wp-block-image\"><figure class=\"aligncenter size-large\"><img data-attachment-id=\"223155\" data-permalink=\"https:\/\/agrund.com\/index.php\/minas-trend-27a-edicao-05-tendencias-de-calcados-para-2023\/agrund-minas-trend-1-tendencia-3-1\/\" data-orig-file=\"https:\/\/i0.wp.com\/agrund.com\/wp-content\/uploads\/sites\/6\/2022\/04\/agrund-minas-trend-1-tendencia-3-1.jpeg?fit=600%2C1067&amp;ssl=1\" data-orig-size=\"600,1067\" data-comments-opened=\"1\" data-image-meta=\"{&quot;aperture&quot;:&quot;0&quot;,&quot;credit&quot;:&quot;&quot;,&quot;camera&quot;:&quot;&quot;,&quot;caption&quot;:&quot;&quot;,&quot;created_timestamp&quot;:&quot;0&quot;,&quot;copyright&quot;:&quot;&quot;,&quot;focal_length&quot;:&quot;0&quot;,&quot;iso&quot;:&quot;0&quot;,&quot;shutter_speed&quot;:&quot;0&quot;,&quot;title&quot;:&quot;&quot;,&quot;orientation&quot;:&quot;1&quot;}\" data-image-title=\"agrund-minas-trend-1-tendencia-3-1\" data-image-description=\"\" data-image-caption=\"\" data-medium-file=\"https:\/\/i0.wp.com\/agrund.com\/wp-content\/uploads\/sites\/6\/2022\/04\/agrund-minas-trend-1-tendencia-3-1.jpeg?fit=169%2C300&amp;ssl=1\" data-large-file=\"https:\/\/i0.wp.com\/agrund.com\/wp-content\/uploads\/sites\/6\/2022\/04\/agrund-minas-trend-1-tendencia-3-1.jpeg?fit=576%2C1024&amp;ssl=1\" decoding=\"async\" loading=\"lazy\" width=\"576\" height=\"1024\" src=\"https:\/\/i0.wp.com\/agrund.com\/wp-content\/uploads\/sites\/6\/2022\/04\/agrund-minas-trend-1-tendencia-3-1.jpeg?resize=576%2C1024&#038;ssl=1\" alt=\"\" class=\"wp-image-223155\" srcset=\"https:\/\/i0.wp.com\/agrund.com\/wp-content\/uploads\/sites\/6\/2022\/04\/agrund-minas-trend-1-tendencia-3-1.jpeg?resize=576%2C1024&amp;ssl=1 576w, https:\/\/i0.wp.com\/agrund.com\/wp-content\/uploads\/sites\/6\/2022\/04\/agrund-minas-trend-1-tendencia-3-1.jpeg?resize=169%2C300&amp;ssl=1 169w, https:\/\/i0.wp.com\/agrund.com\/wp-content\/uploads\/sites\/6\/2022\/04\/agrund-minas-trend-1-tendencia-3-1.jpeg?w=600&amp;ssl=1 600w\" sizes=\"(max-width: 576px) 100vw, 576px\" data-recalc-dims=\"1\" \/><figcaption>Minas Trend 27\u00aa edi\u00e7\u00e3o :: 05 tend\u00eancias de cal\u00e7ados para 2023<\/figcaption><\/figure><\/div>\n\n\n\n<p><\/p>\n\n\n\n<p><strong>\u2022 Brilho<\/strong><\/p>\n\n\n\n<div class=\"wp-block-image\"><figure class=\"aligncenter size-large\"><img data-attachment-id=\"223156\" data-permalink=\"https:\/\/agrund.com\/index.php\/minas-trend-27a-edicao-05-tendencias-de-calcados-para-2023\/agrund-minas-trend-1-tendencia-4-1\/\" data-orig-file=\"https:\/\/i0.wp.com\/agrund.com\/wp-content\/uploads\/sites\/6\/2022\/04\/agrund-minas-trend-1-tendencia-4-1.jpeg?fit=600%2C1067&amp;ssl=1\" data-orig-size=\"600,1067\" data-comments-opened=\"1\" data-image-meta=\"{&quot;aperture&quot;:&quot;0&quot;,&quot;credit&quot;:&quot;&quot;,&quot;camera&quot;:&quot;&quot;,&quot;caption&quot;:&quot;&quot;,&quot;created_timestamp&quot;:&quot;0&quot;,&quot;copyright&quot;:&quot;&quot;,&quot;focal_length&quot;:&quot;0&quot;,&quot;iso&quot;:&quot;0&quot;,&quot;shutter_speed&quot;:&quot;0&quot;,&quot;title&quot;:&quot;&quot;,&quot;orientation&quot;:&quot;1&quot;}\" data-image-title=\"agrund-minas-trend-1-tendencia-4-1\" data-image-description=\"\" data-image-caption=\"\" data-medium-file=\"https:\/\/i0.wp.com\/agrund.com\/wp-content\/uploads\/sites\/6\/2022\/04\/agrund-minas-trend-1-tendencia-4-1.jpeg?fit=169%2C300&amp;ssl=1\" data-large-file=\"https:\/\/i0.wp.com\/agrund.com\/wp-content\/uploads\/sites\/6\/2022\/04\/agrund-minas-trend-1-tendencia-4-1.jpeg?fit=576%2C1024&amp;ssl=1\" decoding=\"async\" loading=\"lazy\" width=\"576\" height=\"1024\" src=\"https:\/\/i0.wp.com\/agrund.com\/wp-content\/uploads\/sites\/6\/2022\/04\/agrund-minas-trend-1-tendencia-4-1.jpeg?resize=576%2C1024&#038;ssl=1\" alt=\"\" class=\"wp-image-223156\" srcset=\"https:\/\/i0.wp.com\/agrund.com\/wp-content\/uploads\/sites\/6\/2022\/04\/agrund-minas-trend-1-tendencia-4-1.jpeg?resize=576%2C1024&amp;ssl=1 576w, https:\/\/i0.wp.com\/agrund.com\/wp-content\/uploads\/sites\/6\/2022\/04\/agrund-minas-trend-1-tendencia-4-1.jpeg?resize=169%2C300&amp;ssl=1 169w, https:\/\/i0.wp.com\/agrund.com\/wp-content\/uploads\/sites\/6\/2022\/04\/agrund-minas-trend-1-tendencia-4-1.jpeg?w=600&amp;ssl=1 600w\" sizes=\"(max-width: 576px) 100vw, 576px\" data-recalc-dims=\"1\" \/><figcaption>Minas Trend 27\u00aa edi\u00e7\u00e3o :: 05 tend\u00eancias de cal\u00e7ados para 2023<\/figcaption><\/figure><\/div>\n\n\n\n<p><strong>\u2022Plumas<\/strong><\/p>\n\n\n\n<div class=\"wp-block-image\"><figure class=\"aligncenter size-large\"><img data-attachment-id=\"223154\" data-permalink=\"https:\/\/agrund.com\/index.php\/minas-trend-27a-edicao-05-tendencias-de-calcados-para-2023\/agrund-minas-trend-1-tendencia-5\/\" data-orig-file=\"https:\/\/i0.wp.com\/agrund.com\/wp-content\/uploads\/sites\/6\/2022\/04\/agrund-minas-trend-1-tendencia-5.jpeg?fit=600%2C1067&amp;ssl=1\" data-orig-size=\"600,1067\" data-comments-opened=\"1\" data-image-meta=\"{&quot;aperture&quot;:&quot;0&quot;,&quot;credit&quot;:&quot;&quot;,&quot;camera&quot;:&quot;&quot;,&quot;caption&quot;:&quot;&quot;,&quot;created_timestamp&quot;:&quot;0&quot;,&quot;copyright&quot;:&quot;&quot;,&quot;focal_length&quot;:&quot;0&quot;,&quot;iso&quot;:&quot;0&quot;,&quot;shutter_speed&quot;:&quot;0&quot;,&quot;title&quot;:&quot;&quot;,&quot;orientation&quot;:&quot;1&quot;}\" data-image-title=\"agrund-minas-trend-1-tendencia-5\" data-image-description=\"\" data-image-caption=\"\" data-medium-file=\"https:\/\/i0.wp.com\/agrund.com\/wp-content\/uploads\/sites\/6\/2022\/04\/agrund-minas-trend-1-tendencia-5.jpeg?fit=169%2C300&amp;ssl=1\" data-large-file=\"https:\/\/i0.wp.com\/agrund.com\/wp-content\/uploads\/sites\/6\/2022\/04\/agrund-minas-trend-1-tendencia-5.jpeg?fit=576%2C1024&amp;ssl=1\" decoding=\"async\" loading=\"lazy\" width=\"576\" height=\"1024\" src=\"https:\/\/i0.wp.com\/agrund.com\/wp-content\/uploads\/sites\/6\/2022\/04\/agrund-minas-trend-1-tendencia-5.jpeg?resize=576%2C1024&#038;ssl=1\" alt=\"\" class=\"wp-image-223154\" srcset=\"https:\/\/i0.wp.com\/agrund.com\/wp-content\/uploads\/sites\/6\/2022\/04\/agrund-minas-trend-1-tendencia-5.jpeg?resize=576%2C1024&amp;ssl=1 576w, https:\/\/i0.wp.com\/agrund.com\/wp-content\/uploads\/sites\/6\/2022\/04\/agrund-minas-trend-1-tendencia-5.jpeg?resize=169%2C300&amp;ssl=1 169w, https:\/\/i0.wp.com\/agrund.com\/wp-content\/uploads\/sites\/6\/2022\/04\/agrund-minas-trend-1-tendencia-5.jpeg?w=600&amp;ssl=1 600w\" sizes=\"(max-width: 576px) 100vw, 576px\" data-recalc-dims=\"1\" \/><figcaption>Minas Trend 27\u00aa edi\u00e7\u00e3o :: 05 tend\u00eancias de cal\u00e7ados para 2023<\/figcaption><\/figure><\/div>\n\n\n\n<p>Fotos: Thay Sanqueta. <\/p>\n","protected":false},"excerpt":{"rendered":"<p>Por Thay Sanqueta Na tentativa de auxiliar os lojistas e tamb\u00e9m voc\u00ea &#8211; cliente final que est\u00e1 lendo essa mat\u00e9ria e pode se sentir perdida no meio de tantas op\u00e7\u00f5es de tend\u00eancias e novidades -, n\u00f3s, do Agrund.com, vamos te ajudar! Conversamos com a Hemili Scain, respons\u00e1vel pelo estilo da marca Suzani Bissoli, e ela [&hellip;]<\/p>\n","protected":false},"author":8,"featured_media":223157,"comment_status":"open","ping_status":"open","sticky":false,"template":"","format":"standard","meta":{"jetpack_post_was_ever_published":false,"_jetpack_newsletter_access":"","jetpack_publicize_message":"","jetpack_is_tweetstorm":false,"jetpack_publicize_feature_enabled":true,"jetpack_social_post_already_shared":true,"jetpack_social_options":{"image_generator_settings":{"template":"highway","enabled":false}}},"categories":[9,2],"tags":[395,375,1138,423,347,438,77,67,525,424,2909,3212,862],"jetpack_publicize_connections":[],"jetpack_featured_media_url":"https:\/\/i0.wp.com\/agrund.com\/wp-content\/uploads\/sites\/6\/2022\/04\/ss.jpg?fit=960%2C300&ssl=1","jetpack_sharing_enabled":true,"jetpack_shortlink":"https:\/\/wp.me\/p3Hz0n-W3b","jetpack_likes_enabled":true,"_links":{"self":[{"href":"https:\/\/agrund.com\/index.php\/wp-json\/wp\/v2\/posts\/223149"}],"collection":[{"href":"https:\/\/agrund.com\/index.php\/wp-json\/wp\/v2\/posts"}],"about":[{"href":"https:\/\/agrund.com\/index.php\/wp-json\/wp\/v2\/types\/post"}],"author":[{"embeddable":true,"href":"https:\/\/agrund.com\/index.php\/wp-json\/wp\/v2\/users\/8"}],"replies":[{"embeddable":true,"href":"https:\/\/agrund.com\/index.php\/wp-json\/wp\/v2\/comments?post=223149"}],"version-history":[{"count":1,"href":"https:\/\/agrund.com\/index.php\/wp-json\/wp\/v2\/posts\/223149\/revisions"}],"predecessor-version":[{"id":223158,"href":"https:\/\/agrund.com\/index.php\/wp-json\/wp\/v2\/posts\/223149\/revisions\/223158"}],"wp:featuredmedia":[{"embeddable":true,"href":"https:\/\/agrund.com\/index.php\/wp-json\/wp\/v2\/media\/223157"}],"wp:attachment":[{"href":"https:\/\/agrund.com\/index.php\/wp-json\/wp\/v2\/media?parent=223149"}],"wp:term":[{"taxonomy":"category","embeddable":true,"href":"https:\/\/agrund.com\/index.php\/wp-json\/wp\/v2\/categories?post=223149"},{"taxonomy":"post_tag","embeddable":true,"href":"https:\/\/agrund.com\/index.php\/wp-json\/wp\/v2\/tags?post=223149"}],"curies":[{"name":"wp","href":"https:\/\/api.w.org\/{rel}","templated":true}]}}