{"id":223096,"date":"2022-04-20T14:00:00","date_gmt":"2022-04-20T17:00:00","guid":{"rendered":"https:\/\/agrund.com\/?p=223096"},"modified":"2022-04-20T14:34:39","modified_gmt":"2022-04-20T17:34:39","slug":"coachella-2022-quem-assinou-os-looks","status":"publish","type":"post","link":"https:\/\/agrund.com\/index.php\/coachella-2022-quem-assinou-os-looks\/","title":{"rendered":"Coachella 2022: Quem assinou os looks?\u00a0"},"content":{"rendered":"\n<p>Depois de 3 anos de espera, o Coachella voltou! Conhecido como um dos maiores festivais de m\u00fasica do mundo, o evento movimentou o \u00faltimo final de semana com m\u00fasica e muita moda, claro.\u00a0<\/p>\n\n\n\n<p>Tanto os artistas quanto o p\u00fablico capricharam na escolha de looks que traduzissem seu estilo e personalidade. Pensando nisso, fizemos uma sele\u00e7\u00e3o das produ\u00e7\u00f5es que chamaram aten\u00e7\u00e3o nos palcos do Coachella para te contar quem est\u00e1 por tr\u00e1s da cria\u00e7\u00e3o de cada uma delas. <\/p>\n\n\n\n<p>N\u00e3o podemos deixar de comentar que algumas das maiores tend\u00eancias de 2022 apareceram nos looks, como o sexy, as modelagens com recortes, o pink, as plumas e muito brilho. Confira: <\/p>\n\n\n\n<p><strong>Anitta vestiu Roberto Cavalli por Fausto Puglisi<\/strong><\/p>\n\n\n\n<div class=\"wp-block-image\"><figure class=\"aligncenter size-full\"><img data-attachment-id=\"223097\" data-permalink=\"https:\/\/agrund.com\/index.php\/coachella-2022-quem-assinou-os-looks\/3951768-no-coachella-anitta-usou-look-colorido-700x700-2\/\" data-orig-file=\"https:\/\/i0.wp.com\/agrund.com\/wp-content\/uploads\/sites\/6\/2022\/04\/3951768-no-coachella-anitta-usou-look-colorido-700x700-2.jpeg?fit=600%2C600&amp;ssl=1\" data-orig-size=\"600,600\" data-comments-opened=\"1\" data-image-meta=\"{&quot;aperture&quot;:&quot;0&quot;,&quot;credit&quot;:&quot;&quot;,&quot;camera&quot;:&quot;&quot;,&quot;caption&quot;:&quot;&quot;,&quot;created_timestamp&quot;:&quot;0&quot;,&quot;copyright&quot;:&quot;&quot;,&quot;focal_length&quot;:&quot;0&quot;,&quot;iso&quot;:&quot;0&quot;,&quot;shutter_speed&quot;:&quot;0&quot;,&quot;title&quot;:&quot;&quot;,&quot;orientation&quot;:&quot;1&quot;}\" data-image-title=\"3951768-no-coachella-anitta-usou-look-colorido-700&#215;700-2\" data-image-description=\"\" data-image-caption=\"\" data-medium-file=\"https:\/\/i0.wp.com\/agrund.com\/wp-content\/uploads\/sites\/6\/2022\/04\/3951768-no-coachella-anitta-usou-look-colorido-700x700-2.jpeg?fit=300%2C300&amp;ssl=1\" data-large-file=\"https:\/\/i0.wp.com\/agrund.com\/wp-content\/uploads\/sites\/6\/2022\/04\/3951768-no-coachella-anitta-usou-look-colorido-700x700-2.jpeg?fit=600%2C600&amp;ssl=1\" decoding=\"async\" loading=\"lazy\" width=\"600\" height=\"600\" src=\"https:\/\/i0.wp.com\/agrund.com\/wp-content\/uploads\/sites\/6\/2022\/04\/3951768-no-coachella-anitta-usou-look-colorido-700x700-2.jpeg?resize=600%2C600&#038;ssl=1\" alt=\"\" class=\"wp-image-223097\" srcset=\"https:\/\/i0.wp.com\/agrund.com\/wp-content\/uploads\/sites\/6\/2022\/04\/3951768-no-coachella-anitta-usou-look-colorido-700x700-2.jpeg?w=600&amp;ssl=1 600w, https:\/\/i0.wp.com\/agrund.com\/wp-content\/uploads\/sites\/6\/2022\/04\/3951768-no-coachella-anitta-usou-look-colorido-700x700-2.jpeg?resize=300%2C300&amp;ssl=1 300w, https:\/\/i0.wp.com\/agrund.com\/wp-content\/uploads\/sites\/6\/2022\/04\/3951768-no-coachella-anitta-usou-look-colorido-700x700-2.jpeg?resize=150%2C150&amp;ssl=1 150w\" sizes=\"(max-width: 600px) 100vw, 600px\" data-recalc-dims=\"1\" \/><figcaption>Coachella 2022: Quem assinou os looks?\u00a0<\/figcaption><\/figure><\/div>\n\n\n\n<div class=\"wp-block-image\"><figure class=\"aligncenter size-full\"><img data-attachment-id=\"223098\" data-permalink=\"https:\/\/agrund.com\/index.php\/coachella-2022-quem-assinou-os-looks\/3951771-anitta-escolheu-look-com-animal-print-co-700x700-2\/\" data-orig-file=\"https:\/\/i0.wp.com\/agrund.com\/wp-content\/uploads\/sites\/6\/2022\/04\/3951771-anitta-escolheu-look-com-animal-print-co-700x700-2.jpeg?fit=600%2C741&amp;ssl=1\" data-orig-size=\"600,741\" data-comments-opened=\"1\" data-image-meta=\"{&quot;aperture&quot;:&quot;0&quot;,&quot;credit&quot;:&quot;&quot;,&quot;camera&quot;:&quot;&quot;,&quot;caption&quot;:&quot;&quot;,&quot;created_timestamp&quot;:&quot;0&quot;,&quot;copyright&quot;:&quot;&quot;,&quot;focal_length&quot;:&quot;0&quot;,&quot;iso&quot;:&quot;0&quot;,&quot;shutter_speed&quot;:&quot;0&quot;,&quot;title&quot;:&quot;&quot;,&quot;orientation&quot;:&quot;1&quot;}\" data-image-title=\"3951771-anitta-escolheu-look-com-animal-print-co-700&#215;700-2\" data-image-description=\"\" data-image-caption=\"\" data-medium-file=\"https:\/\/i0.wp.com\/agrund.com\/wp-content\/uploads\/sites\/6\/2022\/04\/3951771-anitta-escolheu-look-com-animal-print-co-700x700-2.jpeg?fit=243%2C300&amp;ssl=1\" data-large-file=\"https:\/\/i0.wp.com\/agrund.com\/wp-content\/uploads\/sites\/6\/2022\/04\/3951771-anitta-escolheu-look-com-animal-print-co-700x700-2.jpeg?fit=600%2C741&amp;ssl=1\" decoding=\"async\" loading=\"lazy\" width=\"600\" height=\"741\" src=\"https:\/\/i0.wp.com\/agrund.com\/wp-content\/uploads\/sites\/6\/2022\/04\/3951771-anitta-escolheu-look-com-animal-print-co-700x700-2.jpeg?resize=600%2C741&#038;ssl=1\" alt=\"\" class=\"wp-image-223098\" srcset=\"https:\/\/i0.wp.com\/agrund.com\/wp-content\/uploads\/sites\/6\/2022\/04\/3951771-anitta-escolheu-look-com-animal-print-co-700x700-2.jpeg?w=600&amp;ssl=1 600w, https:\/\/i0.wp.com\/agrund.com\/wp-content\/uploads\/sites\/6\/2022\/04\/3951771-anitta-escolheu-look-com-animal-print-co-700x700-2.jpeg?resize=243%2C300&amp;ssl=1 243w\" sizes=\"(max-width: 600px) 100vw, 600px\" data-recalc-dims=\"1\" \/><figcaption>Coachella 2022: Quem assinou os looks?\u00a0<\/figcaption><\/figure><\/div>\n\n\n\n<p><\/p>\n\n\n\n<p><strong>Harry Styles vestiu Gucci\u00a0<\/strong><\/p>\n\n\n\n<div class=\"wp-block-image\"><figure class=\"aligncenter size-full\"><img data-attachment-id=\"223099\" data-permalink=\"https:\/\/agrund.com\/index.php\/coachella-2022-quem-assinou-os-looks\/captura-de-tela-2022-04-20-as-14-18-29\/\" data-orig-file=\"https:\/\/i0.wp.com\/agrund.com\/wp-content\/uploads\/sites\/6\/2022\/04\/Captura-de-Tela-2022-04-20-a\u0300s-14.18.29.jpg?fit=600%2C747&amp;ssl=1\" data-orig-size=\"600,747\" data-comments-opened=\"1\" data-image-meta=\"{&quot;aperture&quot;:&quot;0&quot;,&quot;credit&quot;:&quot;&quot;,&quot;camera&quot;:&quot;&quot;,&quot;caption&quot;:&quot;&quot;,&quot;created_timestamp&quot;:&quot;0&quot;,&quot;copyright&quot;:&quot;&quot;,&quot;focal_length&quot;:&quot;0&quot;,&quot;iso&quot;:&quot;0&quot;,&quot;shutter_speed&quot;:&quot;0&quot;,&quot;title&quot;:&quot;&quot;,&quot;orientation&quot;:&quot;0&quot;}\" data-image-title=\"Captura-de-Tela-2022-04-20-a\u0300s-14.18.29\" data-image-description=\"\" data-image-caption=\"\" data-medium-file=\"https:\/\/i0.wp.com\/agrund.com\/wp-content\/uploads\/sites\/6\/2022\/04\/Captura-de-Tela-2022-04-20-a\u0300s-14.18.29.jpg?fit=241%2C300&amp;ssl=1\" data-large-file=\"https:\/\/i0.wp.com\/agrund.com\/wp-content\/uploads\/sites\/6\/2022\/04\/Captura-de-Tela-2022-04-20-a\u0300s-14.18.29.jpg?fit=600%2C747&amp;ssl=1\" decoding=\"async\" loading=\"lazy\" width=\"600\" height=\"747\" src=\"https:\/\/i0.wp.com\/agrund.com\/wp-content\/uploads\/sites\/6\/2022\/04\/Captura-de-Tela-2022-04-20-a\u0300s-14.18.29.jpg?resize=600%2C747&#038;ssl=1\" alt=\"\" class=\"wp-image-223099\" srcset=\"https:\/\/i0.wp.com\/agrund.com\/wp-content\/uploads\/sites\/6\/2022\/04\/Captura-de-Tela-2022-04-20-a\u0300s-14.18.29.jpg?w=600&amp;ssl=1 600w, https:\/\/i0.wp.com\/agrund.com\/wp-content\/uploads\/sites\/6\/2022\/04\/Captura-de-Tela-2022-04-20-a\u0300s-14.18.29.jpg?resize=241%2C300&amp;ssl=1 241w\" sizes=\"(max-width: 600px) 100vw, 600px\" data-recalc-dims=\"1\" \/><figcaption>Coachella 2022: Quem assinou os looks?\u00a0<\/figcaption><\/figure><\/div>\n\n\n\n<p><\/p>\n\n\n\n<p><strong>Billie Eilish vestiu State Fair by Conrad\u00a0<\/strong><\/p>\n\n\n\n<div class=\"wp-block-image\"><figure class=\"aligncenter size-full\"><img data-attachment-id=\"223100\" data-permalink=\"https:\/\/agrund.com\/index.php\/coachella-2022-quem-assinou-os-looks\/billie-eilish-performing-at-coachella-838x1024-1\/\" data-orig-file=\"https:\/\/i0.wp.com\/agrund.com\/wp-content\/uploads\/sites\/6\/2022\/04\/Billie-Eilish-Performing-at-Coachella-838x1024-1.jpeg?fit=600%2C733&amp;ssl=1\" data-orig-size=\"600,733\" data-comments-opened=\"1\" data-image-meta=\"{&quot;aperture&quot;:&quot;0&quot;,&quot;credit&quot;:&quot;&quot;,&quot;camera&quot;:&quot;&quot;,&quot;caption&quot;:&quot;&quot;,&quot;created_timestamp&quot;:&quot;0&quot;,&quot;copyright&quot;:&quot;&quot;,&quot;focal_length&quot;:&quot;0&quot;,&quot;iso&quot;:&quot;0&quot;,&quot;shutter_speed&quot;:&quot;0&quot;,&quot;title&quot;:&quot;&quot;,&quot;orientation&quot;:&quot;1&quot;}\" data-image-title=\"Billie-Eilish-Performing-at-Coachella-838&#215;1024-1\" data-image-description=\"\" data-image-caption=\"\" data-medium-file=\"https:\/\/i0.wp.com\/agrund.com\/wp-content\/uploads\/sites\/6\/2022\/04\/Billie-Eilish-Performing-at-Coachella-838x1024-1.jpeg?fit=246%2C300&amp;ssl=1\" data-large-file=\"https:\/\/i0.wp.com\/agrund.com\/wp-content\/uploads\/sites\/6\/2022\/04\/Billie-Eilish-Performing-at-Coachella-838x1024-1.jpeg?fit=600%2C733&amp;ssl=1\" decoding=\"async\" loading=\"lazy\" width=\"600\" height=\"733\" src=\"https:\/\/i0.wp.com\/agrund.com\/wp-content\/uploads\/sites\/6\/2022\/04\/Billie-Eilish-Performing-at-Coachella-838x1024-1.jpeg?resize=600%2C733&#038;ssl=1\" alt=\"\" class=\"wp-image-223100\" srcset=\"https:\/\/i0.wp.com\/agrund.com\/wp-content\/uploads\/sites\/6\/2022\/04\/Billie-Eilish-Performing-at-Coachella-838x1024-1.jpeg?w=600&amp;ssl=1 600w, https:\/\/i0.wp.com\/agrund.com\/wp-content\/uploads\/sites\/6\/2022\/04\/Billie-Eilish-Performing-at-Coachella-838x1024-1.jpeg?resize=246%2C300&amp;ssl=1 246w\" sizes=\"(max-width: 600px) 100vw, 600px\" data-recalc-dims=\"1\" \/><figcaption>Coachella 2022: Quem assinou os looks?\u00a0<\/figcaption><\/figure><\/div>\n\n\n\n<p><\/p>\n\n\n\n<p><strong>Phoebe Bridgers vestiu Gucci\u00a0<\/strong><\/p>\n\n\n\n<div class=\"wp-block-image\"><figure class=\"aligncenter size-full\"><img data-attachment-id=\"223101\" data-permalink=\"https:\/\/agrund.com\/index.php\/coachella-2022-quem-assinou-os-looks\/captura-de-tela-2022-04-20-as-14-21-56\/\" data-orig-file=\"https:\/\/i0.wp.com\/agrund.com\/wp-content\/uploads\/sites\/6\/2022\/04\/Captura-de-Tela-2022-04-20-a\u0300s-14.21.56.jpg?fit=600%2C884&amp;ssl=1\" data-orig-size=\"600,884\" data-comments-opened=\"1\" data-image-meta=\"{&quot;aperture&quot;:&quot;0&quot;,&quot;credit&quot;:&quot;&quot;,&quot;camera&quot;:&quot;&quot;,&quot;caption&quot;:&quot;&quot;,&quot;created_timestamp&quot;:&quot;0&quot;,&quot;copyright&quot;:&quot;&quot;,&quot;focal_length&quot;:&quot;0&quot;,&quot;iso&quot;:&quot;0&quot;,&quot;shutter_speed&quot;:&quot;0&quot;,&quot;title&quot;:&quot;&quot;,&quot;orientation&quot;:&quot;0&quot;}\" data-image-title=\"Captura-de-Tela-2022-04-20-a\u0300s-14.21.56\" data-image-description=\"\" data-image-caption=\"\" data-medium-file=\"https:\/\/i0.wp.com\/agrund.com\/wp-content\/uploads\/sites\/6\/2022\/04\/Captura-de-Tela-2022-04-20-a\u0300s-14.21.56.jpg?fit=204%2C300&amp;ssl=1\" data-large-file=\"https:\/\/i0.wp.com\/agrund.com\/wp-content\/uploads\/sites\/6\/2022\/04\/Captura-de-Tela-2022-04-20-a\u0300s-14.21.56.jpg?fit=600%2C884&amp;ssl=1\" decoding=\"async\" loading=\"lazy\" width=\"600\" height=\"884\" src=\"https:\/\/i0.wp.com\/agrund.com\/wp-content\/uploads\/sites\/6\/2022\/04\/Captura-de-Tela-2022-04-20-a\u0300s-14.21.56.jpg?resize=600%2C884&#038;ssl=1\" alt=\"\" class=\"wp-image-223101\" srcset=\"https:\/\/i0.wp.com\/agrund.com\/wp-content\/uploads\/sites\/6\/2022\/04\/Captura-de-Tela-2022-04-20-a\u0300s-14.21.56.jpg?w=600&amp;ssl=1 600w, https:\/\/i0.wp.com\/agrund.com\/wp-content\/uploads\/sites\/6\/2022\/04\/Captura-de-Tela-2022-04-20-a\u0300s-14.21.56.jpg?resize=204%2C300&amp;ssl=1 204w\" sizes=\"(max-width: 600px) 100vw, 600px\" data-recalc-dims=\"1\" \/><figcaption>Coachella 2022: Quem assinou os looks?\u00a0<\/figcaption><\/figure><\/div>\n\n\n\n<p><\/p>\n\n\n\n<p><strong>Pabllo Vittar vestiu Michelly X<\/strong><\/p>\n\n\n\n<div class=\"wp-block-image\"><figure class=\"aligncenter size-full\"><img data-attachment-id=\"223102\" data-permalink=\"https:\/\/agrund.com\/index.php\/coachella-2022-quem-assinou-os-looks\/os-melhores-looks-das-celebridades-no-coachella-2022-pabllo-vittar-20220418153107\/\" data-orig-file=\"https:\/\/i0.wp.com\/agrund.com\/wp-content\/uploads\/sites\/6\/2022\/04\/os-melhores-looks-das-celebridades-no-coachella-2022-pabllo-vittar-20220418153107.jpeg?fit=600%2C720&amp;ssl=1\" data-orig-size=\"600,720\" data-comments-opened=\"1\" data-image-meta=\"{&quot;aperture&quot;:&quot;0&quot;,&quot;credit&quot;:&quot;&quot;,&quot;camera&quot;:&quot;&quot;,&quot;caption&quot;:&quot;&quot;,&quot;created_timestamp&quot;:&quot;0&quot;,&quot;copyright&quot;:&quot;&quot;,&quot;focal_length&quot;:&quot;0&quot;,&quot;iso&quot;:&quot;0&quot;,&quot;shutter_speed&quot;:&quot;0&quot;,&quot;title&quot;:&quot;&quot;,&quot;orientation&quot;:&quot;1&quot;}\" data-image-title=\"os-melhores-looks-das-celebridades-no-coachella-2022-pabllo-vittar-20220418153107\" data-image-description=\"\" data-image-caption=\"\" data-medium-file=\"https:\/\/i0.wp.com\/agrund.com\/wp-content\/uploads\/sites\/6\/2022\/04\/os-melhores-looks-das-celebridades-no-coachella-2022-pabllo-vittar-20220418153107.jpeg?fit=250%2C300&amp;ssl=1\" data-large-file=\"https:\/\/i0.wp.com\/agrund.com\/wp-content\/uploads\/sites\/6\/2022\/04\/os-melhores-looks-das-celebridades-no-coachella-2022-pabllo-vittar-20220418153107.jpeg?fit=600%2C720&amp;ssl=1\" decoding=\"async\" loading=\"lazy\" width=\"600\" height=\"720\" src=\"https:\/\/i0.wp.com\/agrund.com\/wp-content\/uploads\/sites\/6\/2022\/04\/os-melhores-looks-das-celebridades-no-coachella-2022-pabllo-vittar-20220418153107.jpeg?resize=600%2C720&#038;ssl=1\" alt=\"\" class=\"wp-image-223102\" srcset=\"https:\/\/i0.wp.com\/agrund.com\/wp-content\/uploads\/sites\/6\/2022\/04\/os-melhores-looks-das-celebridades-no-coachella-2022-pabllo-vittar-20220418153107.jpeg?w=600&amp;ssl=1 600w, https:\/\/i0.wp.com\/agrund.com\/wp-content\/uploads\/sites\/6\/2022\/04\/os-melhores-looks-das-celebridades-no-coachella-2022-pabllo-vittar-20220418153107.jpeg?resize=250%2C300&amp;ssl=1 250w\" sizes=\"(max-width: 600px) 100vw, 600px\" data-recalc-dims=\"1\" \/><figcaption>Coachella 2022: Quem assinou os looks?\u00a0<\/figcaption><\/figure><\/div>\n\n\n\n<p><\/p>\n\n\n\n<p><strong>Omar Apollo vestiu Valentino\u00a0<\/strong><\/p>\n\n\n\n<div class=\"wp-block-image\"><figure class=\"aligncenter size-full\"><img data-attachment-id=\"223103\" data-permalink=\"https:\/\/agrund.com\/index.php\/coachella-2022-quem-assinou-os-looks\/1650456487_717_toda-a-acao-do-coachella-2022-neste-fim-de-semana\/\" data-orig-file=\"https:\/\/i0.wp.com\/agrund.com\/wp-content\/uploads\/sites\/6\/2022\/04\/1650456487_717_Toda-a-acao-do-Coachella-2022-neste-fim-de-semana.jpeg?fit=600%2C515&amp;ssl=1\" data-orig-size=\"600,515\" data-comments-opened=\"1\" data-image-meta=\"{&quot;aperture&quot;:&quot;11&quot;,&quot;credit&quot;:&quot;Jenn Five&quot;,&quot;camera&quot;:&quot;Canon EOS 5D Mark III&quot;,&quot;caption&quot;:&quot;&quot;,&quot;created_timestamp&quot;:&quot;1650042516&quot;,&quot;copyright&quot;:&quot;Copyrighted by Jenn Five&quot;,&quot;focal_length&quot;:&quot;70&quot;,&quot;iso&quot;:&quot;500&quot;,&quot;shutter_speed&quot;:&quot;0.0025&quot;,&quot;title&quot;:&quot;&quot;,&quot;orientation&quot;:&quot;1&quot;}\" data-image-title=\"1650456487_717_Toda-a-acao-do-Coachella-2022-neste-fim-de-semana\" data-image-description=\"\" data-image-caption=\"\" data-medium-file=\"https:\/\/i0.wp.com\/agrund.com\/wp-content\/uploads\/sites\/6\/2022\/04\/1650456487_717_Toda-a-acao-do-Coachella-2022-neste-fim-de-semana.jpeg?fit=300%2C258&amp;ssl=1\" data-large-file=\"https:\/\/i0.wp.com\/agrund.com\/wp-content\/uploads\/sites\/6\/2022\/04\/1650456487_717_Toda-a-acao-do-Coachella-2022-neste-fim-de-semana.jpeg?fit=600%2C515&amp;ssl=1\" decoding=\"async\" loading=\"lazy\" width=\"600\" height=\"515\" src=\"https:\/\/i0.wp.com\/agrund.com\/wp-content\/uploads\/sites\/6\/2022\/04\/1650456487_717_Toda-a-acao-do-Coachella-2022-neste-fim-de-semana.jpeg?resize=600%2C515&#038;ssl=1\" alt=\"\" class=\"wp-image-223103\" srcset=\"https:\/\/i0.wp.com\/agrund.com\/wp-content\/uploads\/sites\/6\/2022\/04\/1650456487_717_Toda-a-acao-do-Coachella-2022-neste-fim-de-semana.jpeg?w=600&amp;ssl=1 600w, https:\/\/i0.wp.com\/agrund.com\/wp-content\/uploads\/sites\/6\/2022\/04\/1650456487_717_Toda-a-acao-do-Coachella-2022-neste-fim-de-semana.jpeg?resize=300%2C258&amp;ssl=1 300w\" sizes=\"(max-width: 600px) 100vw, 600px\" data-recalc-dims=\"1\" \/><figcaption>Coachella 2022: Quem assinou os looks?\u00a0<\/figcaption><\/figure><\/div>\n\n\n\n<p><\/p>\n\n\n\n<p><strong>Rina Sawayama vestiu Area<\/strong><\/p>\n\n\n\n<div class=\"wp-block-image\"><figure class=\"aligncenter size-full\"><img data-attachment-id=\"223104\" data-permalink=\"https:\/\/agrund.com\/index.php\/coachella-2022-quem-assinou-os-looks\/captura-de-tela-2022-04-20-as-14-23-15\/\" data-orig-file=\"https:\/\/i0.wp.com\/agrund.com\/wp-content\/uploads\/sites\/6\/2022\/04\/Captura-de-Tela-2022-04-20-a\u0300s-14.23.15.jpg?fit=600%2C884&amp;ssl=1\" data-orig-size=\"600,884\" data-comments-opened=\"1\" data-image-meta=\"{&quot;aperture&quot;:&quot;0&quot;,&quot;credit&quot;:&quot;&quot;,&quot;camera&quot;:&quot;&quot;,&quot;caption&quot;:&quot;&quot;,&quot;created_timestamp&quot;:&quot;0&quot;,&quot;copyright&quot;:&quot;&quot;,&quot;focal_length&quot;:&quot;0&quot;,&quot;iso&quot;:&quot;0&quot;,&quot;shutter_speed&quot;:&quot;0&quot;,&quot;title&quot;:&quot;&quot;,&quot;orientation&quot;:&quot;0&quot;}\" data-image-title=\"Captura-de-Tela-2022-04-20-a\u0300s-14.23.15\" data-image-description=\"\" data-image-caption=\"\" data-medium-file=\"https:\/\/i0.wp.com\/agrund.com\/wp-content\/uploads\/sites\/6\/2022\/04\/Captura-de-Tela-2022-04-20-a\u0300s-14.23.15.jpg?fit=204%2C300&amp;ssl=1\" data-large-file=\"https:\/\/i0.wp.com\/agrund.com\/wp-content\/uploads\/sites\/6\/2022\/04\/Captura-de-Tela-2022-04-20-a\u0300s-14.23.15.jpg?fit=600%2C884&amp;ssl=1\" decoding=\"async\" loading=\"lazy\" width=\"600\" height=\"884\" src=\"https:\/\/i0.wp.com\/agrund.com\/wp-content\/uploads\/sites\/6\/2022\/04\/Captura-de-Tela-2022-04-20-a\u0300s-14.23.15.jpg?resize=600%2C884&#038;ssl=1\" alt=\"\" class=\"wp-image-223104\" srcset=\"https:\/\/i0.wp.com\/agrund.com\/wp-content\/uploads\/sites\/6\/2022\/04\/Captura-de-Tela-2022-04-20-a\u0300s-14.23.15.jpg?w=600&amp;ssl=1 600w, https:\/\/i0.wp.com\/agrund.com\/wp-content\/uploads\/sites\/6\/2022\/04\/Captura-de-Tela-2022-04-20-a\u0300s-14.23.15.jpg?resize=204%2C300&amp;ssl=1 204w\" sizes=\"(max-width: 600px) 100vw, 600px\" data-recalc-dims=\"1\" \/><figcaption>Coachella 2022: Quem assinou os looks?\u00a0<\/figcaption><\/figure><\/div>\n\n\n\n<p><\/p>\n\n\n\n<p>Fotos: Reprodu\u00e7\u00e3o. <\/p>\n","protected":false},"excerpt":{"rendered":"<p>Depois de 3 anos de espera, o Coachella voltou! Conhecido como um dos maiores festivais de m\u00fasica do mundo, o evento movimentou o \u00faltimo final de semana com m\u00fasica e muita moda, claro.\u00a0 Tanto os artistas quanto o p\u00fablico capricharam na escolha de looks que traduzissem seu estilo e personalidade. Pensando nisso, fizemos uma sele\u00e7\u00e3o [&hellip;]<\/p>\n","protected":false},"author":8,"featured_media":223105,"comment_status":"open","ping_status":"open","sticky":false,"template":"","format":"standard","meta":{"jetpack_post_was_ever_published":false,"_jetpack_newsletter_access":"","jetpack_publicize_message":"","jetpack_is_tweetstorm":false,"jetpack_publicize_feature_enabled":true,"jetpack_social_post_already_shared":true,"jetpack_social_options":{"image_generator_settings":{"template":"highway","enabled":false}}},"categories":[2],"tags":[395,750,375,467,3208,347,620,438,67,525,3209,424],"jetpack_publicize_connections":[],"jetpack_featured_media_url":"https:\/\/i0.wp.com\/agrund.com\/wp-content\/uploads\/sites\/6\/2022\/04\/s-14.jpg?fit=960%2C300&ssl=1","jetpack_sharing_enabled":true,"jetpack_shortlink":"https:\/\/wp.me\/p3Hz0n-W2k","jetpack_likes_enabled":true,"_links":{"self":[{"href":"https:\/\/agrund.com\/index.php\/wp-json\/wp\/v2\/posts\/223096"}],"collection":[{"href":"https:\/\/agrund.com\/index.php\/wp-json\/wp\/v2\/posts"}],"about":[{"href":"https:\/\/agrund.com\/index.php\/wp-json\/wp\/v2\/types\/post"}],"author":[{"embeddable":true,"href":"https:\/\/agrund.com\/index.php\/wp-json\/wp\/v2\/users\/8"}],"replies":[{"embeddable":true,"href":"https:\/\/agrund.com\/index.php\/wp-json\/wp\/v2\/comments?post=223096"}],"version-history":[{"count":1,"href":"https:\/\/agrund.com\/index.php\/wp-json\/wp\/v2\/posts\/223096\/revisions"}],"predecessor-version":[{"id":223106,"href":"https:\/\/agrund.com\/index.php\/wp-json\/wp\/v2\/posts\/223096\/revisions\/223106"}],"wp:featuredmedia":[{"embeddable":true,"href":"https:\/\/agrund.com\/index.php\/wp-json\/wp\/v2\/media\/223105"}],"wp:attachment":[{"href":"https:\/\/agrund.com\/index.php\/wp-json\/wp\/v2\/media?parent=223096"}],"wp:term":[{"taxonomy":"category","embeddable":true,"href":"https:\/\/agrund.com\/index.php\/wp-json\/wp\/v2\/categories?post=223096"},{"taxonomy":"post_tag","embeddable":true,"href":"https:\/\/agrund.com\/index.php\/wp-json\/wp\/v2\/tags?post=223096"}],"curies":[{"name":"wp","href":"https:\/\/api.w.org\/{rel}","templated":true}]}}