{"id":223055,"date":"2022-04-14T17:00:00","date_gmt":"2022-04-14T20:00:00","guid":{"rendered":"https:\/\/agrund.com\/?p=223055"},"modified":"2022-04-14T18:57:26","modified_gmt":"2022-04-14T21:57:26","slug":"descubra-qual-sera-o-dress-code-do-met-gala-2022","status":"publish","type":"post","link":"https:\/\/agrund.com\/index.php\/descubra-qual-sera-o-dress-code-do-met-gala-2022\/","title":{"rendered":"Descubra qual ser\u00e1 o dress code do Met Gala 2022"},"content":{"rendered":"\n<p>Depois de muita espera, a Vogue norte-americana acaba de revelar qual ser\u00e1 o dress code do Met Gala 2022, que tem como tema &#8220;In America: An Anthology of Fashion&#8221; (em portugu\u00eas \u201cNa Am\u00e9rica: Uma antologia da moda\u201d).<\/p>\n\n\n\n<p>Os convidados do evento devem escolher looks Gilded Glamour, inspirados na Era Dourada de Nova York.\u00a0<\/p>\n\n\n\n<p>&#8220;O termo, cunhado por Mark Twain em 1873, refere-se ao per\u00edodo entre 1870 e 1890, quando o mundo passava por industrializa\u00e7\u00e3o, mudan\u00e7a cultural e crescimento econ\u00f4mico\u201d, escreveu a publica\u00e7\u00e3o.\u00a0<\/p>\n\n\n\n<p>A redatora Elise Taylor, acrescentou: \u201cAs cores eram tons ricos e profundos de joias. Cores mais claras eram usadas apenas em casa, pois eram impratic\u00e1veis ao caminhar pelas ruas de Nova York. Os chap\u00e9us eram uma necessidade quando sa\u00edam e muitas vezes eram adornados com penas\u201d.<\/p>\n\n\n\n<p>Entre os itens da \u00e9poca tamb\u00e9m destacamos os espartilhos e os vestidos com diferentes camadas, tecidos e texturas.\u00a0<\/p>\n\n\n\n<p>O que ser\u00e1 que veremos no tapete vermelho? O Met Gala acontecer\u00e1 no dia 2 de maio. Vamos aguardar!\u00a0<\/p>\n\n\n\n<div class=\"wp-block-image\"><figure class=\"aligncenter size-full\"><img data-attachment-id=\"223056\" data-permalink=\"https:\/\/agrund.com\/index.php\/descubra-qual-sera-o-dress-code-do-met-gala-2022\/agrund-met-gala-2022-1\/\" data-orig-file=\"https:\/\/i0.wp.com\/agrund.com\/wp-content\/uploads\/sites\/6\/2022\/04\/agrund-met-gala-2022-1.jpg?fit=600%2C863&amp;ssl=1\" data-orig-size=\"600,863\" data-comments-opened=\"1\" data-image-meta=\"{&quot;aperture&quot;:&quot;0&quot;,&quot;credit&quot;:&quot;&quot;,&quot;camera&quot;:&quot;&quot;,&quot;caption&quot;:&quot;&quot;,&quot;created_timestamp&quot;:&quot;0&quot;,&quot;copyright&quot;:&quot;&quot;,&quot;focal_length&quot;:&quot;0&quot;,&quot;iso&quot;:&quot;0&quot;,&quot;shutter_speed&quot;:&quot;0&quot;,&quot;title&quot;:&quot;&quot;,&quot;orientation&quot;:&quot;0&quot;}\" data-image-title=\"agrund-met-gala-2022-1\" data-image-description=\"\" data-image-caption=\"\" data-medium-file=\"https:\/\/i0.wp.com\/agrund.com\/wp-content\/uploads\/sites\/6\/2022\/04\/agrund-met-gala-2022-1.jpg?fit=209%2C300&amp;ssl=1\" data-large-file=\"https:\/\/i0.wp.com\/agrund.com\/wp-content\/uploads\/sites\/6\/2022\/04\/agrund-met-gala-2022-1.jpg?fit=600%2C863&amp;ssl=1\" decoding=\"async\" loading=\"lazy\" width=\"600\" height=\"863\" src=\"https:\/\/i0.wp.com\/agrund.com\/wp-content\/uploads\/sites\/6\/2022\/04\/agrund-met-gala-2022-1.jpg?resize=600%2C863&#038;ssl=1\" alt=\"\" class=\"wp-image-223056\" srcset=\"https:\/\/i0.wp.com\/agrund.com\/wp-content\/uploads\/sites\/6\/2022\/04\/agrund-met-gala-2022-1.jpg?w=600&amp;ssl=1 600w, https:\/\/i0.wp.com\/agrund.com\/wp-content\/uploads\/sites\/6\/2022\/04\/agrund-met-gala-2022-1.jpg?resize=209%2C300&amp;ssl=1 209w\" sizes=\"(max-width: 600px) 100vw, 600px\" data-recalc-dims=\"1\" \/><figcaption>Descubra qual ser\u00e1 o dress code do Met Gala 2022<\/figcaption><\/figure><\/div>\n\n\n\n<div class=\"wp-block-image\"><figure class=\"aligncenter size-full\"><img data-attachment-id=\"223057\" data-permalink=\"https:\/\/agrund.com\/index.php\/descubra-qual-sera-o-dress-code-do-met-gala-2022\/agrund-met-gala-2022-2\/\" data-orig-file=\"https:\/\/i0.wp.com\/agrund.com\/wp-content\/uploads\/sites\/6\/2022\/04\/agrund-met-gala-2022-2.jpg?fit=600%2C829&amp;ssl=1\" data-orig-size=\"600,829\" data-comments-opened=\"1\" data-image-meta=\"{&quot;aperture&quot;:&quot;0&quot;,&quot;credit&quot;:&quot;&quot;,&quot;camera&quot;:&quot;&quot;,&quot;caption&quot;:&quot;&quot;,&quot;created_timestamp&quot;:&quot;0&quot;,&quot;copyright&quot;:&quot;&quot;,&quot;focal_length&quot;:&quot;0&quot;,&quot;iso&quot;:&quot;0&quot;,&quot;shutter_speed&quot;:&quot;0&quot;,&quot;title&quot;:&quot;&quot;,&quot;orientation&quot;:&quot;0&quot;}\" data-image-title=\"agrund-met-gala-2022-2\" data-image-description=\"\" data-image-caption=\"\" data-medium-file=\"https:\/\/i0.wp.com\/agrund.com\/wp-content\/uploads\/sites\/6\/2022\/04\/agrund-met-gala-2022-2.jpg?fit=217%2C300&amp;ssl=1\" data-large-file=\"https:\/\/i0.wp.com\/agrund.com\/wp-content\/uploads\/sites\/6\/2022\/04\/agrund-met-gala-2022-2.jpg?fit=600%2C829&amp;ssl=1\" decoding=\"async\" loading=\"lazy\" width=\"600\" height=\"829\" src=\"https:\/\/i0.wp.com\/agrund.com\/wp-content\/uploads\/sites\/6\/2022\/04\/agrund-met-gala-2022-2.jpg?resize=600%2C829&#038;ssl=1\" alt=\"\" class=\"wp-image-223057\" srcset=\"https:\/\/i0.wp.com\/agrund.com\/wp-content\/uploads\/sites\/6\/2022\/04\/agrund-met-gala-2022-2.jpg?w=600&amp;ssl=1 600w, https:\/\/i0.wp.com\/agrund.com\/wp-content\/uploads\/sites\/6\/2022\/04\/agrund-met-gala-2022-2.jpg?resize=217%2C300&amp;ssl=1 217w\" sizes=\"(max-width: 600px) 100vw, 600px\" data-recalc-dims=\"1\" \/><figcaption>Descubra qual ser\u00e1 o dress code do Met Gala 2022<\/figcaption><\/figure><\/div>\n\n\n\n<div class=\"wp-block-image\"><figure class=\"aligncenter size-full\"><img data-attachment-id=\"223058\" data-permalink=\"https:\/\/agrund.com\/index.php\/descubra-qual-sera-o-dress-code-do-met-gala-2022\/agrund-met-gala-2022-5\/\" data-orig-file=\"https:\/\/i0.wp.com\/agrund.com\/wp-content\/uploads\/sites\/6\/2022\/04\/agrund-met-gala-2022-5.jpeg?fit=600%2C375&amp;ssl=1\" data-orig-size=\"600,375\" data-comments-opened=\"1\" data-image-meta=\"{&quot;aperture&quot;:&quot;0&quot;,&quot;credit&quot;:&quot;&quot;,&quot;camera&quot;:&quot;&quot;,&quot;caption&quot;:&quot;&quot;,&quot;created_timestamp&quot;:&quot;0&quot;,&quot;copyright&quot;:&quot;&quot;,&quot;focal_length&quot;:&quot;0&quot;,&quot;iso&quot;:&quot;0&quot;,&quot;shutter_speed&quot;:&quot;0&quot;,&quot;title&quot;:&quot;&quot;,&quot;orientation&quot;:&quot;1&quot;}\" data-image-title=\"agrund-met-gala-2022-5\" data-image-description=\"\" data-image-caption=\"\" data-medium-file=\"https:\/\/i0.wp.com\/agrund.com\/wp-content\/uploads\/sites\/6\/2022\/04\/agrund-met-gala-2022-5.jpeg?fit=300%2C188&amp;ssl=1\" data-large-file=\"https:\/\/i0.wp.com\/agrund.com\/wp-content\/uploads\/sites\/6\/2022\/04\/agrund-met-gala-2022-5.jpeg?fit=600%2C375&amp;ssl=1\" decoding=\"async\" loading=\"lazy\" width=\"600\" height=\"375\" src=\"https:\/\/i0.wp.com\/agrund.com\/wp-content\/uploads\/sites\/6\/2022\/04\/agrund-met-gala-2022-5.jpeg?resize=600%2C375&#038;ssl=1\" alt=\"\" class=\"wp-image-223058\" srcset=\"https:\/\/i0.wp.com\/agrund.com\/wp-content\/uploads\/sites\/6\/2022\/04\/agrund-met-gala-2022-5.jpeg?w=600&amp;ssl=1 600w, https:\/\/i0.wp.com\/agrund.com\/wp-content\/uploads\/sites\/6\/2022\/04\/agrund-met-gala-2022-5.jpeg?resize=300%2C188&amp;ssl=1 300w\" sizes=\"(max-width: 600px) 100vw, 600px\" data-recalc-dims=\"1\" \/><figcaption>Descubra qual ser\u00e1 o dress code do Met Gala 2022<\/figcaption><\/figure><\/div>\n\n\n\n<div class=\"wp-block-image\"><figure class=\"aligncenter size-full\"><img data-attachment-id=\"223059\" data-permalink=\"https:\/\/agrund.com\/index.php\/descubra-qual-sera-o-dress-code-do-met-gala-2022\/paris-haute-couture-dior-aw-2007-8\/\" data-orig-file=\"https:\/\/i0.wp.com\/agrund.com\/wp-content\/uploads\/sites\/6\/2022\/04\/agrund-met-gala-2022-7.jpeg?fit=600%2C903&amp;ssl=1\" data-orig-size=\"600,903\" data-comments-opened=\"1\" data-image-meta=\"{&quot;aperture&quot;:&quot;3.2&quot;,&quot;credit&quot;:&quot;Getty Images&quot;,&quot;camera&quot;:&quot;NIKON D2Xs&quot;,&quot;caption&quot;:&quot;VERSAILLES, FRANCE - JULY 02:  (UK OUT) A model walks down the catwalk during the Christian Dior Fashion show, as part of Paris Haute Couture Fashion Week autumn\\\/winter 2007-08 at the l&#039;Orangerie in the Palace of Versailles on July 2, 2007 in Versailles, France.  (Photo by Chris Moore\\\/Catwalking\\\/Getty Images)&quot;,&quot;created_timestamp&quot;:&quot;1183334400&quot;,&quot;copyright&quot;:&quot;2007 Catwalking&quot;,&quot;focal_length&quot;:&quot;80&quot;,&quot;iso&quot;:&quot;320&quot;,&quot;shutter_speed&quot;:&quot;0.003125&quot;,&quot;title&quot;:&quot;Paris Haute Couture - Dior AW 2007-8&quot;,&quot;orientation&quot;:&quot;1&quot;}\" data-image-title=\"Paris Haute Couture &#8211; Dior A\\W 2007-8\" data-image-description=\"\" data-image-caption=\"&lt;p&gt;VERSAILLES, FRANCE &#8211; JULY 02:  (UK OUT) A model walks down the catwalk during the Christian Dior Fashion show, as part of Paris Haute Couture Fashion Week autumn\/winter 2007-08 at the l&#8217;Orangerie in the Palace of Versailles on July 2, 2007 in Versailles, France.  (Photo by Chris Moore\/Catwalking\/Getty Images)&lt;\/p&gt;\n\" data-medium-file=\"https:\/\/i0.wp.com\/agrund.com\/wp-content\/uploads\/sites\/6\/2022\/04\/agrund-met-gala-2022-7.jpeg?fit=199%2C300&amp;ssl=1\" data-large-file=\"https:\/\/i0.wp.com\/agrund.com\/wp-content\/uploads\/sites\/6\/2022\/04\/agrund-met-gala-2022-7.jpeg?fit=600%2C903&amp;ssl=1\" decoding=\"async\" loading=\"lazy\" width=\"600\" height=\"903\" src=\"https:\/\/i0.wp.com\/agrund.com\/wp-content\/uploads\/sites\/6\/2022\/04\/agrund-met-gala-2022-7.jpeg?resize=600%2C903&#038;ssl=1\" alt=\"\" class=\"wp-image-223059\" srcset=\"https:\/\/i0.wp.com\/agrund.com\/wp-content\/uploads\/sites\/6\/2022\/04\/agrund-met-gala-2022-7.jpeg?w=600&amp;ssl=1 600w, https:\/\/i0.wp.com\/agrund.com\/wp-content\/uploads\/sites\/6\/2022\/04\/agrund-met-gala-2022-7.jpeg?resize=199%2C300&amp;ssl=1 199w\" sizes=\"(max-width: 600px) 100vw, 600px\" data-recalc-dims=\"1\" \/><figcaption>Descubra qual ser\u00e1 o dress code do Met Gala 2022<\/figcaption><\/figure><\/div>\n\n\n\n<p>Fotos: Reprodu\u00e7\u00e3o. <\/p>\n","protected":false},"excerpt":{"rendered":"<p>Depois de muita espera, a Vogue norte-americana acaba de revelar qual ser\u00e1 o dress code do Met Gala 2022, que tem como tema &#8220;In America: An Anthology of Fashion&#8221; (em portugu\u00eas \u201cNa Am\u00e9rica: Uma antologia da moda\u201d). Os convidados do evento devem escolher looks Gilded Glamour, inspirados na Era Dourada de Nova York.\u00a0 &#8220;O termo, [&hellip;]<\/p>\n","protected":false},"author":8,"featured_media":223060,"comment_status":"open","ping_status":"open","sticky":false,"template":"","format":"standard","meta":{"jetpack_post_was_ever_published":false,"_jetpack_newsletter_access":"","jetpack_publicize_message":"","jetpack_is_tweetstorm":false,"jetpack_publicize_feature_enabled":true,"jetpack_social_post_already_shared":true,"jetpack_social_options":{"image_generator_settings":{"template":"highway","enabled":false}}},"categories":[2],"tags":[395,375,438,593,3205,67,525,862],"jetpack_publicize_connections":[],"jetpack_featured_media_url":"https:\/\/i0.wp.com\/agrund.com\/wp-content\/uploads\/sites\/6\/2022\/04\/s-10.jpg?fit=960%2C300&ssl=1","jetpack_sharing_enabled":true,"jetpack_shortlink":"https:\/\/wp.me\/p3Hz0n-W1F","jetpack_likes_enabled":true,"_links":{"self":[{"href":"https:\/\/agrund.com\/index.php\/wp-json\/wp\/v2\/posts\/223055"}],"collection":[{"href":"https:\/\/agrund.com\/index.php\/wp-json\/wp\/v2\/posts"}],"about":[{"href":"https:\/\/agrund.com\/index.php\/wp-json\/wp\/v2\/types\/post"}],"author":[{"embeddable":true,"href":"https:\/\/agrund.com\/index.php\/wp-json\/wp\/v2\/users\/8"}],"replies":[{"embeddable":true,"href":"https:\/\/agrund.com\/index.php\/wp-json\/wp\/v2\/comments?post=223055"}],"version-history":[{"count":1,"href":"https:\/\/agrund.com\/index.php\/wp-json\/wp\/v2\/posts\/223055\/revisions"}],"predecessor-version":[{"id":223061,"href":"https:\/\/agrund.com\/index.php\/wp-json\/wp\/v2\/posts\/223055\/revisions\/223061"}],"wp:featuredmedia":[{"embeddable":true,"href":"https:\/\/agrund.com\/index.php\/wp-json\/wp\/v2\/media\/223060"}],"wp:attachment":[{"href":"https:\/\/agrund.com\/index.php\/wp-json\/wp\/v2\/media?parent=223055"}],"wp:term":[{"taxonomy":"category","embeddable":true,"href":"https:\/\/agrund.com\/index.php\/wp-json\/wp\/v2\/categories?post=223055"},{"taxonomy":"post_tag","embeddable":true,"href":"https:\/\/agrund.com\/index.php\/wp-json\/wp\/v2\/tags?post=223055"}],"curies":[{"name":"wp","href":"https:\/\/api.w.org\/{rel}","templated":true}]}}