{"id":223033,"date":"2022-04-12T13:00:00","date_gmt":"2022-04-12T16:00:00","guid":{"rendered":"https:\/\/agrund.com\/?p=223033"},"modified":"2022-04-12T12:03:47","modified_gmt":"2022-04-12T15:03:47","slug":"alerta-de-tendencia-as-luvas-voltaram","status":"publish","type":"post","link":"https:\/\/agrund.com\/index.php\/alerta-de-tendencia-as-luvas-voltaram\/","title":{"rendered":"Alerta de tend\u00eancia: As luvas voltaram!"},"content":{"rendered":"\n<p>Talvez voc\u00ea j\u00e1 tenha percebido que muitas das tend\u00eancias de 2022 t\u00eam um toque dram\u00e1tico e sensual, como por exemplo, o estilo g\u00f3tico e os cabelos espetados que vimos no <a href=\"https:\/\/agrund.com\/index.php\/04-tendencias-que-vimos-no-grammy-2022\/\" data-type=\"URL\" data-id=\"https:\/\/agrund.com\/index.php\/04-tendencias-que-vimos-no-grammy-2022\/\" target=\"_blank\" rel=\"noreferrer noopener\">Grammy 2022<\/a>.<\/p>\n\n\n\n<p>Nas \u00faltimas semanas reparamos que um acess\u00f3rio com essas refer\u00eancias vem fazendo sucesso entre as celebridades e fashionistas. Estamos falando das luvas!<\/p>\n\n\n\n<p>Calma, n\u00e3o precisa torcer o nariz. \u00c9 claro que nem toda tend\u00eancia agrada a todos e est\u00e1 tudo bem! O importante \u00e9 usar as pe\u00e7as que realmente fazem sentido pra voc\u00ea e representam seu estilo.<\/p>\n\n\n\n<p>No caso das luvas, ela j\u00e1 conquistou nomes como Billie Eilish, Olivia Rodrigo e Anitta. Ser\u00e1 que veremos o acess\u00f3rio\u00a0nos looks de inverno aqui no Brasil?<\/p>\n\n\n\n<p>Confira alguns cliques para se inspirar:\u00a0<\/p>\n\n\n\n<div class=\"wp-block-image\"><figure class=\"aligncenter size-full\"><img data-attachment-id=\"223034\" data-permalink=\"https:\/\/agrund.com\/index.php\/alerta-de-tendencia-as-luvas-voltaram\/agrund-tendencia-luva-olivia-rodrigo\/\" data-orig-file=\"https:\/\/i0.wp.com\/agrund.com\/wp-content\/uploads\/sites\/6\/2022\/04\/agrund-tendencia-luva-olivia-rodrigo.jpg?fit=600%2C750&amp;ssl=1\" data-orig-size=\"600,750\" data-comments-opened=\"1\" data-image-meta=\"{&quot;aperture&quot;:&quot;0&quot;,&quot;credit&quot;:&quot;&quot;,&quot;camera&quot;:&quot;&quot;,&quot;caption&quot;:&quot;&quot;,&quot;created_timestamp&quot;:&quot;0&quot;,&quot;copyright&quot;:&quot;&quot;,&quot;focal_length&quot;:&quot;0&quot;,&quot;iso&quot;:&quot;0&quot;,&quot;shutter_speed&quot;:&quot;0&quot;,&quot;title&quot;:&quot;&quot;,&quot;orientation&quot;:&quot;0&quot;}\" data-image-title=\"agrund-tendencia-luva-olivia-rodrigo\" data-image-description=\"\" data-image-caption=\"\" data-medium-file=\"https:\/\/i0.wp.com\/agrund.com\/wp-content\/uploads\/sites\/6\/2022\/04\/agrund-tendencia-luva-olivia-rodrigo.jpg?fit=240%2C300&amp;ssl=1\" data-large-file=\"https:\/\/i0.wp.com\/agrund.com\/wp-content\/uploads\/sites\/6\/2022\/04\/agrund-tendencia-luva-olivia-rodrigo.jpg?fit=600%2C750&amp;ssl=1\" decoding=\"async\" loading=\"lazy\" width=\"600\" height=\"750\" src=\"https:\/\/i0.wp.com\/agrund.com\/wp-content\/uploads\/sites\/6\/2022\/04\/agrund-tendencia-luva-olivia-rodrigo.jpg?resize=600%2C750&#038;ssl=1\" alt=\"\" class=\"wp-image-223034\" srcset=\"https:\/\/i0.wp.com\/agrund.com\/wp-content\/uploads\/sites\/6\/2022\/04\/agrund-tendencia-luva-olivia-rodrigo.jpg?w=600&amp;ssl=1 600w, https:\/\/i0.wp.com\/agrund.com\/wp-content\/uploads\/sites\/6\/2022\/04\/agrund-tendencia-luva-olivia-rodrigo.jpg?resize=240%2C300&amp;ssl=1 240w\" sizes=\"(max-width: 600px) 100vw, 600px\" data-recalc-dims=\"1\" \/><figcaption>Alerta de tend\u00eancia: As luvas voltaram!<\/figcaption><\/figure><\/div>\n\n\n\n<div class=\"wp-block-image\"><figure class=\"aligncenter size-full\"><img data-attachment-id=\"223035\" data-permalink=\"https:\/\/agrund.com\/index.php\/alerta-de-tendencia-as-luvas-voltaram\/agrund-tendencia-luva-anitta\/\" data-orig-file=\"https:\/\/i0.wp.com\/agrund.com\/wp-content\/uploads\/sites\/6\/2022\/04\/agrund-tendencia-luva-anitta.jpeg?fit=600%2C883&amp;ssl=1\" data-orig-size=\"600,883\" data-comments-opened=\"1\" data-image-meta=\"{&quot;aperture&quot;:&quot;0&quot;,&quot;credit&quot;:&quot;Jackie Brown \\\/ SplashNews.com&quot;,&quot;camera&quot;:&quot;&quot;,&quot;caption&quot;:&quot;attends the 2021 MTV Video Music Awards at Barclays Center on September 12, 2021 in the Brooklyn borough of New York City.\\r\\rPictured: Anitta\\rRef: SPL5255408 120921 NON-EXCLUSIVE\\rPicture by: Jackie Brown \\\/ SplashNews.com\\r\\rSplash News and Pictures\\rUSA: +1 310-525-5808\\rLondon: +44 (0)20 8126 1009\\rBerlin: +49 175 3764 166\\rphotodesk@splashnews.com\\r\\rWorld Rights,&quot;,&quot;created_timestamp&quot;:&quot;0&quot;,&quot;copyright&quot;:&quot;www.SplashNews.com 2021&quot;,&quot;focal_length&quot;:&quot;0&quot;,&quot;iso&quot;:&quot;0&quot;,&quot;shutter_speed&quot;:&quot;0&quot;,&quot;title&quot;:&quot;&quot;,&quot;orientation&quot;:&quot;1&quot;}\" data-image-title=\"agrund-tendencia-luva-anitta\" data-image-description=\"\" data-image-caption=\"&lt;p&gt;attends the 2021 MTV Video Music Awards at Barclays Center on September 12, 2021 in the Brooklyn borough of New York City.&lt;\/p&gt;\n&lt;p&gt;Pictured: Anitta&lt;br \/&gt;\nRef: SPL5255408 120921 NON-EXCLUSIVE&lt;br \/&gt;\nPicture by: Jackie Brown \/ SplashNews.com&lt;\/p&gt;\n&lt;p&gt;Splash News and Pictures&lt;br \/&gt;\nUSA: +1 310-525-5808&lt;br \/&gt;\nLondon: +44 (0)20 8126 1009&lt;br \/&gt;\nBerlin: +49 175 3764 166&lt;br \/&gt;\nphotodesk@splashnews.com&lt;\/p&gt;\n&lt;p&gt;World Rights,&lt;\/p&gt;\n\" data-medium-file=\"https:\/\/i0.wp.com\/agrund.com\/wp-content\/uploads\/sites\/6\/2022\/04\/agrund-tendencia-luva-anitta.jpeg?fit=204%2C300&amp;ssl=1\" data-large-file=\"https:\/\/i0.wp.com\/agrund.com\/wp-content\/uploads\/sites\/6\/2022\/04\/agrund-tendencia-luva-anitta.jpeg?fit=600%2C883&amp;ssl=1\" decoding=\"async\" loading=\"lazy\" width=\"600\" height=\"883\" src=\"https:\/\/i0.wp.com\/agrund.com\/wp-content\/uploads\/sites\/6\/2022\/04\/agrund-tendencia-luva-anitta.jpeg?resize=600%2C883&#038;ssl=1\" alt=\"\" class=\"wp-image-223035\" srcset=\"https:\/\/i0.wp.com\/agrund.com\/wp-content\/uploads\/sites\/6\/2022\/04\/agrund-tendencia-luva-anitta.jpeg?w=600&amp;ssl=1 600w, https:\/\/i0.wp.com\/agrund.com\/wp-content\/uploads\/sites\/6\/2022\/04\/agrund-tendencia-luva-anitta.jpeg?resize=204%2C300&amp;ssl=1 204w\" sizes=\"(max-width: 600px) 100vw, 600px\" data-recalc-dims=\"1\" \/><figcaption>Alerta de tend\u00eancia: As luvas voltaram!<\/figcaption><\/figure><\/div>\n\n\n\n<div class=\"wp-block-image\"><figure class=\"aligncenter size-full\"><img data-attachment-id=\"223036\" data-permalink=\"https:\/\/agrund.com\/index.php\/alerta-de-tendencia-as-luvas-voltaram\/agrund-tendencia-luva-barbie-ferreira-1\/\" data-orig-file=\"https:\/\/i0.wp.com\/agrund.com\/wp-content\/uploads\/sites\/6\/2022\/04\/agrund-tendencia-luva-barbie-ferreira-1.jpeg?fit=600%2C600&amp;ssl=1\" data-orig-size=\"600,600\" data-comments-opened=\"1\" data-image-meta=\"{&quot;aperture&quot;:&quot;0&quot;,&quot;credit&quot;:&quot;&quot;,&quot;camera&quot;:&quot;&quot;,&quot;caption&quot;:&quot;&quot;,&quot;created_timestamp&quot;:&quot;0&quot;,&quot;copyright&quot;:&quot;&quot;,&quot;focal_length&quot;:&quot;0&quot;,&quot;iso&quot;:&quot;0&quot;,&quot;shutter_speed&quot;:&quot;0&quot;,&quot;title&quot;:&quot;&quot;,&quot;orientation&quot;:&quot;1&quot;}\" data-image-title=\"agrund-tendencia-luva-barbie-ferreira-1\" data-image-description=\"\" data-image-caption=\"\" data-medium-file=\"https:\/\/i0.wp.com\/agrund.com\/wp-content\/uploads\/sites\/6\/2022\/04\/agrund-tendencia-luva-barbie-ferreira-1.jpeg?fit=300%2C300&amp;ssl=1\" data-large-file=\"https:\/\/i0.wp.com\/agrund.com\/wp-content\/uploads\/sites\/6\/2022\/04\/agrund-tendencia-luva-barbie-ferreira-1.jpeg?fit=600%2C600&amp;ssl=1\" decoding=\"async\" loading=\"lazy\" width=\"600\" height=\"600\" src=\"https:\/\/i0.wp.com\/agrund.com\/wp-content\/uploads\/sites\/6\/2022\/04\/agrund-tendencia-luva-barbie-ferreira-1.jpeg?resize=600%2C600&#038;ssl=1\" alt=\"\" class=\"wp-image-223036\" srcset=\"https:\/\/i0.wp.com\/agrund.com\/wp-content\/uploads\/sites\/6\/2022\/04\/agrund-tendencia-luva-barbie-ferreira-1.jpeg?w=600&amp;ssl=1 600w, https:\/\/i0.wp.com\/agrund.com\/wp-content\/uploads\/sites\/6\/2022\/04\/agrund-tendencia-luva-barbie-ferreira-1.jpeg?resize=300%2C300&amp;ssl=1 300w, https:\/\/i0.wp.com\/agrund.com\/wp-content\/uploads\/sites\/6\/2022\/04\/agrund-tendencia-luva-barbie-ferreira-1.jpeg?resize=150%2C150&amp;ssl=1 150w\" sizes=\"(max-width: 600px) 100vw, 600px\" data-recalc-dims=\"1\" \/><figcaption>Alerta de tend\u00eancia: As luvas voltaram!<\/figcaption><\/figure><\/div>\n\n\n\n<div class=\"wp-block-image\"><figure class=\"aligncenter size-full\"><img data-attachment-id=\"223037\" data-permalink=\"https:\/\/agrund.com\/index.php\/alerta-de-tendencia-as-luvas-voltaram\/agrund-tendencia-luva-billie-eilish\/\" data-orig-file=\"https:\/\/i0.wp.com\/agrund.com\/wp-content\/uploads\/sites\/6\/2022\/04\/agrund-tendencia-luva-billie-eilish.jpeg?fit=600%2C798&amp;ssl=1\" data-orig-size=\"600,798\" data-comments-opened=\"1\" data-image-meta=\"{&quot;aperture&quot;:&quot;0&quot;,&quot;credit&quot;:&quot;&quot;,&quot;camera&quot;:&quot;&quot;,&quot;caption&quot;:&quot;&quot;,&quot;created_timestamp&quot;:&quot;0&quot;,&quot;copyright&quot;:&quot;&quot;,&quot;focal_length&quot;:&quot;0&quot;,&quot;iso&quot;:&quot;0&quot;,&quot;shutter_speed&quot;:&quot;0&quot;,&quot;title&quot;:&quot;&quot;,&quot;orientation&quot;:&quot;1&quot;}\" data-image-title=\"agrund-tendencia-luva-billie-eilish\" data-image-description=\"\" data-image-caption=\"\" data-medium-file=\"https:\/\/i0.wp.com\/agrund.com\/wp-content\/uploads\/sites\/6\/2022\/04\/agrund-tendencia-luva-billie-eilish.jpeg?fit=226%2C300&amp;ssl=1\" data-large-file=\"https:\/\/i0.wp.com\/agrund.com\/wp-content\/uploads\/sites\/6\/2022\/04\/agrund-tendencia-luva-billie-eilish.jpeg?fit=600%2C798&amp;ssl=1\" decoding=\"async\" loading=\"lazy\" width=\"600\" height=\"798\" src=\"https:\/\/i0.wp.com\/agrund.com\/wp-content\/uploads\/sites\/6\/2022\/04\/agrund-tendencia-luva-billie-eilish.jpeg?resize=600%2C798&#038;ssl=1\" alt=\"\" class=\"wp-image-223037\" srcset=\"https:\/\/i0.wp.com\/agrund.com\/wp-content\/uploads\/sites\/6\/2022\/04\/agrund-tendencia-luva-billie-eilish.jpeg?w=600&amp;ssl=1 600w, https:\/\/i0.wp.com\/agrund.com\/wp-content\/uploads\/sites\/6\/2022\/04\/agrund-tendencia-luva-billie-eilish.jpeg?resize=226%2C300&amp;ssl=1 226w\" sizes=\"(max-width: 600px) 100vw, 600px\" data-recalc-dims=\"1\" \/><figcaption>Alerta de tend\u00eancia: As luvas voltaram!<\/figcaption><\/figure><\/div>\n\n\n\n<div class=\"wp-block-image\"><figure class=\"aligncenter size-full\"><img data-attachment-id=\"223038\" data-permalink=\"https:\/\/agrund.com\/index.php\/alerta-de-tendencia-as-luvas-voltaram\/agrund-tendencia-luva-dua-lipa\/\" data-orig-file=\"https:\/\/i0.wp.com\/agrund.com\/wp-content\/uploads\/sites\/6\/2022\/04\/agrund-tendencia-luva-dua-lipa.jpeg?fit=600%2C798&amp;ssl=1\" data-orig-size=\"600,798\" data-comments-opened=\"1\" data-image-meta=\"{&quot;aperture&quot;:&quot;0&quot;,&quot;credit&quot;:&quot;&quot;,&quot;camera&quot;:&quot;&quot;,&quot;caption&quot;:&quot;&quot;,&quot;created_timestamp&quot;:&quot;0&quot;,&quot;copyright&quot;:&quot;&quot;,&quot;focal_length&quot;:&quot;0&quot;,&quot;iso&quot;:&quot;0&quot;,&quot;shutter_speed&quot;:&quot;0&quot;,&quot;title&quot;:&quot;&quot;,&quot;orientation&quot;:&quot;1&quot;}\" data-image-title=\"agrund-tendencia-luva-dua-lipa\" data-image-description=\"\" data-image-caption=\"\" data-medium-file=\"https:\/\/i0.wp.com\/agrund.com\/wp-content\/uploads\/sites\/6\/2022\/04\/agrund-tendencia-luva-dua-lipa.jpeg?fit=226%2C300&amp;ssl=1\" data-large-file=\"https:\/\/i0.wp.com\/agrund.com\/wp-content\/uploads\/sites\/6\/2022\/04\/agrund-tendencia-luva-dua-lipa.jpeg?fit=600%2C798&amp;ssl=1\" decoding=\"async\" loading=\"lazy\" width=\"600\" height=\"798\" src=\"https:\/\/i0.wp.com\/agrund.com\/wp-content\/uploads\/sites\/6\/2022\/04\/agrund-tendencia-luva-dua-lipa.jpeg?resize=600%2C798&#038;ssl=1\" alt=\"\" class=\"wp-image-223038\" srcset=\"https:\/\/i0.wp.com\/agrund.com\/wp-content\/uploads\/sites\/6\/2022\/04\/agrund-tendencia-luva-dua-lipa.jpeg?w=600&amp;ssl=1 600w, https:\/\/i0.wp.com\/agrund.com\/wp-content\/uploads\/sites\/6\/2022\/04\/agrund-tendencia-luva-dua-lipa.jpeg?resize=226%2C300&amp;ssl=1 226w\" sizes=\"(max-width: 600px) 100vw, 600px\" data-recalc-dims=\"1\" \/><figcaption>Alerta de tend\u00eancia: As luvas voltaram!<\/figcaption><\/figure><\/div>\n\n\n\n<div class=\"wp-block-image\"><figure class=\"aligncenter size-full\"><img data-attachment-id=\"223039\" data-permalink=\"https:\/\/agrund.com\/index.php\/alerta-de-tendencia-as-luvas-voltaram\/agrund-tendencia-luva-rihanna\/\" data-orig-file=\"https:\/\/i0.wp.com\/agrund.com\/wp-content\/uploads\/sites\/6\/2022\/04\/agrund-tendencia-luva-rihanna.jpeg?fit=600%2C781&amp;ssl=1\" data-orig-size=\"600,781\" data-comments-opened=\"1\" data-image-meta=\"{&quot;aperture&quot;:&quot;0&quot;,&quot;credit&quot;:&quot;&quot;,&quot;camera&quot;:&quot;&quot;,&quot;caption&quot;:&quot;&quot;,&quot;created_timestamp&quot;:&quot;0&quot;,&quot;copyright&quot;:&quot;&quot;,&quot;focal_length&quot;:&quot;0&quot;,&quot;iso&quot;:&quot;0&quot;,&quot;shutter_speed&quot;:&quot;0&quot;,&quot;title&quot;:&quot;&quot;,&quot;orientation&quot;:&quot;1&quot;}\" data-image-title=\"agrund-tendencia-luva-rihanna\" data-image-description=\"\" data-image-caption=\"\" data-medium-file=\"https:\/\/i0.wp.com\/agrund.com\/wp-content\/uploads\/sites\/6\/2022\/04\/agrund-tendencia-luva-rihanna.jpeg?fit=230%2C300&amp;ssl=1\" data-large-file=\"https:\/\/i0.wp.com\/agrund.com\/wp-content\/uploads\/sites\/6\/2022\/04\/agrund-tendencia-luva-rihanna.jpeg?fit=600%2C781&amp;ssl=1\" decoding=\"async\" loading=\"lazy\" width=\"600\" height=\"781\" src=\"https:\/\/i0.wp.com\/agrund.com\/wp-content\/uploads\/sites\/6\/2022\/04\/agrund-tendencia-luva-rihanna.jpeg?resize=600%2C781&#038;ssl=1\" alt=\"\" class=\"wp-image-223039\" srcset=\"https:\/\/i0.wp.com\/agrund.com\/wp-content\/uploads\/sites\/6\/2022\/04\/agrund-tendencia-luva-rihanna.jpeg?w=600&amp;ssl=1 600w, https:\/\/i0.wp.com\/agrund.com\/wp-content\/uploads\/sites\/6\/2022\/04\/agrund-tendencia-luva-rihanna.jpeg?resize=230%2C300&amp;ssl=1 230w\" sizes=\"(max-width: 600px) 100vw, 600px\" data-recalc-dims=\"1\" \/><figcaption>Alerta de tend\u00eancia: As luvas voltaram!<\/figcaption><\/figure><\/div>\n\n\n\n<div class=\"wp-block-image\"><figure class=\"aligncenter size-full\"><img data-attachment-id=\"223040\" data-permalink=\"https:\/\/agrund.com\/index.php\/alerta-de-tendencia-as-luvas-voltaram\/agrund-tendencia-luva-pabblo-vittar\/\" data-orig-file=\"https:\/\/i0.wp.com\/agrund.com\/wp-content\/uploads\/sites\/6\/2022\/04\/agrund-tendencia-luva-pabblo-vittar.jpeg?fit=600%2C700&amp;ssl=1\" data-orig-size=\"600,700\" data-comments-opened=\"1\" data-image-meta=\"{&quot;aperture&quot;:&quot;0&quot;,&quot;credit&quot;:&quot;&quot;,&quot;camera&quot;:&quot;&quot;,&quot;caption&quot;:&quot;&quot;,&quot;created_timestamp&quot;:&quot;0&quot;,&quot;copyright&quot;:&quot;&quot;,&quot;focal_length&quot;:&quot;0&quot;,&quot;iso&quot;:&quot;0&quot;,&quot;shutter_speed&quot;:&quot;0&quot;,&quot;title&quot;:&quot;&quot;,&quot;orientation&quot;:&quot;0&quot;}\" data-image-title=\"agrund-tendencia-luva-pabblo-vittar\" data-image-description=\"\" data-image-caption=\"\" data-medium-file=\"https:\/\/i0.wp.com\/agrund.com\/wp-content\/uploads\/sites\/6\/2022\/04\/agrund-tendencia-luva-pabblo-vittar.jpeg?fit=257%2C300&amp;ssl=1\" data-large-file=\"https:\/\/i0.wp.com\/agrund.com\/wp-content\/uploads\/sites\/6\/2022\/04\/agrund-tendencia-luva-pabblo-vittar.jpeg?fit=600%2C700&amp;ssl=1\" decoding=\"async\" loading=\"lazy\" width=\"600\" height=\"700\" src=\"https:\/\/i0.wp.com\/agrund.com\/wp-content\/uploads\/sites\/6\/2022\/04\/agrund-tendencia-luva-pabblo-vittar.jpeg?resize=600%2C700&#038;ssl=1\" alt=\"\" class=\"wp-image-223040\" srcset=\"https:\/\/i0.wp.com\/agrund.com\/wp-content\/uploads\/sites\/6\/2022\/04\/agrund-tendencia-luva-pabblo-vittar.jpeg?w=600&amp;ssl=1 600w, https:\/\/i0.wp.com\/agrund.com\/wp-content\/uploads\/sites\/6\/2022\/04\/agrund-tendencia-luva-pabblo-vittar.jpeg?resize=257%2C300&amp;ssl=1 257w\" sizes=\"(max-width: 600px) 100vw, 600px\" data-recalc-dims=\"1\" \/><figcaption>Alerta de tend\u00eancia: As luvas voltaram!<\/figcaption><\/figure><\/div>\n\n\n\n<div class=\"wp-block-image\"><figure class=\"aligncenter size-full\"><img data-attachment-id=\"223041\" data-permalink=\"https:\/\/agrund.com\/index.php\/alerta-de-tendencia-as-luvas-voltaram\/agrund-tendencia-luva-kim-kardashian\/\" data-orig-file=\"https:\/\/i0.wp.com\/agrund.com\/wp-content\/uploads\/sites\/6\/2022\/04\/agrund-tendencia-luva-kim-kardashian.jpeg?fit=600%2C827&amp;ssl=1\" data-orig-size=\"600,827\" data-comments-opened=\"1\" data-image-meta=\"{&quot;aperture&quot;:&quot;0&quot;,&quot;credit&quot;:&quot;&quot;,&quot;camera&quot;:&quot;&quot;,&quot;caption&quot;:&quot;&quot;,&quot;created_timestamp&quot;:&quot;0&quot;,&quot;copyright&quot;:&quot;&quot;,&quot;focal_length&quot;:&quot;0&quot;,&quot;iso&quot;:&quot;0&quot;,&quot;shutter_speed&quot;:&quot;0&quot;,&quot;title&quot;:&quot;&quot;,&quot;orientation&quot;:&quot;1&quot;}\" data-image-title=\"agrund-tendencia-luva-kim-kardashian\" data-image-description=\"\" data-image-caption=\"\" data-medium-file=\"https:\/\/i0.wp.com\/agrund.com\/wp-content\/uploads\/sites\/6\/2022\/04\/agrund-tendencia-luva-kim-kardashian.jpeg?fit=218%2C300&amp;ssl=1\" data-large-file=\"https:\/\/i0.wp.com\/agrund.com\/wp-content\/uploads\/sites\/6\/2022\/04\/agrund-tendencia-luva-kim-kardashian.jpeg?fit=600%2C827&amp;ssl=1\" decoding=\"async\" loading=\"lazy\" width=\"600\" height=\"827\" src=\"https:\/\/i0.wp.com\/agrund.com\/wp-content\/uploads\/sites\/6\/2022\/04\/agrund-tendencia-luva-kim-kardashian.jpeg?resize=600%2C827&#038;ssl=1\" alt=\"\" class=\"wp-image-223041\" srcset=\"https:\/\/i0.wp.com\/agrund.com\/wp-content\/uploads\/sites\/6\/2022\/04\/agrund-tendencia-luva-kim-kardashian.jpeg?w=600&amp;ssl=1 600w, https:\/\/i0.wp.com\/agrund.com\/wp-content\/uploads\/sites\/6\/2022\/04\/agrund-tendencia-luva-kim-kardashian.jpeg?resize=218%2C300&amp;ssl=1 218w\" sizes=\"(max-width: 600px) 100vw, 600px\" data-recalc-dims=\"1\" \/><figcaption>Alerta de tend\u00eancia: As luvas voltaram!<\/figcaption><\/figure><\/div>\n\n\n\n<p>Fotos: Reprodu\u00e7\u00e3o\/ Pinterest. <\/p>\n","protected":false},"excerpt":{"rendered":"<p>Talvez voc\u00ea j\u00e1 tenha percebido que muitas das tend\u00eancias de 2022 t\u00eam um toque dram\u00e1tico e sensual, como por exemplo, o estilo g\u00f3tico e os cabelos espetados que vimos no Grammy 2022. Nas \u00faltimas semanas reparamos que um acess\u00f3rio com essas refer\u00eancias vem fazendo sucesso entre as celebridades e fashionistas. Estamos falando das luvas! Calma, [&hellip;]<\/p>\n","protected":false},"author":8,"featured_media":223042,"comment_status":"open","ping_status":"open","sticky":false,"template":"","format":"standard","meta":{"jetpack_post_was_ever_published":false,"_jetpack_newsletter_access":"","jetpack_publicize_message":"","jetpack_is_tweetstorm":false,"jetpack_publicize_feature_enabled":true,"jetpack_social_post_already_shared":true,"jetpack_social_options":{"image_generator_settings":{"template":"highway","enabled":false}}},"categories":[2],"tags":[395,375,423,347,438,3203,3204,67,525,424,813,69,1196,862],"jetpack_publicize_connections":[],"jetpack_featured_media_url":"https:\/\/i0.wp.com\/agrund.com\/wp-content\/uploads\/sites\/6\/2022\/04\/s-8.jpg?fit=960%2C300&ssl=1","jetpack_sharing_enabled":true,"jetpack_shortlink":"https:\/\/wp.me\/p3Hz0n-W1j","jetpack_likes_enabled":true,"_links":{"self":[{"href":"https:\/\/agrund.com\/index.php\/wp-json\/wp\/v2\/posts\/223033"}],"collection":[{"href":"https:\/\/agrund.com\/index.php\/wp-json\/wp\/v2\/posts"}],"about":[{"href":"https:\/\/agrund.com\/index.php\/wp-json\/wp\/v2\/types\/post"}],"author":[{"embeddable":true,"href":"https:\/\/agrund.com\/index.php\/wp-json\/wp\/v2\/users\/8"}],"replies":[{"embeddable":true,"href":"https:\/\/agrund.com\/index.php\/wp-json\/wp\/v2\/comments?post=223033"}],"version-history":[{"count":1,"href":"https:\/\/agrund.com\/index.php\/wp-json\/wp\/v2\/posts\/223033\/revisions"}],"predecessor-version":[{"id":223043,"href":"https:\/\/agrund.com\/index.php\/wp-json\/wp\/v2\/posts\/223033\/revisions\/223043"}],"wp:featuredmedia":[{"embeddable":true,"href":"https:\/\/agrund.com\/index.php\/wp-json\/wp\/v2\/media\/223042"}],"wp:attachment":[{"href":"https:\/\/agrund.com\/index.php\/wp-json\/wp\/v2\/media?parent=223033"}],"wp:term":[{"taxonomy":"category","embeddable":true,"href":"https:\/\/agrund.com\/index.php\/wp-json\/wp\/v2\/categories?post=223033"},{"taxonomy":"post_tag","embeddable":true,"href":"https:\/\/agrund.com\/index.php\/wp-json\/wp\/v2\/tags?post=223033"}],"curies":[{"name":"wp","href":"https:\/\/api.w.org\/{rel}","templated":true}]}}