{"id":223017,"date":"2022-04-11T15:00:00","date_gmt":"2022-04-11T18:00:00","guid":{"rendered":"https:\/\/agrund.com\/?p=223017"},"modified":"2022-04-11T16:48:30","modified_gmt":"2022-04-11T19:48:30","slug":"de-louis-vuitton-a-balenciaga-confira-as-novas-campanhas","status":"publish","type":"post","link":"https:\/\/agrund.com\/index.php\/de-louis-vuitton-a-balenciaga-confira-as-novas-campanhas\/","title":{"rendered":"De Louis Vuitton a Balenciaga: Confira as novas campanhas"},"content":{"rendered":"\n<p>Estamos de olho nas campanhas mais recentes que foram lan\u00e7adas e decidimos fazer um compilado com aquelas que mais amamos! Para come\u00e7ar, hoje \u00e9 dia de mostrar pra voc\u00ea os lan\u00e7amentos da Balenciaga, Louis Vuitton e Burberry.<\/p>\n\n\n\n<p>Uma curiosidade: Todas as campanhas apresentam novas bolsas das marcas e suas estrelas s\u00e3o celebridades muito conhecidas. Confira:<br><\/p>\n\n\n\n<p><strong>Balenciaga<\/strong><\/p>\n\n\n\n<p>Kim Kardashian est\u00e1 de volta \u00e0 Balenciaga para apresentar as novas pe\u00e7as da cole\u00e7\u00e3o primavera 2022. No clique divulgado, ela faz uma selfie enquanto veste um moletom vermelho com z\u00edper e capuz, a Pantaleggings pink e a nova bolsa Le Cagole XS Shoulder Bag em um tom de rosa pastel. Amamos a combina\u00e7\u00e3o de rosa com vermelho! E voc\u00ea?<br><\/p>\n\n\n\n<div class=\"wp-block-image\"><figure class=\"aligncenter size-full\"><img data-attachment-id=\"223018\" data-permalink=\"https:\/\/agrund.com\/index.php\/de-louis-vuitton-a-balenciaga-confira-as-novas-campanhas\/agrund-balenciaga-kim-kardashian-1\/\" data-orig-file=\"https:\/\/i0.wp.com\/agrund.com\/wp-content\/uploads\/sites\/6\/2022\/04\/agrund-balenciaga-kim-kardashian-1.jpg?fit=600%2C599&amp;ssl=1\" data-orig-size=\"600,599\" data-comments-opened=\"1\" data-image-meta=\"{&quot;aperture&quot;:&quot;0&quot;,&quot;credit&quot;:&quot;&quot;,&quot;camera&quot;:&quot;&quot;,&quot;caption&quot;:&quot;&quot;,&quot;created_timestamp&quot;:&quot;0&quot;,&quot;copyright&quot;:&quot;&quot;,&quot;focal_length&quot;:&quot;0&quot;,&quot;iso&quot;:&quot;0&quot;,&quot;shutter_speed&quot;:&quot;0&quot;,&quot;title&quot;:&quot;&quot;,&quot;orientation&quot;:&quot;0&quot;}\" data-image-title=\"agrund-balenciaga-kim-kardashian-1\" data-image-description=\"\" data-image-caption=\"\" data-medium-file=\"https:\/\/i0.wp.com\/agrund.com\/wp-content\/uploads\/sites\/6\/2022\/04\/agrund-balenciaga-kim-kardashian-1.jpg?fit=300%2C300&amp;ssl=1\" data-large-file=\"https:\/\/i0.wp.com\/agrund.com\/wp-content\/uploads\/sites\/6\/2022\/04\/agrund-balenciaga-kim-kardashian-1.jpg?fit=600%2C599&amp;ssl=1\" decoding=\"async\" loading=\"lazy\" width=\"600\" height=\"599\" src=\"https:\/\/i0.wp.com\/agrund.com\/wp-content\/uploads\/sites\/6\/2022\/04\/agrund-balenciaga-kim-kardashian-1.jpg?resize=600%2C599&#038;ssl=1\" alt=\"\" class=\"wp-image-223018\" srcset=\"https:\/\/i0.wp.com\/agrund.com\/wp-content\/uploads\/sites\/6\/2022\/04\/agrund-balenciaga-kim-kardashian-1.jpg?w=600&amp;ssl=1 600w, https:\/\/i0.wp.com\/agrund.com\/wp-content\/uploads\/sites\/6\/2022\/04\/agrund-balenciaga-kim-kardashian-1.jpg?resize=300%2C300&amp;ssl=1 300w, https:\/\/i0.wp.com\/agrund.com\/wp-content\/uploads\/sites\/6\/2022\/04\/agrund-balenciaga-kim-kardashian-1.jpg?resize=150%2C150&amp;ssl=1 150w\" sizes=\"(max-width: 600px) 100vw, 600px\" data-recalc-dims=\"1\" \/><figcaption>De Louis Vuitton a Balenciaga: Confira as novas campanhas<\/figcaption><\/figure><\/div>\n\n\n\n<div class=\"wp-block-image\"><figure class=\"aligncenter size-full\"><img data-attachment-id=\"223019\" data-permalink=\"https:\/\/agrund.com\/index.php\/de-louis-vuitton-a-balenciaga-confira-as-novas-campanhas\/agrund-balenciaga-kim-kardashian-2\/\" data-orig-file=\"https:\/\/i0.wp.com\/agrund.com\/wp-content\/uploads\/sites\/6\/2022\/04\/agrund-balenciaga-kim-kardashian-2.jpg?fit=600%2C600&amp;ssl=1\" data-orig-size=\"600,600\" data-comments-opened=\"1\" data-image-meta=\"{&quot;aperture&quot;:&quot;0&quot;,&quot;credit&quot;:&quot;&quot;,&quot;camera&quot;:&quot;&quot;,&quot;caption&quot;:&quot;&quot;,&quot;created_timestamp&quot;:&quot;0&quot;,&quot;copyright&quot;:&quot;&quot;,&quot;focal_length&quot;:&quot;0&quot;,&quot;iso&quot;:&quot;0&quot;,&quot;shutter_speed&quot;:&quot;0&quot;,&quot;title&quot;:&quot;&quot;,&quot;orientation&quot;:&quot;0&quot;}\" data-image-title=\"agrund-balenciaga-kim-kardashian-2\" data-image-description=\"\" data-image-caption=\"\" data-medium-file=\"https:\/\/i0.wp.com\/agrund.com\/wp-content\/uploads\/sites\/6\/2022\/04\/agrund-balenciaga-kim-kardashian-2.jpg?fit=300%2C300&amp;ssl=1\" data-large-file=\"https:\/\/i0.wp.com\/agrund.com\/wp-content\/uploads\/sites\/6\/2022\/04\/agrund-balenciaga-kim-kardashian-2.jpg?fit=600%2C600&amp;ssl=1\" decoding=\"async\" loading=\"lazy\" width=\"600\" height=\"600\" src=\"https:\/\/i0.wp.com\/agrund.com\/wp-content\/uploads\/sites\/6\/2022\/04\/agrund-balenciaga-kim-kardashian-2.jpg?resize=600%2C600&#038;ssl=1\" alt=\"\" class=\"wp-image-223019\" srcset=\"https:\/\/i0.wp.com\/agrund.com\/wp-content\/uploads\/sites\/6\/2022\/04\/agrund-balenciaga-kim-kardashian-2.jpg?w=600&amp;ssl=1 600w, https:\/\/i0.wp.com\/agrund.com\/wp-content\/uploads\/sites\/6\/2022\/04\/agrund-balenciaga-kim-kardashian-2.jpg?resize=300%2C300&amp;ssl=1 300w, https:\/\/i0.wp.com\/agrund.com\/wp-content\/uploads\/sites\/6\/2022\/04\/agrund-balenciaga-kim-kardashian-2.jpg?resize=150%2C150&amp;ssl=1 150w\" sizes=\"(max-width: 600px) 100vw, 600px\" data-recalc-dims=\"1\" \/><figcaption>De Louis Vuitton a Balenciaga: Confira as novas campanhas<\/figcaption><\/figure><\/div>\n\n\n\n<p><strong>Louis Vuitton<\/strong><\/p>\n\n\n\n<p>A Louis Vuitton convocou Miranda Kerr para estrelar a nova campanha da sua bolsa Capucines 2022. Com looks recheados de refer\u00eancias dos anos 1970, a modelo posou na Sheats\u2013Goldstein House, em Los Angeles, na quadra de t\u00eanis e ao lado de um carro vintage.<br><\/p>\n\n\n\n<p>As novas vers\u00f5es da Capucines chegam em tons de verde, c\u00e1qui, branco e rosa, com diferentes estampas do monograma, texturas e uma al\u00e7a em vidro.<\/p>\n\n\n\n<div class=\"wp-block-image\"><figure class=\"aligncenter size-full\"><img data-attachment-id=\"223020\" data-permalink=\"https:\/\/agrund.com\/index.php\/de-louis-vuitton-a-balenciaga-confira-as-novas-campanhas\/agrund-miranda-kerr-louis-vuitton-capucines-bag-2022-2\/\" data-orig-file=\"https:\/\/i0.wp.com\/agrund.com\/wp-content\/uploads\/sites\/6\/2022\/04\/agrund-Miranda-Kerr-Louis-Vuitton-Capucines-Bag-2022-2.jpeg?fit=600%2C750&amp;ssl=1\" data-orig-size=\"600,750\" data-comments-opened=\"1\" data-image-meta=\"{&quot;aperture&quot;:&quot;0&quot;,&quot;credit&quot;:&quot;&quot;,&quot;camera&quot;:&quot;&quot;,&quot;caption&quot;:&quot;&quot;,&quot;created_timestamp&quot;:&quot;0&quot;,&quot;copyright&quot;:&quot;&quot;,&quot;focal_length&quot;:&quot;0&quot;,&quot;iso&quot;:&quot;0&quot;,&quot;shutter_speed&quot;:&quot;0&quot;,&quot;title&quot;:&quot;&quot;,&quot;orientation&quot;:&quot;1&quot;}\" data-image-title=\"agrund-Miranda-Kerr-Louis-Vuitton-Capucines-Bag-2022-2\" data-image-description=\"\" data-image-caption=\"\" data-medium-file=\"https:\/\/i0.wp.com\/agrund.com\/wp-content\/uploads\/sites\/6\/2022\/04\/agrund-Miranda-Kerr-Louis-Vuitton-Capucines-Bag-2022-2.jpeg?fit=240%2C300&amp;ssl=1\" data-large-file=\"https:\/\/i0.wp.com\/agrund.com\/wp-content\/uploads\/sites\/6\/2022\/04\/agrund-Miranda-Kerr-Louis-Vuitton-Capucines-Bag-2022-2.jpeg?fit=600%2C750&amp;ssl=1\" decoding=\"async\" loading=\"lazy\" width=\"600\" height=\"750\" src=\"https:\/\/i0.wp.com\/agrund.com\/wp-content\/uploads\/sites\/6\/2022\/04\/agrund-Miranda-Kerr-Louis-Vuitton-Capucines-Bag-2022-2.jpeg?resize=600%2C750&#038;ssl=1\" alt=\"\" class=\"wp-image-223020\" srcset=\"https:\/\/i0.wp.com\/agrund.com\/wp-content\/uploads\/sites\/6\/2022\/04\/agrund-Miranda-Kerr-Louis-Vuitton-Capucines-Bag-2022-2.jpeg?w=600&amp;ssl=1 600w, https:\/\/i0.wp.com\/agrund.com\/wp-content\/uploads\/sites\/6\/2022\/04\/agrund-Miranda-Kerr-Louis-Vuitton-Capucines-Bag-2022-2.jpeg?resize=240%2C300&amp;ssl=1 240w\" sizes=\"(max-width: 600px) 100vw, 600px\" data-recalc-dims=\"1\" \/><figcaption>De Louis Vuitton a Balenciaga: Confira as novas campanhas<\/figcaption><\/figure><\/div>\n\n\n\n<div class=\"wp-block-image\"><figure class=\"aligncenter size-full\"><img data-attachment-id=\"223021\" data-permalink=\"https:\/\/agrund.com\/index.php\/de-louis-vuitton-a-balenciaga-confira-as-novas-campanhas\/agrund-miranda-kerr-louis-vuitton-capucines-bag-2022-3\/\" data-orig-file=\"https:\/\/i0.wp.com\/agrund.com\/wp-content\/uploads\/sites\/6\/2022\/04\/agrund-Miranda-Kerr-Louis-Vuitton-Capucines-Bag-2022-3.jpeg?fit=600%2C750&amp;ssl=1\" data-orig-size=\"600,750\" data-comments-opened=\"1\" data-image-meta=\"{&quot;aperture&quot;:&quot;0&quot;,&quot;credit&quot;:&quot;&quot;,&quot;camera&quot;:&quot;&quot;,&quot;caption&quot;:&quot;&quot;,&quot;created_timestamp&quot;:&quot;0&quot;,&quot;copyright&quot;:&quot;&quot;,&quot;focal_length&quot;:&quot;0&quot;,&quot;iso&quot;:&quot;0&quot;,&quot;shutter_speed&quot;:&quot;0&quot;,&quot;title&quot;:&quot;&quot;,&quot;orientation&quot;:&quot;1&quot;}\" data-image-title=\"agrund-Miranda-Kerr-Louis-Vuitton-Capucines-Bag-2022-3\" data-image-description=\"\" data-image-caption=\"\" data-medium-file=\"https:\/\/i0.wp.com\/agrund.com\/wp-content\/uploads\/sites\/6\/2022\/04\/agrund-Miranda-Kerr-Louis-Vuitton-Capucines-Bag-2022-3.jpeg?fit=240%2C300&amp;ssl=1\" data-large-file=\"https:\/\/i0.wp.com\/agrund.com\/wp-content\/uploads\/sites\/6\/2022\/04\/agrund-Miranda-Kerr-Louis-Vuitton-Capucines-Bag-2022-3.jpeg?fit=600%2C750&amp;ssl=1\" decoding=\"async\" loading=\"lazy\" width=\"600\" height=\"750\" src=\"https:\/\/i0.wp.com\/agrund.com\/wp-content\/uploads\/sites\/6\/2022\/04\/agrund-Miranda-Kerr-Louis-Vuitton-Capucines-Bag-2022-3.jpeg?resize=600%2C750&#038;ssl=1\" alt=\"\" class=\"wp-image-223021\" srcset=\"https:\/\/i0.wp.com\/agrund.com\/wp-content\/uploads\/sites\/6\/2022\/04\/agrund-Miranda-Kerr-Louis-Vuitton-Capucines-Bag-2022-3.jpeg?w=600&amp;ssl=1 600w, https:\/\/i0.wp.com\/agrund.com\/wp-content\/uploads\/sites\/6\/2022\/04\/agrund-Miranda-Kerr-Louis-Vuitton-Capucines-Bag-2022-3.jpeg?resize=240%2C300&amp;ssl=1 240w\" sizes=\"(max-width: 600px) 100vw, 600px\" data-recalc-dims=\"1\" \/><figcaption>De Louis Vuitton a Balenciaga: Confira as novas campanhas<\/figcaption><\/figure><\/div>\n\n\n\n<div class=\"wp-block-image\"><figure class=\"aligncenter size-full\"><img data-attachment-id=\"223022\" data-permalink=\"https:\/\/agrund.com\/index.php\/de-louis-vuitton-a-balenciaga-confira-as-novas-campanhas\/agrund-miranda-kerr-louis-vuitton-capucines-bag-2022-5\/\" data-orig-file=\"https:\/\/i0.wp.com\/agrund.com\/wp-content\/uploads\/sites\/6\/2022\/04\/agrund-Miranda-Kerr-Louis-Vuitton-Capucines-Bag-2022-5.jpeg?fit=600%2C750&amp;ssl=1\" data-orig-size=\"600,750\" data-comments-opened=\"1\" data-image-meta=\"{&quot;aperture&quot;:&quot;0&quot;,&quot;credit&quot;:&quot;&quot;,&quot;camera&quot;:&quot;&quot;,&quot;caption&quot;:&quot;&quot;,&quot;created_timestamp&quot;:&quot;0&quot;,&quot;copyright&quot;:&quot;&quot;,&quot;focal_length&quot;:&quot;0&quot;,&quot;iso&quot;:&quot;0&quot;,&quot;shutter_speed&quot;:&quot;0&quot;,&quot;title&quot;:&quot;&quot;,&quot;orientation&quot;:&quot;1&quot;}\" data-image-title=\"agrund-Miranda-Kerr-Louis-Vuitton-Capucines-Bag-2022-5\" data-image-description=\"\" data-image-caption=\"\" data-medium-file=\"https:\/\/i0.wp.com\/agrund.com\/wp-content\/uploads\/sites\/6\/2022\/04\/agrund-Miranda-Kerr-Louis-Vuitton-Capucines-Bag-2022-5.jpeg?fit=240%2C300&amp;ssl=1\" data-large-file=\"https:\/\/i0.wp.com\/agrund.com\/wp-content\/uploads\/sites\/6\/2022\/04\/agrund-Miranda-Kerr-Louis-Vuitton-Capucines-Bag-2022-5.jpeg?fit=600%2C750&amp;ssl=1\" decoding=\"async\" loading=\"lazy\" width=\"600\" height=\"750\" src=\"https:\/\/i0.wp.com\/agrund.com\/wp-content\/uploads\/sites\/6\/2022\/04\/agrund-Miranda-Kerr-Louis-Vuitton-Capucines-Bag-2022-5.jpeg?resize=600%2C750&#038;ssl=1\" alt=\"\" class=\"wp-image-223022\" srcset=\"https:\/\/i0.wp.com\/agrund.com\/wp-content\/uploads\/sites\/6\/2022\/04\/agrund-Miranda-Kerr-Louis-Vuitton-Capucines-Bag-2022-5.jpeg?w=600&amp;ssl=1 600w, https:\/\/i0.wp.com\/agrund.com\/wp-content\/uploads\/sites\/6\/2022\/04\/agrund-Miranda-Kerr-Louis-Vuitton-Capucines-Bag-2022-5.jpeg?resize=240%2C300&amp;ssl=1 240w\" sizes=\"(max-width: 600px) 100vw, 600px\" data-recalc-dims=\"1\" \/><figcaption>De Louis Vuitton a Balenciaga: Confira as novas campanhas<\/figcaption><\/figure><\/div>\n\n\n\n<div class=\"wp-block-image\"><figure class=\"aligncenter size-full\"><img data-attachment-id=\"223023\" data-permalink=\"https:\/\/agrund.com\/index.php\/de-louis-vuitton-a-balenciaga-confira-as-novas-campanhas\/agrund-miranda-kerr-louis-vuitton-capucines-bag-2022-1\/\" data-orig-file=\"https:\/\/i0.wp.com\/agrund.com\/wp-content\/uploads\/sites\/6\/2022\/04\/agrund-Miranda-Kerr-Louis-Vuitton-Capucines-Bag-2022-1.jpeg?fit=600%2C750&amp;ssl=1\" data-orig-size=\"600,750\" data-comments-opened=\"1\" data-image-meta=\"{&quot;aperture&quot;:&quot;0&quot;,&quot;credit&quot;:&quot;&quot;,&quot;camera&quot;:&quot;&quot;,&quot;caption&quot;:&quot;&quot;,&quot;created_timestamp&quot;:&quot;0&quot;,&quot;copyright&quot;:&quot;&quot;,&quot;focal_length&quot;:&quot;0&quot;,&quot;iso&quot;:&quot;0&quot;,&quot;shutter_speed&quot;:&quot;0&quot;,&quot;title&quot;:&quot;&quot;,&quot;orientation&quot;:&quot;1&quot;}\" data-image-title=\"agrund-Miranda-Kerr-Louis-Vuitton-Capucines-Bag-2022-1\" data-image-description=\"\" data-image-caption=\"\" data-medium-file=\"https:\/\/i0.wp.com\/agrund.com\/wp-content\/uploads\/sites\/6\/2022\/04\/agrund-Miranda-Kerr-Louis-Vuitton-Capucines-Bag-2022-1.jpeg?fit=240%2C300&amp;ssl=1\" data-large-file=\"https:\/\/i0.wp.com\/agrund.com\/wp-content\/uploads\/sites\/6\/2022\/04\/agrund-Miranda-Kerr-Louis-Vuitton-Capucines-Bag-2022-1.jpeg?fit=600%2C750&amp;ssl=1\" decoding=\"async\" loading=\"lazy\" width=\"600\" height=\"750\" src=\"https:\/\/i0.wp.com\/agrund.com\/wp-content\/uploads\/sites\/6\/2022\/04\/agrund-Miranda-Kerr-Louis-Vuitton-Capucines-Bag-2022-1.jpeg?resize=600%2C750&#038;ssl=1\" alt=\"\" class=\"wp-image-223023\" srcset=\"https:\/\/i0.wp.com\/agrund.com\/wp-content\/uploads\/sites\/6\/2022\/04\/agrund-Miranda-Kerr-Louis-Vuitton-Capucines-Bag-2022-1.jpeg?w=600&amp;ssl=1 600w, https:\/\/i0.wp.com\/agrund.com\/wp-content\/uploads\/sites\/6\/2022\/04\/agrund-Miranda-Kerr-Louis-Vuitton-Capucines-Bag-2022-1.jpeg?resize=240%2C300&amp;ssl=1 240w\" sizes=\"(max-width: 600px) 100vw, 600px\" data-recalc-dims=\"1\" \/><figcaption>De Louis Vuitton a Balenciaga: Confira as novas campanhas<\/figcaption><\/figure><\/div>\n\n\n\n<div class=\"wp-block-image\"><figure class=\"aligncenter size-full\"><img data-attachment-id=\"223024\" data-permalink=\"https:\/\/agrund.com\/index.php\/de-louis-vuitton-a-balenciaga-confira-as-novas-campanhas\/agrund-miranda-kerr-louis-vuitton-capucines-bag-2022-4\/\" data-orig-file=\"https:\/\/i0.wp.com\/agrund.com\/wp-content\/uploads\/sites\/6\/2022\/04\/agrund-Miranda-Kerr-Louis-Vuitton-Capucines-Bag-2022-4.jpeg?fit=600%2C750&amp;ssl=1\" data-orig-size=\"600,750\" data-comments-opened=\"1\" data-image-meta=\"{&quot;aperture&quot;:&quot;0&quot;,&quot;credit&quot;:&quot;&quot;,&quot;camera&quot;:&quot;&quot;,&quot;caption&quot;:&quot;&quot;,&quot;created_timestamp&quot;:&quot;0&quot;,&quot;copyright&quot;:&quot;&quot;,&quot;focal_length&quot;:&quot;0&quot;,&quot;iso&quot;:&quot;0&quot;,&quot;shutter_speed&quot;:&quot;0&quot;,&quot;title&quot;:&quot;&quot;,&quot;orientation&quot;:&quot;1&quot;}\" data-image-title=\"agrund-Miranda-Kerr-Louis-Vuitton-Capucines-Bag-2022-4\" data-image-description=\"\" data-image-caption=\"\" data-medium-file=\"https:\/\/i0.wp.com\/agrund.com\/wp-content\/uploads\/sites\/6\/2022\/04\/agrund-Miranda-Kerr-Louis-Vuitton-Capucines-Bag-2022-4.jpeg?fit=240%2C300&amp;ssl=1\" data-large-file=\"https:\/\/i0.wp.com\/agrund.com\/wp-content\/uploads\/sites\/6\/2022\/04\/agrund-Miranda-Kerr-Louis-Vuitton-Capucines-Bag-2022-4.jpeg?fit=600%2C750&amp;ssl=1\" decoding=\"async\" loading=\"lazy\" width=\"600\" height=\"750\" src=\"https:\/\/i0.wp.com\/agrund.com\/wp-content\/uploads\/sites\/6\/2022\/04\/agrund-Miranda-Kerr-Louis-Vuitton-Capucines-Bag-2022-4.jpeg?resize=600%2C750&#038;ssl=1\" alt=\"\" class=\"wp-image-223024\" srcset=\"https:\/\/i0.wp.com\/agrund.com\/wp-content\/uploads\/sites\/6\/2022\/04\/agrund-Miranda-Kerr-Louis-Vuitton-Capucines-Bag-2022-4.jpeg?w=600&amp;ssl=1 600w, https:\/\/i0.wp.com\/agrund.com\/wp-content\/uploads\/sites\/6\/2022\/04\/agrund-Miranda-Kerr-Louis-Vuitton-Capucines-Bag-2022-4.jpeg?resize=240%2C300&amp;ssl=1 240w\" sizes=\"(max-width: 600px) 100vw, 600px\" data-recalc-dims=\"1\" \/><figcaption>De Louis Vuitton a Balenciaga: Confira as novas campanhas<\/figcaption><\/figure><\/div>\n\n\n\n<p><strong>Burberry<\/strong><\/p>\n\n\n\n<p>Finalizando as novidades, a Burberry acaba de nos apresentar a Lola bag. Bella Hadid, Lourdes Leon, Jourdan Dunn e Elle Richards estrelam a campanha do acess\u00f3rio. Nos cliques elas possam em cavalos, que a princ\u00edpio parecem reais, mas quando diminuem o zoom da imagem vemos que \u00e9 um animal mec\u00e2nico, criado especialmente para a campanha pela Torso Solutions.<\/p>\n\n\n\n<p>Em tamanho m\u00e9dio e al\u00e7a transversal, a Lola \u00e9 confeccionada em couro de cordeiro e chega \u00e0s lojas nas cores baunilha, preto e caramelo.<\/p>\n\n\n\n<div class=\"wp-block-image\"><figure class=\"aligncenter size-full\"><img data-attachment-id=\"223025\" data-permalink=\"https:\/\/agrund.com\/index.php\/de-louis-vuitton-a-balenciaga-confira-as-novas-campanhas\/agrund-bella-hadid-burberry-lola-bag-1\/\" data-orig-file=\"https:\/\/i0.wp.com\/agrund.com\/wp-content\/uploads\/sites\/6\/2022\/04\/agrund-Bella-Hadid-Burberry-Lola-Bag-1.jpeg?fit=600%2C900&amp;ssl=1\" data-orig-size=\"600,900\" data-comments-opened=\"1\" data-image-meta=\"{&quot;aperture&quot;:&quot;0&quot;,&quot;credit&quot;:&quot;&quot;,&quot;camera&quot;:&quot;&quot;,&quot;caption&quot;:&quot;&quot;,&quot;created_timestamp&quot;:&quot;0&quot;,&quot;copyright&quot;:&quot;&quot;,&quot;focal_length&quot;:&quot;0&quot;,&quot;iso&quot;:&quot;0&quot;,&quot;shutter_speed&quot;:&quot;0&quot;,&quot;title&quot;:&quot;&quot;,&quot;orientation&quot;:&quot;1&quot;}\" data-image-title=\"agrund-Bella-Hadid-Burberry-Lola-Bag-1\" data-image-description=\"\" data-image-caption=\"\" data-medium-file=\"https:\/\/i0.wp.com\/agrund.com\/wp-content\/uploads\/sites\/6\/2022\/04\/agrund-Bella-Hadid-Burberry-Lola-Bag-1.jpeg?fit=200%2C300&amp;ssl=1\" data-large-file=\"https:\/\/i0.wp.com\/agrund.com\/wp-content\/uploads\/sites\/6\/2022\/04\/agrund-Bella-Hadid-Burberry-Lola-Bag-1.jpeg?fit=600%2C900&amp;ssl=1\" decoding=\"async\" loading=\"lazy\" width=\"600\" height=\"900\" src=\"https:\/\/i0.wp.com\/agrund.com\/wp-content\/uploads\/sites\/6\/2022\/04\/agrund-Bella-Hadid-Burberry-Lola-Bag-1.jpeg?resize=600%2C900&#038;ssl=1\" alt=\"\" class=\"wp-image-223025\" srcset=\"https:\/\/i0.wp.com\/agrund.com\/wp-content\/uploads\/sites\/6\/2022\/04\/agrund-Bella-Hadid-Burberry-Lola-Bag-1.jpeg?w=600&amp;ssl=1 600w, https:\/\/i0.wp.com\/agrund.com\/wp-content\/uploads\/sites\/6\/2022\/04\/agrund-Bella-Hadid-Burberry-Lola-Bag-1.jpeg?resize=200%2C300&amp;ssl=1 200w\" sizes=\"(max-width: 600px) 100vw, 600px\" data-recalc-dims=\"1\" \/><figcaption>De Louis Vuitton a Balenciaga: Confira as novas campanhas<\/figcaption><\/figure><\/div>\n\n\n\n<div class=\"wp-block-image\"><figure class=\"aligncenter size-full\"><img data-attachment-id=\"223026\" data-permalink=\"https:\/\/agrund.com\/index.php\/de-louis-vuitton-a-balenciaga-confira-as-novas-campanhas\/agrund-bella-hadid-burberry-lola-bag-2\/\" data-orig-file=\"https:\/\/i0.wp.com\/agrund.com\/wp-content\/uploads\/sites\/6\/2022\/04\/agrund-Bella-Hadid-Burberry-Lola-Bag-2.jpeg?fit=600%2C900&amp;ssl=1\" data-orig-size=\"600,900\" data-comments-opened=\"1\" data-image-meta=\"{&quot;aperture&quot;:&quot;0&quot;,&quot;credit&quot;:&quot;&quot;,&quot;camera&quot;:&quot;&quot;,&quot;caption&quot;:&quot;&quot;,&quot;created_timestamp&quot;:&quot;0&quot;,&quot;copyright&quot;:&quot;&quot;,&quot;focal_length&quot;:&quot;0&quot;,&quot;iso&quot;:&quot;0&quot;,&quot;shutter_speed&quot;:&quot;0&quot;,&quot;title&quot;:&quot;&quot;,&quot;orientation&quot;:&quot;1&quot;}\" data-image-title=\"agrund-Bella-Hadid-Burberry-Lola-Bag-2\" data-image-description=\"\" data-image-caption=\"\" data-medium-file=\"https:\/\/i0.wp.com\/agrund.com\/wp-content\/uploads\/sites\/6\/2022\/04\/agrund-Bella-Hadid-Burberry-Lola-Bag-2.jpeg?fit=200%2C300&amp;ssl=1\" data-large-file=\"https:\/\/i0.wp.com\/agrund.com\/wp-content\/uploads\/sites\/6\/2022\/04\/agrund-Bella-Hadid-Burberry-Lola-Bag-2.jpeg?fit=600%2C900&amp;ssl=1\" decoding=\"async\" loading=\"lazy\" width=\"600\" height=\"900\" src=\"https:\/\/i0.wp.com\/agrund.com\/wp-content\/uploads\/sites\/6\/2022\/04\/agrund-Bella-Hadid-Burberry-Lola-Bag-2.jpeg?resize=600%2C900&#038;ssl=1\" alt=\"\" class=\"wp-image-223026\" srcset=\"https:\/\/i0.wp.com\/agrund.com\/wp-content\/uploads\/sites\/6\/2022\/04\/agrund-Bella-Hadid-Burberry-Lola-Bag-2.jpeg?w=600&amp;ssl=1 600w, https:\/\/i0.wp.com\/agrund.com\/wp-content\/uploads\/sites\/6\/2022\/04\/agrund-Bella-Hadid-Burberry-Lola-Bag-2.jpeg?resize=200%2C300&amp;ssl=1 200w\" sizes=\"(max-width: 600px) 100vw, 600px\" data-recalc-dims=\"1\" \/><figcaption>De Louis Vuitton a Balenciaga: Confira as novas campanhas<\/figcaption><\/figure><\/div>\n\n\n\n<div class=\"wp-block-image\"><figure class=\"aligncenter size-full\"><img data-attachment-id=\"223027\" data-permalink=\"https:\/\/agrund.com\/index.php\/de-louis-vuitton-a-balenciaga-confira-as-novas-campanhas\/agrund-burberry-lola-bag-1\/\" data-orig-file=\"https:\/\/i0.wp.com\/agrund.com\/wp-content\/uploads\/sites\/6\/2022\/04\/agrund-Burberry-Lola-Bag-1.jpeg?fit=600%2C900&amp;ssl=1\" data-orig-size=\"600,900\" data-comments-opened=\"1\" data-image-meta=\"{&quot;aperture&quot;:&quot;0&quot;,&quot;credit&quot;:&quot;&quot;,&quot;camera&quot;:&quot;&quot;,&quot;caption&quot;:&quot;&quot;,&quot;created_timestamp&quot;:&quot;0&quot;,&quot;copyright&quot;:&quot;&quot;,&quot;focal_length&quot;:&quot;0&quot;,&quot;iso&quot;:&quot;0&quot;,&quot;shutter_speed&quot;:&quot;0&quot;,&quot;title&quot;:&quot;&quot;,&quot;orientation&quot;:&quot;1&quot;}\" data-image-title=\"agrund-Burberry-Lola-Bag-1\" data-image-description=\"\" data-image-caption=\"\" data-medium-file=\"https:\/\/i0.wp.com\/agrund.com\/wp-content\/uploads\/sites\/6\/2022\/04\/agrund-Burberry-Lola-Bag-1.jpeg?fit=200%2C300&amp;ssl=1\" data-large-file=\"https:\/\/i0.wp.com\/agrund.com\/wp-content\/uploads\/sites\/6\/2022\/04\/agrund-Burberry-Lola-Bag-1.jpeg?fit=600%2C900&amp;ssl=1\" decoding=\"async\" loading=\"lazy\" width=\"600\" height=\"900\" src=\"https:\/\/i0.wp.com\/agrund.com\/wp-content\/uploads\/sites\/6\/2022\/04\/agrund-Burberry-Lola-Bag-1.jpeg?resize=600%2C900&#038;ssl=1\" alt=\"\" class=\"wp-image-223027\" srcset=\"https:\/\/i0.wp.com\/agrund.com\/wp-content\/uploads\/sites\/6\/2022\/04\/agrund-Burberry-Lola-Bag-1.jpeg?w=600&amp;ssl=1 600w, https:\/\/i0.wp.com\/agrund.com\/wp-content\/uploads\/sites\/6\/2022\/04\/agrund-Burberry-Lola-Bag-1.jpeg?resize=200%2C300&amp;ssl=1 200w\" sizes=\"(max-width: 600px) 100vw, 600px\" data-recalc-dims=\"1\" \/><figcaption>De Louis Vuitton a Balenciaga: Confira as novas campanhas<\/figcaption><\/figure><\/div>\n\n\n\n<div class=\"wp-block-image\"><figure class=\"aligncenter size-full\"><img data-attachment-id=\"223028\" data-permalink=\"https:\/\/agrund.com\/index.php\/de-louis-vuitton-a-balenciaga-confira-as-novas-campanhas\/agrund-lourdes-leon-burberry-lola-bag-1\/\" data-orig-file=\"https:\/\/i0.wp.com\/agrund.com\/wp-content\/uploads\/sites\/6\/2022\/04\/agrund-Lourdes-Leon-Burberry-Lola-Bag-1.jpeg?fit=600%2C900&amp;ssl=1\" data-orig-size=\"600,900\" data-comments-opened=\"1\" data-image-meta=\"{&quot;aperture&quot;:&quot;0&quot;,&quot;credit&quot;:&quot;&quot;,&quot;camera&quot;:&quot;&quot;,&quot;caption&quot;:&quot;&quot;,&quot;created_timestamp&quot;:&quot;0&quot;,&quot;copyright&quot;:&quot;&quot;,&quot;focal_length&quot;:&quot;0&quot;,&quot;iso&quot;:&quot;0&quot;,&quot;shutter_speed&quot;:&quot;0&quot;,&quot;title&quot;:&quot;&quot;,&quot;orientation&quot;:&quot;1&quot;}\" data-image-title=\"agrund-Lourdes-Leon-Burberry-Lola-Bag-1\" data-image-description=\"\" data-image-caption=\"\" data-medium-file=\"https:\/\/i0.wp.com\/agrund.com\/wp-content\/uploads\/sites\/6\/2022\/04\/agrund-Lourdes-Leon-Burberry-Lola-Bag-1.jpeg?fit=200%2C300&amp;ssl=1\" data-large-file=\"https:\/\/i0.wp.com\/agrund.com\/wp-content\/uploads\/sites\/6\/2022\/04\/agrund-Lourdes-Leon-Burberry-Lola-Bag-1.jpeg?fit=600%2C900&amp;ssl=1\" decoding=\"async\" loading=\"lazy\" width=\"600\" height=\"900\" src=\"https:\/\/i0.wp.com\/agrund.com\/wp-content\/uploads\/sites\/6\/2022\/04\/agrund-Lourdes-Leon-Burberry-Lola-Bag-1.jpeg?resize=600%2C900&#038;ssl=1\" alt=\"\" class=\"wp-image-223028\" srcset=\"https:\/\/i0.wp.com\/agrund.com\/wp-content\/uploads\/sites\/6\/2022\/04\/agrund-Lourdes-Leon-Burberry-Lola-Bag-1.jpeg?w=600&amp;ssl=1 600w, https:\/\/i0.wp.com\/agrund.com\/wp-content\/uploads\/sites\/6\/2022\/04\/agrund-Lourdes-Leon-Burberry-Lola-Bag-1.jpeg?resize=200%2C300&amp;ssl=1 200w\" sizes=\"(max-width: 600px) 100vw, 600px\" data-recalc-dims=\"1\" \/><figcaption>De Louis Vuitton a Balenciaga: Confira as novas campanhas<\/figcaption><\/figure><\/div>\n\n\n\n<div class=\"wp-block-image\"><figure class=\"aligncenter size-full\"><img data-attachment-id=\"223029\" data-permalink=\"https:\/\/agrund.com\/index.php\/de-louis-vuitton-a-balenciaga-confira-as-novas-campanhas\/agrund-jourdan-dunn-burberry-lola-bag-1\/\" data-orig-file=\"https:\/\/i0.wp.com\/agrund.com\/wp-content\/uploads\/sites\/6\/2022\/04\/agrund-Jourdan-Dunn-Burberry-Lola-Bag-1.jpeg?fit=600%2C900&amp;ssl=1\" data-orig-size=\"600,900\" data-comments-opened=\"1\" data-image-meta=\"{&quot;aperture&quot;:&quot;0&quot;,&quot;credit&quot;:&quot;&quot;,&quot;camera&quot;:&quot;&quot;,&quot;caption&quot;:&quot;&quot;,&quot;created_timestamp&quot;:&quot;0&quot;,&quot;copyright&quot;:&quot;&quot;,&quot;focal_length&quot;:&quot;0&quot;,&quot;iso&quot;:&quot;0&quot;,&quot;shutter_speed&quot;:&quot;0&quot;,&quot;title&quot;:&quot;&quot;,&quot;orientation&quot;:&quot;1&quot;}\" data-image-title=\"agrund-Jourdan-Dunn-Burberry-Lola-Bag-1\" data-image-description=\"\" data-image-caption=\"\" data-medium-file=\"https:\/\/i0.wp.com\/agrund.com\/wp-content\/uploads\/sites\/6\/2022\/04\/agrund-Jourdan-Dunn-Burberry-Lola-Bag-1.jpeg?fit=200%2C300&amp;ssl=1\" data-large-file=\"https:\/\/i0.wp.com\/agrund.com\/wp-content\/uploads\/sites\/6\/2022\/04\/agrund-Jourdan-Dunn-Burberry-Lola-Bag-1.jpeg?fit=600%2C900&amp;ssl=1\" decoding=\"async\" loading=\"lazy\" width=\"600\" height=\"900\" src=\"https:\/\/i0.wp.com\/agrund.com\/wp-content\/uploads\/sites\/6\/2022\/04\/agrund-Jourdan-Dunn-Burberry-Lola-Bag-1.jpeg?resize=600%2C900&#038;ssl=1\" alt=\"\" class=\"wp-image-223029\" srcset=\"https:\/\/i0.wp.com\/agrund.com\/wp-content\/uploads\/sites\/6\/2022\/04\/agrund-Jourdan-Dunn-Burberry-Lola-Bag-1.jpeg?w=600&amp;ssl=1 600w, https:\/\/i0.wp.com\/agrund.com\/wp-content\/uploads\/sites\/6\/2022\/04\/agrund-Jourdan-Dunn-Burberry-Lola-Bag-1.jpeg?resize=200%2C300&amp;ssl=1 200w\" sizes=\"(max-width: 600px) 100vw, 600px\" data-recalc-dims=\"1\" \/><figcaption>De Louis Vuitton a Balenciaga: Confira as novas campanhas<\/figcaption><\/figure><\/div>\n\n\n\n<div class=\"wp-block-image\"><figure class=\"aligncenter size-full\"><img data-attachment-id=\"223030\" data-permalink=\"https:\/\/agrund.com\/index.php\/de-louis-vuitton-a-balenciaga-confira-as-novas-campanhas\/agrund-bella-hadid-burberry-lola-bag-3\/\" data-orig-file=\"https:\/\/i0.wp.com\/agrund.com\/wp-content\/uploads\/sites\/6\/2022\/04\/agrund-Bella-Hadid-Burberry-Lola-Bag-3.jpeg?fit=600%2C900&amp;ssl=1\" data-orig-size=\"600,900\" data-comments-opened=\"1\" data-image-meta=\"{&quot;aperture&quot;:&quot;0&quot;,&quot;credit&quot;:&quot;&quot;,&quot;camera&quot;:&quot;&quot;,&quot;caption&quot;:&quot;&quot;,&quot;created_timestamp&quot;:&quot;0&quot;,&quot;copyright&quot;:&quot;&quot;,&quot;focal_length&quot;:&quot;0&quot;,&quot;iso&quot;:&quot;0&quot;,&quot;shutter_speed&quot;:&quot;0&quot;,&quot;title&quot;:&quot;&quot;,&quot;orientation&quot;:&quot;1&quot;}\" data-image-title=\"agrund-Bella-Hadid-Burberry-Lola-Bag-3\" data-image-description=\"\" data-image-caption=\"\" data-medium-file=\"https:\/\/i0.wp.com\/agrund.com\/wp-content\/uploads\/sites\/6\/2022\/04\/agrund-Bella-Hadid-Burberry-Lola-Bag-3.jpeg?fit=200%2C300&amp;ssl=1\" data-large-file=\"https:\/\/i0.wp.com\/agrund.com\/wp-content\/uploads\/sites\/6\/2022\/04\/agrund-Bella-Hadid-Burberry-Lola-Bag-3.jpeg?fit=600%2C900&amp;ssl=1\" decoding=\"async\" loading=\"lazy\" width=\"600\" height=\"900\" src=\"https:\/\/i0.wp.com\/agrund.com\/wp-content\/uploads\/sites\/6\/2022\/04\/agrund-Bella-Hadid-Burberry-Lola-Bag-3.jpeg?resize=600%2C900&#038;ssl=1\" alt=\"\" class=\"wp-image-223030\" srcset=\"https:\/\/i0.wp.com\/agrund.com\/wp-content\/uploads\/sites\/6\/2022\/04\/agrund-Bella-Hadid-Burberry-Lola-Bag-3.jpeg?w=600&amp;ssl=1 600w, https:\/\/i0.wp.com\/agrund.com\/wp-content\/uploads\/sites\/6\/2022\/04\/agrund-Bella-Hadid-Burberry-Lola-Bag-3.jpeg?resize=200%2C300&amp;ssl=1 200w\" sizes=\"(max-width: 600px) 100vw, 600px\" data-recalc-dims=\"1\" \/><figcaption>De Louis Vuitton a Balenciaga: Confira as novas campanhas<\/figcaption><\/figure><\/div>\n\n\n\n<p>Fotos: Reprodu\u00e7\u00e3o\/ Balenciaga\/ Louis Vuitton\/ Burberry. <\/p>\n","protected":false},"excerpt":{"rendered":"<p>Estamos de olho nas campanhas mais recentes que foram lan\u00e7adas e decidimos fazer um compilado com aquelas que mais amamos! Para come\u00e7ar, hoje \u00e9 dia de mostrar pra voc\u00ea os lan\u00e7amentos da Balenciaga, Louis Vuitton e Burberry. Uma curiosidade: Todas as campanhas apresentam novas bolsas das marcas e suas estrelas s\u00e3o celebridades muito conhecidas. Confira: [&hellip;]<\/p>\n","protected":false},"author":8,"featured_media":223031,"comment_status":"open","ping_status":"open","sticky":false,"template":"","format":"standard","meta":{"jetpack_post_was_ever_published":false,"_jetpack_newsletter_access":"","jetpack_publicize_message":"","jetpack_is_tweetstorm":false,"jetpack_publicize_feature_enabled":true,"jetpack_social_post_already_shared":true,"jetpack_social_options":{"image_generator_settings":{"template":"highway","enabled":false}}},"categories":[2],"tags":[395,375,241,38,445,390,423,347,494,438,149,67,525,148,424,862],"jetpack_publicize_connections":[],"jetpack_featured_media_url":"https:\/\/i0.wp.com\/agrund.com\/wp-content\/uploads\/sites\/6\/2022\/04\/s-7.jpg?fit=960%2C300&ssl=1","jetpack_sharing_enabled":true,"jetpack_shortlink":"https:\/\/wp.me\/p3Hz0n-W13","jetpack_likes_enabled":true,"_links":{"self":[{"href":"https:\/\/agrund.com\/index.php\/wp-json\/wp\/v2\/posts\/223017"}],"collection":[{"href":"https:\/\/agrund.com\/index.php\/wp-json\/wp\/v2\/posts"}],"about":[{"href":"https:\/\/agrund.com\/index.php\/wp-json\/wp\/v2\/types\/post"}],"author":[{"embeddable":true,"href":"https:\/\/agrund.com\/index.php\/wp-json\/wp\/v2\/users\/8"}],"replies":[{"embeddable":true,"href":"https:\/\/agrund.com\/index.php\/wp-json\/wp\/v2\/comments?post=223017"}],"version-history":[{"count":1,"href":"https:\/\/agrund.com\/index.php\/wp-json\/wp\/v2\/posts\/223017\/revisions"}],"predecessor-version":[{"id":223032,"href":"https:\/\/agrund.com\/index.php\/wp-json\/wp\/v2\/posts\/223017\/revisions\/223032"}],"wp:featuredmedia":[{"embeddable":true,"href":"https:\/\/agrund.com\/index.php\/wp-json\/wp\/v2\/media\/223031"}],"wp:attachment":[{"href":"https:\/\/agrund.com\/index.php\/wp-json\/wp\/v2\/media?parent=223017"}],"wp:term":[{"taxonomy":"category","embeddable":true,"href":"https:\/\/agrund.com\/index.php\/wp-json\/wp\/v2\/categories?post=223017"},{"taxonomy":"post_tag","embeddable":true,"href":"https:\/\/agrund.com\/index.php\/wp-json\/wp\/v2\/tags?post=223017"}],"curies":[{"name":"wp","href":"https:\/\/api.w.org\/{rel}","templated":true}]}}