{"id":222340,"date":"2022-02-09T13:00:00","date_gmt":"2022-02-09T16:00:00","guid":{"rendered":"https:\/\/agrund.com\/?p=222340"},"modified":"2022-02-09T15:18:30","modified_gmt":"2022-02-09T18:18:30","slug":"kim-kardashian-vai-lancar-marca-de-skincare","status":"publish","type":"post","link":"https:\/\/agrund.com\/index.php\/kim-kardashian-vai-lancar-marca-de-skincare\/","title":{"rendered":"Kim Kardashian vai lan\u00e7ar marca de skincare"},"content":{"rendered":"\n<p>Ela n\u00e3o para! Kim Kardashian j\u00e1 est\u00e1 planejando sua pr\u00f3xima marca e ela ser\u00e1 de beleza.<\/p>\n\n\n\n<p>Depois do sucesso da SKIMS e KKW Fragrance, a empres\u00e1ria lan\u00e7ar\u00e1 uma marca de skincare em parceria com a Coty Inc, que adquiriu 20% das a\u00e7\u00f5es por US$200 milh\u00f5es.<\/p>\n\n\n\n<p>O logo oficial ainda n\u00e3o foi revelado, mas j\u00e1 existe o registro de marca para SKKN by Kim. Vale lembrar que em agosto de 2021, a empres\u00e1ria pausou a KKW Beauty com o intuito de trabalhar em uma \u201cmarca completamente nova com novas f\u00f3rmulas mais modernas, inovadoras e embaladas em um novo visual elevado e sustent\u00e1vel\u201d.<\/p>\n\n\n\n<p>De acordo com o &#8216;Business of Fashion&#8217;, o lan\u00e7amento deve acontecer entre os meses de abril e junho. O que ser\u00e1 que vem por a\u00ed? Vamos aguardar!\u00a0<\/p>\n\n\n\n<div class=\"wp-block-image\"><figure class=\"aligncenter size-full\"><img data-attachment-id=\"222341\" data-permalink=\"https:\/\/agrund.com\/index.php\/kim-kardashian-vai-lancar-marca-de-skincare\/agrund-kim-kardashian-skincare-marca\/\" data-orig-file=\"https:\/\/i0.wp.com\/agrund.com\/wp-content\/uploads\/sites\/6\/2022\/02\/agrund-kim-kardashian-skincare-marca.jpeg?fit=600%2C699&amp;ssl=1\" data-orig-size=\"600,699\" data-comments-opened=\"1\" data-image-meta=\"{&quot;aperture&quot;:&quot;0&quot;,&quot;credit&quot;:&quot;&quot;,&quot;camera&quot;:&quot;&quot;,&quot;caption&quot;:&quot;&quot;,&quot;created_timestamp&quot;:&quot;1498059167&quot;,&quot;copyright&quot;:&quot;&quot;,&quot;focal_length&quot;:&quot;0&quot;,&quot;iso&quot;:&quot;0&quot;,&quot;shutter_speed&quot;:&quot;0&quot;,&quot;title&quot;:&quot;&quot;,&quot;orientation&quot;:&quot;1&quot;}\" data-image-title=\"agrund-kim-kardashian-skincare-marca\" data-image-description=\"\" data-image-caption=\"\" data-medium-file=\"https:\/\/i0.wp.com\/agrund.com\/wp-content\/uploads\/sites\/6\/2022\/02\/agrund-kim-kardashian-skincare-marca.jpeg?fit=258%2C300&amp;ssl=1\" data-large-file=\"https:\/\/i0.wp.com\/agrund.com\/wp-content\/uploads\/sites\/6\/2022\/02\/agrund-kim-kardashian-skincare-marca.jpeg?fit=600%2C699&amp;ssl=1\" decoding=\"async\" loading=\"lazy\" width=\"600\" height=\"699\" src=\"https:\/\/i0.wp.com\/agrund.com\/wp-content\/uploads\/sites\/6\/2022\/02\/agrund-kim-kardashian-skincare-marca.jpeg?resize=600%2C699&#038;ssl=1\" alt=\"\" class=\"wp-image-222341\" srcset=\"https:\/\/i0.wp.com\/agrund.com\/wp-content\/uploads\/sites\/6\/2022\/02\/agrund-kim-kardashian-skincare-marca.jpeg?w=600&amp;ssl=1 600w, https:\/\/i0.wp.com\/agrund.com\/wp-content\/uploads\/sites\/6\/2022\/02\/agrund-kim-kardashian-skincare-marca.jpeg?resize=258%2C300&amp;ssl=1 258w\" sizes=\"(max-width: 600px) 100vw, 600px\" data-recalc-dims=\"1\" \/><figcaption>Kim Kardashian vai lan\u00e7ar marca de skincare<\/figcaption><\/figure><\/div>\n\n\n\n<p>Foto: Reprodu\u00e7\u00e3o. <\/p>\n","protected":false},"excerpt":{"rendered":"<p>Ela n\u00e3o para! Kim Kardashian j\u00e1 est\u00e1 planejando sua pr\u00f3xima marca e ela ser\u00e1 de beleza. Depois do sucesso da SKIMS e KKW Fragrance, a empres\u00e1ria lan\u00e7ar\u00e1 uma marca de skincare em parceria com a Coty Inc, que adquiriu 20% das a\u00e7\u00f5es por US$200 milh\u00f5es. O logo oficial ainda n\u00e3o foi revelado, mas j\u00e1 existe [&hellip;]<\/p>\n","protected":false},"author":8,"featured_media":222342,"comment_status":"open","ping_status":"open","sticky":false,"template":"","format":"standard","meta":{"jetpack_post_was_ever_published":false,"_jetpack_newsletter_access":"","jetpack_publicize_message":"","jetpack_is_tweetstorm":false,"jetpack_publicize_feature_enabled":true,"jetpack_social_post_already_shared":true,"jetpack_social_options":{"image_generator_settings":{"template":"highway","enabled":false}}},"categories":[2],"tags":[395,375,353,352,347,494,676,67,675,424],"jetpack_publicize_connections":[],"jetpack_featured_media_url":"https:\/\/i0.wp.com\/agrund.com\/wp-content\/uploads\/sites\/6\/2022\/02\/s-8.jpg?fit=960%2C300&ssl=1","jetpack_sharing_enabled":true,"jetpack_shortlink":"https:\/\/wp.me\/p3Hz0n-VQ8","jetpack_likes_enabled":true,"_links":{"self":[{"href":"https:\/\/agrund.com\/index.php\/wp-json\/wp\/v2\/posts\/222340"}],"collection":[{"href":"https:\/\/agrund.com\/index.php\/wp-json\/wp\/v2\/posts"}],"about":[{"href":"https:\/\/agrund.com\/index.php\/wp-json\/wp\/v2\/types\/post"}],"author":[{"embeddable":true,"href":"https:\/\/agrund.com\/index.php\/wp-json\/wp\/v2\/users\/8"}],"replies":[{"embeddable":true,"href":"https:\/\/agrund.com\/index.php\/wp-json\/wp\/v2\/comments?post=222340"}],"version-history":[{"count":1,"href":"https:\/\/agrund.com\/index.php\/wp-json\/wp\/v2\/posts\/222340\/revisions"}],"predecessor-version":[{"id":222343,"href":"https:\/\/agrund.com\/index.php\/wp-json\/wp\/v2\/posts\/222340\/revisions\/222343"}],"wp:featuredmedia":[{"embeddable":true,"href":"https:\/\/agrund.com\/index.php\/wp-json\/wp\/v2\/media\/222342"}],"wp:attachment":[{"href":"https:\/\/agrund.com\/index.php\/wp-json\/wp\/v2\/media?parent=222340"}],"wp:term":[{"taxonomy":"category","embeddable":true,"href":"https:\/\/agrund.com\/index.php\/wp-json\/wp\/v2\/categories?post=222340"},{"taxonomy":"post_tag","embeddable":true,"href":"https:\/\/agrund.com\/index.php\/wp-json\/wp\/v2\/tags?post=222340"}],"curies":[{"name":"wp","href":"https:\/\/api.w.org\/{rel}","templated":true}]}}