{"id":222334,"date":"2022-02-08T13:00:00","date_gmt":"2022-02-08T16:00:00","guid":{"rendered":"https:\/\/agrund.com\/?p=222334"},"modified":"2022-02-08T15:55:24","modified_gmt":"2022-02-08T18:55:24","slug":"justin-bieber-estrela-campanha-da-balenciaga","status":"publish","type":"post","link":"https:\/\/agrund.com\/index.php\/justin-bieber-estrela-campanha-da-balenciaga\/","title":{"rendered":"Justin Bieber estrela campanha da Balenciaga"},"content":{"rendered":"\n<p>Justin Bieber est\u00e1 de volta \u00e0 Balenciaga e desta vez estrela a campanha primavera\/ver\u00e3o 2022.<\/p>\n\n\n\n<p>Nas primeiras imagens divulgadas, o cantor aparece em um est\u00fadio de grava\u00e7\u00e3o vestindo um moletom com capuz preto, cal\u00e7a jeans destroyed, o cinto D-Ring e os ic\u00f4nicos t\u00eanis Triple S nas cores preto, branco e vermelho.<\/p>\n\n\n\n<p>A fotografia \u00e9 de Stef Mitchell e voc\u00ea confere aqui:\u00a0<\/p>\n\n\n\n<div class=\"wp-block-image\"><figure class=\"aligncenter size-full\"><img data-attachment-id=\"222335\" data-permalink=\"https:\/\/agrund.com\/index.php\/justin-bieber-estrela-campanha-da-balenciaga\/agrund-justin-bieber-balenciaga-summer-2022-3\/\" data-orig-file=\"https:\/\/i0.wp.com\/agrund.com\/wp-content\/uploads\/sites\/6\/2022\/02\/agrund-justin-bieber-Balenciaga-Summer-2022-3.jpeg?fit=600%2C600&amp;ssl=1\" data-orig-size=\"600,600\" data-comments-opened=\"1\" data-image-meta=\"{&quot;aperture&quot;:&quot;0&quot;,&quot;credit&quot;:&quot;&quot;,&quot;camera&quot;:&quot;&quot;,&quot;caption&quot;:&quot;&quot;,&quot;created_timestamp&quot;:&quot;0&quot;,&quot;copyright&quot;:&quot;&quot;,&quot;focal_length&quot;:&quot;0&quot;,&quot;iso&quot;:&quot;0&quot;,&quot;shutter_speed&quot;:&quot;0&quot;,&quot;title&quot;:&quot;&quot;,&quot;orientation&quot;:&quot;1&quot;}\" data-image-title=\"agrund-justin-bieber-Balenciaga-Summer-2022-3\" data-image-description=\"\" data-image-caption=\"\" data-medium-file=\"https:\/\/i0.wp.com\/agrund.com\/wp-content\/uploads\/sites\/6\/2022\/02\/agrund-justin-bieber-Balenciaga-Summer-2022-3.jpeg?fit=300%2C300&amp;ssl=1\" data-large-file=\"https:\/\/i0.wp.com\/agrund.com\/wp-content\/uploads\/sites\/6\/2022\/02\/agrund-justin-bieber-Balenciaga-Summer-2022-3.jpeg?fit=600%2C600&amp;ssl=1\" decoding=\"async\" loading=\"lazy\" width=\"600\" height=\"600\" src=\"https:\/\/i0.wp.com\/agrund.com\/wp-content\/uploads\/sites\/6\/2022\/02\/agrund-justin-bieber-Balenciaga-Summer-2022-3.jpeg?resize=600%2C600&#038;ssl=1\" alt=\"\" class=\"wp-image-222335\" srcset=\"https:\/\/i0.wp.com\/agrund.com\/wp-content\/uploads\/sites\/6\/2022\/02\/agrund-justin-bieber-Balenciaga-Summer-2022-3.jpeg?w=600&amp;ssl=1 600w, https:\/\/i0.wp.com\/agrund.com\/wp-content\/uploads\/sites\/6\/2022\/02\/agrund-justin-bieber-Balenciaga-Summer-2022-3.jpeg?resize=300%2C300&amp;ssl=1 300w, https:\/\/i0.wp.com\/agrund.com\/wp-content\/uploads\/sites\/6\/2022\/02\/agrund-justin-bieber-Balenciaga-Summer-2022-3.jpeg?resize=150%2C150&amp;ssl=1 150w\" sizes=\"(max-width: 600px) 100vw, 600px\" data-recalc-dims=\"1\" \/><figcaption>Justin Bieber estrela campanha da Balenciaga<\/figcaption><\/figure><\/div>\n\n\n\n<div class=\"wp-block-image\"><figure class=\"aligncenter size-full\"><img data-attachment-id=\"222336\" data-permalink=\"https:\/\/agrund.com\/index.php\/justin-bieber-estrela-campanha-da-balenciaga\/agrund-justin-bieber-balenciaga-summer-2022-2\/\" data-orig-file=\"https:\/\/i0.wp.com\/agrund.com\/wp-content\/uploads\/sites\/6\/2022\/02\/agrund-justin-bieber-Balenciaga-Summer-2022-2.jpeg?fit=600%2C600&amp;ssl=1\" data-orig-size=\"600,600\" data-comments-opened=\"1\" data-image-meta=\"{&quot;aperture&quot;:&quot;0&quot;,&quot;credit&quot;:&quot;&quot;,&quot;camera&quot;:&quot;&quot;,&quot;caption&quot;:&quot;&quot;,&quot;created_timestamp&quot;:&quot;0&quot;,&quot;copyright&quot;:&quot;&quot;,&quot;focal_length&quot;:&quot;0&quot;,&quot;iso&quot;:&quot;0&quot;,&quot;shutter_speed&quot;:&quot;0&quot;,&quot;title&quot;:&quot;&quot;,&quot;orientation&quot;:&quot;1&quot;}\" data-image-title=\"agrund-justin-bieber-Balenciaga-Summer-2022-2\" data-image-description=\"\" data-image-caption=\"\" data-medium-file=\"https:\/\/i0.wp.com\/agrund.com\/wp-content\/uploads\/sites\/6\/2022\/02\/agrund-justin-bieber-Balenciaga-Summer-2022-2.jpeg?fit=300%2C300&amp;ssl=1\" data-large-file=\"https:\/\/i0.wp.com\/agrund.com\/wp-content\/uploads\/sites\/6\/2022\/02\/agrund-justin-bieber-Balenciaga-Summer-2022-2.jpeg?fit=600%2C600&amp;ssl=1\" decoding=\"async\" loading=\"lazy\" width=\"600\" height=\"600\" src=\"https:\/\/i0.wp.com\/agrund.com\/wp-content\/uploads\/sites\/6\/2022\/02\/agrund-justin-bieber-Balenciaga-Summer-2022-2.jpeg?resize=600%2C600&#038;ssl=1\" alt=\"\" class=\"wp-image-222336\" srcset=\"https:\/\/i0.wp.com\/agrund.com\/wp-content\/uploads\/sites\/6\/2022\/02\/agrund-justin-bieber-Balenciaga-Summer-2022-2.jpeg?w=600&amp;ssl=1 600w, https:\/\/i0.wp.com\/agrund.com\/wp-content\/uploads\/sites\/6\/2022\/02\/agrund-justin-bieber-Balenciaga-Summer-2022-2.jpeg?resize=300%2C300&amp;ssl=1 300w, https:\/\/i0.wp.com\/agrund.com\/wp-content\/uploads\/sites\/6\/2022\/02\/agrund-justin-bieber-Balenciaga-Summer-2022-2.jpeg?resize=150%2C150&amp;ssl=1 150w\" sizes=\"(max-width: 600px) 100vw, 600px\" data-recalc-dims=\"1\" \/><figcaption>Justin Bieber estrela campanha da Balenciaga<\/figcaption><\/figure><\/div>\n\n\n\n<div class=\"wp-block-image\"><figure class=\"aligncenter size-full\"><img data-attachment-id=\"222337\" data-permalink=\"https:\/\/agrund.com\/index.php\/justin-bieber-estrela-campanha-da-balenciaga\/agrund-justin-bieber-balenciaga-summer-2022-1\/\" data-orig-file=\"https:\/\/i0.wp.com\/agrund.com\/wp-content\/uploads\/sites\/6\/2022\/02\/agrund-justin-bieber-Balenciaga-Summer-2022-1.jpeg?fit=600%2C600&amp;ssl=1\" data-orig-size=\"600,600\" data-comments-opened=\"1\" data-image-meta=\"{&quot;aperture&quot;:&quot;0&quot;,&quot;credit&quot;:&quot;&quot;,&quot;camera&quot;:&quot;&quot;,&quot;caption&quot;:&quot;&quot;,&quot;created_timestamp&quot;:&quot;0&quot;,&quot;copyright&quot;:&quot;&quot;,&quot;focal_length&quot;:&quot;0&quot;,&quot;iso&quot;:&quot;0&quot;,&quot;shutter_speed&quot;:&quot;0&quot;,&quot;title&quot;:&quot;&quot;,&quot;orientation&quot;:&quot;1&quot;}\" data-image-title=\"agrund-justin-bieber-Balenciaga-Summer-2022-1\" data-image-description=\"\" data-image-caption=\"\" data-medium-file=\"https:\/\/i0.wp.com\/agrund.com\/wp-content\/uploads\/sites\/6\/2022\/02\/agrund-justin-bieber-Balenciaga-Summer-2022-1.jpeg?fit=300%2C300&amp;ssl=1\" data-large-file=\"https:\/\/i0.wp.com\/agrund.com\/wp-content\/uploads\/sites\/6\/2022\/02\/agrund-justin-bieber-Balenciaga-Summer-2022-1.jpeg?fit=600%2C600&amp;ssl=1\" decoding=\"async\" loading=\"lazy\" width=\"600\" height=\"600\" src=\"https:\/\/i0.wp.com\/agrund.com\/wp-content\/uploads\/sites\/6\/2022\/02\/agrund-justin-bieber-Balenciaga-Summer-2022-1.jpeg?resize=600%2C600&#038;ssl=1\" alt=\"\" class=\"wp-image-222337\" srcset=\"https:\/\/i0.wp.com\/agrund.com\/wp-content\/uploads\/sites\/6\/2022\/02\/agrund-justin-bieber-Balenciaga-Summer-2022-1.jpeg?w=600&amp;ssl=1 600w, https:\/\/i0.wp.com\/agrund.com\/wp-content\/uploads\/sites\/6\/2022\/02\/agrund-justin-bieber-Balenciaga-Summer-2022-1.jpeg?resize=300%2C300&amp;ssl=1 300w, https:\/\/i0.wp.com\/agrund.com\/wp-content\/uploads\/sites\/6\/2022\/02\/agrund-justin-bieber-Balenciaga-Summer-2022-1.jpeg?resize=150%2C150&amp;ssl=1 150w\" sizes=\"(max-width: 600px) 100vw, 600px\" data-recalc-dims=\"1\" \/><figcaption>Justin Bieber estrela campanha da Balenciaga<\/figcaption><\/figure><\/div>\n\n\n\n<p>Fotos: Reprodu\u00e7\u00e3o\/ Balenciaga. <\/p>\n","protected":false},"excerpt":{"rendered":"<p>Justin Bieber est\u00e1 de volta \u00e0 Balenciaga e desta vez estrela a campanha primavera\/ver\u00e3o 2022. Nas primeiras imagens divulgadas, o cantor aparece em um est\u00fadio de grava\u00e7\u00e3o vestindo um moletom com capuz preto, cal\u00e7a jeans destroyed, o cinto D-Ring e os ic\u00f4nicos t\u00eanis Triple S nas cores preto, branco e vermelho. A fotografia \u00e9 de [&hellip;]<\/p>\n","protected":false},"author":8,"featured_media":222338,"comment_status":"open","ping_status":"open","sticky":false,"template":"","format":"standard","meta":{"jetpack_post_was_ever_published":false,"_jetpack_newsletter_access":"","jetpack_publicize_message":"","jetpack_is_tweetstorm":false,"jetpack_publicize_feature_enabled":true,"jetpack_social_post_already_shared":true,"jetpack_social_options":{"image_generator_settings":{"template":"highway","enabled":false}}},"categories":[2],"tags":[395,375,241,423,347,939,67,148,424],"jetpack_publicize_connections":[],"jetpack_featured_media_url":"https:\/\/i0.wp.com\/agrund.com\/wp-content\/uploads\/sites\/6\/2022\/02\/s-7.jpg?fit=960%2C300&ssl=1","jetpack_sharing_enabled":true,"jetpack_shortlink":"https:\/\/wp.me\/p3Hz0n-VQ2","jetpack_likes_enabled":true,"_links":{"self":[{"href":"https:\/\/agrund.com\/index.php\/wp-json\/wp\/v2\/posts\/222334"}],"collection":[{"href":"https:\/\/agrund.com\/index.php\/wp-json\/wp\/v2\/posts"}],"about":[{"href":"https:\/\/agrund.com\/index.php\/wp-json\/wp\/v2\/types\/post"}],"author":[{"embeddable":true,"href":"https:\/\/agrund.com\/index.php\/wp-json\/wp\/v2\/users\/8"}],"replies":[{"embeddable":true,"href":"https:\/\/agrund.com\/index.php\/wp-json\/wp\/v2\/comments?post=222334"}],"version-history":[{"count":1,"href":"https:\/\/agrund.com\/index.php\/wp-json\/wp\/v2\/posts\/222334\/revisions"}],"predecessor-version":[{"id":222339,"href":"https:\/\/agrund.com\/index.php\/wp-json\/wp\/v2\/posts\/222334\/revisions\/222339"}],"wp:featuredmedia":[{"embeddable":true,"href":"https:\/\/agrund.com\/index.php\/wp-json\/wp\/v2\/media\/222338"}],"wp:attachment":[{"href":"https:\/\/agrund.com\/index.php\/wp-json\/wp\/v2\/media?parent=222334"}],"wp:term":[{"taxonomy":"category","embeddable":true,"href":"https:\/\/agrund.com\/index.php\/wp-json\/wp\/v2\/categories?post=222334"},{"taxonomy":"post_tag","embeddable":true,"href":"https:\/\/agrund.com\/index.php\/wp-json\/wp\/v2\/tags?post=222334"}],"curies":[{"name":"wp","href":"https:\/\/api.w.org\/{rel}","templated":true}]}}