{"id":222189,"date":"2022-01-20T13:00:00","date_gmt":"2022-01-20T16:00:00","guid":{"rendered":"https:\/\/agrund.com\/?p=222189"},"modified":"2022-01-20T15:37:47","modified_gmt":"2022-01-20T18:37:47","slug":"maluma-estrela-campanha-da-versace","status":"publish","type":"post","link":"https:\/\/agrund.com\/index.php\/maluma-estrela-campanha-da-versace\/","title":{"rendered":"Maluma estrela campanha da Versace\u00a0"},"content":{"rendered":"\n<p>A Versace convocou Maluma para estrelar sua campanha primavera\/ver\u00e3o 2022.\u00a0<\/p>\n\n\n\n<p>Nos cliques, o cantor aparece em um est\u00fadio branco, o que permite que ele e os looks com cores vibrantes se destaquem. Quem tamb\u00e9m faz uma participa\u00e7\u00e3o especial na campanha \u00e9 Buda, o cachorro de Maluma.\u00a0<\/p>\n\n\n\n<p>&#8220;Ele pensa fora da caixa e nunca tem medo de se desafiar. Ele \u00e9 o tipo de homem que faz a diferen\u00e7a e torna o mundo um lugar melhor; isso faz dele o homem Versace perfeito!&#8221;, declarou Donatella Versace.\u00a0<\/p>\n\n\n\n<p>A fotografia \u00e9 da dupla Mert Alas &amp; Marcus Piggott e voc\u00ea confere na galeria abaixo:<\/p>\n\n\n\n<div class=\"wp-block-image\"><figure class=\"aligncenter size-full\"><img data-attachment-id=\"222190\" data-permalink=\"https:\/\/agrund.com\/index.php\/maluma-estrela-campanha-da-versace\/agrund-maluma-versace-2022-2\/\" data-orig-file=\"https:\/\/i0.wp.com\/agrund.com\/wp-content\/uploads\/sites\/6\/2022\/01\/agrund-Maluma-Versace-2022-2.jpeg?fit=600%2C750&amp;ssl=1\" data-orig-size=\"600,750\" data-comments-opened=\"1\" data-image-meta=\"{&quot;aperture&quot;:&quot;0&quot;,&quot;credit&quot;:&quot;&quot;,&quot;camera&quot;:&quot;&quot;,&quot;caption&quot;:&quot;&quot;,&quot;created_timestamp&quot;:&quot;0&quot;,&quot;copyright&quot;:&quot;&quot;,&quot;focal_length&quot;:&quot;0&quot;,&quot;iso&quot;:&quot;0&quot;,&quot;shutter_speed&quot;:&quot;0&quot;,&quot;title&quot;:&quot;&quot;,&quot;orientation&quot;:&quot;1&quot;}\" data-image-title=\"agrund-Maluma-Versace-2022-2\" data-image-description=\"\" data-image-caption=\"\" data-medium-file=\"https:\/\/i0.wp.com\/agrund.com\/wp-content\/uploads\/sites\/6\/2022\/01\/agrund-Maluma-Versace-2022-2.jpeg?fit=240%2C300&amp;ssl=1\" data-large-file=\"https:\/\/i0.wp.com\/agrund.com\/wp-content\/uploads\/sites\/6\/2022\/01\/agrund-Maluma-Versace-2022-2.jpeg?fit=600%2C750&amp;ssl=1\" decoding=\"async\" loading=\"lazy\" width=\"600\" height=\"750\" src=\"https:\/\/i0.wp.com\/agrund.com\/wp-content\/uploads\/sites\/6\/2022\/01\/agrund-Maluma-Versace-2022-2.jpeg?resize=600%2C750&#038;ssl=1\" alt=\"\" class=\"wp-image-222190\" srcset=\"https:\/\/i0.wp.com\/agrund.com\/wp-content\/uploads\/sites\/6\/2022\/01\/agrund-Maluma-Versace-2022-2.jpeg?w=600&amp;ssl=1 600w, https:\/\/i0.wp.com\/agrund.com\/wp-content\/uploads\/sites\/6\/2022\/01\/agrund-Maluma-Versace-2022-2.jpeg?resize=240%2C300&amp;ssl=1 240w\" sizes=\"(max-width: 600px) 100vw, 600px\" data-recalc-dims=\"1\" \/><figcaption>Maluma estrela campanha da Versace\u00a0<\/figcaption><\/figure><\/div>\n\n\n\n<div class=\"wp-block-image\"><figure class=\"aligncenter size-full\"><img data-attachment-id=\"222192\" data-permalink=\"https:\/\/agrund.com\/index.php\/maluma-estrela-campanha-da-versace\/agrund-maluma-versace-2022-3\/\" data-orig-file=\"https:\/\/i0.wp.com\/agrund.com\/wp-content\/uploads\/sites\/6\/2022\/01\/agrund-Maluma-Versace-2022-3.jpeg?fit=600%2C750&amp;ssl=1\" data-orig-size=\"600,750\" data-comments-opened=\"1\" data-image-meta=\"{&quot;aperture&quot;:&quot;0&quot;,&quot;credit&quot;:&quot;&quot;,&quot;camera&quot;:&quot;&quot;,&quot;caption&quot;:&quot;&quot;,&quot;created_timestamp&quot;:&quot;0&quot;,&quot;copyright&quot;:&quot;&quot;,&quot;focal_length&quot;:&quot;0&quot;,&quot;iso&quot;:&quot;0&quot;,&quot;shutter_speed&quot;:&quot;0&quot;,&quot;title&quot;:&quot;&quot;,&quot;orientation&quot;:&quot;1&quot;}\" data-image-title=\"agrund-Maluma-Versace-2022-3\" data-image-description=\"\" data-image-caption=\"\" data-medium-file=\"https:\/\/i0.wp.com\/agrund.com\/wp-content\/uploads\/sites\/6\/2022\/01\/agrund-Maluma-Versace-2022-3.jpeg?fit=240%2C300&amp;ssl=1\" data-large-file=\"https:\/\/i0.wp.com\/agrund.com\/wp-content\/uploads\/sites\/6\/2022\/01\/agrund-Maluma-Versace-2022-3.jpeg?fit=600%2C750&amp;ssl=1\" decoding=\"async\" loading=\"lazy\" width=\"600\" height=\"750\" src=\"https:\/\/i0.wp.com\/agrund.com\/wp-content\/uploads\/sites\/6\/2022\/01\/agrund-Maluma-Versace-2022-3.jpeg?resize=600%2C750&#038;ssl=1\" alt=\"\" class=\"wp-image-222192\" srcset=\"https:\/\/i0.wp.com\/agrund.com\/wp-content\/uploads\/sites\/6\/2022\/01\/agrund-Maluma-Versace-2022-3.jpeg?w=600&amp;ssl=1 600w, https:\/\/i0.wp.com\/agrund.com\/wp-content\/uploads\/sites\/6\/2022\/01\/agrund-Maluma-Versace-2022-3.jpeg?resize=240%2C300&amp;ssl=1 240w\" sizes=\"(max-width: 600px) 100vw, 600px\" data-recalc-dims=\"1\" \/><figcaption>Maluma estrela campanha da Versace\u00a0<\/figcaption><\/figure><\/div>\n\n\n\n<div class=\"wp-block-image\"><figure class=\"aligncenter size-full\"><img data-attachment-id=\"222191\" data-permalink=\"https:\/\/agrund.com\/index.php\/maluma-estrela-campanha-da-versace\/agrund-maluma-versace-2022-1\/\" data-orig-file=\"https:\/\/i0.wp.com\/agrund.com\/wp-content\/uploads\/sites\/6\/2022\/01\/agrund-Maluma-Versace-2022-1.jpeg?fit=600%2C750&amp;ssl=1\" data-orig-size=\"600,750\" data-comments-opened=\"1\" data-image-meta=\"{&quot;aperture&quot;:&quot;0&quot;,&quot;credit&quot;:&quot;&quot;,&quot;camera&quot;:&quot;&quot;,&quot;caption&quot;:&quot;&quot;,&quot;created_timestamp&quot;:&quot;0&quot;,&quot;copyright&quot;:&quot;&quot;,&quot;focal_length&quot;:&quot;0&quot;,&quot;iso&quot;:&quot;0&quot;,&quot;shutter_speed&quot;:&quot;0&quot;,&quot;title&quot;:&quot;&quot;,&quot;orientation&quot;:&quot;1&quot;}\" data-image-title=\"agrund-Maluma-Versace-2022-1\" data-image-description=\"\" data-image-caption=\"\" data-medium-file=\"https:\/\/i0.wp.com\/agrund.com\/wp-content\/uploads\/sites\/6\/2022\/01\/agrund-Maluma-Versace-2022-1.jpeg?fit=240%2C300&amp;ssl=1\" data-large-file=\"https:\/\/i0.wp.com\/agrund.com\/wp-content\/uploads\/sites\/6\/2022\/01\/agrund-Maluma-Versace-2022-1.jpeg?fit=600%2C750&amp;ssl=1\" decoding=\"async\" loading=\"lazy\" width=\"600\" height=\"750\" src=\"https:\/\/i0.wp.com\/agrund.com\/wp-content\/uploads\/sites\/6\/2022\/01\/agrund-Maluma-Versace-2022-1.jpeg?resize=600%2C750&#038;ssl=1\" alt=\"\" class=\"wp-image-222191\" srcset=\"https:\/\/i0.wp.com\/agrund.com\/wp-content\/uploads\/sites\/6\/2022\/01\/agrund-Maluma-Versace-2022-1.jpeg?w=600&amp;ssl=1 600w, https:\/\/i0.wp.com\/agrund.com\/wp-content\/uploads\/sites\/6\/2022\/01\/agrund-Maluma-Versace-2022-1.jpeg?resize=240%2C300&amp;ssl=1 240w\" sizes=\"(max-width: 600px) 100vw, 600px\" data-recalc-dims=\"1\" \/><figcaption>Maluma estrela campanha da Versace\u00a0<\/figcaption><\/figure><\/div>\n\n\n\n<p>Fotos: Reprodu\u00e7\u00e3o\/ Versace. <\/p>\n","protected":false},"excerpt":{"rendered":"<p>A Versace convocou Maluma para estrelar sua campanha primavera\/ver\u00e3o 2022.\u00a0 Nos cliques, o cantor aparece em um est\u00fadio branco, o que permite que ele e os looks com cores vibrantes se destaquem. Quem tamb\u00e9m faz uma participa\u00e7\u00e3o especial na campanha \u00e9 Buda, o cachorro de Maluma.\u00a0 &#8220;Ele pensa fora da caixa e nunca tem medo [&hellip;]<\/p>\n","protected":false},"author":8,"featured_media":222193,"comment_status":"open","ping_status":"open","sticky":false,"template":"","format":"standard","meta":{"jetpack_post_was_ever_published":false,"_jetpack_newsletter_access":"","jetpack_publicize_message":"","jetpack_is_tweetstorm":false,"jetpack_publicize_feature_enabled":true,"jetpack_social_post_already_shared":true,"jetpack_social_options":{"image_generator_settings":{"template":"highway","enabled":false}}},"categories":[2],"tags":[395,375,390,423,347,2711,382,67,148,424,239],"jetpack_publicize_connections":[],"jetpack_featured_media_url":"https:\/\/i0.wp.com\/agrund.com\/wp-content\/uploads\/sites\/6\/2022\/01\/s-19.jpg?fit=960%2C300&ssl=1","jetpack_sharing_enabled":true,"jetpack_shortlink":"https:\/\/wp.me\/p3Hz0n-VNH","jetpack_likes_enabled":true,"_links":{"self":[{"href":"https:\/\/agrund.com\/index.php\/wp-json\/wp\/v2\/posts\/222189"}],"collection":[{"href":"https:\/\/agrund.com\/index.php\/wp-json\/wp\/v2\/posts"}],"about":[{"href":"https:\/\/agrund.com\/index.php\/wp-json\/wp\/v2\/types\/post"}],"author":[{"embeddable":true,"href":"https:\/\/agrund.com\/index.php\/wp-json\/wp\/v2\/users\/8"}],"replies":[{"embeddable":true,"href":"https:\/\/agrund.com\/index.php\/wp-json\/wp\/v2\/comments?post=222189"}],"version-history":[{"count":1,"href":"https:\/\/agrund.com\/index.php\/wp-json\/wp\/v2\/posts\/222189\/revisions"}],"predecessor-version":[{"id":222194,"href":"https:\/\/agrund.com\/index.php\/wp-json\/wp\/v2\/posts\/222189\/revisions\/222194"}],"wp:featuredmedia":[{"embeddable":true,"href":"https:\/\/agrund.com\/index.php\/wp-json\/wp\/v2\/media\/222193"}],"wp:attachment":[{"href":"https:\/\/agrund.com\/index.php\/wp-json\/wp\/v2\/media?parent=222189"}],"wp:term":[{"taxonomy":"category","embeddable":true,"href":"https:\/\/agrund.com\/index.php\/wp-json\/wp\/v2\/categories?post=222189"},{"taxonomy":"post_tag","embeddable":true,"href":"https:\/\/agrund.com\/index.php\/wp-json\/wp\/v2\/tags?post=222189"}],"curies":[{"name":"wp","href":"https:\/\/api.w.org\/{rel}","templated":true}]}}