{"id":221804,"date":"2021-12-03T12:00:00","date_gmt":"2021-12-03T15:00:00","guid":{"rendered":"https:\/\/agrund.com\/?p=221804"},"modified":"2021-12-03T15:27:13","modified_gmt":"2021-12-03T18:27:13","slug":"lisa-do-blackpink-estrela-campanha-da-celine","status":"publish","type":"post","link":"https:\/\/agrund.com\/index.php\/lisa-do-blackpink-estrela-campanha-da-celine\/","title":{"rendered":"Lisa, do Blackpink, estrela campanha da Celine\u00a0"},"content":{"rendered":"\n<p>Apenas um ano ap\u00f3s ser anunciada como musa fashion da Celine, Lisa, do BlackPink, agora \u00e9 a nova embaixadora global da Celine Haute Parfumerie.\u00a0<\/p>\n\n\n\n<p>Isso significa que a cantora de K-pop n\u00e3o ser\u00e1 o rosto apenas das cole\u00e7\u00f5es ready-to-wear, como tamb\u00e9m das fragr\u00e2ncias.\u00a0<\/p>\n\n\n\n<p>O an\u00fancio foi feito junto com as primeiras imagens da campanha do perfume &#8216;Parade Eau de Parfum&#8217; fotografada pelo diretor criativo Hedi Slimane. No clique p&amp;b, Lisa aparece vestindo um top de babados encostada em um corrim\u00e3o. Confira:\u00a0<\/p>\n\n\n\n<div class=\"wp-block-image\"><figure class=\"aligncenter size-full\"><img data-attachment-id=\"221805\" data-permalink=\"https:\/\/agrund.com\/index.php\/lisa-do-blackpink-estrela-campanha-da-celine\/agrund-celine-lisa-blackpink-1\/\" data-orig-file=\"https:\/\/i0.wp.com\/agrund.com\/wp-content\/uploads\/sites\/6\/2021\/12\/agrund-celine-lisa-blackpink-1.jpg?fit=600%2C900&amp;ssl=1\" data-orig-size=\"600,900\" data-comments-opened=\"1\" data-image-meta=\"{&quot;aperture&quot;:&quot;0&quot;,&quot;credit&quot;:&quot;&quot;,&quot;camera&quot;:&quot;&quot;,&quot;caption&quot;:&quot;&quot;,&quot;created_timestamp&quot;:&quot;0&quot;,&quot;copyright&quot;:&quot;&quot;,&quot;focal_length&quot;:&quot;0&quot;,&quot;iso&quot;:&quot;0&quot;,&quot;shutter_speed&quot;:&quot;0&quot;,&quot;title&quot;:&quot;&quot;,&quot;orientation&quot;:&quot;1&quot;}\" data-image-title=\"agrund-celine-lisa-blackpink-1\" data-image-description=\"\" data-image-caption=\"\" data-medium-file=\"https:\/\/i0.wp.com\/agrund.com\/wp-content\/uploads\/sites\/6\/2021\/12\/agrund-celine-lisa-blackpink-1.jpg?fit=200%2C300&amp;ssl=1\" data-large-file=\"https:\/\/i0.wp.com\/agrund.com\/wp-content\/uploads\/sites\/6\/2021\/12\/agrund-celine-lisa-blackpink-1.jpg?fit=600%2C900&amp;ssl=1\" decoding=\"async\" loading=\"lazy\" width=\"600\" height=\"900\" src=\"https:\/\/i0.wp.com\/agrund.com\/wp-content\/uploads\/sites\/6\/2021\/12\/agrund-celine-lisa-blackpink-1.jpg?resize=600%2C900&#038;ssl=1\" alt=\"\" class=\"wp-image-221805\" srcset=\"https:\/\/i0.wp.com\/agrund.com\/wp-content\/uploads\/sites\/6\/2021\/12\/agrund-celine-lisa-blackpink-1.jpg?w=600&amp;ssl=1 600w, https:\/\/i0.wp.com\/agrund.com\/wp-content\/uploads\/sites\/6\/2021\/12\/agrund-celine-lisa-blackpink-1.jpg?resize=200%2C300&amp;ssl=1 200w\" sizes=\"(max-width: 600px) 100vw, 600px\" data-recalc-dims=\"1\" \/><figcaption>Lisa, do Blackpink, estrela campanha da Celine\u00a0<\/figcaption><\/figure><\/div>\n\n\n\n<div class=\"wp-block-image\"><figure class=\"aligncenter size-full\"><img data-attachment-id=\"221806\" data-permalink=\"https:\/\/agrund.com\/index.php\/lisa-do-blackpink-estrela-campanha-da-celine\/agrund-celine-lisa-blackpink-2\/\" data-orig-file=\"https:\/\/i0.wp.com\/agrund.com\/wp-content\/uploads\/sites\/6\/2021\/12\/agrund-celine-lisa-blackpink-2.jpg?fit=600%2C900&amp;ssl=1\" data-orig-size=\"600,900\" data-comments-opened=\"1\" data-image-meta=\"{&quot;aperture&quot;:&quot;0&quot;,&quot;credit&quot;:&quot;&quot;,&quot;camera&quot;:&quot;&quot;,&quot;caption&quot;:&quot;&quot;,&quot;created_timestamp&quot;:&quot;0&quot;,&quot;copyright&quot;:&quot;&quot;,&quot;focal_length&quot;:&quot;0&quot;,&quot;iso&quot;:&quot;0&quot;,&quot;shutter_speed&quot;:&quot;0&quot;,&quot;title&quot;:&quot;&quot;,&quot;orientation&quot;:&quot;1&quot;}\" data-image-title=\"agrund-celine-lisa-blackpink-2\" data-image-description=\"\" data-image-caption=\"\" data-medium-file=\"https:\/\/i0.wp.com\/agrund.com\/wp-content\/uploads\/sites\/6\/2021\/12\/agrund-celine-lisa-blackpink-2.jpg?fit=200%2C300&amp;ssl=1\" data-large-file=\"https:\/\/i0.wp.com\/agrund.com\/wp-content\/uploads\/sites\/6\/2021\/12\/agrund-celine-lisa-blackpink-2.jpg?fit=600%2C900&amp;ssl=1\" decoding=\"async\" loading=\"lazy\" width=\"600\" height=\"900\" src=\"https:\/\/i0.wp.com\/agrund.com\/wp-content\/uploads\/sites\/6\/2021\/12\/agrund-celine-lisa-blackpink-2.jpg?resize=600%2C900&#038;ssl=1\" alt=\"\" class=\"wp-image-221806\" srcset=\"https:\/\/i0.wp.com\/agrund.com\/wp-content\/uploads\/sites\/6\/2021\/12\/agrund-celine-lisa-blackpink-2.jpg?w=600&amp;ssl=1 600w, https:\/\/i0.wp.com\/agrund.com\/wp-content\/uploads\/sites\/6\/2021\/12\/agrund-celine-lisa-blackpink-2.jpg?resize=200%2C300&amp;ssl=1 200w\" sizes=\"(max-width: 600px) 100vw, 600px\" data-recalc-dims=\"1\" \/><figcaption>Lisa, do Blackpink, estrela campanha da Celine\u00a0<\/figcaption><\/figure><\/div>\n\n\n\n<p>Fotos: Reprodu\u00e7\u00e3o. <\/p>\n","protected":false},"excerpt":{"rendered":"<p>Apenas um ano ap\u00f3s ser anunciada como musa fashion da Celine, Lisa, do BlackPink, agora \u00e9 a nova embaixadora global da Celine Haute Parfumerie.\u00a0 Isso significa que a cantora de K-pop n\u00e3o ser\u00e1 o rosto apenas das cole\u00e7\u00f5es ready-to-wear, como tamb\u00e9m das fragr\u00e2ncias.\u00a0 O an\u00fancio foi feito junto com as primeiras imagens da campanha do [&hellip;]<\/p>\n","protected":false},"author":8,"featured_media":221807,"comment_status":"open","ping_status":"open","sticky":false,"template":"","format":"standard","meta":{"jetpack_post_was_ever_published":false,"_jetpack_newsletter_access":"","jetpack_publicize_message":"","jetpack_is_tweetstorm":false,"jetpack_publicize_feature_enabled":true,"jetpack_social_post_already_shared":true,"jetpack_social_options":{"image_generator_settings":{"template":"highway","enabled":false}}},"categories":[2,18],"tags":[395,375,2302,712,423,347,67,525,148,424],"jetpack_publicize_connections":[],"jetpack_featured_media_url":"https:\/\/i0.wp.com\/agrund.com\/wp-content\/uploads\/sites\/6\/2021\/12\/s-7.jpg?fit=960%2C300&ssl=1","jetpack_sharing_enabled":true,"jetpack_shortlink":"https:\/\/wp.me\/p3Hz0n-VHu","jetpack_likes_enabled":true,"_links":{"self":[{"href":"https:\/\/agrund.com\/index.php\/wp-json\/wp\/v2\/posts\/221804"}],"collection":[{"href":"https:\/\/agrund.com\/index.php\/wp-json\/wp\/v2\/posts"}],"about":[{"href":"https:\/\/agrund.com\/index.php\/wp-json\/wp\/v2\/types\/post"}],"author":[{"embeddable":true,"href":"https:\/\/agrund.com\/index.php\/wp-json\/wp\/v2\/users\/8"}],"replies":[{"embeddable":true,"href":"https:\/\/agrund.com\/index.php\/wp-json\/wp\/v2\/comments?post=221804"}],"version-history":[{"count":1,"href":"https:\/\/agrund.com\/index.php\/wp-json\/wp\/v2\/posts\/221804\/revisions"}],"predecessor-version":[{"id":221808,"href":"https:\/\/agrund.com\/index.php\/wp-json\/wp\/v2\/posts\/221804\/revisions\/221808"}],"wp:featuredmedia":[{"embeddable":true,"href":"https:\/\/agrund.com\/index.php\/wp-json\/wp\/v2\/media\/221807"}],"wp:attachment":[{"href":"https:\/\/agrund.com\/index.php\/wp-json\/wp\/v2\/media?parent=221804"}],"wp:term":[{"taxonomy":"category","embeddable":true,"href":"https:\/\/agrund.com\/index.php\/wp-json\/wp\/v2\/categories?post=221804"},{"taxonomy":"post_tag","embeddable":true,"href":"https:\/\/agrund.com\/index.php\/wp-json\/wp\/v2\/tags?post=221804"}],"curies":[{"name":"wp","href":"https:\/\/api.w.org\/{rel}","templated":true}]}}