{"id":221708,"date":"2021-11-30T10:00:00","date_gmt":"2021-11-30T13:00:00","guid":{"rendered":"https:\/\/agrund.com\/?p=221708"},"modified":"2021-11-30T08:54:46","modified_gmt":"2021-11-30T11:54:46","slug":"spfw-n52-o-branco-historia-da-handred","status":"publish","type":"post","link":"https:\/\/agrund.com\/index.php\/spfw-n52-o-branco-historia-da-handred\/","title":{"rendered":"SPFW N52 :: O branco-hist\u00f3ria da\u00a0Handred"},"content":{"rendered":"\n<p>Por Arlindo Grund<\/p>\n\n\n\n<p>Pode parecer comum: a tela em branco, o natural, o vazio, o simples. Tudo isso d\u00e1 pra ser relacionado ao branco. A verdade daqui \u00e9 que ele \u00e9 o ponto de partida. O in\u00edcio, por exemplo, das pinturas e das cer\u00e2micas de Francisco Brennand.<\/p>\n\n\n\n<p>Em parceria com o Instituto que leva o mesmo nome do artista, as homenagens n\u00e3o ficam apenas nessa constru\u00e7\u00e3o que se faz na passarela. Pequenas cer\u00e2micas artesanais se unem \u00e0s pe\u00e7as, fazem as vezes de ponto de cor e ainda complementam a renda Richelieu, os bordados delicados e a seda, que carregam a hist\u00f3ria dos figurinos de \u201cO Auto da Compadecida\u201d, assinados por Brennand. O linho faz parte da ess\u00eancia dessa marca que consegue, em suas roupas, trazer o frescor que tanto queremos para aqueles dias mais quentes.<\/p>\n\n\n\n<p>A constru\u00e7\u00e3o das roupas tamb\u00e9m veste diversos corpos e estilos, que com a mesma naturalidade interpretam os c\u00f3digos e universos visuais da marca.<\/p>\n\n\n\n<p>A cor do come\u00e7o \u2014 e dos contrastes. Onde tudo aparece \u2014 e se p\u00f5e luz sobre.<\/p>\n\n\n\n<div class=\"wp-block-image\"><figure class=\"aligncenter size-full\"><img data-attachment-id=\"221709\" data-permalink=\"https:\/\/agrund.com\/index.php\/spfw-n52-o-branco-historia-da-handred\/handredfoto-marcelo-soubhia-fotosite\/\" data-orig-file=\"https:\/\/i0.wp.com\/agrund.com\/wp-content\/uploads\/sites\/6\/2021\/11\/agrund-handred-spfw-n52-1.jpg?fit=600%2C750&amp;ssl=1\" data-orig-size=\"600,750\" data-comments-opened=\"1\" data-image-meta=\"{&quot;aperture&quot;:&quot;0&quot;,&quot;credit&quot;:&quot;Marcelo Soubhia\\\/FOTOSITE&quot;,&quot;camera&quot;:&quot;&quot;,&quot;caption&quot;:&quot;Handred\\r\\r\\rfoto: Marcelo Soubhia\\\/FOTOSITE&quot;,&quot;created_timestamp&quot;:&quot;1637368864&quot;,&quot;copyright&quot;:&quot;Marcelo Soubhia\\\/FOTOSITE&quot;,&quot;focal_length&quot;:&quot;0&quot;,&quot;iso&quot;:&quot;0&quot;,&quot;shutter_speed&quot;:&quot;0&quot;,&quot;title&quot;:&quot;Handred\\r\\r\\rfoto: Marcelo Soubhia\\\/FOTOSITE&quot;,&quot;orientation&quot;:&quot;1&quot;}\" data-image-title=\"Handred\r\r\rfoto: Marcelo Soubhia\/FOTOSITE\" data-image-description=\"\" data-image-caption=\"&lt;p&gt;Handred&lt;\/p&gt;\n&lt;p&gt;foto: Marcelo Soubhia\/FOTOSITE&lt;\/p&gt;\n\" data-medium-file=\"https:\/\/i0.wp.com\/agrund.com\/wp-content\/uploads\/sites\/6\/2021\/11\/agrund-handred-spfw-n52-1.jpg?fit=240%2C300&amp;ssl=1\" data-large-file=\"https:\/\/i0.wp.com\/agrund.com\/wp-content\/uploads\/sites\/6\/2021\/11\/agrund-handred-spfw-n52-1.jpg?fit=600%2C750&amp;ssl=1\" decoding=\"async\" loading=\"lazy\" width=\"600\" height=\"750\" src=\"https:\/\/i0.wp.com\/agrund.com\/wp-content\/uploads\/sites\/6\/2021\/11\/agrund-handred-spfw-n52-1.jpg?resize=600%2C750&#038;ssl=1\" alt=\"\" class=\"wp-image-221709\" srcset=\"https:\/\/i0.wp.com\/agrund.com\/wp-content\/uploads\/sites\/6\/2021\/11\/agrund-handred-spfw-n52-1.jpg?w=600&amp;ssl=1 600w, https:\/\/i0.wp.com\/agrund.com\/wp-content\/uploads\/sites\/6\/2021\/11\/agrund-handred-spfw-n52-1.jpg?resize=240%2C300&amp;ssl=1 240w\" sizes=\"(max-width: 600px) 100vw, 600px\" data-recalc-dims=\"1\" \/><figcaption>SPFW N52 :: O branco-hist\u00f3ria da\u00a0Handred<\/figcaption><\/figure><\/div>\n\n\n\n<div class=\"wp-block-image\"><figure class=\"aligncenter size-full\"><img data-attachment-id=\"221710\" data-permalink=\"https:\/\/agrund.com\/index.php\/spfw-n52-o-branco-historia-da-handred\/handredfoto-marcelo-soubhia-fotosite-2\/\" data-orig-file=\"https:\/\/i0.wp.com\/agrund.com\/wp-content\/uploads\/sites\/6\/2021\/11\/agrund-handred-spfw-n52-2.jpg?fit=600%2C750&amp;ssl=1\" data-orig-size=\"600,750\" data-comments-opened=\"1\" data-image-meta=\"{&quot;aperture&quot;:&quot;0&quot;,&quot;credit&quot;:&quot;Marcelo Soubhia\\\/FOTOSITE&quot;,&quot;camera&quot;:&quot;&quot;,&quot;caption&quot;:&quot;Handred\\r\\r\\rfoto: Marcelo Soubhia\\\/FOTOSITE&quot;,&quot;created_timestamp&quot;:&quot;1637368865&quot;,&quot;copyright&quot;:&quot;Marcelo Soubhia\\\/FOTOSITE&quot;,&quot;focal_length&quot;:&quot;0&quot;,&quot;iso&quot;:&quot;0&quot;,&quot;shutter_speed&quot;:&quot;0&quot;,&quot;title&quot;:&quot;Handred\\r\\r\\rfoto: Marcelo Soubhia\\\/FOTOSITE&quot;,&quot;orientation&quot;:&quot;1&quot;}\" data-image-title=\"Handred\r\r\rfoto: Marcelo Soubhia\/FOTOSITE\" data-image-description=\"\" data-image-caption=\"&lt;p&gt;Handred&lt;\/p&gt;\n&lt;p&gt;foto: Marcelo Soubhia\/FOTOSITE&lt;\/p&gt;\n\" data-medium-file=\"https:\/\/i0.wp.com\/agrund.com\/wp-content\/uploads\/sites\/6\/2021\/11\/agrund-handred-spfw-n52-2.jpg?fit=240%2C300&amp;ssl=1\" data-large-file=\"https:\/\/i0.wp.com\/agrund.com\/wp-content\/uploads\/sites\/6\/2021\/11\/agrund-handred-spfw-n52-2.jpg?fit=600%2C750&amp;ssl=1\" decoding=\"async\" loading=\"lazy\" width=\"600\" height=\"750\" src=\"https:\/\/i0.wp.com\/agrund.com\/wp-content\/uploads\/sites\/6\/2021\/11\/agrund-handred-spfw-n52-2.jpg?resize=600%2C750&#038;ssl=1\" alt=\"\" class=\"wp-image-221710\" srcset=\"https:\/\/i0.wp.com\/agrund.com\/wp-content\/uploads\/sites\/6\/2021\/11\/agrund-handred-spfw-n52-2.jpg?w=600&amp;ssl=1 600w, https:\/\/i0.wp.com\/agrund.com\/wp-content\/uploads\/sites\/6\/2021\/11\/agrund-handred-spfw-n52-2.jpg?resize=240%2C300&amp;ssl=1 240w\" sizes=\"(max-width: 600px) 100vw, 600px\" data-recalc-dims=\"1\" \/><figcaption>SPFW N52 :: O branco-hist\u00f3ria da\u00a0Handred<\/figcaption><\/figure><\/div>\n\n\n\n<div class=\"wp-block-image\"><figure class=\"aligncenter size-full\"><img data-attachment-id=\"221711\" data-permalink=\"https:\/\/agrund.com\/index.php\/spfw-n52-o-branco-historia-da-handred\/handredfoto-marcelo-soubhia-fotosite-3\/\" data-orig-file=\"https:\/\/i0.wp.com\/agrund.com\/wp-content\/uploads\/sites\/6\/2021\/11\/agrund-handred-spfw-n52-3.jpg?fit=600%2C480&amp;ssl=1\" data-orig-size=\"600,480\" data-comments-opened=\"1\" data-image-meta=\"{&quot;aperture&quot;:&quot;0&quot;,&quot;credit&quot;:&quot;Marcelo Soubhia\\\/FOTOSITE&quot;,&quot;camera&quot;:&quot;&quot;,&quot;caption&quot;:&quot;Handred\\r\\r\\rfoto: Marcelo Soubhia\\\/FOTOSITE&quot;,&quot;created_timestamp&quot;:&quot;1637371681&quot;,&quot;copyright&quot;:&quot;Marcelo Soubhia\\\/FOTOSITE&quot;,&quot;focal_length&quot;:&quot;0&quot;,&quot;iso&quot;:&quot;0&quot;,&quot;shutter_speed&quot;:&quot;0&quot;,&quot;title&quot;:&quot;Handred\\r\\r\\rfoto: Marcelo Soubhia\\\/FOTOSITE&quot;,&quot;orientation&quot;:&quot;1&quot;}\" data-image-title=\"Handred\r\r\rfoto: Marcelo Soubhia\/FOTOSITE\" data-image-description=\"\" data-image-caption=\"&lt;p&gt;Handred&lt;\/p&gt;\n&lt;p&gt;foto: Marcelo Soubhia\/FOTOSITE&lt;\/p&gt;\n\" data-medium-file=\"https:\/\/i0.wp.com\/agrund.com\/wp-content\/uploads\/sites\/6\/2021\/11\/agrund-handred-spfw-n52-3.jpg?fit=300%2C240&amp;ssl=1\" data-large-file=\"https:\/\/i0.wp.com\/agrund.com\/wp-content\/uploads\/sites\/6\/2021\/11\/agrund-handred-spfw-n52-3.jpg?fit=600%2C480&amp;ssl=1\" decoding=\"async\" loading=\"lazy\" width=\"600\" height=\"480\" src=\"https:\/\/i0.wp.com\/agrund.com\/wp-content\/uploads\/sites\/6\/2021\/11\/agrund-handred-spfw-n52-3.jpg?resize=600%2C480&#038;ssl=1\" alt=\"\" class=\"wp-image-221711\" srcset=\"https:\/\/i0.wp.com\/agrund.com\/wp-content\/uploads\/sites\/6\/2021\/11\/agrund-handred-spfw-n52-3.jpg?w=600&amp;ssl=1 600w, https:\/\/i0.wp.com\/agrund.com\/wp-content\/uploads\/sites\/6\/2021\/11\/agrund-handred-spfw-n52-3.jpg?resize=300%2C240&amp;ssl=1 300w\" sizes=\"(max-width: 600px) 100vw, 600px\" data-recalc-dims=\"1\" \/><figcaption>SPFW N52 :: O branco-hist\u00f3ria da\u00a0Handred<\/figcaption><\/figure><\/div>\n\n\n\n<div class=\"wp-block-image\"><figure class=\"aligncenter size-full\"><img data-attachment-id=\"221712\" data-permalink=\"https:\/\/agrund.com\/index.php\/spfw-n52-o-branco-historia-da-handred\/handredfoto-marcelo-soubhia-fotosite-4\/\" data-orig-file=\"https:\/\/i0.wp.com\/agrund.com\/wp-content\/uploads\/sites\/6\/2021\/11\/agrund-handred-spfw-n52-4.jpg?fit=600%2C750&amp;ssl=1\" data-orig-size=\"600,750\" data-comments-opened=\"1\" data-image-meta=\"{&quot;aperture&quot;:&quot;0&quot;,&quot;credit&quot;:&quot;Marcelo Soubhia\\\/FOTOSITE&quot;,&quot;camera&quot;:&quot;&quot;,&quot;caption&quot;:&quot;Handred\\r\\r\\rfoto: Marcelo Soubhia\\\/FOTOSITE&quot;,&quot;created_timestamp&quot;:&quot;1637371697&quot;,&quot;copyright&quot;:&quot;Marcelo Soubhia\\\/FOTOSITE&quot;,&quot;focal_length&quot;:&quot;0&quot;,&quot;iso&quot;:&quot;0&quot;,&quot;shutter_speed&quot;:&quot;0&quot;,&quot;title&quot;:&quot;Handred\\r\\r\\rfoto: Marcelo Soubhia\\\/FOTOSITE&quot;,&quot;orientation&quot;:&quot;1&quot;}\" data-image-title=\"Handred\r\r\rfoto: Marcelo Soubhia\/FOTOSITE\" data-image-description=\"\" data-image-caption=\"&lt;p&gt;Handred&lt;\/p&gt;\n&lt;p&gt;foto: Marcelo Soubhia\/FOTOSITE&lt;\/p&gt;\n\" data-medium-file=\"https:\/\/i0.wp.com\/agrund.com\/wp-content\/uploads\/sites\/6\/2021\/11\/agrund-handred-spfw-n52-4.jpg?fit=240%2C300&amp;ssl=1\" data-large-file=\"https:\/\/i0.wp.com\/agrund.com\/wp-content\/uploads\/sites\/6\/2021\/11\/agrund-handred-spfw-n52-4.jpg?fit=600%2C750&amp;ssl=1\" decoding=\"async\" loading=\"lazy\" width=\"600\" height=\"750\" src=\"https:\/\/i0.wp.com\/agrund.com\/wp-content\/uploads\/sites\/6\/2021\/11\/agrund-handred-spfw-n52-4.jpg?resize=600%2C750&#038;ssl=1\" alt=\"\" class=\"wp-image-221712\" srcset=\"https:\/\/i0.wp.com\/agrund.com\/wp-content\/uploads\/sites\/6\/2021\/11\/agrund-handred-spfw-n52-4.jpg?w=600&amp;ssl=1 600w, https:\/\/i0.wp.com\/agrund.com\/wp-content\/uploads\/sites\/6\/2021\/11\/agrund-handred-spfw-n52-4.jpg?resize=240%2C300&amp;ssl=1 240w\" sizes=\"(max-width: 600px) 100vw, 600px\" data-recalc-dims=\"1\" \/><figcaption>SPFW N52 :: O branco-hist\u00f3ria da\u00a0Handred<\/figcaption><\/figure><\/div>\n\n\n\n<div class=\"wp-block-image\"><figure class=\"aligncenter size-full\"><img data-attachment-id=\"221713\" data-permalink=\"https:\/\/agrund.com\/index.php\/spfw-n52-o-branco-historia-da-handred\/handredfoto-marcelo-soubhia-fotosite-5\/\" data-orig-file=\"https:\/\/i0.wp.com\/agrund.com\/wp-content\/uploads\/sites\/6\/2021\/11\/agrund-handred-spfw-n52-5.jpg?fit=600%2C750&amp;ssl=1\" data-orig-size=\"600,750\" data-comments-opened=\"1\" data-image-meta=\"{&quot;aperture&quot;:&quot;0&quot;,&quot;credit&quot;:&quot;Marcelo Soubhia\\\/FOTOSITE&quot;,&quot;camera&quot;:&quot;&quot;,&quot;caption&quot;:&quot;Handred\\r\\r\\rfoto: Marcelo Soubhia\\\/FOTOSITE&quot;,&quot;created_timestamp&quot;:&quot;1637371735&quot;,&quot;copyright&quot;:&quot;Marcelo Soubhia\\\/FOTOSITE&quot;,&quot;focal_length&quot;:&quot;0&quot;,&quot;iso&quot;:&quot;0&quot;,&quot;shutter_speed&quot;:&quot;0&quot;,&quot;title&quot;:&quot;Handred\\r\\r\\rfoto: Marcelo Soubhia\\\/FOTOSITE&quot;,&quot;orientation&quot;:&quot;1&quot;}\" data-image-title=\"Handred\r\r\rfoto: Marcelo Soubhia\/FOTOSITE\" data-image-description=\"\" data-image-caption=\"&lt;p&gt;Handred&lt;\/p&gt;\n&lt;p&gt;foto: Marcelo Soubhia\/FOTOSITE&lt;\/p&gt;\n\" data-medium-file=\"https:\/\/i0.wp.com\/agrund.com\/wp-content\/uploads\/sites\/6\/2021\/11\/agrund-handred-spfw-n52-5.jpg?fit=240%2C300&amp;ssl=1\" data-large-file=\"https:\/\/i0.wp.com\/agrund.com\/wp-content\/uploads\/sites\/6\/2021\/11\/agrund-handred-spfw-n52-5.jpg?fit=600%2C750&amp;ssl=1\" decoding=\"async\" loading=\"lazy\" width=\"600\" height=\"750\" src=\"https:\/\/i0.wp.com\/agrund.com\/wp-content\/uploads\/sites\/6\/2021\/11\/agrund-handred-spfw-n52-5.jpg?resize=600%2C750&#038;ssl=1\" alt=\"\" class=\"wp-image-221713\" srcset=\"https:\/\/i0.wp.com\/agrund.com\/wp-content\/uploads\/sites\/6\/2021\/11\/agrund-handred-spfw-n52-5.jpg?w=600&amp;ssl=1 600w, https:\/\/i0.wp.com\/agrund.com\/wp-content\/uploads\/sites\/6\/2021\/11\/agrund-handred-spfw-n52-5.jpg?resize=240%2C300&amp;ssl=1 240w\" sizes=\"(max-width: 600px) 100vw, 600px\" data-recalc-dims=\"1\" \/><figcaption>SPFW N52 :: O branco-hist\u00f3ria da\u00a0Handred<\/figcaption><\/figure><\/div>\n\n\n\n<div class=\"wp-block-image\"><figure class=\"aligncenter size-full\"><img data-attachment-id=\"221714\" data-permalink=\"https:\/\/agrund.com\/index.php\/spfw-n52-o-branco-historia-da-handred\/handredfoto-marcelo-soubhia-fotosite-6\/\" data-orig-file=\"https:\/\/i0.wp.com\/agrund.com\/wp-content\/uploads\/sites\/6\/2021\/11\/agrund-handred-spfw-n52-6.jpg?fit=600%2C750&amp;ssl=1\" data-orig-size=\"600,750\" data-comments-opened=\"1\" data-image-meta=\"{&quot;aperture&quot;:&quot;0&quot;,&quot;credit&quot;:&quot;Marcelo Soubhia\\\/FOTOSITE&quot;,&quot;camera&quot;:&quot;&quot;,&quot;caption&quot;:&quot;Handred\\r\\r\\rfoto: Marcelo Soubhia\\\/FOTOSITE&quot;,&quot;created_timestamp&quot;:&quot;1637371740&quot;,&quot;copyright&quot;:&quot;Marcelo Soubhia\\\/FOTOSITE&quot;,&quot;focal_length&quot;:&quot;0&quot;,&quot;iso&quot;:&quot;0&quot;,&quot;shutter_speed&quot;:&quot;0&quot;,&quot;title&quot;:&quot;Handred\\r\\r\\rfoto: Marcelo Soubhia\\\/FOTOSITE&quot;,&quot;orientation&quot;:&quot;1&quot;}\" data-image-title=\"Handred\r\r\rfoto: Marcelo Soubhia\/FOTOSITE\" data-image-description=\"\" data-image-caption=\"&lt;p&gt;Handred&lt;\/p&gt;\n&lt;p&gt;foto: Marcelo Soubhia\/FOTOSITE&lt;\/p&gt;\n\" data-medium-file=\"https:\/\/i0.wp.com\/agrund.com\/wp-content\/uploads\/sites\/6\/2021\/11\/agrund-handred-spfw-n52-6.jpg?fit=240%2C300&amp;ssl=1\" data-large-file=\"https:\/\/i0.wp.com\/agrund.com\/wp-content\/uploads\/sites\/6\/2021\/11\/agrund-handred-spfw-n52-6.jpg?fit=600%2C750&amp;ssl=1\" decoding=\"async\" loading=\"lazy\" width=\"600\" height=\"750\" src=\"https:\/\/i0.wp.com\/agrund.com\/wp-content\/uploads\/sites\/6\/2021\/11\/agrund-handred-spfw-n52-6.jpg?resize=600%2C750&#038;ssl=1\" alt=\"\" class=\"wp-image-221714\" srcset=\"https:\/\/i0.wp.com\/agrund.com\/wp-content\/uploads\/sites\/6\/2021\/11\/agrund-handred-spfw-n52-6.jpg?w=600&amp;ssl=1 600w, https:\/\/i0.wp.com\/agrund.com\/wp-content\/uploads\/sites\/6\/2021\/11\/agrund-handred-spfw-n52-6.jpg?resize=240%2C300&amp;ssl=1 240w\" sizes=\"(max-width: 600px) 100vw, 600px\" data-recalc-dims=\"1\" \/><figcaption>SPFW N52 :: O branco-hist\u00f3ria da\u00a0Handred<\/figcaption><\/figure><\/div>\n\n\n\n<div class=\"wp-block-image\"><figure class=\"aligncenter size-full\"><img data-attachment-id=\"221715\" data-permalink=\"https:\/\/agrund.com\/index.php\/spfw-n52-o-branco-historia-da-handred\/handredfoto-marcelo-soubhia-fotosite-7\/\" data-orig-file=\"https:\/\/i0.wp.com\/agrund.com\/wp-content\/uploads\/sites\/6\/2021\/11\/agrund-handred-spfw-n52-7.jpg?fit=600%2C480&amp;ssl=1\" data-orig-size=\"600,480\" data-comments-opened=\"1\" data-image-meta=\"{&quot;aperture&quot;:&quot;0&quot;,&quot;credit&quot;:&quot;Marcelo Soubhia\\\/FOTOSITE&quot;,&quot;camera&quot;:&quot;&quot;,&quot;caption&quot;:&quot;Handred\\r\\r\\rfoto: Marcelo Soubhia\\\/FOTOSITE&quot;,&quot;created_timestamp&quot;:&quot;1637371746&quot;,&quot;copyright&quot;:&quot;Marcelo Soubhia\\\/FOTOSITE&quot;,&quot;focal_length&quot;:&quot;0&quot;,&quot;iso&quot;:&quot;0&quot;,&quot;shutter_speed&quot;:&quot;0&quot;,&quot;title&quot;:&quot;Handred\\r\\r\\rfoto: Marcelo Soubhia\\\/FOTOSITE&quot;,&quot;orientation&quot;:&quot;1&quot;}\" data-image-title=\"Handred\r\r\rfoto: Marcelo Soubhia\/FOTOSITE\" data-image-description=\"\" data-image-caption=\"&lt;p&gt;Handred&lt;\/p&gt;\n&lt;p&gt;foto: Marcelo Soubhia\/FOTOSITE&lt;\/p&gt;\n\" data-medium-file=\"https:\/\/i0.wp.com\/agrund.com\/wp-content\/uploads\/sites\/6\/2021\/11\/agrund-handred-spfw-n52-7.jpg?fit=300%2C240&amp;ssl=1\" data-large-file=\"https:\/\/i0.wp.com\/agrund.com\/wp-content\/uploads\/sites\/6\/2021\/11\/agrund-handred-spfw-n52-7.jpg?fit=600%2C480&amp;ssl=1\" decoding=\"async\" loading=\"lazy\" width=\"600\" height=\"480\" src=\"https:\/\/i0.wp.com\/agrund.com\/wp-content\/uploads\/sites\/6\/2021\/11\/agrund-handred-spfw-n52-7.jpg?resize=600%2C480&#038;ssl=1\" alt=\"\" class=\"wp-image-221715\" srcset=\"https:\/\/i0.wp.com\/agrund.com\/wp-content\/uploads\/sites\/6\/2021\/11\/agrund-handred-spfw-n52-7.jpg?w=600&amp;ssl=1 600w, https:\/\/i0.wp.com\/agrund.com\/wp-content\/uploads\/sites\/6\/2021\/11\/agrund-handred-spfw-n52-7.jpg?resize=300%2C240&amp;ssl=1 300w\" sizes=\"(max-width: 600px) 100vw, 600px\" data-recalc-dims=\"1\" \/><figcaption>SPFW N52 :: O branco-hist\u00f3ria da\u00a0Handred<\/figcaption><\/figure><\/div>\n\n\n\n<p>Fotos: Divulga\u00e7\u00e3o\/ Marcelo Soubhia\/ Ag\u00eancia Fotosite. <\/p>\n","protected":false},"excerpt":{"rendered":"<p>Por Arlindo Grund Pode parecer comum: a tela em branco, o natural, o vazio, o simples. Tudo isso d\u00e1 pra ser relacionado ao branco. A verdade daqui \u00e9 que ele \u00e9 o ponto de partida. O in\u00edcio, por exemplo, das pinturas e das cer\u00e2micas de Francisco Brennand. Em parceria com o Instituto que leva o [&hellip;]<\/p>\n","protected":false},"author":8,"featured_media":221716,"comment_status":"open","ping_status":"open","sticky":false,"template":"","format":"standard","meta":{"jetpack_post_was_ever_published":false,"_jetpack_newsletter_access":"","jetpack_publicize_message":"","jetpack_is_tweetstorm":false,"jetpack_publicize_feature_enabled":true,"jetpack_social_post_already_shared":true,"jetpack_social_options":{"image_generator_settings":{"template":"highway","enabled":false}}},"categories":[2,18],"tags":[395,375,423,347,2422,67,525,148,2835,140,424],"jetpack_publicize_connections":[],"jetpack_featured_media_url":"https:\/\/i0.wp.com\/agrund.com\/wp-content\/uploads\/sites\/6\/2021\/11\/s-60.jpg?fit=960%2C300&ssl=1","jetpack_sharing_enabled":true,"jetpack_shortlink":"https:\/\/wp.me\/p3Hz0n-VFW","jetpack_likes_enabled":true,"_links":{"self":[{"href":"https:\/\/agrund.com\/index.php\/wp-json\/wp\/v2\/posts\/221708"}],"collection":[{"href":"https:\/\/agrund.com\/index.php\/wp-json\/wp\/v2\/posts"}],"about":[{"href":"https:\/\/agrund.com\/index.php\/wp-json\/wp\/v2\/types\/post"}],"author":[{"embeddable":true,"href":"https:\/\/agrund.com\/index.php\/wp-json\/wp\/v2\/users\/8"}],"replies":[{"embeddable":true,"href":"https:\/\/agrund.com\/index.php\/wp-json\/wp\/v2\/comments?post=221708"}],"version-history":[{"count":1,"href":"https:\/\/agrund.com\/index.php\/wp-json\/wp\/v2\/posts\/221708\/revisions"}],"predecessor-version":[{"id":221717,"href":"https:\/\/agrund.com\/index.php\/wp-json\/wp\/v2\/posts\/221708\/revisions\/221717"}],"wp:featuredmedia":[{"embeddable":true,"href":"https:\/\/agrund.com\/index.php\/wp-json\/wp\/v2\/media\/221716"}],"wp:attachment":[{"href":"https:\/\/agrund.com\/index.php\/wp-json\/wp\/v2\/media?parent=221708"}],"wp:term":[{"taxonomy":"category","embeddable":true,"href":"https:\/\/agrund.com\/index.php\/wp-json\/wp\/v2\/categories?post=221708"},{"taxonomy":"post_tag","embeddable":true,"href":"https:\/\/agrund.com\/index.php\/wp-json\/wp\/v2\/tags?post=221708"}],"curies":[{"name":"wp","href":"https:\/\/api.w.org\/{rel}","templated":true}]}}