{"id":221586,"date":"2021-11-23T16:00:00","date_gmt":"2021-11-23T19:00:00","guid":{"rendered":"https:\/\/agrund.com\/?p=221586"},"modified":"2021-11-23T16:47:28","modified_gmt":"2021-11-23T19:47:28","slug":"spfw-n52-projeto-sankofa-os-encantos-de-fe-de-naya-violeta","status":"publish","type":"post","link":"https:\/\/agrund.com\/index.php\/spfw-n52-projeto-sankofa-os-encantos-de-fe-de-naya-violeta\/","title":{"rendered":"SPFW N52 :: Projeto Sankofa &#8211; Os encantos de f\u00e9 de\u00a0Naya\u00a0Violeta"},"content":{"rendered":"\n<p>Por Arlindo Grund<\/p>\n\n\n\n<p>Bem-vindas as cores vibrantes, a estampa exclusiva e as pe\u00e7as descomplicadas de&nbsp;Naya&nbsp;Violeta. \u00c9 uma hist\u00f3ria com o caminho de uma d\u00e9cada inteira dedicada \u00e0 constru\u00e7\u00e3o de uma marca. N\u00e3o s\u00f3 de vestir, mas de representar e usar.<\/p>\n\n\n\n<p>A goiana, que estreou na edi\u00e7\u00e3o passada da SPFW, traz \u00e0 sua passarela figuras importantes da hist\u00f3ria, como a modelista que trilha essa jornada com ela h\u00e1 mais de 15 anos. A religiosidade, como sugere o nome da cole\u00e7\u00e3o &#8211; do am\u00e9m ao ax\u00e9 &#8211; tamb\u00e9m imprime cada passo. Estampas delicadas e ao mesmo tempo fortes tamb\u00e9m pontuaram uma cole\u00e7\u00e3o cheia de conforto e propriedade.<\/p>\n\n\n\n<p>A forma como a moda \u00e9 apresentada pela marca transcende para algo mais intang\u00edvel, acima de tecidos, cortes e costuras.<\/p>\n\n\n\n<div class=\"wp-block-image\"><figure class=\"aligncenter size-full\"><img data-attachment-id=\"221587\" data-permalink=\"https:\/\/agrund.com\/index.php\/spfw-n52-projeto-sankofa-os-encantos-de-fe-de-naya-violeta\/sankofa_-naya-violetafoto-marcelo-soubhia-fotosite\/\" data-orig-file=\"https:\/\/i0.wp.com\/agrund.com\/wp-content\/uploads\/sites\/6\/2021\/11\/agrund-spfw-n52-naya_violeta_1.jpg?fit=600%2C750&amp;ssl=1\" data-orig-size=\"600,750\" data-comments-opened=\"1\" data-image-meta=\"{&quot;aperture&quot;:&quot;0&quot;,&quot;credit&quot;:&quot;Marcelo Soubhia\\\/FOTOSITE&quot;,&quot;camera&quot;:&quot;&quot;,&quot;caption&quot;:&quot;Sankofa_ Naya Violeta\\r\\rfoto: Marcelo Soubhia\\\/FOTOSITE&quot;,&quot;created_timestamp&quot;:&quot;1637349779&quot;,&quot;copyright&quot;:&quot;Marcelo Soubhia\\\/FOTOSITE&quot;,&quot;focal_length&quot;:&quot;0&quot;,&quot;iso&quot;:&quot;0&quot;,&quot;shutter_speed&quot;:&quot;0&quot;,&quot;title&quot;:&quot;Sankofa_ Naya Violeta\\r\\rfoto: Marcelo Soubhia\\\/FOTOSITE&quot;,&quot;orientation&quot;:&quot;1&quot;}\" data-image-title=\"Sankofa_ Naya Violeta\r\rfoto: Marcelo Soubhia\/FOTOSITE\" data-image-description=\"\" data-image-caption=\"&lt;p&gt;Sankofa_ Naya Violeta&lt;\/p&gt;\n&lt;p&gt;foto: Marcelo Soubhia\/FOTOSITE&lt;\/p&gt;\n\" data-medium-file=\"https:\/\/i0.wp.com\/agrund.com\/wp-content\/uploads\/sites\/6\/2021\/11\/agrund-spfw-n52-naya_violeta_1.jpg?fit=240%2C300&amp;ssl=1\" data-large-file=\"https:\/\/i0.wp.com\/agrund.com\/wp-content\/uploads\/sites\/6\/2021\/11\/agrund-spfw-n52-naya_violeta_1.jpg?fit=600%2C750&amp;ssl=1\" decoding=\"async\" loading=\"lazy\" width=\"600\" height=\"750\" src=\"https:\/\/i0.wp.com\/agrund.com\/wp-content\/uploads\/sites\/6\/2021\/11\/agrund-spfw-n52-naya_violeta_1.jpg?resize=600%2C750&#038;ssl=1\" alt=\"\" class=\"wp-image-221587\" srcset=\"https:\/\/i0.wp.com\/agrund.com\/wp-content\/uploads\/sites\/6\/2021\/11\/agrund-spfw-n52-naya_violeta_1.jpg?w=600&amp;ssl=1 600w, https:\/\/i0.wp.com\/agrund.com\/wp-content\/uploads\/sites\/6\/2021\/11\/agrund-spfw-n52-naya_violeta_1.jpg?resize=240%2C300&amp;ssl=1 240w\" sizes=\"(max-width: 600px) 100vw, 600px\" data-recalc-dims=\"1\" \/><figcaption>SPFW N52 :: Projeto Sankofa &#8211; Os encantos de f\u00e9 de\u00a0Naya\u00a0Violeta<\/figcaption><\/figure><\/div>\n\n\n\n<div class=\"wp-block-image\"><figure class=\"aligncenter size-full\"><img data-attachment-id=\"221588\" data-permalink=\"https:\/\/agrund.com\/index.php\/spfw-n52-projeto-sankofa-os-encantos-de-fe-de-naya-violeta\/sankofa_-naya-violetafoto-marcelo-soubhia-fotosite-2\/\" data-orig-file=\"https:\/\/i0.wp.com\/agrund.com\/wp-content\/uploads\/sites\/6\/2021\/11\/agrund-spfw-n52-naya_violeta_2.jpg?fit=600%2C750&amp;ssl=1\" data-orig-size=\"600,750\" data-comments-opened=\"1\" data-image-meta=\"{&quot;aperture&quot;:&quot;0&quot;,&quot;credit&quot;:&quot;Marcelo Soubhia\\\/FOTOSITE&quot;,&quot;camera&quot;:&quot;&quot;,&quot;caption&quot;:&quot;Sankofa_ Naya Violeta\\r\\rfoto: Marcelo Soubhia\\\/FOTOSITE&quot;,&quot;created_timestamp&quot;:&quot;1637349779&quot;,&quot;copyright&quot;:&quot;Marcelo Soubhia\\\/FOTOSITE&quot;,&quot;focal_length&quot;:&quot;0&quot;,&quot;iso&quot;:&quot;0&quot;,&quot;shutter_speed&quot;:&quot;0&quot;,&quot;title&quot;:&quot;Sankofa_ Naya Violeta\\r\\rfoto: Marcelo Soubhia\\\/FOTOSITE&quot;,&quot;orientation&quot;:&quot;1&quot;}\" data-image-title=\"Sankofa_ Naya Violeta\r\rfoto: Marcelo Soubhia\/FOTOSITE\" data-image-description=\"\" data-image-caption=\"&lt;p&gt;Sankofa_ Naya Violeta&lt;\/p&gt;\n&lt;p&gt;foto: Marcelo Soubhia\/FOTOSITE&lt;\/p&gt;\n\" data-medium-file=\"https:\/\/i0.wp.com\/agrund.com\/wp-content\/uploads\/sites\/6\/2021\/11\/agrund-spfw-n52-naya_violeta_2.jpg?fit=240%2C300&amp;ssl=1\" data-large-file=\"https:\/\/i0.wp.com\/agrund.com\/wp-content\/uploads\/sites\/6\/2021\/11\/agrund-spfw-n52-naya_violeta_2.jpg?fit=600%2C750&amp;ssl=1\" decoding=\"async\" loading=\"lazy\" width=\"600\" height=\"750\" src=\"https:\/\/i0.wp.com\/agrund.com\/wp-content\/uploads\/sites\/6\/2021\/11\/agrund-spfw-n52-naya_violeta_2.jpg?resize=600%2C750&#038;ssl=1\" alt=\"\" class=\"wp-image-221588\" srcset=\"https:\/\/i0.wp.com\/agrund.com\/wp-content\/uploads\/sites\/6\/2021\/11\/agrund-spfw-n52-naya_violeta_2.jpg?w=600&amp;ssl=1 600w, https:\/\/i0.wp.com\/agrund.com\/wp-content\/uploads\/sites\/6\/2021\/11\/agrund-spfw-n52-naya_violeta_2.jpg?resize=240%2C300&amp;ssl=1 240w\" sizes=\"(max-width: 600px) 100vw, 600px\" data-recalc-dims=\"1\" \/><figcaption>SPFW N52 :: Projeto Sankofa &#8211; Os encantos de f\u00e9 de\u00a0Naya\u00a0Violeta<\/figcaption><\/figure><\/div>\n\n\n\n<div class=\"wp-block-image\"><figure class=\"aligncenter size-full\"><img data-attachment-id=\"221589\" data-permalink=\"https:\/\/agrund.com\/index.php\/spfw-n52-projeto-sankofa-os-encantos-de-fe-de-naya-violeta\/sankofa_-naya-violetafoto-marcelo-soubhia-fotosite-3\/\" data-orig-file=\"https:\/\/i0.wp.com\/agrund.com\/wp-content\/uploads\/sites\/6\/2021\/11\/agrund-spfw-n52-naya_violeta_3.jpg?fit=600%2C750&amp;ssl=1\" data-orig-size=\"600,750\" data-comments-opened=\"1\" data-image-meta=\"{&quot;aperture&quot;:&quot;0&quot;,&quot;credit&quot;:&quot;Marcelo Soubhia\\\/FOTOSITE&quot;,&quot;camera&quot;:&quot;&quot;,&quot;caption&quot;:&quot;Sankofa_ Naya Violeta\\r\\rfoto: Marcelo Soubhia\\\/FOTOSITE&quot;,&quot;created_timestamp&quot;:&quot;1637349781&quot;,&quot;copyright&quot;:&quot;Marcelo Soubhia\\\/FOTOSITE&quot;,&quot;focal_length&quot;:&quot;0&quot;,&quot;iso&quot;:&quot;0&quot;,&quot;shutter_speed&quot;:&quot;0&quot;,&quot;title&quot;:&quot;Sankofa_ Naya Violeta\\r\\rfoto: Marcelo Soubhia\\\/FOTOSITE&quot;,&quot;orientation&quot;:&quot;1&quot;}\" data-image-title=\"Sankofa_ Naya Violeta\r\rfoto: Marcelo Soubhia\/FOTOSITE\" data-image-description=\"\" data-image-caption=\"&lt;p&gt;Sankofa_ Naya Violeta&lt;\/p&gt;\n&lt;p&gt;foto: Marcelo Soubhia\/FOTOSITE&lt;\/p&gt;\n\" data-medium-file=\"https:\/\/i0.wp.com\/agrund.com\/wp-content\/uploads\/sites\/6\/2021\/11\/agrund-spfw-n52-naya_violeta_3.jpg?fit=240%2C300&amp;ssl=1\" data-large-file=\"https:\/\/i0.wp.com\/agrund.com\/wp-content\/uploads\/sites\/6\/2021\/11\/agrund-spfw-n52-naya_violeta_3.jpg?fit=600%2C750&amp;ssl=1\" decoding=\"async\" loading=\"lazy\" width=\"600\" height=\"750\" src=\"https:\/\/i0.wp.com\/agrund.com\/wp-content\/uploads\/sites\/6\/2021\/11\/agrund-spfw-n52-naya_violeta_3.jpg?resize=600%2C750&#038;ssl=1\" alt=\"\" class=\"wp-image-221589\" srcset=\"https:\/\/i0.wp.com\/agrund.com\/wp-content\/uploads\/sites\/6\/2021\/11\/agrund-spfw-n52-naya_violeta_3.jpg?w=600&amp;ssl=1 600w, https:\/\/i0.wp.com\/agrund.com\/wp-content\/uploads\/sites\/6\/2021\/11\/agrund-spfw-n52-naya_violeta_3.jpg?resize=240%2C300&amp;ssl=1 240w\" sizes=\"(max-width: 600px) 100vw, 600px\" data-recalc-dims=\"1\" \/><figcaption>SPFW N52 :: Projeto Sankofa &#8211; Os encantos de f\u00e9 de\u00a0Naya\u00a0Violeta<\/figcaption><\/figure><\/div>\n\n\n\n<div class=\"wp-block-image\"><figure class=\"aligncenter size-full\"><img data-attachment-id=\"221590\" data-permalink=\"https:\/\/agrund.com\/index.php\/spfw-n52-projeto-sankofa-os-encantos-de-fe-de-naya-violeta\/sankofa_-naya-violetafoto-marcelo-soubhia-fotosite-4\/\" data-orig-file=\"https:\/\/i0.wp.com\/agrund.com\/wp-content\/uploads\/sites\/6\/2021\/11\/agrund-spfw-n52-naya_violeta_4.jpg?fit=600%2C750&amp;ssl=1\" data-orig-size=\"600,750\" data-comments-opened=\"1\" data-image-meta=\"{&quot;aperture&quot;:&quot;0&quot;,&quot;credit&quot;:&quot;Marcelo Soubhia\\\/FOTOSITE&quot;,&quot;camera&quot;:&quot;&quot;,&quot;caption&quot;:&quot;Sankofa_ Naya Violeta\\r\\rfoto: Marcelo Soubhia\\\/FOTOSITE&quot;,&quot;created_timestamp&quot;:&quot;1637351519&quot;,&quot;copyright&quot;:&quot;Marcelo Soubhia\\\/FOTOSITE&quot;,&quot;focal_length&quot;:&quot;0&quot;,&quot;iso&quot;:&quot;0&quot;,&quot;shutter_speed&quot;:&quot;0&quot;,&quot;title&quot;:&quot;Sankofa_ Naya Violeta\\r\\rfoto: Marcelo Soubhia\\\/FOTOSITE&quot;,&quot;orientation&quot;:&quot;1&quot;}\" data-image-title=\"Sankofa_ Naya Violeta\r\rfoto: Marcelo Soubhia\/FOTOSITE\" data-image-description=\"\" data-image-caption=\"&lt;p&gt;Sankofa_ Naya Violeta&lt;\/p&gt;\n&lt;p&gt;foto: Marcelo Soubhia\/FOTOSITE&lt;\/p&gt;\n\" data-medium-file=\"https:\/\/i0.wp.com\/agrund.com\/wp-content\/uploads\/sites\/6\/2021\/11\/agrund-spfw-n52-naya_violeta_4.jpg?fit=240%2C300&amp;ssl=1\" data-large-file=\"https:\/\/i0.wp.com\/agrund.com\/wp-content\/uploads\/sites\/6\/2021\/11\/agrund-spfw-n52-naya_violeta_4.jpg?fit=600%2C750&amp;ssl=1\" decoding=\"async\" loading=\"lazy\" width=\"600\" height=\"750\" src=\"https:\/\/i0.wp.com\/agrund.com\/wp-content\/uploads\/sites\/6\/2021\/11\/agrund-spfw-n52-naya_violeta_4.jpg?resize=600%2C750&#038;ssl=1\" alt=\"\" class=\"wp-image-221590\" srcset=\"https:\/\/i0.wp.com\/agrund.com\/wp-content\/uploads\/sites\/6\/2021\/11\/agrund-spfw-n52-naya_violeta_4.jpg?w=600&amp;ssl=1 600w, https:\/\/i0.wp.com\/agrund.com\/wp-content\/uploads\/sites\/6\/2021\/11\/agrund-spfw-n52-naya_violeta_4.jpg?resize=240%2C300&amp;ssl=1 240w\" sizes=\"(max-width: 600px) 100vw, 600px\" data-recalc-dims=\"1\" \/><figcaption>SPFW N52 :: Projeto Sankofa &#8211; Os encantos de f\u00e9 de\u00a0Naya\u00a0Violeta<\/figcaption><\/figure><\/div>\n\n\n\n<div class=\"wp-block-image\"><figure class=\"aligncenter size-full\"><img data-attachment-id=\"221591\" data-permalink=\"https:\/\/agrund.com\/index.php\/spfw-n52-projeto-sankofa-os-encantos-de-fe-de-naya-violeta\/sankofa_-naya-violetafoto-marcelo-soubhia-fotosite-5\/\" data-orig-file=\"https:\/\/i0.wp.com\/agrund.com\/wp-content\/uploads\/sites\/6\/2021\/11\/agrund-spfw-n52-naya_violeta_5.jpg?fit=600%2C750&amp;ssl=1\" data-orig-size=\"600,750\" data-comments-opened=\"1\" data-image-meta=\"{&quot;aperture&quot;:&quot;0&quot;,&quot;credit&quot;:&quot;Marcelo Soubhia\\\/FOTOSITE&quot;,&quot;camera&quot;:&quot;&quot;,&quot;caption&quot;:&quot;Sankofa_ Naya Violeta\\r\\rfoto: Marcelo Soubhia\\\/FOTOSITE&quot;,&quot;created_timestamp&quot;:&quot;1637351521&quot;,&quot;copyright&quot;:&quot;Marcelo Soubhia\\\/FOTOSITE&quot;,&quot;focal_length&quot;:&quot;0&quot;,&quot;iso&quot;:&quot;0&quot;,&quot;shutter_speed&quot;:&quot;0&quot;,&quot;title&quot;:&quot;Sankofa_ Naya Violeta\\r\\rfoto: Marcelo Soubhia\\\/FOTOSITE&quot;,&quot;orientation&quot;:&quot;1&quot;}\" data-image-title=\"Sankofa_ Naya Violeta\r\rfoto: Marcelo Soubhia\/FOTOSITE\" data-image-description=\"\" data-image-caption=\"&lt;p&gt;Sankofa_ Naya Violeta&lt;\/p&gt;\n&lt;p&gt;foto: Marcelo Soubhia\/FOTOSITE&lt;\/p&gt;\n\" data-medium-file=\"https:\/\/i0.wp.com\/agrund.com\/wp-content\/uploads\/sites\/6\/2021\/11\/agrund-spfw-n52-naya_violeta_5.jpg?fit=240%2C300&amp;ssl=1\" data-large-file=\"https:\/\/i0.wp.com\/agrund.com\/wp-content\/uploads\/sites\/6\/2021\/11\/agrund-spfw-n52-naya_violeta_5.jpg?fit=600%2C750&amp;ssl=1\" decoding=\"async\" loading=\"lazy\" width=\"600\" height=\"750\" src=\"https:\/\/i0.wp.com\/agrund.com\/wp-content\/uploads\/sites\/6\/2021\/11\/agrund-spfw-n52-naya_violeta_5.jpg?resize=600%2C750&#038;ssl=1\" alt=\"\" class=\"wp-image-221591\" srcset=\"https:\/\/i0.wp.com\/agrund.com\/wp-content\/uploads\/sites\/6\/2021\/11\/agrund-spfw-n52-naya_violeta_5.jpg?w=600&amp;ssl=1 600w, https:\/\/i0.wp.com\/agrund.com\/wp-content\/uploads\/sites\/6\/2021\/11\/agrund-spfw-n52-naya_violeta_5.jpg?resize=240%2C300&amp;ssl=1 240w\" sizes=\"(max-width: 600px) 100vw, 600px\" data-recalc-dims=\"1\" \/><figcaption>SPFW N52 :: Projeto Sankofa &#8211; Os encantos de f\u00e9 de\u00a0Naya\u00a0Violeta<\/figcaption><\/figure><\/div>\n\n\n\n<p>Fotos: Divulga\u00e7\u00e3o\/ Marcelo Soubhia\/ Fotosite. <\/p>\n","protected":false},"excerpt":{"rendered":"<p>Por Arlindo Grund Bem-vindas as cores vibrantes, a estampa exclusiva e as pe\u00e7as descomplicadas de&nbsp;Naya&nbsp;Violeta. \u00c9 uma hist\u00f3ria com o caminho de uma d\u00e9cada inteira dedicada \u00e0 constru\u00e7\u00e3o de uma marca. N\u00e3o s\u00f3 de vestir, mas de representar e usar. A goiana, que estreou na edi\u00e7\u00e3o passada da SPFW, traz \u00e0 sua passarela figuras importantes [&hellip;]<\/p>\n","protected":false},"author":8,"featured_media":221592,"comment_status":"open","ping_status":"open","sticky":false,"template":"","format":"standard","meta":{"jetpack_post_was_ever_published":false,"_jetpack_newsletter_access":"","jetpack_publicize_message":"","jetpack_is_tweetstorm":false,"jetpack_publicize_feature_enabled":true,"jetpack_social_post_already_shared":true,"jetpack_social_options":{"image_generator_settings":{"template":"highway","enabled":false}}},"categories":[2,18],"tags":[395,375,64,423,347,67,525,148,2865,2858,2835,140,424,862],"jetpack_publicize_connections":[],"jetpack_featured_media_url":"https:\/\/i0.wp.com\/agrund.com\/wp-content\/uploads\/sites\/6\/2021\/11\/s-47.jpg?fit=960%2C300&ssl=1","jetpack_sharing_enabled":true,"jetpack_shortlink":"https:\/\/wp.me\/p3Hz0n-VDY","jetpack_likes_enabled":true,"_links":{"self":[{"href":"https:\/\/agrund.com\/index.php\/wp-json\/wp\/v2\/posts\/221586"}],"collection":[{"href":"https:\/\/agrund.com\/index.php\/wp-json\/wp\/v2\/posts"}],"about":[{"href":"https:\/\/agrund.com\/index.php\/wp-json\/wp\/v2\/types\/post"}],"author":[{"embeddable":true,"href":"https:\/\/agrund.com\/index.php\/wp-json\/wp\/v2\/users\/8"}],"replies":[{"embeddable":true,"href":"https:\/\/agrund.com\/index.php\/wp-json\/wp\/v2\/comments?post=221586"}],"version-history":[{"count":1,"href":"https:\/\/agrund.com\/index.php\/wp-json\/wp\/v2\/posts\/221586\/revisions"}],"predecessor-version":[{"id":221593,"href":"https:\/\/agrund.com\/index.php\/wp-json\/wp\/v2\/posts\/221586\/revisions\/221593"}],"wp:featuredmedia":[{"embeddable":true,"href":"https:\/\/agrund.com\/index.php\/wp-json\/wp\/v2\/media\/221592"}],"wp:attachment":[{"href":"https:\/\/agrund.com\/index.php\/wp-json\/wp\/v2\/media?parent=221586"}],"wp:term":[{"taxonomy":"category","embeddable":true,"href":"https:\/\/agrund.com\/index.php\/wp-json\/wp\/v2\/categories?post=221586"},{"taxonomy":"post_tag","embeddable":true,"href":"https:\/\/agrund.com\/index.php\/wp-json\/wp\/v2\/tags?post=221586"}],"curies":[{"name":"wp","href":"https:\/\/api.w.org\/{rel}","templated":true}]}}