{"id":221460,"date":"2021-11-19T19:45:28","date_gmt":"2021-11-19T22:45:28","guid":{"rendered":"https:\/\/agrund.com\/?p=221460"},"modified":"2021-11-19T19:45:28","modified_gmt":"2021-11-19T22:45:28","slug":"spfw-n52-os-anos-70s-invernais-de-lilly-sarti","status":"publish","type":"post","link":"https:\/\/agrund.com\/index.php\/spfw-n52-os-anos-70s-invernais-de-lilly-sarti\/","title":{"rendered":"SPFW N52 :: Os anos 70s invernais de Lilly Sarti"},"content":{"rendered":"\n<p>Por Arlindo Grund<\/p>\n\n\n\n<p>Em meio \u00e0s silhuetas que remetem aos anos 70, Lilly Sarti celebra os 15 anos de sua marca hom\u00f4nima trazendo \u00e0 passarela da SPFW suas refer\u00eancias pessoais. \u00c9 da\u00ed que surge um inverno vivo, de malha brilhante, cores mais vivas e estampas como a de tigre.<\/p>\n\n\n\n<p>Ao olhar mais detalhista, ainda h\u00e1 bot\u00f5es que se inspiram em pinturas rupestres e um efeito craquelado nas pe\u00e7as \u2014 doses de positividade para vestir.<\/p>\n\n\n\n<p>No casting, nomes como Isabella Fiorentino (Bela) e M\u00f4nica Martelli usaram lindas composi\u00e7\u00f5es que retratam a moda de maneira confort\u00e1vel e aut\u00eantica.<\/p>\n\n\n\n<div class=\"wp-block-image\"><figure class=\"aligncenter size-full\"><img data-attachment-id=\"221461\" data-permalink=\"https:\/\/agrund.com\/index.php\/spfw-n52-os-anos-70s-invernais-de-lilly-sarti\/lilly-sarti_-spfw-n52foto-marcelo-soubhia-fotosite\/\" data-orig-file=\"https:\/\/i0.wp.com\/agrund.com\/wp-content\/uploads\/sites\/6\/2021\/11\/agrund-lilly-sarti-spfw-n52-1.jpg?fit=600%2C750&amp;ssl=1\" data-orig-size=\"600,750\" data-comments-opened=\"1\" data-image-meta=\"{&quot;aperture&quot;:&quot;0&quot;,&quot;credit&quot;:&quot;Marcelo Soubhia\\\/FOTOSITE&quot;,&quot;camera&quot;:&quot;&quot;,&quot;caption&quot;:&quot;Lilly Sarti_ SPFW N52\\r\\r\\rfoto: Marcelo Soubhia\\\/FOTOSITE&quot;,&quot;created_timestamp&quot;:&quot;1637199331&quot;,&quot;copyright&quot;:&quot;Marcelo Soubhia\\\/FOTOSITE&quot;,&quot;focal_length&quot;:&quot;0&quot;,&quot;iso&quot;:&quot;0&quot;,&quot;shutter_speed&quot;:&quot;0&quot;,&quot;title&quot;:&quot;Lilly Sarti_ SPFW N52\\r\\r\\rfoto: Marcelo Soubhia\\\/FOTOSITE&quot;,&quot;orientation&quot;:&quot;1&quot;}\" data-image-title=\"Lilly Sarti_ SPFW N52\r\r\rfoto: Marcelo Soubhia\/FOTOSITE\" data-image-description=\"\" data-image-caption=\"&lt;p&gt;Lilly Sarti_ SPFW N52&lt;\/p&gt;\n&lt;p&gt;foto: Marcelo Soubhia\/FOTOSITE&lt;\/p&gt;\n\" data-medium-file=\"https:\/\/i0.wp.com\/agrund.com\/wp-content\/uploads\/sites\/6\/2021\/11\/agrund-lilly-sarti-spfw-n52-1.jpg?fit=240%2C300&amp;ssl=1\" data-large-file=\"https:\/\/i0.wp.com\/agrund.com\/wp-content\/uploads\/sites\/6\/2021\/11\/agrund-lilly-sarti-spfw-n52-1.jpg?fit=600%2C750&amp;ssl=1\" decoding=\"async\" loading=\"lazy\" width=\"600\" height=\"750\" src=\"https:\/\/i0.wp.com\/agrund.com\/wp-content\/uploads\/sites\/6\/2021\/11\/agrund-lilly-sarti-spfw-n52-1.jpg?resize=600%2C750&#038;ssl=1\" alt=\"\" class=\"wp-image-221461\" srcset=\"https:\/\/i0.wp.com\/agrund.com\/wp-content\/uploads\/sites\/6\/2021\/11\/agrund-lilly-sarti-spfw-n52-1.jpg?w=600&amp;ssl=1 600w, https:\/\/i0.wp.com\/agrund.com\/wp-content\/uploads\/sites\/6\/2021\/11\/agrund-lilly-sarti-spfw-n52-1.jpg?resize=240%2C300&amp;ssl=1 240w\" sizes=\"(max-width: 600px) 100vw, 600px\" data-recalc-dims=\"1\" \/><figcaption>SPFW N52 :: Os anos 70s invernais de Lilly Sarti<\/figcaption><\/figure><\/div>\n\n\n\n<div class=\"wp-block-image\"><figure class=\"aligncenter size-full\"><img data-attachment-id=\"221462\" data-permalink=\"https:\/\/agrund.com\/index.php\/spfw-n52-os-anos-70s-invernais-de-lilly-sarti\/lilly-sarti_-spfw-n52foto-marcelo-soubhia-fotosite-2\/\" data-orig-file=\"https:\/\/i0.wp.com\/agrund.com\/wp-content\/uploads\/sites\/6\/2021\/11\/agrund-lilly-sarti-spfw-n52-2.jpg?fit=600%2C750&amp;ssl=1\" data-orig-size=\"600,750\" data-comments-opened=\"1\" data-image-meta=\"{&quot;aperture&quot;:&quot;0&quot;,&quot;credit&quot;:&quot;Marcelo Soubhia\\\/FOTOSITE&quot;,&quot;camera&quot;:&quot;&quot;,&quot;caption&quot;:&quot;Lilly Sarti_ SPFW N52\\r\\r\\rfoto: Marcelo Soubhia\\\/FOTOSITE&quot;,&quot;created_timestamp&quot;:&quot;1637199349&quot;,&quot;copyright&quot;:&quot;Marcelo Soubhia\\\/FOTOSITE&quot;,&quot;focal_length&quot;:&quot;0&quot;,&quot;iso&quot;:&quot;0&quot;,&quot;shutter_speed&quot;:&quot;0&quot;,&quot;title&quot;:&quot;Lilly Sarti_ SPFW N52\\r\\r\\rfoto: Marcelo Soubhia\\\/FOTOSITE&quot;,&quot;orientation&quot;:&quot;1&quot;}\" data-image-title=\"Lilly Sarti_ SPFW N52\r\r\rfoto: Marcelo Soubhia\/FOTOSITE\" data-image-description=\"\" data-image-caption=\"&lt;p&gt;Lilly Sarti_ SPFW N52&lt;\/p&gt;\n&lt;p&gt;foto: Marcelo Soubhia\/FOTOSITE&lt;\/p&gt;\n\" data-medium-file=\"https:\/\/i0.wp.com\/agrund.com\/wp-content\/uploads\/sites\/6\/2021\/11\/agrund-lilly-sarti-spfw-n52-2.jpg?fit=240%2C300&amp;ssl=1\" data-large-file=\"https:\/\/i0.wp.com\/agrund.com\/wp-content\/uploads\/sites\/6\/2021\/11\/agrund-lilly-sarti-spfw-n52-2.jpg?fit=600%2C750&amp;ssl=1\" decoding=\"async\" loading=\"lazy\" width=\"600\" height=\"750\" src=\"https:\/\/i0.wp.com\/agrund.com\/wp-content\/uploads\/sites\/6\/2021\/11\/agrund-lilly-sarti-spfw-n52-2.jpg?resize=600%2C750&#038;ssl=1\" alt=\"\" class=\"wp-image-221462\" srcset=\"https:\/\/i0.wp.com\/agrund.com\/wp-content\/uploads\/sites\/6\/2021\/11\/agrund-lilly-sarti-spfw-n52-2.jpg?w=600&amp;ssl=1 600w, https:\/\/i0.wp.com\/agrund.com\/wp-content\/uploads\/sites\/6\/2021\/11\/agrund-lilly-sarti-spfw-n52-2.jpg?resize=240%2C300&amp;ssl=1 240w\" sizes=\"(max-width: 600px) 100vw, 600px\" data-recalc-dims=\"1\" \/><figcaption>SPFW N52 :: Os anos 70s invernais de Lilly Sarti<\/figcaption><\/figure><\/div>\n\n\n\n<div class=\"wp-block-image\"><figure class=\"aligncenter size-full\"><img data-attachment-id=\"221463\" data-permalink=\"https:\/\/agrund.com\/index.php\/spfw-n52-os-anos-70s-invernais-de-lilly-sarti\/lilly-sarti_-spfw-n52foto-marcelo-soubhia-fotosite-3\/\" data-orig-file=\"https:\/\/i0.wp.com\/agrund.com\/wp-content\/uploads\/sites\/6\/2021\/11\/agrund-lilly-sarti-spfw-n52-3.jpg?fit=600%2C750&amp;ssl=1\" data-orig-size=\"600,750\" data-comments-opened=\"1\" data-image-meta=\"{&quot;aperture&quot;:&quot;0&quot;,&quot;credit&quot;:&quot;Marcelo Soubhia\\\/FOTOSITE&quot;,&quot;camera&quot;:&quot;&quot;,&quot;caption&quot;:&quot;Lilly Sarti_ SPFW N52\\r\\r\\rfoto: Marcelo Soubhia\\\/FOTOSITE&quot;,&quot;created_timestamp&quot;:&quot;1637199352&quot;,&quot;copyright&quot;:&quot;Marcelo Soubhia\\\/FOTOSITE&quot;,&quot;focal_length&quot;:&quot;0&quot;,&quot;iso&quot;:&quot;0&quot;,&quot;shutter_speed&quot;:&quot;0&quot;,&quot;title&quot;:&quot;Lilly Sarti_ SPFW N52\\r\\r\\rfoto: Marcelo Soubhia\\\/FOTOSITE&quot;,&quot;orientation&quot;:&quot;1&quot;}\" data-image-title=\"Lilly Sarti_ SPFW N52\r\r\rfoto: Marcelo Soubhia\/FOTOSITE\" data-image-description=\"\" data-image-caption=\"&lt;p&gt;Lilly Sarti_ SPFW N52&lt;\/p&gt;\n&lt;p&gt;foto: Marcelo Soubhia\/FOTOSITE&lt;\/p&gt;\n\" data-medium-file=\"https:\/\/i0.wp.com\/agrund.com\/wp-content\/uploads\/sites\/6\/2021\/11\/agrund-lilly-sarti-spfw-n52-3.jpg?fit=240%2C300&amp;ssl=1\" data-large-file=\"https:\/\/i0.wp.com\/agrund.com\/wp-content\/uploads\/sites\/6\/2021\/11\/agrund-lilly-sarti-spfw-n52-3.jpg?fit=600%2C750&amp;ssl=1\" decoding=\"async\" loading=\"lazy\" width=\"600\" height=\"750\" src=\"https:\/\/i0.wp.com\/agrund.com\/wp-content\/uploads\/sites\/6\/2021\/11\/agrund-lilly-sarti-spfw-n52-3.jpg?resize=600%2C750&#038;ssl=1\" alt=\"\" class=\"wp-image-221463\" srcset=\"https:\/\/i0.wp.com\/agrund.com\/wp-content\/uploads\/sites\/6\/2021\/11\/agrund-lilly-sarti-spfw-n52-3.jpg?w=600&amp;ssl=1 600w, https:\/\/i0.wp.com\/agrund.com\/wp-content\/uploads\/sites\/6\/2021\/11\/agrund-lilly-sarti-spfw-n52-3.jpg?resize=240%2C300&amp;ssl=1 240w\" sizes=\"(max-width: 600px) 100vw, 600px\" data-recalc-dims=\"1\" \/><figcaption>SPFW N52 :: Os anos 70s invernais de Lilly Sarti<\/figcaption><\/figure><\/div>\n\n\n\n<div class=\"wp-block-image\"><figure class=\"aligncenter size-full\"><img data-attachment-id=\"221464\" data-permalink=\"https:\/\/agrund.com\/index.php\/spfw-n52-os-anos-70s-invernais-de-lilly-sarti\/lilly-sarti_-spfw-n52foto-marcelo-soubhia-fotosite-4\/\" data-orig-file=\"https:\/\/i0.wp.com\/agrund.com\/wp-content\/uploads\/sites\/6\/2021\/11\/agrund-lilly-sarti-spfw-n52-4.jpg?fit=600%2C750&amp;ssl=1\" data-orig-size=\"600,750\" data-comments-opened=\"1\" data-image-meta=\"{&quot;aperture&quot;:&quot;0&quot;,&quot;credit&quot;:&quot;Marcelo Soubhia\\\/FOTOSITE&quot;,&quot;camera&quot;:&quot;&quot;,&quot;caption&quot;:&quot;Lilly Sarti_ SPFW N52\\r\\r\\rfoto: Marcelo Soubhia\\\/FOTOSITE&quot;,&quot;created_timestamp&quot;:&quot;1637199372&quot;,&quot;copyright&quot;:&quot;Marcelo Soubhia\\\/FOTOSITE&quot;,&quot;focal_length&quot;:&quot;0&quot;,&quot;iso&quot;:&quot;0&quot;,&quot;shutter_speed&quot;:&quot;0&quot;,&quot;title&quot;:&quot;Lilly Sarti_ SPFW N52\\r\\r\\rfoto: Marcelo Soubhia\\\/FOTOSITE&quot;,&quot;orientation&quot;:&quot;1&quot;}\" data-image-title=\"Lilly Sarti_ SPFW N52\r\r\rfoto: Marcelo Soubhia\/FOTOSITE\" data-image-description=\"\" data-image-caption=\"&lt;p&gt;Lilly Sarti_ SPFW N52&lt;\/p&gt;\n&lt;p&gt;foto: Marcelo Soubhia\/FOTOSITE&lt;\/p&gt;\n\" data-medium-file=\"https:\/\/i0.wp.com\/agrund.com\/wp-content\/uploads\/sites\/6\/2021\/11\/agrund-lilly-sarti-spfw-n52-4.jpg?fit=240%2C300&amp;ssl=1\" data-large-file=\"https:\/\/i0.wp.com\/agrund.com\/wp-content\/uploads\/sites\/6\/2021\/11\/agrund-lilly-sarti-spfw-n52-4.jpg?fit=600%2C750&amp;ssl=1\" decoding=\"async\" loading=\"lazy\" width=\"600\" height=\"750\" src=\"https:\/\/i0.wp.com\/agrund.com\/wp-content\/uploads\/sites\/6\/2021\/11\/agrund-lilly-sarti-spfw-n52-4.jpg?resize=600%2C750&#038;ssl=1\" alt=\"\" class=\"wp-image-221464\" srcset=\"https:\/\/i0.wp.com\/agrund.com\/wp-content\/uploads\/sites\/6\/2021\/11\/agrund-lilly-sarti-spfw-n52-4.jpg?w=600&amp;ssl=1 600w, https:\/\/i0.wp.com\/agrund.com\/wp-content\/uploads\/sites\/6\/2021\/11\/agrund-lilly-sarti-spfw-n52-4.jpg?resize=240%2C300&amp;ssl=1 240w\" sizes=\"(max-width: 600px) 100vw, 600px\" data-recalc-dims=\"1\" \/><figcaption>SPFW N52 :: Os anos 70s invernais de Lilly Sarti<\/figcaption><\/figure><\/div>\n\n\n\n<div class=\"wp-block-image\"><figure class=\"aligncenter size-full\"><img data-attachment-id=\"221465\" data-permalink=\"https:\/\/agrund.com\/index.php\/spfw-n52-os-anos-70s-invernais-de-lilly-sarti\/lilly-sarti_-spfw-n52foto-marcelo-soubhia-fotosite-5\/\" data-orig-file=\"https:\/\/i0.wp.com\/agrund.com\/wp-content\/uploads\/sites\/6\/2021\/11\/agrund-lilly-sarti-spfw-n52-5.jpg?fit=600%2C750&amp;ssl=1\" data-orig-size=\"600,750\" data-comments-opened=\"1\" data-image-meta=\"{&quot;aperture&quot;:&quot;0&quot;,&quot;credit&quot;:&quot;Marcelo Soubhia\\\/FOTOSITE&quot;,&quot;camera&quot;:&quot;&quot;,&quot;caption&quot;:&quot;Lilly Sarti_ SPFW N52\\r\\r\\rfoto: Marcelo Soubhia\\\/FOTOSITE&quot;,&quot;created_timestamp&quot;:&quot;1637199377&quot;,&quot;copyright&quot;:&quot;Marcelo Soubhia\\\/FOTOSITE&quot;,&quot;focal_length&quot;:&quot;0&quot;,&quot;iso&quot;:&quot;0&quot;,&quot;shutter_speed&quot;:&quot;0&quot;,&quot;title&quot;:&quot;Lilly Sarti_ SPFW N52\\r\\r\\rfoto: Marcelo Soubhia\\\/FOTOSITE&quot;,&quot;orientation&quot;:&quot;1&quot;}\" data-image-title=\"Lilly Sarti_ SPFW N52\r\r\rfoto: Marcelo Soubhia\/FOTOSITE\" data-image-description=\"\" data-image-caption=\"&lt;p&gt;Lilly Sarti_ SPFW N52&lt;\/p&gt;\n&lt;p&gt;foto: Marcelo Soubhia\/FOTOSITE&lt;\/p&gt;\n\" data-medium-file=\"https:\/\/i0.wp.com\/agrund.com\/wp-content\/uploads\/sites\/6\/2021\/11\/agrund-lilly-sarti-spfw-n52-5.jpg?fit=240%2C300&amp;ssl=1\" data-large-file=\"https:\/\/i0.wp.com\/agrund.com\/wp-content\/uploads\/sites\/6\/2021\/11\/agrund-lilly-sarti-spfw-n52-5.jpg?fit=600%2C750&amp;ssl=1\" decoding=\"async\" loading=\"lazy\" width=\"600\" height=\"750\" src=\"https:\/\/i0.wp.com\/agrund.com\/wp-content\/uploads\/sites\/6\/2021\/11\/agrund-lilly-sarti-spfw-n52-5.jpg?resize=600%2C750&#038;ssl=1\" alt=\"\" class=\"wp-image-221465\" srcset=\"https:\/\/i0.wp.com\/agrund.com\/wp-content\/uploads\/sites\/6\/2021\/11\/agrund-lilly-sarti-spfw-n52-5.jpg?w=600&amp;ssl=1 600w, https:\/\/i0.wp.com\/agrund.com\/wp-content\/uploads\/sites\/6\/2021\/11\/agrund-lilly-sarti-spfw-n52-5.jpg?resize=240%2C300&amp;ssl=1 240w\" sizes=\"(max-width: 600px) 100vw, 600px\" data-recalc-dims=\"1\" \/><figcaption>SPFW N52 :: Os anos 70s invernais de Lilly Sarti<\/figcaption><\/figure><\/div>\n\n\n\n<div class=\"wp-block-image\"><figure class=\"aligncenter size-full\"><img data-attachment-id=\"221466\" data-permalink=\"https:\/\/agrund.com\/index.php\/spfw-n52-os-anos-70s-invernais-de-lilly-sarti\/lilly-sarti_-spfw-n52foto-marcelo-soubhia-fotosite-6\/\" data-orig-file=\"https:\/\/i0.wp.com\/agrund.com\/wp-content\/uploads\/sites\/6\/2021\/11\/agrund-lilly-sarti-spfw-n52-6.jpg?fit=600%2C480&amp;ssl=1\" data-orig-size=\"600,480\" data-comments-opened=\"1\" data-image-meta=\"{&quot;aperture&quot;:&quot;0&quot;,&quot;credit&quot;:&quot;Marcelo Soubhia\\\/FOTOSITE&quot;,&quot;camera&quot;:&quot;&quot;,&quot;caption&quot;:&quot;Lilly Sarti_ SPFW N52\\r\\r\\rfoto: Marcelo Soubhia\\\/FOTOSITE&quot;,&quot;created_timestamp&quot;:&quot;1637199410&quot;,&quot;copyright&quot;:&quot;Marcelo Soubhia\\\/FOTOSITE&quot;,&quot;focal_length&quot;:&quot;0&quot;,&quot;iso&quot;:&quot;0&quot;,&quot;shutter_speed&quot;:&quot;0&quot;,&quot;title&quot;:&quot;Lilly Sarti_ SPFW N52\\r\\r\\rfoto: Marcelo Soubhia\\\/FOTOSITE&quot;,&quot;orientation&quot;:&quot;1&quot;}\" data-image-title=\"Lilly Sarti_ SPFW N52\r\r\rfoto: Marcelo Soubhia\/FOTOSITE\" data-image-description=\"\" data-image-caption=\"&lt;p&gt;Lilly Sarti_ SPFW N52&lt;\/p&gt;\n&lt;p&gt;foto: Marcelo Soubhia\/FOTOSITE&lt;\/p&gt;\n\" data-medium-file=\"https:\/\/i0.wp.com\/agrund.com\/wp-content\/uploads\/sites\/6\/2021\/11\/agrund-lilly-sarti-spfw-n52-6.jpg?fit=300%2C240&amp;ssl=1\" data-large-file=\"https:\/\/i0.wp.com\/agrund.com\/wp-content\/uploads\/sites\/6\/2021\/11\/agrund-lilly-sarti-spfw-n52-6.jpg?fit=600%2C480&amp;ssl=1\" decoding=\"async\" loading=\"lazy\" width=\"600\" height=\"480\" src=\"https:\/\/i0.wp.com\/agrund.com\/wp-content\/uploads\/sites\/6\/2021\/11\/agrund-lilly-sarti-spfw-n52-6.jpg?resize=600%2C480&#038;ssl=1\" alt=\"\" class=\"wp-image-221466\" srcset=\"https:\/\/i0.wp.com\/agrund.com\/wp-content\/uploads\/sites\/6\/2021\/11\/agrund-lilly-sarti-spfw-n52-6.jpg?w=600&amp;ssl=1 600w, https:\/\/i0.wp.com\/agrund.com\/wp-content\/uploads\/sites\/6\/2021\/11\/agrund-lilly-sarti-spfw-n52-6.jpg?resize=300%2C240&amp;ssl=1 300w\" sizes=\"(max-width: 600px) 100vw, 600px\" data-recalc-dims=\"1\" \/><figcaption>SPFW N52 :: Os anos 70s invernais de Lilly Sarti<\/figcaption><\/figure><\/div>\n\n\n\n<div class=\"wp-block-image\"><figure class=\"aligncenter size-full\"><img data-attachment-id=\"221467\" data-permalink=\"https:\/\/agrund.com\/index.php\/spfw-n52-os-anos-70s-invernais-de-lilly-sarti\/lilly-sarti_-spfw-n52foto-marcelo-soubhia-fotosite-7\/\" data-orig-file=\"https:\/\/i0.wp.com\/agrund.com\/wp-content\/uploads\/sites\/6\/2021\/11\/agrund-lilly-sarti-spfw-n52-7.jpg?fit=600%2C480&amp;ssl=1\" data-orig-size=\"600,480\" data-comments-opened=\"1\" data-image-meta=\"{&quot;aperture&quot;:&quot;0&quot;,&quot;credit&quot;:&quot;Marcelo Soubhia\\\/FOTOSITE&quot;,&quot;camera&quot;:&quot;&quot;,&quot;caption&quot;:&quot;Lilly Sarti_ SPFW N52\\r\\r\\rfoto: Marcelo Soubhia\\\/FOTOSITE&quot;,&quot;created_timestamp&quot;:&quot;1637199429&quot;,&quot;copyright&quot;:&quot;Marcelo Soubhia\\\/FOTOSITE&quot;,&quot;focal_length&quot;:&quot;0&quot;,&quot;iso&quot;:&quot;0&quot;,&quot;shutter_speed&quot;:&quot;0&quot;,&quot;title&quot;:&quot;Lilly Sarti_ SPFW N52\\r\\r\\rfoto: Marcelo Soubhia\\\/FOTOSITE&quot;,&quot;orientation&quot;:&quot;1&quot;}\" data-image-title=\"Lilly Sarti_ SPFW N52\r\r\rfoto: Marcelo Soubhia\/FOTOSITE\" data-image-description=\"\" data-image-caption=\"&lt;p&gt;Lilly Sarti_ SPFW N52&lt;\/p&gt;\n&lt;p&gt;foto: Marcelo Soubhia\/FOTOSITE&lt;\/p&gt;\n\" data-medium-file=\"https:\/\/i0.wp.com\/agrund.com\/wp-content\/uploads\/sites\/6\/2021\/11\/agrund-lilly-sarti-spfw-n52-7.jpg?fit=300%2C240&amp;ssl=1\" data-large-file=\"https:\/\/i0.wp.com\/agrund.com\/wp-content\/uploads\/sites\/6\/2021\/11\/agrund-lilly-sarti-spfw-n52-7.jpg?fit=600%2C480&amp;ssl=1\" decoding=\"async\" loading=\"lazy\" width=\"600\" height=\"480\" src=\"https:\/\/i0.wp.com\/agrund.com\/wp-content\/uploads\/sites\/6\/2021\/11\/agrund-lilly-sarti-spfw-n52-7.jpg?resize=600%2C480&#038;ssl=1\" alt=\"\" class=\"wp-image-221467\" srcset=\"https:\/\/i0.wp.com\/agrund.com\/wp-content\/uploads\/sites\/6\/2021\/11\/agrund-lilly-sarti-spfw-n52-7.jpg?w=600&amp;ssl=1 600w, https:\/\/i0.wp.com\/agrund.com\/wp-content\/uploads\/sites\/6\/2021\/11\/agrund-lilly-sarti-spfw-n52-7.jpg?resize=300%2C240&amp;ssl=1 300w\" sizes=\"(max-width: 600px) 100vw, 600px\" data-recalc-dims=\"1\" \/><figcaption>Lilly Sarti_ SPFW N52\r\r\rfoto: Marcelo Soubhia\/FOTOSITE<\/figcaption><\/figure><\/div>\n\n\n\n<p>Fotos: Divulga\u00e7\u00e3o\/ Marcelo Soubhia\/ Fotosite. <\/p>\n","protected":false},"excerpt":{"rendered":"<p>Por Arlindo Grund Em meio \u00e0s silhuetas que remetem aos anos 70, Lilly Sarti celebra os 15 anos de sua marca hom\u00f4nima trazendo \u00e0 passarela da SPFW suas refer\u00eancias pessoais. \u00c9 da\u00ed que surge um inverno vivo, de malha brilhante, cores mais vivas e estampas como a de tigre. Ao olhar mais detalhista, ainda h\u00e1 [&hellip;]<\/p>\n","protected":false},"author":8,"featured_media":221468,"comment_status":"open","ping_status":"open","sticky":false,"template":"","format":"standard","meta":{"jetpack_post_was_ever_published":false,"_jetpack_newsletter_access":"","jetpack_publicize_message":"","jetpack_is_tweetstorm":false,"jetpack_publicize_feature_enabled":true,"jetpack_social_post_already_shared":true,"jetpack_social_options":{"image_generator_settings":{"template":"highway","enabled":false}}},"categories":[2,18],"tags":[395,375,64,309,1019,2835,140],"jetpack_publicize_connections":[],"jetpack_featured_media_url":"https:\/\/i0.wp.com\/agrund.com\/wp-content\/uploads\/sites\/6\/2021\/11\/s-34.jpg?fit=960%2C300&ssl=1","jetpack_sharing_enabled":true,"jetpack_shortlink":"https:\/\/wp.me\/p3Hz0n-VBW","jetpack_likes_enabled":true,"_links":{"self":[{"href":"https:\/\/agrund.com\/index.php\/wp-json\/wp\/v2\/posts\/221460"}],"collection":[{"href":"https:\/\/agrund.com\/index.php\/wp-json\/wp\/v2\/posts"}],"about":[{"href":"https:\/\/agrund.com\/index.php\/wp-json\/wp\/v2\/types\/post"}],"author":[{"embeddable":true,"href":"https:\/\/agrund.com\/index.php\/wp-json\/wp\/v2\/users\/8"}],"replies":[{"embeddable":true,"href":"https:\/\/agrund.com\/index.php\/wp-json\/wp\/v2\/comments?post=221460"}],"version-history":[{"count":1,"href":"https:\/\/agrund.com\/index.php\/wp-json\/wp\/v2\/posts\/221460\/revisions"}],"predecessor-version":[{"id":221469,"href":"https:\/\/agrund.com\/index.php\/wp-json\/wp\/v2\/posts\/221460\/revisions\/221469"}],"wp:featuredmedia":[{"embeddable":true,"href":"https:\/\/agrund.com\/index.php\/wp-json\/wp\/v2\/media\/221468"}],"wp:attachment":[{"href":"https:\/\/agrund.com\/index.php\/wp-json\/wp\/v2\/media?parent=221460"}],"wp:term":[{"taxonomy":"category","embeddable":true,"href":"https:\/\/agrund.com\/index.php\/wp-json\/wp\/v2\/categories?post=221460"},{"taxonomy":"post_tag","embeddable":true,"href":"https:\/\/agrund.com\/index.php\/wp-json\/wp\/v2\/tags?post=221460"}],"curies":[{"name":"wp","href":"https:\/\/api.w.org\/{rel}","templated":true}]}}