{"id":221456,"date":"2021-11-19T15:00:00","date_gmt":"2021-11-19T18:00:00","guid":{"rendered":"https:\/\/agrund.com\/?p=221456"},"modified":"2021-11-19T19:33:16","modified_gmt":"2021-11-19T22:33:16","slug":"spfw-n52-alinne-moraes-muda-o-visual-no-backstage","status":"publish","type":"post","link":"https:\/\/agrund.com\/index.php\/spfw-n52-alinne-moraes-muda-o-visual-no-backstage\/","title":{"rendered":"SPFW N52 :: Alinne Moraes muda o visual no backstage"},"content":{"rendered":"\n<p>Por Thay Sanqueta<\/p>\n\n\n\n<p>Alinne Moraes voltou \u00e0s passarelas para desfilar a primeira cole\u00e7\u00e3o feminina de seu amigo de inf\u00e2ncia, Lu\u00eds Torinno.\u00a0<\/p>\n\n\n\n<p>Para tornar o momento ainda mais especial, a atriz mudou o corte de cabelo pouco antes de entrar na passarela, ali mesmo no backstage da 52\u00ba edi\u00e7\u00e3o da SPFW, pelas m\u00e3os de Max Weber.<\/p>\n\n\n\n<p>Em conversa com o Agrund.com, a bela contou que fez o corte para ela: \u201cO corte foi pra mim, meu, meu, meu!\u201d No insta da musa \u00e9 poss\u00edvel ver a transforma\u00e7\u00e3o em uma publica\u00e7\u00e3o de seu feed (@alinnemoraes).\u00a0<\/p>\n\n\n\n<p>Alinne tamb\u00e9m revelou estar muito feliz e vibrante por voltar \u00e0 passarela nesse momento t\u00e3o especial da retomada dos desfiles presenciais, afirmando que sentiu muita falta de dias como esse, em que a liberdade parece cada vez mais pr\u00f3xima.\u00a0<\/p>\n\n\n\n<div class=\"wp-block-image\"><figure class=\"aligncenter size-full\"><img data-attachment-id=\"221457\" data-permalink=\"https:\/\/agrund.com\/index.php\/spfw-n52-alinne-moraes-muda-o-visual-no-backstage\/agrund-alinne-moraes-spfw\/\" data-orig-file=\"https:\/\/i0.wp.com\/agrund.com\/wp-content\/uploads\/sites\/6\/2021\/11\/agrund-alinne-moraes-spfw.jpeg?fit=600%2C800&amp;ssl=1\" data-orig-size=\"600,800\" data-comments-opened=\"1\" data-image-meta=\"{&quot;aperture&quot;:&quot;0&quot;,&quot;credit&quot;:&quot;&quot;,&quot;camera&quot;:&quot;&quot;,&quot;caption&quot;:&quot;&quot;,&quot;created_timestamp&quot;:&quot;0&quot;,&quot;copyright&quot;:&quot;&quot;,&quot;focal_length&quot;:&quot;0&quot;,&quot;iso&quot;:&quot;0&quot;,&quot;shutter_speed&quot;:&quot;0&quot;,&quot;title&quot;:&quot;&quot;,&quot;orientation&quot;:&quot;1&quot;}\" data-image-title=\"agrund-alinne-moraes-spfw\" data-image-description=\"\" data-image-caption=\"\" data-medium-file=\"https:\/\/i0.wp.com\/agrund.com\/wp-content\/uploads\/sites\/6\/2021\/11\/agrund-alinne-moraes-spfw.jpeg?fit=225%2C300&amp;ssl=1\" data-large-file=\"https:\/\/i0.wp.com\/agrund.com\/wp-content\/uploads\/sites\/6\/2021\/11\/agrund-alinne-moraes-spfw.jpeg?fit=600%2C800&amp;ssl=1\" decoding=\"async\" loading=\"lazy\" width=\"600\" height=\"800\" src=\"https:\/\/i0.wp.com\/agrund.com\/wp-content\/uploads\/sites\/6\/2021\/11\/agrund-alinne-moraes-spfw.jpeg?resize=600%2C800&#038;ssl=1\" alt=\"\" class=\"wp-image-221457\" srcset=\"https:\/\/i0.wp.com\/agrund.com\/wp-content\/uploads\/sites\/6\/2021\/11\/agrund-alinne-moraes-spfw.jpeg?w=600&amp;ssl=1 600w, https:\/\/i0.wp.com\/agrund.com\/wp-content\/uploads\/sites\/6\/2021\/11\/agrund-alinne-moraes-spfw.jpeg?resize=225%2C300&amp;ssl=1 225w\" sizes=\"(max-width: 600px) 100vw, 600px\" data-recalc-dims=\"1\" \/><figcaption>SPFW N52 :: Alinne Moraes muda o visual no backstage<\/figcaption><\/figure><\/div>\n\n\n\n<p>Foto: Thay Saqueta. <\/p>\n","protected":false},"excerpt":{"rendered":"<p>Por Thay Sanqueta Alinne Moraes voltou \u00e0s passarelas para desfilar a primeira cole\u00e7\u00e3o feminina de seu amigo de inf\u00e2ncia, Lu\u00eds Torinno.\u00a0 Para tornar o momento ainda mais especial, a atriz mudou o corte de cabelo pouco antes de entrar na passarela, ali mesmo no backstage da 52\u00ba edi\u00e7\u00e3o da SPFW, pelas m\u00e3os de Max Weber. [&hellip;]<\/p>\n","protected":false},"author":8,"featured_media":221458,"comment_status":"open","ping_status":"open","sticky":false,"template":"","format":"standard","meta":{"jetpack_post_was_ever_published":false,"_jetpack_newsletter_access":"","jetpack_publicize_message":"","jetpack_is_tweetstorm":false,"jetpack_publicize_feature_enabled":true,"jetpack_social_post_already_shared":true,"jetpack_social_options":{"image_generator_settings":{"template":"highway","enabled":false}}},"categories":[2,18],"tags":[395,3105,375,623,2835,140],"jetpack_publicize_connections":[],"jetpack_featured_media_url":"https:\/\/i0.wp.com\/agrund.com\/wp-content\/uploads\/sites\/6\/2021\/11\/s-33.jpg?fit=960%2C300&ssl=1","jetpack_sharing_enabled":true,"jetpack_shortlink":"https:\/\/wp.me\/p3Hz0n-VBS","jetpack_likes_enabled":true,"_links":{"self":[{"href":"https:\/\/agrund.com\/index.php\/wp-json\/wp\/v2\/posts\/221456"}],"collection":[{"href":"https:\/\/agrund.com\/index.php\/wp-json\/wp\/v2\/posts"}],"about":[{"href":"https:\/\/agrund.com\/index.php\/wp-json\/wp\/v2\/types\/post"}],"author":[{"embeddable":true,"href":"https:\/\/agrund.com\/index.php\/wp-json\/wp\/v2\/users\/8"}],"replies":[{"embeddable":true,"href":"https:\/\/agrund.com\/index.php\/wp-json\/wp\/v2\/comments?post=221456"}],"version-history":[{"count":1,"href":"https:\/\/agrund.com\/index.php\/wp-json\/wp\/v2\/posts\/221456\/revisions"}],"predecessor-version":[{"id":221459,"href":"https:\/\/agrund.com\/index.php\/wp-json\/wp\/v2\/posts\/221456\/revisions\/221459"}],"wp:featuredmedia":[{"embeddable":true,"href":"https:\/\/agrund.com\/index.php\/wp-json\/wp\/v2\/media\/221458"}],"wp:attachment":[{"href":"https:\/\/agrund.com\/index.php\/wp-json\/wp\/v2\/media?parent=221456"}],"wp:term":[{"taxonomy":"category","embeddable":true,"href":"https:\/\/agrund.com\/index.php\/wp-json\/wp\/v2\/categories?post=221456"},{"taxonomy":"post_tag","embeddable":true,"href":"https:\/\/agrund.com\/index.php\/wp-json\/wp\/v2\/tags?post=221456"}],"curies":[{"name":"wp","href":"https:\/\/api.w.org\/{rel}","templated":true}]}}