{"id":221384,"date":"2021-11-18T14:00:00","date_gmt":"2021-11-18T17:00:00","guid":{"rendered":"https:\/\/agrund.com\/?p=221384"},"modified":"2021-11-18T15:08:16","modified_gmt":"2021-11-18T18:08:16","slug":"spfw-n52-as-leituras-de-estilo-da-a-la-garconne","status":"publish","type":"post","link":"https:\/\/agrund.com\/index.php\/spfw-n52-as-leituras-de-estilo-da-a-la-garconne\/","title":{"rendered":"SPFW N52 :: As leituras de estilo\u00a0da \u00c0\u00a0La Gar\u00e7onne"},"content":{"rendered":"\n<p>Por Arlindo Grund<\/p>\n\n\n\n<p>Aos nove minutos de desfile, a \u00c0 La Gar\u00e7onne chegou \u00e0 edi\u00e7\u00e3o N52 da SPFW com looks rom\u00e2nticos sob a \u00f3tica da dupla F\u00e1bio Souza e Alexandre Herchcovitch. As\u00a0misturas de tecidos e estampas em tons pastel retratam bem essa ideia, al\u00e9m de uma silhueta que une o cl\u00e1ssico com o inovador. Reflexo do conceito do DNA e de upcycling t\u00e3o explorado pela marca.<\/p>\n\n\n\n<p>As pe\u00e7as colorem o branco do cen\u00e1rio com os cl\u00e1ssicos da marca, como as pe\u00e7as oversized. O tom urbano fica claro nos t\u00eanis e nas camisetas tamb\u00e9m amplas.<\/p>\n\n\n\n<p>A paleta de cores parece seguir uma sequ\u00eancia. Ao fim, tons mais escuros ganham texturas como a renda e combina\u00e7\u00f5es mais estruturadas, como a alfaiataria revisitada.<\/p>\n\n\n\n<p>A representa\u00e7\u00e3o do que eu mais amo na moda.<\/p>\n\n\n\n<div class=\"wp-block-image\"><figure class=\"aligncenter size-full\"><img data-attachment-id=\"221385\" data-permalink=\"https:\/\/agrund.com\/index.php\/spfw-n52-as-leituras-de-estilo-da-a-la-garconne\/agrund-a-la-garconne-spfw-n52-6\/\" data-orig-file=\"https:\/\/i0.wp.com\/agrund.com\/wp-content\/uploads\/sites\/6\/2021\/11\/agrund-a-la-garconne-spfw-n52-6.jpeg?fit=600%2C901&amp;ssl=1\" data-orig-size=\"600,901\" data-comments-opened=\"1\" data-image-meta=\"{&quot;aperture&quot;:&quot;2.8&quot;,&quot;credit&quot;:&quot;&quot;,&quot;camera&quot;:&quot;Canon EOS REBEL T5&quot;,&quot;caption&quot;:&quot;&quot;,&quot;created_timestamp&quot;:&quot;1636545783&quot;,&quot;copyright&quot;:&quot;&quot;,&quot;focal_length&quot;:&quot;50&quot;,&quot;iso&quot;:&quot;100&quot;,&quot;shutter_speed&quot;:&quot;0.005&quot;,&quot;title&quot;:&quot;&quot;,&quot;orientation&quot;:&quot;1&quot;}\" data-image-title=\"agrund-a-la-garconne-spfw-n52-6\" data-image-description=\"\" data-image-caption=\"\" data-medium-file=\"https:\/\/i0.wp.com\/agrund.com\/wp-content\/uploads\/sites\/6\/2021\/11\/agrund-a-la-garconne-spfw-n52-6.jpeg?fit=200%2C300&amp;ssl=1\" data-large-file=\"https:\/\/i0.wp.com\/agrund.com\/wp-content\/uploads\/sites\/6\/2021\/11\/agrund-a-la-garconne-spfw-n52-6.jpeg?fit=600%2C901&amp;ssl=1\" decoding=\"async\" loading=\"lazy\" width=\"600\" height=\"901\" src=\"https:\/\/i0.wp.com\/agrund.com\/wp-content\/uploads\/sites\/6\/2021\/11\/agrund-a-la-garconne-spfw-n52-6.jpeg?resize=600%2C901&#038;ssl=1\" alt=\"\" class=\"wp-image-221385\" srcset=\"https:\/\/i0.wp.com\/agrund.com\/wp-content\/uploads\/sites\/6\/2021\/11\/agrund-a-la-garconne-spfw-n52-6.jpeg?w=600&amp;ssl=1 600w, https:\/\/i0.wp.com\/agrund.com\/wp-content\/uploads\/sites\/6\/2021\/11\/agrund-a-la-garconne-spfw-n52-6.jpeg?resize=200%2C300&amp;ssl=1 200w\" sizes=\"(max-width: 600px) 100vw, 600px\" data-recalc-dims=\"1\" \/><figcaption>SPFW N52 :: As leituras de estilo\u00a0da \u00c0\u00a0La Gar\u00e7onne<\/figcaption><\/figure><\/div>\n\n\n\n<div class=\"wp-block-image\"><figure class=\"aligncenter size-full\"><img data-attachment-id=\"221386\" data-permalink=\"https:\/\/agrund.com\/index.php\/spfw-n52-as-leituras-de-estilo-da-a-la-garconne\/agrund-a-la-garconne-spfw-n52-1\/\" data-orig-file=\"https:\/\/i0.wp.com\/agrund.com\/wp-content\/uploads\/sites\/6\/2021\/11\/agrund-a-la-garconne-spfw-n52-1.jpeg?fit=600%2C901&amp;ssl=1\" data-orig-size=\"600,901\" data-comments-opened=\"1\" data-image-meta=\"{&quot;aperture&quot;:&quot;5&quot;,&quot;credit&quot;:&quot;&quot;,&quot;camera&quot;:&quot;Canon EOS REBEL T5&quot;,&quot;caption&quot;:&quot;&quot;,&quot;created_timestamp&quot;:&quot;1636541750&quot;,&quot;copyright&quot;:&quot;&quot;,&quot;focal_length&quot;:&quot;45&quot;,&quot;iso&quot;:&quot;800&quot;,&quot;shutter_speed&quot;:&quot;0.016666666666667&quot;,&quot;title&quot;:&quot;&quot;,&quot;orientation&quot;:&quot;1&quot;}\" data-image-title=\"agrund-a-la-garconne-spfw-n52-1\" data-image-description=\"\" data-image-caption=\"\" data-medium-file=\"https:\/\/i0.wp.com\/agrund.com\/wp-content\/uploads\/sites\/6\/2021\/11\/agrund-a-la-garconne-spfw-n52-1.jpeg?fit=200%2C300&amp;ssl=1\" data-large-file=\"https:\/\/i0.wp.com\/agrund.com\/wp-content\/uploads\/sites\/6\/2021\/11\/agrund-a-la-garconne-spfw-n52-1.jpeg?fit=600%2C901&amp;ssl=1\" decoding=\"async\" loading=\"lazy\" width=\"600\" height=\"901\" src=\"https:\/\/i0.wp.com\/agrund.com\/wp-content\/uploads\/sites\/6\/2021\/11\/agrund-a-la-garconne-spfw-n52-1.jpeg?resize=600%2C901&#038;ssl=1\" alt=\"\" class=\"wp-image-221386\" srcset=\"https:\/\/i0.wp.com\/agrund.com\/wp-content\/uploads\/sites\/6\/2021\/11\/agrund-a-la-garconne-spfw-n52-1.jpeg?w=600&amp;ssl=1 600w, https:\/\/i0.wp.com\/agrund.com\/wp-content\/uploads\/sites\/6\/2021\/11\/agrund-a-la-garconne-spfw-n52-1.jpeg?resize=200%2C300&amp;ssl=1 200w\" sizes=\"(max-width: 600px) 100vw, 600px\" data-recalc-dims=\"1\" \/><figcaption>SPFW N52 :: As leituras de estilo\u00a0da \u00c0\u00a0La Gar\u00e7onne<\/figcaption><\/figure><\/div>\n\n\n\n<div class=\"wp-block-image\"><figure class=\"aligncenter size-full\"><img data-attachment-id=\"221387\" data-permalink=\"https:\/\/agrund.com\/index.php\/spfw-n52-as-leituras-de-estilo-da-a-la-garconne\/agrund-a-la-garconne-spfw-n52-2\/\" data-orig-file=\"https:\/\/i0.wp.com\/agrund.com\/wp-content\/uploads\/sites\/6\/2021\/11\/agrund-a-la-garconne-spfw-n52-2.jpeg?fit=600%2C901&amp;ssl=1\" data-orig-size=\"600,901\" data-comments-opened=\"1\" data-image-meta=\"{&quot;aperture&quot;:&quot;5&quot;,&quot;credit&quot;:&quot;&quot;,&quot;camera&quot;:&quot;Canon EOS REBEL T5&quot;,&quot;caption&quot;:&quot;&quot;,&quot;created_timestamp&quot;:&quot;1636541967&quot;,&quot;copyright&quot;:&quot;&quot;,&quot;focal_length&quot;:&quot;41&quot;,&quot;iso&quot;:&quot;400&quot;,&quot;shutter_speed&quot;:&quot;0.016666666666667&quot;,&quot;title&quot;:&quot;&quot;,&quot;orientation&quot;:&quot;1&quot;}\" data-image-title=\"agrund-a-la-garconne-spfw-n52-2\" data-image-description=\"\" data-image-caption=\"\" data-medium-file=\"https:\/\/i0.wp.com\/agrund.com\/wp-content\/uploads\/sites\/6\/2021\/11\/agrund-a-la-garconne-spfw-n52-2.jpeg?fit=200%2C300&amp;ssl=1\" data-large-file=\"https:\/\/i0.wp.com\/agrund.com\/wp-content\/uploads\/sites\/6\/2021\/11\/agrund-a-la-garconne-spfw-n52-2.jpeg?fit=600%2C901&amp;ssl=1\" decoding=\"async\" loading=\"lazy\" width=\"600\" height=\"901\" src=\"https:\/\/i0.wp.com\/agrund.com\/wp-content\/uploads\/sites\/6\/2021\/11\/agrund-a-la-garconne-spfw-n52-2.jpeg?resize=600%2C901&#038;ssl=1\" alt=\"\" class=\"wp-image-221387\" srcset=\"https:\/\/i0.wp.com\/agrund.com\/wp-content\/uploads\/sites\/6\/2021\/11\/agrund-a-la-garconne-spfw-n52-2.jpeg?w=600&amp;ssl=1 600w, https:\/\/i0.wp.com\/agrund.com\/wp-content\/uploads\/sites\/6\/2021\/11\/agrund-a-la-garconne-spfw-n52-2.jpeg?resize=200%2C300&amp;ssl=1 200w\" sizes=\"(max-width: 600px) 100vw, 600px\" data-recalc-dims=\"1\" \/><figcaption>SPFW N52 :: As leituras de estilo\u00a0da \u00c0\u00a0La Gar\u00e7onne<\/figcaption><\/figure><\/div>\n\n\n\n<div class=\"wp-block-image\"><figure class=\"aligncenter size-full\"><img data-attachment-id=\"221388\" data-permalink=\"https:\/\/agrund.com\/index.php\/spfw-n52-as-leituras-de-estilo-da-a-la-garconne\/agrund-a-la-garconne-spfw-n52-3\/\" data-orig-file=\"https:\/\/i0.wp.com\/agrund.com\/wp-content\/uploads\/sites\/6\/2021\/11\/agrund-a-la-garconne-spfw-n52-3.jpeg?fit=600%2C901&amp;ssl=1\" data-orig-size=\"600,901\" data-comments-opened=\"1\" data-image-meta=\"{&quot;aperture&quot;:&quot;2.2&quot;,&quot;credit&quot;:&quot;&quot;,&quot;camera&quot;:&quot;Canon EOS REBEL T5&quot;,&quot;caption&quot;:&quot;&quot;,&quot;created_timestamp&quot;:&quot;1636542937&quot;,&quot;copyright&quot;:&quot;&quot;,&quot;focal_length&quot;:&quot;50&quot;,&quot;iso&quot;:&quot;1600&quot;,&quot;shutter_speed&quot;:&quot;0.005&quot;,&quot;title&quot;:&quot;&quot;,&quot;orientation&quot;:&quot;1&quot;}\" data-image-title=\"agrund-a-la-garconne-spfw-n52-3\" data-image-description=\"\" data-image-caption=\"\" data-medium-file=\"https:\/\/i0.wp.com\/agrund.com\/wp-content\/uploads\/sites\/6\/2021\/11\/agrund-a-la-garconne-spfw-n52-3.jpeg?fit=200%2C300&amp;ssl=1\" data-large-file=\"https:\/\/i0.wp.com\/agrund.com\/wp-content\/uploads\/sites\/6\/2021\/11\/agrund-a-la-garconne-spfw-n52-3.jpeg?fit=600%2C901&amp;ssl=1\" decoding=\"async\" loading=\"lazy\" width=\"600\" height=\"901\" src=\"https:\/\/i0.wp.com\/agrund.com\/wp-content\/uploads\/sites\/6\/2021\/11\/agrund-a-la-garconne-spfw-n52-3.jpeg?resize=600%2C901&#038;ssl=1\" alt=\"\" class=\"wp-image-221388\" srcset=\"https:\/\/i0.wp.com\/agrund.com\/wp-content\/uploads\/sites\/6\/2021\/11\/agrund-a-la-garconne-spfw-n52-3.jpeg?w=600&amp;ssl=1 600w, https:\/\/i0.wp.com\/agrund.com\/wp-content\/uploads\/sites\/6\/2021\/11\/agrund-a-la-garconne-spfw-n52-3.jpeg?resize=200%2C300&amp;ssl=1 200w\" sizes=\"(max-width: 600px) 100vw, 600px\" data-recalc-dims=\"1\" \/><figcaption>SPFW N52 :: As leituras de estilo\u00a0da \u00c0\u00a0La Gar\u00e7onne<\/figcaption><\/figure><\/div>\n\n\n\n<div class=\"wp-block-image\"><figure class=\"aligncenter size-full\"><img data-attachment-id=\"221390\" data-permalink=\"https:\/\/agrund.com\/index.php\/spfw-n52-as-leituras-de-estilo-da-a-la-garconne\/agrund-a-la-garconne-spfw-n52-4\/\" data-orig-file=\"https:\/\/i0.wp.com\/agrund.com\/wp-content\/uploads\/sites\/6\/2021\/11\/agrund-a-la-garconne-spfw-n52-4.jpeg?fit=600%2C901&amp;ssl=1\" data-orig-size=\"600,901\" data-comments-opened=\"1\" data-image-meta=\"{&quot;aperture&quot;:&quot;2.8&quot;,&quot;credit&quot;:&quot;&quot;,&quot;camera&quot;:&quot;Canon EOS REBEL T5&quot;,&quot;caption&quot;:&quot;&quot;,&quot;created_timestamp&quot;:&quot;1636543859&quot;,&quot;copyright&quot;:&quot;&quot;,&quot;focal_length&quot;:&quot;50&quot;,&quot;iso&quot;:&quot;400&quot;,&quot;shutter_speed&quot;:&quot;0.005&quot;,&quot;title&quot;:&quot;&quot;,&quot;orientation&quot;:&quot;1&quot;}\" data-image-title=\"agrund-a-la-garconne-spfw-n52-4\" data-image-description=\"\" data-image-caption=\"\" data-medium-file=\"https:\/\/i0.wp.com\/agrund.com\/wp-content\/uploads\/sites\/6\/2021\/11\/agrund-a-la-garconne-spfw-n52-4.jpeg?fit=200%2C300&amp;ssl=1\" data-large-file=\"https:\/\/i0.wp.com\/agrund.com\/wp-content\/uploads\/sites\/6\/2021\/11\/agrund-a-la-garconne-spfw-n52-4.jpeg?fit=600%2C901&amp;ssl=1\" decoding=\"async\" loading=\"lazy\" width=\"600\" height=\"901\" src=\"https:\/\/i0.wp.com\/agrund.com\/wp-content\/uploads\/sites\/6\/2021\/11\/agrund-a-la-garconne-spfw-n52-4.jpeg?resize=600%2C901&#038;ssl=1\" alt=\"\" class=\"wp-image-221390\" srcset=\"https:\/\/i0.wp.com\/agrund.com\/wp-content\/uploads\/sites\/6\/2021\/11\/agrund-a-la-garconne-spfw-n52-4.jpeg?w=600&amp;ssl=1 600w, https:\/\/i0.wp.com\/agrund.com\/wp-content\/uploads\/sites\/6\/2021\/11\/agrund-a-la-garconne-spfw-n52-4.jpeg?resize=200%2C300&amp;ssl=1 200w\" sizes=\"(max-width: 600px) 100vw, 600px\" data-recalc-dims=\"1\" \/><figcaption>SPFW N52 :: As leituras de estilo\u00a0da \u00c0\u00a0La Gar\u00e7onne<\/figcaption><\/figure><\/div>\n\n\n\n<div class=\"wp-block-image\"><figure class=\"aligncenter size-full\"><img data-attachment-id=\"221389\" data-permalink=\"https:\/\/agrund.com\/index.php\/spfw-n52-as-leituras-de-estilo-da-a-la-garconne\/agrund-a-la-garconne-spfw-n52-5\/\" data-orig-file=\"https:\/\/i0.wp.com\/agrund.com\/wp-content\/uploads\/sites\/6\/2021\/11\/agrund-a-la-garconne-spfw-n52-5.jpeg?fit=600%2C901&amp;ssl=1\" data-orig-size=\"600,901\" data-comments-opened=\"1\" data-image-meta=\"{&quot;aperture&quot;:&quot;2.5&quot;,&quot;credit&quot;:&quot;&quot;,&quot;camera&quot;:&quot;Canon EOS REBEL T5&quot;,&quot;caption&quot;:&quot;&quot;,&quot;created_timestamp&quot;:&quot;1636548298&quot;,&quot;copyright&quot;:&quot;&quot;,&quot;focal_length&quot;:&quot;50&quot;,&quot;iso&quot;:&quot;100&quot;,&quot;shutter_speed&quot;:&quot;0.005&quot;,&quot;title&quot;:&quot;&quot;,&quot;orientation&quot;:&quot;1&quot;}\" data-image-title=\"agrund-a-la-garconne-spfw-n52-5\" data-image-description=\"\" data-image-caption=\"\" data-medium-file=\"https:\/\/i0.wp.com\/agrund.com\/wp-content\/uploads\/sites\/6\/2021\/11\/agrund-a-la-garconne-spfw-n52-5.jpeg?fit=200%2C300&amp;ssl=1\" data-large-file=\"https:\/\/i0.wp.com\/agrund.com\/wp-content\/uploads\/sites\/6\/2021\/11\/agrund-a-la-garconne-spfw-n52-5.jpeg?fit=600%2C901&amp;ssl=1\" decoding=\"async\" loading=\"lazy\" width=\"600\" height=\"901\" src=\"https:\/\/i0.wp.com\/agrund.com\/wp-content\/uploads\/sites\/6\/2021\/11\/agrund-a-la-garconne-spfw-n52-5.jpeg?resize=600%2C901&#038;ssl=1\" alt=\"\" class=\"wp-image-221389\" srcset=\"https:\/\/i0.wp.com\/agrund.com\/wp-content\/uploads\/sites\/6\/2021\/11\/agrund-a-la-garconne-spfw-n52-5.jpeg?w=600&amp;ssl=1 600w, https:\/\/i0.wp.com\/agrund.com\/wp-content\/uploads\/sites\/6\/2021\/11\/agrund-a-la-garconne-spfw-n52-5.jpeg?resize=200%2C300&amp;ssl=1 200w\" sizes=\"(max-width: 600px) 100vw, 600px\" data-recalc-dims=\"1\" \/><figcaption>SPFW N52 :: As leituras de estilo\u00a0da \u00c0\u00a0La Gar\u00e7onne<\/figcaption><\/figure><\/div>\n\n\n\n<p>Fotos: Divulga\u00e7\u00e3o. <\/p>\n","protected":false},"excerpt":{"rendered":"<p>Por Arlindo Grund Aos nove minutos de desfile, a \u00c0 La Gar\u00e7onne chegou \u00e0 edi\u00e7\u00e3o N52 da SPFW com looks rom\u00e2nticos sob a \u00f3tica da dupla F\u00e1bio Souza e Alexandre Herchcovitch. As\u00a0misturas de tecidos e estampas em tons pastel retratam bem essa ideia, al\u00e9m de uma silhueta que une o cl\u00e1ssico com o inovador. Reflexo [&hellip;]<\/p>\n","protected":false},"author":8,"featured_media":221391,"comment_status":"open","ping_status":"open","sticky":false,"template":"","format":"standard","meta":{"jetpack_post_was_ever_published":false,"_jetpack_newsletter_access":"","jetpack_publicize_message":"","jetpack_is_tweetstorm":false,"jetpack_publicize_feature_enabled":true,"jetpack_social_post_already_shared":true,"jetpack_social_options":{"image_generator_settings":{"template":"highway","enabled":false}}},"categories":[2,18],"tags":[3098,395,156,375,64,2835,140],"jetpack_publicize_connections":[],"jetpack_featured_media_url":"https:\/\/i0.wp.com\/agrund.com\/wp-content\/uploads\/sites\/6\/2021\/11\/s-26.jpg?fit=960%2C300&ssl=1","jetpack_sharing_enabled":true,"jetpack_shortlink":"https:\/\/wp.me\/p3Hz0n-VAI","jetpack_likes_enabled":true,"_links":{"self":[{"href":"https:\/\/agrund.com\/index.php\/wp-json\/wp\/v2\/posts\/221384"}],"collection":[{"href":"https:\/\/agrund.com\/index.php\/wp-json\/wp\/v2\/posts"}],"about":[{"href":"https:\/\/agrund.com\/index.php\/wp-json\/wp\/v2\/types\/post"}],"author":[{"embeddable":true,"href":"https:\/\/agrund.com\/index.php\/wp-json\/wp\/v2\/users\/8"}],"replies":[{"embeddable":true,"href":"https:\/\/agrund.com\/index.php\/wp-json\/wp\/v2\/comments?post=221384"}],"version-history":[{"count":1,"href":"https:\/\/agrund.com\/index.php\/wp-json\/wp\/v2\/posts\/221384\/revisions"}],"predecessor-version":[{"id":221392,"href":"https:\/\/agrund.com\/index.php\/wp-json\/wp\/v2\/posts\/221384\/revisions\/221392"}],"wp:featuredmedia":[{"embeddable":true,"href":"https:\/\/agrund.com\/index.php\/wp-json\/wp\/v2\/media\/221391"}],"wp:attachment":[{"href":"https:\/\/agrund.com\/index.php\/wp-json\/wp\/v2\/media?parent=221384"}],"wp:term":[{"taxonomy":"category","embeddable":true,"href":"https:\/\/agrund.com\/index.php\/wp-json\/wp\/v2\/categories?post=221384"},{"taxonomy":"post_tag","embeddable":true,"href":"https:\/\/agrund.com\/index.php\/wp-json\/wp\/v2\/tags?post=221384"}],"curies":[{"name":"wp","href":"https:\/\/api.w.org\/{rel}","templated":true}]}}