{"id":221351,"date":"2021-11-17T15:30:00","date_gmt":"2021-11-17T18:30:00","guid":{"rendered":"https:\/\/agrund.com\/?p=221351"},"modified":"2021-11-17T15:55:56","modified_gmt":"2021-11-17T18:55:56","slug":"spfw-n52-regeneracao-e-moda-com-a-p-andrade","status":"publish","type":"post","link":"https:\/\/agrund.com\/index.php\/spfw-n52-regeneracao-e-moda-com-a-p-andrade\/","title":{"rendered":"SPFW N52 :: Regenera\u00e7\u00e3o e moda com a P.Andrade"},"content":{"rendered":"\n<p>Por Arlindo Grund<\/p>\n\n\n\n<p>Come\u00e7ou mais uma S\u00e3o Paulo Fashion Week e n\u00f3s vamos estar presentes nesta edi\u00e7\u00e3o que mistura desfiles presenciais e digitais. Um novo modelo imposto pela situa\u00e7\u00e3o pand\u00eamica, mas que j\u00e1 aponta como um retorno ao&nbsp;conv\u00edvio&nbsp;social e, acima de tudo, para a capacidade de adequa\u00e7\u00e3o do ser humano ao novo.<br>Um cap\u00edtulo desta edi\u00e7\u00e3o N52 \u00e9 dedicado&nbsp;\u00e0 regenera\u00e7\u00e3o.&nbsp;E n\u00e3o \u00e0 toa estamos todos buscando uma maneira de escapar desses acontecimentos que mudaram&nbsp;para&nbsp;sempre o conv\u00edvio e a vida das pessoas.<\/p>\n\n\n\n<p>Desde que come\u00e7ou a reestruturar sua marca que Pedro Andrade j\u00e1 mostrava que suas cria\u00e7\u00f5es tomariam conta de um p\u00fablico que ama a constru\u00e7\u00e3o da moda. Para esse novo momento ele se une \u00e0 Paula Kim, sua esposa, para juntos criarem a cole\u00e7\u00e3o Ver\u00e3o 2022 da P.Andrade baseada em inspira\u00e7\u00f5es art\u00edsticas, no design brasileiro, das artes \u2013 Lina Bo Bardi, Oscar Niemeyer, entre outros.<\/p>\n\n\n\n<p>A flora brasileira tamb\u00e9m emprestou suas cores e formas para pe\u00e7as que traziam uma atmosfera cheia de criatividade no meio de tudo isso. As estampas foram desenvolvidas pelo artista pl\u00e1stico Walmor Corr\u00eaa. Ele apresenta um estudo sobre contos que narram acontecimentos folcl\u00f3ricos.<\/p>\n\n\n\n<p>As roupas apresentadas eram focadas no p\u00fablico jovem que vem com vontade de subverter e ao mesmo tempo criar uma imagem de moda autoral e original. As misturas de texturas se uniram \u00e0s silhuetas mais soltas e amplas, trazendo conforto at\u00e9 para quem v\u00ea.<\/p>\n\n\n\n<p>O ar futurista, nas pe\u00e7as com acabamentos arredondados, tamb\u00e9m est\u00e1 ali para dividir a cena com outras pe\u00e7as mais fluidas. Foi uma cole\u00e7\u00e3o minimalista, mas ao mesmo tempo com o DNA esportivo que caracteriza as cria\u00e7\u00f5es da dupla.<\/p>\n\n\n\n<p>Destaque para os t\u00eanis criados com couro de cactos, desenvolvidos por uma start-up mexicana. Assim, a utiliza\u00e7\u00e3o de materiais sustent\u00e1veis costurou uma apresenta\u00e7\u00e3o emocionante e que reuniu quem gosta de moda na Pinacoteca de S\u00e3o Paulo. O p\u00fablico? Todos, todos de m\u00e1scara. Respeito \u00e0 vida e \u00e0 moda brasileira.<\/p>\n\n\n\n<div class=\"wp-block-image\"><figure class=\"aligncenter size-full\"><img data-attachment-id=\"221354\" data-permalink=\"https:\/\/agrund.com\/index.php\/spfw-n52-regeneracao-e-moda-com-a-p-andrade\/pedro-andrade-spfw-n52foto-ze-takahashi-fotosite\/\" data-orig-file=\"https:\/\/i0.wp.com\/agrund.com\/wp-content\/uploads\/sites\/6\/2021\/11\/agrund-spfw-p-andrade-1.jpg?fit=600%2C750&amp;ssl=1\" data-orig-size=\"600,750\" data-comments-opened=\"1\" data-image-meta=\"{&quot;aperture&quot;:&quot;4.5&quot;,&quot;credit&quot;:&quot;Z\\u00e9 Takahashi\\\/ FOTOSITE&quot;,&quot;camera&quot;:&quot;NIKON D500&quot;,&quot;caption&quot;:&quot;Pedro Andrade - SPFW N52\\r\\r\\rFoto: Z\\u00e9 Takahashi\\\/ FOTOSITE&quot;,&quot;created_timestamp&quot;:&quot;1637087570&quot;,&quot;copyright&quot;:&quot;Z\\u00e9 Takahashi\\\/ FOTOSITE&quot;,&quot;focal_length&quot;:&quot;72&quot;,&quot;iso&quot;:&quot;800&quot;,&quot;shutter_speed&quot;:&quot;0.002&quot;,&quot;title&quot;:&quot;Pedro Andrade - SPFW N52\\r\\r\\rFoto: Z\\u00e9 Takahashi\\\/ FOTOSITE&quot;,&quot;orientation&quot;:&quot;1&quot;}\" data-image-title=\"Pedro Andrade &#8211; SPFW N52\r\r\rFoto: Z\u00e9 Takahashi\/ FOTOSITE\" data-image-description=\"\" data-image-caption=\"&lt;p&gt;Pedro Andrade &#8211; SPFW N52&lt;\/p&gt;\n&lt;p&gt;Foto: Z\u00e9 Takahashi\/ FOTOSITE&lt;\/p&gt;\n\" data-medium-file=\"https:\/\/i0.wp.com\/agrund.com\/wp-content\/uploads\/sites\/6\/2021\/11\/agrund-spfw-p-andrade-1.jpg?fit=240%2C300&amp;ssl=1\" data-large-file=\"https:\/\/i0.wp.com\/agrund.com\/wp-content\/uploads\/sites\/6\/2021\/11\/agrund-spfw-p-andrade-1.jpg?fit=600%2C750&amp;ssl=1\" decoding=\"async\" loading=\"lazy\" width=\"600\" height=\"750\" src=\"https:\/\/i0.wp.com\/agrund.com\/wp-content\/uploads\/sites\/6\/2021\/11\/agrund-spfw-p-andrade-1.jpg?resize=600%2C750&#038;ssl=1\" alt=\"\" class=\"wp-image-221354\" srcset=\"https:\/\/i0.wp.com\/agrund.com\/wp-content\/uploads\/sites\/6\/2021\/11\/agrund-spfw-p-andrade-1.jpg?w=600&amp;ssl=1 600w, https:\/\/i0.wp.com\/agrund.com\/wp-content\/uploads\/sites\/6\/2021\/11\/agrund-spfw-p-andrade-1.jpg?resize=240%2C300&amp;ssl=1 240w\" sizes=\"(max-width: 600px) 100vw, 600px\" data-recalc-dims=\"1\" \/><figcaption>SPFW N52 :: Regenera\u00e7\u00e3o e moda com a P.Andrade<\/figcaption><\/figure><\/div>\n\n\n\n<div class=\"wp-block-image\"><figure class=\"aligncenter size-full\"><img data-attachment-id=\"221355\" data-permalink=\"https:\/\/agrund.com\/index.php\/spfw-n52-regeneracao-e-moda-com-a-p-andrade\/pedro-andrade-spfw-n52foto-ze-takahashi-fotosite-2\/\" data-orig-file=\"https:\/\/i0.wp.com\/agrund.com\/wp-content\/uploads\/sites\/6\/2021\/11\/agrund-spfw-p-andrade-2.jpg?fit=600%2C750&amp;ssl=1\" data-orig-size=\"600,750\" data-comments-opened=\"1\" data-image-meta=\"{&quot;aperture&quot;:&quot;4.5&quot;,&quot;credit&quot;:&quot;Z\\u00e9 Takahashi\\\/ FOTOSITE&quot;,&quot;camera&quot;:&quot;NIKON D500&quot;,&quot;caption&quot;:&quot;Pedro Andrade - SPFW N52\\r\\r\\rFoto: Z\\u00e9 Takahashi\\\/ FOTOSITE&quot;,&quot;created_timestamp&quot;:&quot;1637087612&quot;,&quot;copyright&quot;:&quot;Z\\u00e9 Takahashi\\\/ FOTOSITE&quot;,&quot;focal_length&quot;:&quot;44&quot;,&quot;iso&quot;:&quot;800&quot;,&quot;shutter_speed&quot;:&quot;0.002&quot;,&quot;title&quot;:&quot;Pedro Andrade - SPFW N52\\r\\r\\rFoto: Z\\u00e9 Takahashi\\\/ FOTOSITE&quot;,&quot;orientation&quot;:&quot;1&quot;}\" data-image-title=\"Pedro Andrade &#8211; SPFW N52\r\r\rFoto: Z\u00e9 Takahashi\/ FOTOSITE\" data-image-description=\"\" data-image-caption=\"&lt;p&gt;Pedro Andrade &#8211; SPFW N52&lt;\/p&gt;\n&lt;p&gt;Foto: Z\u00e9 Takahashi\/ FOTOSITE&lt;\/p&gt;\n\" data-medium-file=\"https:\/\/i0.wp.com\/agrund.com\/wp-content\/uploads\/sites\/6\/2021\/11\/agrund-spfw-p-andrade-2.jpg?fit=240%2C300&amp;ssl=1\" data-large-file=\"https:\/\/i0.wp.com\/agrund.com\/wp-content\/uploads\/sites\/6\/2021\/11\/agrund-spfw-p-andrade-2.jpg?fit=600%2C750&amp;ssl=1\" decoding=\"async\" loading=\"lazy\" width=\"600\" height=\"750\" src=\"https:\/\/i0.wp.com\/agrund.com\/wp-content\/uploads\/sites\/6\/2021\/11\/agrund-spfw-p-andrade-2.jpg?resize=600%2C750&#038;ssl=1\" alt=\"\" class=\"wp-image-221355\" srcset=\"https:\/\/i0.wp.com\/agrund.com\/wp-content\/uploads\/sites\/6\/2021\/11\/agrund-spfw-p-andrade-2.jpg?w=600&amp;ssl=1 600w, https:\/\/i0.wp.com\/agrund.com\/wp-content\/uploads\/sites\/6\/2021\/11\/agrund-spfw-p-andrade-2.jpg?resize=240%2C300&amp;ssl=1 240w\" sizes=\"(max-width: 600px) 100vw, 600px\" data-recalc-dims=\"1\" \/><figcaption>SPFW N52 :: Regenera\u00e7\u00e3o e moda com a P.Andrade<\/figcaption><\/figure><\/div>\n\n\n\n<div class=\"wp-block-image\"><figure class=\"aligncenter size-full\"><img data-attachment-id=\"221356\" data-permalink=\"https:\/\/agrund.com\/index.php\/spfw-n52-regeneracao-e-moda-com-a-p-andrade\/pedro-andrade-spfw-n52foto-ze-takahashi-fotosite-3\/\" data-orig-file=\"https:\/\/i0.wp.com\/agrund.com\/wp-content\/uploads\/sites\/6\/2021\/11\/agrund-spfw-p-andrade-3.jpg?fit=600%2C750&amp;ssl=1\" data-orig-size=\"600,750\" data-comments-opened=\"1\" data-image-meta=\"{&quot;aperture&quot;:&quot;4.5&quot;,&quot;credit&quot;:&quot;Z\\u00e9 Takahashi\\\/ FOTOSITE&quot;,&quot;camera&quot;:&quot;NIKON D500&quot;,&quot;caption&quot;:&quot;Pedro Andrade - SPFW N52\\r\\r\\rFoto: Z\\u00e9 Takahashi\\\/ FOTOSITE&quot;,&quot;created_timestamp&quot;:&quot;1637087675&quot;,&quot;copyright&quot;:&quot;Z\\u00e9 Takahashi\\\/ FOTOSITE&quot;,&quot;focal_length&quot;:&quot;62&quot;,&quot;iso&quot;:&quot;800&quot;,&quot;shutter_speed&quot;:&quot;0.002&quot;,&quot;title&quot;:&quot;Pedro Andrade - SPFW N52\\r\\r\\rFoto: Z\\u00e9 Takahashi\\\/ FOTOSITE&quot;,&quot;orientation&quot;:&quot;1&quot;}\" data-image-title=\"Pedro Andrade &#8211; SPFW N52\r\r\rFoto: Z\u00e9 Takahashi\/ FOTOSITE\" data-image-description=\"\" data-image-caption=\"&lt;p&gt;Pedro Andrade &#8211; SPFW N52&lt;\/p&gt;\n&lt;p&gt;Foto: Z\u00e9 Takahashi\/ FOTOSITE&lt;\/p&gt;\n\" data-medium-file=\"https:\/\/i0.wp.com\/agrund.com\/wp-content\/uploads\/sites\/6\/2021\/11\/agrund-spfw-p-andrade-3.jpg?fit=240%2C300&amp;ssl=1\" data-large-file=\"https:\/\/i0.wp.com\/agrund.com\/wp-content\/uploads\/sites\/6\/2021\/11\/agrund-spfw-p-andrade-3.jpg?fit=600%2C750&amp;ssl=1\" decoding=\"async\" loading=\"lazy\" width=\"600\" height=\"750\" src=\"https:\/\/i0.wp.com\/agrund.com\/wp-content\/uploads\/sites\/6\/2021\/11\/agrund-spfw-p-andrade-3.jpg?resize=600%2C750&#038;ssl=1\" alt=\"\" class=\"wp-image-221356\" srcset=\"https:\/\/i0.wp.com\/agrund.com\/wp-content\/uploads\/sites\/6\/2021\/11\/agrund-spfw-p-andrade-3.jpg?w=600&amp;ssl=1 600w, https:\/\/i0.wp.com\/agrund.com\/wp-content\/uploads\/sites\/6\/2021\/11\/agrund-spfw-p-andrade-3.jpg?resize=240%2C300&amp;ssl=1 240w\" sizes=\"(max-width: 600px) 100vw, 600px\" data-recalc-dims=\"1\" \/><figcaption>SPFW N52 :: Regenera\u00e7\u00e3o e moda com a P.Andrade<\/figcaption><\/figure><\/div>\n\n\n\n<div class=\"wp-block-image\"><figure class=\"aligncenter size-full\"><img data-attachment-id=\"221357\" data-permalink=\"https:\/\/agrund.com\/index.php\/spfw-n52-regeneracao-e-moda-com-a-p-andrade\/pedro-andrade-spfw-n52foto-ze-takahashi-fotosite-4\/\" data-orig-file=\"https:\/\/i0.wp.com\/agrund.com\/wp-content\/uploads\/sites\/6\/2021\/11\/agrund-spfw-p-andrade-4.jpg?fit=600%2C750&amp;ssl=1\" data-orig-size=\"600,750\" data-comments-opened=\"1\" data-image-meta=\"{&quot;aperture&quot;:&quot;4.5&quot;,&quot;credit&quot;:&quot;Z\\u00e9 Takahashi\\\/ FOTOSITE&quot;,&quot;camera&quot;:&quot;NIKON D500&quot;,&quot;caption&quot;:&quot;Pedro Andrade - SPFW N52\\r\\r\\rFoto: Z\\u00e9 Takahashi\\\/ FOTOSITE&quot;,&quot;created_timestamp&quot;:&quot;1637087751&quot;,&quot;copyright&quot;:&quot;Z\\u00e9 Takahashi\\\/ FOTOSITE&quot;,&quot;focal_length&quot;:&quot;55&quot;,&quot;iso&quot;:&quot;800&quot;,&quot;shutter_speed&quot;:&quot;0.002&quot;,&quot;title&quot;:&quot;Pedro Andrade - SPFW N52\\r\\r\\rFoto: Z\\u00e9 Takahashi\\\/ FOTOSITE&quot;,&quot;orientation&quot;:&quot;1&quot;}\" data-image-title=\"Pedro Andrade &#8211; SPFW N52\r\r\rFoto: Z\u00e9 Takahashi\/ FOTOSITE\" data-image-description=\"\" data-image-caption=\"&lt;p&gt;Pedro Andrade &#8211; SPFW N52&lt;\/p&gt;\n&lt;p&gt;Foto: Z\u00e9 Takahashi\/ FOTOSITE&lt;\/p&gt;\n\" data-medium-file=\"https:\/\/i0.wp.com\/agrund.com\/wp-content\/uploads\/sites\/6\/2021\/11\/agrund-spfw-p-andrade-4.jpg?fit=240%2C300&amp;ssl=1\" data-large-file=\"https:\/\/i0.wp.com\/agrund.com\/wp-content\/uploads\/sites\/6\/2021\/11\/agrund-spfw-p-andrade-4.jpg?fit=600%2C750&amp;ssl=1\" decoding=\"async\" loading=\"lazy\" width=\"600\" height=\"750\" src=\"https:\/\/i0.wp.com\/agrund.com\/wp-content\/uploads\/sites\/6\/2021\/11\/agrund-spfw-p-andrade-4.jpg?resize=600%2C750&#038;ssl=1\" alt=\"\" class=\"wp-image-221357\" srcset=\"https:\/\/i0.wp.com\/agrund.com\/wp-content\/uploads\/sites\/6\/2021\/11\/agrund-spfw-p-andrade-4.jpg?w=600&amp;ssl=1 600w, https:\/\/i0.wp.com\/agrund.com\/wp-content\/uploads\/sites\/6\/2021\/11\/agrund-spfw-p-andrade-4.jpg?resize=240%2C300&amp;ssl=1 240w\" sizes=\"(max-width: 600px) 100vw, 600px\" data-recalc-dims=\"1\" \/><figcaption>SPFW N52 :: Regenera\u00e7\u00e3o e moda com a P.Andrade<\/figcaption><\/figure><\/div>\n\n\n\n<div class=\"wp-block-image\"><figure class=\"aligncenter size-full\"><img data-attachment-id=\"221358\" data-permalink=\"https:\/\/agrund.com\/index.php\/spfw-n52-regeneracao-e-moda-com-a-p-andrade\/pedro-andrade-spfw-n52foto-ze-takahashi-fotosite-5\/\" data-orig-file=\"https:\/\/i0.wp.com\/agrund.com\/wp-content\/uploads\/sites\/6\/2021\/11\/agrund-spfw-p-andrade-5.jpg?fit=600%2C750&amp;ssl=1\" data-orig-size=\"600,750\" data-comments-opened=\"1\" data-image-meta=\"{&quot;aperture&quot;:&quot;4.5&quot;,&quot;credit&quot;:&quot;Z\\u00e9 Takahashi\\\/ FOTOSITE&quot;,&quot;camera&quot;:&quot;NIKON D500&quot;,&quot;caption&quot;:&quot;Pedro Andrade - SPFW N52\\r\\r\\rFoto: Z\\u00e9 Takahashi\\\/ FOTOSITE&quot;,&quot;created_timestamp&quot;:&quot;1637087921&quot;,&quot;copyright&quot;:&quot;Z\\u00e9 Takahashi\\\/ FOTOSITE&quot;,&quot;focal_length&quot;:&quot;70&quot;,&quot;iso&quot;:&quot;800&quot;,&quot;shutter_speed&quot;:&quot;0.002&quot;,&quot;title&quot;:&quot;Pedro Andrade - SPFW N52\\r\\r\\rFoto: Z\\u00e9 Takahashi\\\/ FOTOSITE&quot;,&quot;orientation&quot;:&quot;1&quot;}\" data-image-title=\"Pedro Andrade &#8211; SPFW N52\r\r\rFoto: Z\u00e9 Takahashi\/ FOTOSITE\" data-image-description=\"\" data-image-caption=\"&lt;p&gt;Pedro Andrade &#8211; SPFW N52&lt;\/p&gt;\n&lt;p&gt;Foto: Z\u00e9 Takahashi\/ FOTOSITE&lt;\/p&gt;\n\" data-medium-file=\"https:\/\/i0.wp.com\/agrund.com\/wp-content\/uploads\/sites\/6\/2021\/11\/agrund-spfw-p-andrade-5.jpg?fit=240%2C300&amp;ssl=1\" data-large-file=\"https:\/\/i0.wp.com\/agrund.com\/wp-content\/uploads\/sites\/6\/2021\/11\/agrund-spfw-p-andrade-5.jpg?fit=600%2C750&amp;ssl=1\" decoding=\"async\" loading=\"lazy\" width=\"600\" height=\"750\" src=\"https:\/\/i0.wp.com\/agrund.com\/wp-content\/uploads\/sites\/6\/2021\/11\/agrund-spfw-p-andrade-5.jpg?resize=600%2C750&#038;ssl=1\" alt=\"\" class=\"wp-image-221358\" srcset=\"https:\/\/i0.wp.com\/agrund.com\/wp-content\/uploads\/sites\/6\/2021\/11\/agrund-spfw-p-andrade-5.jpg?w=600&amp;ssl=1 600w, https:\/\/i0.wp.com\/agrund.com\/wp-content\/uploads\/sites\/6\/2021\/11\/agrund-spfw-p-andrade-5.jpg?resize=240%2C300&amp;ssl=1 240w\" sizes=\"(max-width: 600px) 100vw, 600px\" data-recalc-dims=\"1\" \/><figcaption>SPFW N52 :: Regenera\u00e7\u00e3o e moda com a P.Andrade<\/figcaption><\/figure><\/div>\n\n\n\n<div class=\"wp-block-image\"><figure class=\"aligncenter size-full\"><img data-attachment-id=\"221359\" data-permalink=\"https:\/\/agrund.com\/index.php\/spfw-n52-regeneracao-e-moda-com-a-p-andrade\/pedro-andrade-spfw-n52foto-ze-takahashi-fotosite-6\/\" data-orig-file=\"https:\/\/i0.wp.com\/agrund.com\/wp-content\/uploads\/sites\/6\/2021\/11\/agrund-spfw-p-andrade-6.jpg?fit=600%2C750&amp;ssl=1\" data-orig-size=\"600,750\" data-comments-opened=\"1\" data-image-meta=\"{&quot;aperture&quot;:&quot;4.5&quot;,&quot;credit&quot;:&quot;Z\\u00e9 Takahashi\\\/ FOTOSITE&quot;,&quot;camera&quot;:&quot;NIKON D500&quot;,&quot;caption&quot;:&quot;Pedro Andrade - SPFW N52\\r\\r\\rFoto: Z\\u00e9 Takahashi\\\/ FOTOSITE&quot;,&quot;created_timestamp&quot;:&quot;1637087934&quot;,&quot;copyright&quot;:&quot;Z\\u00e9 Takahashi\\\/ FOTOSITE&quot;,&quot;focal_length&quot;:&quot;80&quot;,&quot;iso&quot;:&quot;800&quot;,&quot;shutter_speed&quot;:&quot;0.002&quot;,&quot;title&quot;:&quot;Pedro Andrade - SPFW N52\\r\\r\\rFoto: Z\\u00e9 Takahashi\\\/ FOTOSITE&quot;,&quot;orientation&quot;:&quot;1&quot;}\" data-image-title=\"Pedro Andrade &#8211; SPFW N52\r\r\rFoto: Z\u00e9 Takahashi\/ FOTOSITE\" data-image-description=\"\" data-image-caption=\"&lt;p&gt;Pedro Andrade &#8211; SPFW N52&lt;\/p&gt;\n&lt;p&gt;Foto: Z\u00e9 Takahashi\/ FOTOSITE&lt;\/p&gt;\n\" data-medium-file=\"https:\/\/i0.wp.com\/agrund.com\/wp-content\/uploads\/sites\/6\/2021\/11\/agrund-spfw-p-andrade-6.jpg?fit=240%2C300&amp;ssl=1\" data-large-file=\"https:\/\/i0.wp.com\/agrund.com\/wp-content\/uploads\/sites\/6\/2021\/11\/agrund-spfw-p-andrade-6.jpg?fit=600%2C750&amp;ssl=1\" decoding=\"async\" loading=\"lazy\" width=\"600\" height=\"750\" src=\"https:\/\/i0.wp.com\/agrund.com\/wp-content\/uploads\/sites\/6\/2021\/11\/agrund-spfw-p-andrade-6.jpg?resize=600%2C750&#038;ssl=1\" alt=\"\" class=\"wp-image-221359\" srcset=\"https:\/\/i0.wp.com\/agrund.com\/wp-content\/uploads\/sites\/6\/2021\/11\/agrund-spfw-p-andrade-6.jpg?w=600&amp;ssl=1 600w, https:\/\/i0.wp.com\/agrund.com\/wp-content\/uploads\/sites\/6\/2021\/11\/agrund-spfw-p-andrade-6.jpg?resize=240%2C300&amp;ssl=1 240w\" sizes=\"(max-width: 600px) 100vw, 600px\" data-recalc-dims=\"1\" \/><figcaption>SPFW N52 :: Regenera\u00e7\u00e3o e moda com a P.Andrade<\/figcaption><\/figure><\/div>\n\n\n\n<div class=\"wp-block-image\"><figure class=\"aligncenter size-full\"><img data-attachment-id=\"221360\" data-permalink=\"https:\/\/agrund.com\/index.php\/spfw-n52-regeneracao-e-moda-com-a-p-andrade\/pedro-andrade-spfw-n52foto-ze-takahashi-fotosite-7\/\" data-orig-file=\"https:\/\/i0.wp.com\/agrund.com\/wp-content\/uploads\/sites\/6\/2021\/11\/agrund-spfw-p-andrade-7.jpg?fit=600%2C750&amp;ssl=1\" data-orig-size=\"600,750\" data-comments-opened=\"1\" data-image-meta=\"{&quot;aperture&quot;:&quot;4.5&quot;,&quot;credit&quot;:&quot;Z\\u00e9 Takahashi\\\/ FOTOSITE&quot;,&quot;camera&quot;:&quot;NIKON D500&quot;,&quot;caption&quot;:&quot;Pedro Andrade - SPFW N52\\r\\r\\rFoto: Z\\u00e9 Takahashi\\\/ FOTOSITE&quot;,&quot;created_timestamp&quot;:&quot;1637087946&quot;,&quot;copyright&quot;:&quot;Z\\u00e9 Takahashi\\\/ FOTOSITE&quot;,&quot;focal_length&quot;:&quot;46&quot;,&quot;iso&quot;:&quot;800&quot;,&quot;shutter_speed&quot;:&quot;0.002&quot;,&quot;title&quot;:&quot;Pedro Andrade - SPFW N52\\r\\r\\rFoto: Z\\u00e9 Takahashi\\\/ FOTOSITE&quot;,&quot;orientation&quot;:&quot;1&quot;}\" data-image-title=\"Pedro Andrade &#8211; SPFW N52\r\r\rFoto: Z\u00e9 Takahashi\/ FOTOSITE\" data-image-description=\"\" data-image-caption=\"&lt;p&gt;Pedro Andrade &#8211; SPFW N52&lt;\/p&gt;\n&lt;p&gt;Foto: Z\u00e9 Takahashi\/ FOTOSITE&lt;\/p&gt;\n\" data-medium-file=\"https:\/\/i0.wp.com\/agrund.com\/wp-content\/uploads\/sites\/6\/2021\/11\/agrund-spfw-p-andrade-7.jpg?fit=240%2C300&amp;ssl=1\" data-large-file=\"https:\/\/i0.wp.com\/agrund.com\/wp-content\/uploads\/sites\/6\/2021\/11\/agrund-spfw-p-andrade-7.jpg?fit=600%2C750&amp;ssl=1\" decoding=\"async\" loading=\"lazy\" width=\"600\" height=\"750\" src=\"https:\/\/i0.wp.com\/agrund.com\/wp-content\/uploads\/sites\/6\/2021\/11\/agrund-spfw-p-andrade-7.jpg?resize=600%2C750&#038;ssl=1\" alt=\"\" class=\"wp-image-221360\" srcset=\"https:\/\/i0.wp.com\/agrund.com\/wp-content\/uploads\/sites\/6\/2021\/11\/agrund-spfw-p-andrade-7.jpg?w=600&amp;ssl=1 600w, https:\/\/i0.wp.com\/agrund.com\/wp-content\/uploads\/sites\/6\/2021\/11\/agrund-spfw-p-andrade-7.jpg?resize=240%2C300&amp;ssl=1 240w\" sizes=\"(max-width: 600px) 100vw, 600px\" data-recalc-dims=\"1\" \/><figcaption>SPFW N52 :: Regenera\u00e7\u00e3o e moda com a P.Andrade<\/figcaption><\/figure><\/div>\n\n\n\n<div class=\"wp-block-image\"><figure class=\"aligncenter size-full\"><img data-attachment-id=\"221361\" data-permalink=\"https:\/\/agrund.com\/index.php\/spfw-n52-regeneracao-e-moda-com-a-p-andrade\/pedro-andrade-spfw-n52foto-ze-takahashi-fotosite-8\/\" data-orig-file=\"https:\/\/i0.wp.com\/agrund.com\/wp-content\/uploads\/sites\/6\/2021\/11\/agrund-spfw-p-andrade-10.jpg?fit=600%2C750&amp;ssl=1\" data-orig-size=\"600,750\" data-comments-opened=\"1\" data-image-meta=\"{&quot;aperture&quot;:&quot;4.5&quot;,&quot;credit&quot;:&quot;Z\\u00e9 Takahashi\\\/ FOTOSITE&quot;,&quot;camera&quot;:&quot;NIKON D500&quot;,&quot;caption&quot;:&quot;Pedro Andrade - SPFW N52\\r\\r\\rFoto: Z\\u00e9 Takahashi\\\/ FOTOSITE&quot;,&quot;created_timestamp&quot;:&quot;1637088104&quot;,&quot;copyright&quot;:&quot;Z\\u00e9 Takahashi\\\/ FOTOSITE&quot;,&quot;focal_length&quot;:&quot;35&quot;,&quot;iso&quot;:&quot;800&quot;,&quot;shutter_speed&quot;:&quot;0.002&quot;,&quot;title&quot;:&quot;Pedro Andrade - SPFW N52\\r\\r\\rFoto: Z\\u00e9 Takahashi\\\/ FOTOSITE&quot;,&quot;orientation&quot;:&quot;1&quot;}\" data-image-title=\"Pedro Andrade &#8211; SPFW N52\r\r\rFoto: Z\u00e9 Takahashi\/ FOTOSITE\" data-image-description=\"\" data-image-caption=\"&lt;p&gt;Pedro Andrade &#8211; SPFW N52&lt;\/p&gt;\n&lt;p&gt;Foto: Z\u00e9 Takahashi\/ FOTOSITE&lt;\/p&gt;\n\" data-medium-file=\"https:\/\/i0.wp.com\/agrund.com\/wp-content\/uploads\/sites\/6\/2021\/11\/agrund-spfw-p-andrade-10.jpg?fit=240%2C300&amp;ssl=1\" data-large-file=\"https:\/\/i0.wp.com\/agrund.com\/wp-content\/uploads\/sites\/6\/2021\/11\/agrund-spfw-p-andrade-10.jpg?fit=600%2C750&amp;ssl=1\" decoding=\"async\" loading=\"lazy\" width=\"600\" height=\"750\" src=\"https:\/\/i0.wp.com\/agrund.com\/wp-content\/uploads\/sites\/6\/2021\/11\/agrund-spfw-p-andrade-10.jpg?resize=600%2C750&#038;ssl=1\" alt=\"\" class=\"wp-image-221361\" srcset=\"https:\/\/i0.wp.com\/agrund.com\/wp-content\/uploads\/sites\/6\/2021\/11\/agrund-spfw-p-andrade-10.jpg?w=600&amp;ssl=1 600w, https:\/\/i0.wp.com\/agrund.com\/wp-content\/uploads\/sites\/6\/2021\/11\/agrund-spfw-p-andrade-10.jpg?resize=240%2C300&amp;ssl=1 240w\" sizes=\"(max-width: 600px) 100vw, 600px\" data-recalc-dims=\"1\" \/><figcaption>SPFW N52 :: Regenera\u00e7\u00e3o e moda com a P.Andrade<\/figcaption><\/figure><\/div>\n\n\n\n<p>Fotos: Divulga\u00e7\u00e3o\/ Z\u00e9 Takahashi\/ Fotosite. <\/p>\n","protected":false},"excerpt":{"rendered":"<p>Por Arlindo Grund Come\u00e7ou mais uma S\u00e3o Paulo Fashion Week e n\u00f3s vamos estar presentes nesta edi\u00e7\u00e3o que mistura desfiles presenciais e digitais. Um novo modelo imposto pela situa\u00e7\u00e3o pand\u00eamica, mas que j\u00e1 aponta como um retorno ao&nbsp;conv\u00edvio&nbsp;social e, acima de tudo, para a capacidade de adequa\u00e7\u00e3o do ser humano ao novo.Um cap\u00edtulo desta edi\u00e7\u00e3o [&hellip;]<\/p>\n","protected":false},"author":8,"featured_media":221362,"comment_status":"open","ping_status":"open","sticky":false,"template":"","format":"standard","meta":{"jetpack_post_was_ever_published":false,"_jetpack_newsletter_access":"","jetpack_publicize_message":"","jetpack_is_tweetstorm":false,"jetpack_publicize_feature_enabled":true,"jetpack_social_post_already_shared":true,"jetpack_social_options":{"image_generator_settings":{"template":"highway","enabled":false}}},"categories":[2,18],"tags":[395,375,64,309,3096,3095,2835,140],"jetpack_publicize_connections":[],"jetpack_featured_media_url":"https:\/\/i0.wp.com\/agrund.com\/wp-content\/uploads\/sites\/6\/2021\/11\/s-23.jpg?fit=960%2C300&ssl=1","jetpack_sharing_enabled":true,"jetpack_shortlink":"https:\/\/wp.me\/p3Hz0n-VAb","jetpack_likes_enabled":true,"_links":{"self":[{"href":"https:\/\/agrund.com\/index.php\/wp-json\/wp\/v2\/posts\/221351"}],"collection":[{"href":"https:\/\/agrund.com\/index.php\/wp-json\/wp\/v2\/posts"}],"about":[{"href":"https:\/\/agrund.com\/index.php\/wp-json\/wp\/v2\/types\/post"}],"author":[{"embeddable":true,"href":"https:\/\/agrund.com\/index.php\/wp-json\/wp\/v2\/users\/8"}],"replies":[{"embeddable":true,"href":"https:\/\/agrund.com\/index.php\/wp-json\/wp\/v2\/comments?post=221351"}],"version-history":[{"count":2,"href":"https:\/\/agrund.com\/index.php\/wp-json\/wp\/v2\/posts\/221351\/revisions"}],"predecessor-version":[{"id":221363,"href":"https:\/\/agrund.com\/index.php\/wp-json\/wp\/v2\/posts\/221351\/revisions\/221363"}],"wp:featuredmedia":[{"embeddable":true,"href":"https:\/\/agrund.com\/index.php\/wp-json\/wp\/v2\/media\/221362"}],"wp:attachment":[{"href":"https:\/\/agrund.com\/index.php\/wp-json\/wp\/v2\/media?parent=221351"}],"wp:term":[{"taxonomy":"category","embeddable":true,"href":"https:\/\/agrund.com\/index.php\/wp-json\/wp\/v2\/categories?post=221351"},{"taxonomy":"post_tag","embeddable":true,"href":"https:\/\/agrund.com\/index.php\/wp-json\/wp\/v2\/tags?post=221351"}],"curies":[{"name":"wp","href":"https:\/\/api.w.org\/{rel}","templated":true}]}}