{"id":221297,"date":"2021-11-10T13:00:00","date_gmt":"2021-11-10T16:00:00","guid":{"rendered":"https:\/\/agrund.com\/?p=221297"},"modified":"2021-11-10T14:52:33","modified_gmt":"2021-11-10T17:52:33","slug":"spfw-divulga-line-up-da-edicao-n52","status":"publish","type":"post","link":"https:\/\/agrund.com\/index.php\/spfw-divulga-line-up-da-edicao-n52\/","title":{"rendered":"SPFW divulga line-up da edi\u00e7\u00e3o N52"},"content":{"rendered":"\n<p>Como contamos <a href=\"https:\/\/agrund.com\/index.php\/spfw-divulga-line-up-da-edicao-n52\/\" target=\"_blank\" rel=\"noreferrer noopener\">AQUI<\/a>, a edi\u00e7\u00e3o N52 da SPFW retoma com os desfiles presenciais e acontecer\u00e1 entre os dias 16 e 21 de novembro.\u00a0\u00a0<\/p>\n\n\n\n<p>Pedro Andrade abrir\u00e1 o evento com um desfile na Pinacoteca de S\u00e3o Paulo, e o encerramento ficar\u00e1 por conta de Lenny Niemeyer com a celebra\u00e7\u00e3o dos 30 anos de sua marca na C\u00fapula do Caminho Niemeyer, em Niter\u00f3i.\u00a0<\/p>\n\n\n\n<p>No total ser\u00e3o 50 marcas desfilando cole\u00e7\u00f5es, a maioria delas na passarela do Pavilh\u00e3o das Culturas Brasileiras, no Parque do Ibirapuera, em S\u00e3o Paulo.\u00a0<\/p>\n\n\n\n<p>Voc\u00ea poder\u00e1 acompanhar tudo aqui no Agrund.com!\u00a0 Confira o line-up completo: <\/p>\n\n\n\n<p><strong>DIA 16<\/strong><\/p>\n\n\n\n<p>15h &#8211; Pedro Andrade<\/p>\n\n\n\n<p><strong>DIA 17<\/strong><\/p>\n\n\n\n<p>15h30 &#8211; Projeto Cria Costura<br>16h30 &#8211; Ronaldo Fraga<br>17h &#8211; \u00c0 la Gar\u00e7onne<br>17h30 &#8211; Torinno<br>18h30 &#8211; Anac\u00ea<br>19h &#8211; Mnisis<br>20h30 &#8211; Aluf<br>21h00 &#8211; Modem<br>21h30 &#8211; Lilly Sarti<\/p>\n\n\n\n<p><strong>DIA 18<\/strong><\/p>\n\n\n\n<p>15h &#8211; Sankofa: Ateli\u00ea M\u00e3o de M\u00e3e | Meninos Rei<br>16h &#8211; Ronaldo Silvestre<br>16h30 &#8211; Jo\u00e3o Pimenta<br>17h15 &#8211; Rocio Canvas<br>18h &#8211; Weider Silveiro<br>18h45 &#8211; Von Trapp<br>19h15 &#8211; Bold Strap<br>19h45 &#8211; Walerio Araujo<br>20h30 &#8211; \u00c1LG<br>21h &#8211; Ellus<br>21h30 &#8211; Another Place<\/p>\n\n\n\n<p><strong>DIA 19<\/strong><\/p>\n\n\n\n<p>10h &#8211; Ponto Firme<br>12h &#8211; Fernanda Yamamoto<br>15h &#8211; Sankofa: Santa Resist\u00eancia | Naya Violeta<br>16h &#8211; \u00c3o<br>16h30 &#8211; LED<br>17h &#8211; Misci<br>18h &#8211; Gloria Coelho<br>18h30 &#8211; Neriage<br>19h15 &#8211; Martins<br>19h45 &#8211; Igor Dadona<br>20h15 &#8211; Handred<br>21h &#8211; Irrita<br>21h30 &#8211; Lino Villaventura<\/p>\n\n\n\n<p><strong>DIA 20<\/strong><\/p>\n\n\n\n<p>11h &#8211; Esf\u00e9r<br>12h &#8211; Baska<br>15h &#8211; Sankofa: Az Marias | Mile Lab | Silv\u00e9rio<br>16h &#8211; Corcel<br>16h30 &#8211; Fauve<br>17h &#8211; Angela Brito<br>18h &#8211; Lucas Le\u00e3o<br>18h30 &#8211; Depedro<br>19h30 &#8211; Apartamento 03<br>20h15 &#8211; Bispo dos Anjos<br>21h &#8211; Renata Buzzo<br>21h30 &#8211; Isaac Silva<\/p>\n\n\n\n<p><strong>DIA 21<\/strong><\/p>\n\n\n\n<p>16h &#8211; Lenny Niemeyer<\/p>\n\n\n\n<div class=\"wp-block-image\"><figure class=\"aligncenter size-full\"><img data-attachment-id=\"221298\" data-permalink=\"https:\/\/agrund.com\/index.php\/spfw-divulga-line-up-da-edicao-n52\/unnamed-147\/\" data-orig-file=\"https:\/\/i0.wp.com\/agrund.com\/wp-content\/uploads\/sites\/6\/2021\/11\/unnamed.jpg?fit=600%2C848&amp;ssl=1\" data-orig-size=\"600,848\" data-comments-opened=\"1\" data-image-meta=\"{&quot;aperture&quot;:&quot;0&quot;,&quot;credit&quot;:&quot;&quot;,&quot;camera&quot;:&quot;&quot;,&quot;caption&quot;:&quot;&quot;,&quot;created_timestamp&quot;:&quot;0&quot;,&quot;copyright&quot;:&quot;&quot;,&quot;focal_length&quot;:&quot;0&quot;,&quot;iso&quot;:&quot;0&quot;,&quot;shutter_speed&quot;:&quot;0&quot;,&quot;title&quot;:&quot;&quot;,&quot;orientation&quot;:&quot;1&quot;}\" data-image-title=\"unnamed\" data-image-description=\"\" data-image-caption=\"\" data-medium-file=\"https:\/\/i0.wp.com\/agrund.com\/wp-content\/uploads\/sites\/6\/2021\/11\/unnamed.jpg?fit=212%2C300&amp;ssl=1\" data-large-file=\"https:\/\/i0.wp.com\/agrund.com\/wp-content\/uploads\/sites\/6\/2021\/11\/unnamed.jpg?fit=600%2C848&amp;ssl=1\" decoding=\"async\" loading=\"lazy\" width=\"600\" height=\"848\" src=\"https:\/\/i0.wp.com\/agrund.com\/wp-content\/uploads\/sites\/6\/2021\/11\/unnamed.jpg?resize=600%2C848&#038;ssl=1\" alt=\"\" class=\"wp-image-221298\" srcset=\"https:\/\/i0.wp.com\/agrund.com\/wp-content\/uploads\/sites\/6\/2021\/11\/unnamed.jpg?w=600&amp;ssl=1 600w, https:\/\/i0.wp.com\/agrund.com\/wp-content\/uploads\/sites\/6\/2021\/11\/unnamed.jpg?resize=212%2C300&amp;ssl=1 212w\" sizes=\"(max-width: 600px) 100vw, 600px\" data-recalc-dims=\"1\" \/><figcaption>SPFW divulga line-up da edi\u00e7\u00e3o N52<\/figcaption><\/figure><\/div>\n\n\n\n<p>Fotos: Divulga\u00e7\u00e3o. <\/p>\n","protected":false},"excerpt":{"rendered":"<p>Como contamos AQUI, a edi\u00e7\u00e3o N52 da SPFW retoma com os desfiles presenciais e acontecer\u00e1 entre os dias 16 e 21 de novembro.\u00a0\u00a0 Pedro Andrade abrir\u00e1 o evento com um desfile na Pinacoteca de S\u00e3o Paulo, e o encerramento ficar\u00e1 por conta de Lenny Niemeyer com a celebra\u00e7\u00e3o dos 30 anos de sua marca na [&hellip;]<\/p>\n","protected":false},"author":8,"featured_media":221299,"comment_status":"open","ping_status":"open","sticky":false,"template":"","format":"standard","meta":{"jetpack_post_was_ever_published":false,"_jetpack_newsletter_access":"","jetpack_publicize_message":"","jetpack_is_tweetstorm":false,"jetpack_publicize_feature_enabled":true,"jetpack_social_post_already_shared":true,"jetpack_social_options":{"image_generator_settings":{"template":"highway","enabled":false}}},"categories":[2],"tags":[395,309,2385,140],"jetpack_publicize_connections":[],"jetpack_featured_media_url":"https:\/\/i0.wp.com\/agrund.com\/wp-content\/uploads\/sites\/6\/2021\/11\/s-15.jpg?fit=960%2C300&ssl=1","jetpack_sharing_enabled":true,"jetpack_shortlink":"https:\/\/wp.me\/p3Hz0n-Vzj","jetpack_likes_enabled":true,"_links":{"self":[{"href":"https:\/\/agrund.com\/index.php\/wp-json\/wp\/v2\/posts\/221297"}],"collection":[{"href":"https:\/\/agrund.com\/index.php\/wp-json\/wp\/v2\/posts"}],"about":[{"href":"https:\/\/agrund.com\/index.php\/wp-json\/wp\/v2\/types\/post"}],"author":[{"embeddable":true,"href":"https:\/\/agrund.com\/index.php\/wp-json\/wp\/v2\/users\/8"}],"replies":[{"embeddable":true,"href":"https:\/\/agrund.com\/index.php\/wp-json\/wp\/v2\/comments?post=221297"}],"version-history":[{"count":2,"href":"https:\/\/agrund.com\/index.php\/wp-json\/wp\/v2\/posts\/221297\/revisions"}],"predecessor-version":[{"id":221301,"href":"https:\/\/agrund.com\/index.php\/wp-json\/wp\/v2\/posts\/221297\/revisions\/221301"}],"wp:featuredmedia":[{"embeddable":true,"href":"https:\/\/agrund.com\/index.php\/wp-json\/wp\/v2\/media\/221299"}],"wp:attachment":[{"href":"https:\/\/agrund.com\/index.php\/wp-json\/wp\/v2\/media?parent=221297"}],"wp:term":[{"taxonomy":"category","embeddable":true,"href":"https:\/\/agrund.com\/index.php\/wp-json\/wp\/v2\/categories?post=221297"},{"taxonomy":"post_tag","embeddable":true,"href":"https:\/\/agrund.com\/index.php\/wp-json\/wp\/v2\/tags?post=221297"}],"curies":[{"name":"wp","href":"https:\/\/api.w.org\/{rel}","templated":true}]}}