{"id":221231,"date":"2021-11-05T19:00:00","date_gmt":"2021-11-05T22:00:00","guid":{"rendered":"https:\/\/agrund.com\/?p=221231"},"modified":"2021-11-05T19:19:58","modified_gmt":"2021-11-05T22:19:58","slug":"valentina","status":"publish","type":"post","link":"https:\/\/agrund.com\/index.php\/valentina\/","title":{"rendered":"&#8216;Valentina&#8217;"},"content":{"rendered":"\n<p>Por Paulo Ricardo\u00a0<\/p>\n\n\n\n<p>O delicado longa &#8216;Valentina&#8217; acaba de ser disponibilizado na netflix, trazendo na bagagem v\u00e1rios pr\u00eamios nacionais e internacionais.\u00a0<\/p>\n\n\n\n<p>O filme seria um &#8216;coming of age&#8217;, mas que com uma personagem pouqu\u00edssimo retratada no cinema brasileiro, e s\u00f3 por isso j\u00e1 valeria a pena assistir: Valentina, vivida de maneira cativante pela adolescente Thies Woinbackk, muda-se com a m\u00e3e, Guta Stresser, para uma cidade do interior mineiro, num simb\u00f3lico recome\u00e7o de vida, e vai enfrentar os mesmos desafios e preconceitos para ser aceita como ela \u00e9. Valentina \u00e9 uma garota trans e luta pelo direito de ser matriculada na nova escola com o seu nome social. O que pode parecer um pequeno detalhe, \u00e9 na verdade um fato respons\u00e1vel por 82% de evas\u00e3o escolar de pessoas trans.\u00a0<\/p>\n\n\n\n<p>O primeiro longa de C\u00e1ssio Pereira dos Santos trata o assunto de maneira respeitosa e envolvente. As personagens coadjuvantes s\u00e3o bem delineadas e somam ao desenvolvimento da hist\u00f3ria: o pai ausente, mas pronto a ajud\u00e1-la no momento dif\u00edcil, o jovem amigo gay e a jovem amiga gr\u00e1vida com seus dilemas pr\u00f3prios da idade e condi\u00e7\u00e3o, o mach\u00e3o da cidade com seus segredos pra esconder e seu irm\u00e3o machinho assediador, e a m\u00e3e, aquela com quem a jovem sempre pode contar.<\/p>\n\n\n\n<p>Imposs\u00edvel ficar alheio ao drama de Valentina e sua for\u00e7a de resistir e lutar. Vale demais conferir.\u00a0<\/p>\n\n\n\n<div class=\"wp-block-image\"><figure class=\"aligncenter size-full\"><img data-attachment-id=\"221232\" data-permalink=\"https:\/\/agrund.com\/index.php\/valentina\/agrund-cronica-cinema-valentina-1\/\" data-orig-file=\"https:\/\/i0.wp.com\/agrund.com\/wp-content\/uploads\/sites\/6\/2021\/11\/agrund-cronica-cinema-valentina-1.jpg?fit=600%2C290&amp;ssl=1\" data-orig-size=\"600,290\" data-comments-opened=\"1\" data-image-meta=\"{&quot;aperture&quot;:&quot;0&quot;,&quot;credit&quot;:&quot;&quot;,&quot;camera&quot;:&quot;&quot;,&quot;caption&quot;:&quot;&quot;,&quot;created_timestamp&quot;:&quot;0&quot;,&quot;copyright&quot;:&quot;&quot;,&quot;focal_length&quot;:&quot;0&quot;,&quot;iso&quot;:&quot;0&quot;,&quot;shutter_speed&quot;:&quot;0&quot;,&quot;title&quot;:&quot;&quot;,&quot;orientation&quot;:&quot;1&quot;}\" data-image-title=\"agrund-cronica-cinema-valentina-1\" data-image-description=\"\" data-image-caption=\"\" data-medium-file=\"https:\/\/i0.wp.com\/agrund.com\/wp-content\/uploads\/sites\/6\/2021\/11\/agrund-cronica-cinema-valentina-1.jpg?fit=300%2C145&amp;ssl=1\" data-large-file=\"https:\/\/i0.wp.com\/agrund.com\/wp-content\/uploads\/sites\/6\/2021\/11\/agrund-cronica-cinema-valentina-1.jpg?fit=600%2C290&amp;ssl=1\" decoding=\"async\" loading=\"lazy\" width=\"600\" height=\"290\" src=\"https:\/\/i0.wp.com\/agrund.com\/wp-content\/uploads\/sites\/6\/2021\/11\/agrund-cronica-cinema-valentina-1.jpg?resize=600%2C290&#038;ssl=1\" alt=\"\" class=\"wp-image-221232\" srcset=\"https:\/\/i0.wp.com\/agrund.com\/wp-content\/uploads\/sites\/6\/2021\/11\/agrund-cronica-cinema-valentina-1.jpg?w=600&amp;ssl=1 600w, https:\/\/i0.wp.com\/agrund.com\/wp-content\/uploads\/sites\/6\/2021\/11\/agrund-cronica-cinema-valentina-1.jpg?resize=300%2C145&amp;ssl=1 300w\" sizes=\"(max-width: 600px) 100vw, 600px\" data-recalc-dims=\"1\" \/><figcaption>\u2018Valentina&#8217;<\/figcaption><\/figure><\/div>\n\n\n\n<div class=\"wp-block-image\"><figure class=\"aligncenter size-full\"><img data-attachment-id=\"221233\" data-permalink=\"https:\/\/agrund.com\/index.php\/valentina\/agrund-cronica-cinema-valentina-2\/\" data-orig-file=\"https:\/\/i0.wp.com\/agrund.com\/wp-content\/uploads\/sites\/6\/2021\/11\/agrund-cronica-cinema-valentina-2.jpg?fit=600%2C324&amp;ssl=1\" data-orig-size=\"600,324\" data-comments-opened=\"1\" data-image-meta=\"{&quot;aperture&quot;:&quot;0&quot;,&quot;credit&quot;:&quot;&quot;,&quot;camera&quot;:&quot;&quot;,&quot;caption&quot;:&quot;&quot;,&quot;created_timestamp&quot;:&quot;0&quot;,&quot;copyright&quot;:&quot;&quot;,&quot;focal_length&quot;:&quot;0&quot;,&quot;iso&quot;:&quot;0&quot;,&quot;shutter_speed&quot;:&quot;0&quot;,&quot;title&quot;:&quot;&quot;,&quot;orientation&quot;:&quot;1&quot;}\" data-image-title=\"agrund-cronica-cinema-valentina-2\" data-image-description=\"\" data-image-caption=\"\" data-medium-file=\"https:\/\/i0.wp.com\/agrund.com\/wp-content\/uploads\/sites\/6\/2021\/11\/agrund-cronica-cinema-valentina-2.jpg?fit=300%2C162&amp;ssl=1\" data-large-file=\"https:\/\/i0.wp.com\/agrund.com\/wp-content\/uploads\/sites\/6\/2021\/11\/agrund-cronica-cinema-valentina-2.jpg?fit=600%2C324&amp;ssl=1\" decoding=\"async\" loading=\"lazy\" width=\"600\" height=\"324\" src=\"https:\/\/i0.wp.com\/agrund.com\/wp-content\/uploads\/sites\/6\/2021\/11\/agrund-cronica-cinema-valentina-2.jpg?resize=600%2C324&#038;ssl=1\" alt=\"\" class=\"wp-image-221233\" srcset=\"https:\/\/i0.wp.com\/agrund.com\/wp-content\/uploads\/sites\/6\/2021\/11\/agrund-cronica-cinema-valentina-2.jpg?w=600&amp;ssl=1 600w, https:\/\/i0.wp.com\/agrund.com\/wp-content\/uploads\/sites\/6\/2021\/11\/agrund-cronica-cinema-valentina-2.jpg?resize=300%2C162&amp;ssl=1 300w\" sizes=\"(max-width: 600px) 100vw, 600px\" data-recalc-dims=\"1\" \/><figcaption>\u2018Valentina&#8217;<\/figcaption><\/figure><\/div>\n\n\n\n<p>Fotos: Reprodu\u00e7\u00e3o. <\/p>\n","protected":false},"excerpt":{"rendered":"<p>Por Paulo Ricardo\u00a0 O delicado longa &#8216;Valentina&#8217; acaba de ser disponibilizado na netflix, trazendo na bagagem v\u00e1rios pr\u00eamios nacionais e internacionais.\u00a0 O filme seria um &#8216;coming of age&#8217;, mas que com uma personagem pouqu\u00edssimo retratada no cinema brasileiro, e s\u00f3 por isso j\u00e1 valeria a pena assistir: Valentina, vivida de maneira cativante pela adolescente Thies [&hellip;]<\/p>\n","protected":false},"author":8,"featured_media":221234,"comment_status":"open","ping_status":"open","sticky":false,"template":"","format":"standard","meta":{"jetpack_post_was_ever_published":false,"_jetpack_newsletter_access":"","jetpack_publicize_message":"","jetpack_is_tweetstorm":false,"jetpack_publicize_feature_enabled":true,"jetpack_social_post_already_shared":true,"jetpack_social_options":{"image_generator_settings":{"template":"highway","enabled":false}}},"categories":[2],"tags":[395,375,1937,1257,3081],"jetpack_publicize_connections":[],"jetpack_featured_media_url":"https:\/\/i0.wp.com\/agrund.com\/wp-content\/uploads\/sites\/6\/2021\/11\/s-8.jpg?fit=960%2C300&ssl=1","jetpack_sharing_enabled":true,"jetpack_shortlink":"https:\/\/wp.me\/p3Hz0n-Vyf","jetpack_likes_enabled":true,"_links":{"self":[{"href":"https:\/\/agrund.com\/index.php\/wp-json\/wp\/v2\/posts\/221231"}],"collection":[{"href":"https:\/\/agrund.com\/index.php\/wp-json\/wp\/v2\/posts"}],"about":[{"href":"https:\/\/agrund.com\/index.php\/wp-json\/wp\/v2\/types\/post"}],"author":[{"embeddable":true,"href":"https:\/\/agrund.com\/index.php\/wp-json\/wp\/v2\/users\/8"}],"replies":[{"embeddable":true,"href":"https:\/\/agrund.com\/index.php\/wp-json\/wp\/v2\/comments?post=221231"}],"version-history":[{"count":1,"href":"https:\/\/agrund.com\/index.php\/wp-json\/wp\/v2\/posts\/221231\/revisions"}],"predecessor-version":[{"id":221235,"href":"https:\/\/agrund.com\/index.php\/wp-json\/wp\/v2\/posts\/221231\/revisions\/221235"}],"wp:featuredmedia":[{"embeddable":true,"href":"https:\/\/agrund.com\/index.php\/wp-json\/wp\/v2\/media\/221234"}],"wp:attachment":[{"href":"https:\/\/agrund.com\/index.php\/wp-json\/wp\/v2\/media?parent=221231"}],"wp:term":[{"taxonomy":"category","embeddable":true,"href":"https:\/\/agrund.com\/index.php\/wp-json\/wp\/v2\/categories?post=221231"},{"taxonomy":"post_tag","embeddable":true,"href":"https:\/\/agrund.com\/index.php\/wp-json\/wp\/v2\/tags?post=221231"}],"curies":[{"name":"wp","href":"https:\/\/api.w.org\/{rel}","templated":true}]}}