{"id":221211,"date":"2021-11-05T15:00:00","date_gmt":"2021-11-05T18:00:00","guid":{"rendered":"https:\/\/agrund.com\/?p=221211"},"modified":"2021-11-05T17:04:09","modified_gmt":"2021-11-05T20:04:09","slug":"minas-trend-26o-edicao-cores-e-formas-no-eyewear","status":"publish","type":"post","link":"https:\/\/agrund.com\/index.php\/minas-trend-26o-edicao-cores-e-formas-no-eyewear\/","title":{"rendered":"Minas Trend 26\u00ba edi\u00e7\u00e3o :: Cores e formas no eyewear\u00a0"},"content":{"rendered":"\n<p>Por Thay Sanqueta&nbsp;<\/p>\n\n\n\n<p>O sal\u00e3o de neg\u00f3cios do Minas Trend sempre tem marcas de vestu\u00e1rio, cal\u00e7ados e acess\u00f3rios, mas algo que nos chamou a aten\u00e7\u00e3o nesta temporada foi a \u00fanica marca de \u00f3culos presente entre os estandes.&nbsp;<\/p>\n\n\n\n<p>Em um bate-papo, a equipe da Moon Eyewear, que j\u00e1 tem 10 anos de mercado, contou para o Agrund.com que a marca desenvolve e produz arma\u00e7\u00f5es e lentes sem g\u00eanero, com identidade e ousadia. Nesta edi\u00e7\u00e3o, o grande prop\u00f3sito da grife \u00e9 desenvolver projetos e collabs com outras marcas, como j\u00e1 fizeram antes para Melissa, Ronaldo Fraga, Isac Silva e Coven.<\/p>\n\n\n\n<p>Separamos alguns dos modelos que mais chamaram a nossa aten\u00e7\u00e3o. Confira:<\/p>\n\n\n\n<div class=\"wp-block-image\"><figure class=\"aligncenter size-full\"><img data-attachment-id=\"221213\" data-permalink=\"https:\/\/agrund.com\/index.php\/minas-trend-26o-edicao-cores-e-formas-no-eyewear\/agrund-minas-trend-2021-3-3\/\" data-orig-file=\"https:\/\/i0.wp.com\/agrund.com\/wp-content\/uploads\/sites\/6\/2021\/11\/agrund-minas-trend-2021-3-3.jpeg?fit=600%2C800&amp;ssl=1\" data-orig-size=\"600,800\" data-comments-opened=\"1\" data-image-meta=\"{&quot;aperture&quot;:&quot;0&quot;,&quot;credit&quot;:&quot;&quot;,&quot;camera&quot;:&quot;&quot;,&quot;caption&quot;:&quot;&quot;,&quot;created_timestamp&quot;:&quot;0&quot;,&quot;copyright&quot;:&quot;&quot;,&quot;focal_length&quot;:&quot;0&quot;,&quot;iso&quot;:&quot;0&quot;,&quot;shutter_speed&quot;:&quot;0&quot;,&quot;title&quot;:&quot;&quot;,&quot;orientation&quot;:&quot;1&quot;}\" data-image-title=\"agrund-minas-trend-2021-3-3\" data-image-description=\"\" data-image-caption=\"\" data-medium-file=\"https:\/\/i0.wp.com\/agrund.com\/wp-content\/uploads\/sites\/6\/2021\/11\/agrund-minas-trend-2021-3-3.jpeg?fit=225%2C300&amp;ssl=1\" data-large-file=\"https:\/\/i0.wp.com\/agrund.com\/wp-content\/uploads\/sites\/6\/2021\/11\/agrund-minas-trend-2021-3-3.jpeg?fit=600%2C800&amp;ssl=1\" decoding=\"async\" loading=\"lazy\" width=\"600\" height=\"800\" src=\"https:\/\/i0.wp.com\/agrund.com\/wp-content\/uploads\/sites\/6\/2021\/11\/agrund-minas-trend-2021-3-3.jpeg?resize=600%2C800&#038;ssl=1\" alt=\"\" class=\"wp-image-221213\" srcset=\"https:\/\/i0.wp.com\/agrund.com\/wp-content\/uploads\/sites\/6\/2021\/11\/agrund-minas-trend-2021-3-3.jpeg?w=600&amp;ssl=1 600w, https:\/\/i0.wp.com\/agrund.com\/wp-content\/uploads\/sites\/6\/2021\/11\/agrund-minas-trend-2021-3-3.jpeg?resize=225%2C300&amp;ssl=1 225w\" sizes=\"(max-width: 600px) 100vw, 600px\" data-recalc-dims=\"1\" \/><figcaption>Minas Trend 26\u00ba edi\u00e7\u00e3o :: Cores e formas no eyewear\u00a0<\/figcaption><\/figure><\/div>\n\n\n\n<div class=\"wp-block-image\"><figure class=\"aligncenter size-full\"><img data-attachment-id=\"221214\" data-permalink=\"https:\/\/agrund.com\/index.php\/minas-trend-26o-edicao-cores-e-formas-no-eyewear\/agrund-minas-trend-2021-1-3\/\" data-orig-file=\"https:\/\/i0.wp.com\/agrund.com\/wp-content\/uploads\/sites\/6\/2021\/11\/agrund-minas-trend-2021-1-3.jpeg?fit=600%2C800&amp;ssl=1\" data-orig-size=\"600,800\" data-comments-opened=\"1\" data-image-meta=\"{&quot;aperture&quot;:&quot;0&quot;,&quot;credit&quot;:&quot;&quot;,&quot;camera&quot;:&quot;&quot;,&quot;caption&quot;:&quot;&quot;,&quot;created_timestamp&quot;:&quot;0&quot;,&quot;copyright&quot;:&quot;&quot;,&quot;focal_length&quot;:&quot;0&quot;,&quot;iso&quot;:&quot;0&quot;,&quot;shutter_speed&quot;:&quot;0&quot;,&quot;title&quot;:&quot;&quot;,&quot;orientation&quot;:&quot;1&quot;}\" data-image-title=\"agrund-minas-trend-2021-1-3\" data-image-description=\"\" data-image-caption=\"\" data-medium-file=\"https:\/\/i0.wp.com\/agrund.com\/wp-content\/uploads\/sites\/6\/2021\/11\/agrund-minas-trend-2021-1-3.jpeg?fit=225%2C300&amp;ssl=1\" data-large-file=\"https:\/\/i0.wp.com\/agrund.com\/wp-content\/uploads\/sites\/6\/2021\/11\/agrund-minas-trend-2021-1-3.jpeg?fit=600%2C800&amp;ssl=1\" decoding=\"async\" loading=\"lazy\" width=\"600\" height=\"800\" src=\"https:\/\/i0.wp.com\/agrund.com\/wp-content\/uploads\/sites\/6\/2021\/11\/agrund-minas-trend-2021-1-3.jpeg?resize=600%2C800&#038;ssl=1\" alt=\"\" class=\"wp-image-221214\" srcset=\"https:\/\/i0.wp.com\/agrund.com\/wp-content\/uploads\/sites\/6\/2021\/11\/agrund-minas-trend-2021-1-3.jpeg?w=600&amp;ssl=1 600w, https:\/\/i0.wp.com\/agrund.com\/wp-content\/uploads\/sites\/6\/2021\/11\/agrund-minas-trend-2021-1-3.jpeg?resize=225%2C300&amp;ssl=1 225w\" sizes=\"(max-width: 600px) 100vw, 600px\" data-recalc-dims=\"1\" \/><figcaption>Minas Trend 26\u00ba edi\u00e7\u00e3o :: Cores e formas no eyewear\u00a0<\/figcaption><\/figure><\/div>\n\n\n\n<div class=\"wp-block-image\"><figure class=\"aligncenter size-full\"><img data-attachment-id=\"221215\" data-permalink=\"https:\/\/agrund.com\/index.php\/minas-trend-26o-edicao-cores-e-formas-no-eyewear\/agrund-minas-trend-2021-2-3\/\" data-orig-file=\"https:\/\/i0.wp.com\/agrund.com\/wp-content\/uploads\/sites\/6\/2021\/11\/agrund-minas-trend-2021-2-3.jpeg?fit=600%2C800&amp;ssl=1\" data-orig-size=\"600,800\" data-comments-opened=\"1\" data-image-meta=\"{&quot;aperture&quot;:&quot;0&quot;,&quot;credit&quot;:&quot;&quot;,&quot;camera&quot;:&quot;&quot;,&quot;caption&quot;:&quot;&quot;,&quot;created_timestamp&quot;:&quot;0&quot;,&quot;copyright&quot;:&quot;&quot;,&quot;focal_length&quot;:&quot;0&quot;,&quot;iso&quot;:&quot;0&quot;,&quot;shutter_speed&quot;:&quot;0&quot;,&quot;title&quot;:&quot;&quot;,&quot;orientation&quot;:&quot;1&quot;}\" data-image-title=\"agrund-minas-trend-2021-2-3\" data-image-description=\"\" data-image-caption=\"\" data-medium-file=\"https:\/\/i0.wp.com\/agrund.com\/wp-content\/uploads\/sites\/6\/2021\/11\/agrund-minas-trend-2021-2-3.jpeg?fit=225%2C300&amp;ssl=1\" data-large-file=\"https:\/\/i0.wp.com\/agrund.com\/wp-content\/uploads\/sites\/6\/2021\/11\/agrund-minas-trend-2021-2-3.jpeg?fit=600%2C800&amp;ssl=1\" decoding=\"async\" loading=\"lazy\" width=\"600\" height=\"800\" src=\"https:\/\/i0.wp.com\/agrund.com\/wp-content\/uploads\/sites\/6\/2021\/11\/agrund-minas-trend-2021-2-3.jpeg?resize=600%2C800&#038;ssl=1\" alt=\"\" class=\"wp-image-221215\" srcset=\"https:\/\/i0.wp.com\/agrund.com\/wp-content\/uploads\/sites\/6\/2021\/11\/agrund-minas-trend-2021-2-3.jpeg?w=600&amp;ssl=1 600w, https:\/\/i0.wp.com\/agrund.com\/wp-content\/uploads\/sites\/6\/2021\/11\/agrund-minas-trend-2021-2-3.jpeg?resize=225%2C300&amp;ssl=1 225w\" sizes=\"(max-width: 600px) 100vw, 600px\" data-recalc-dims=\"1\" \/><figcaption>Minas Trend 26\u00ba edi\u00e7\u00e3o :: Cores e formas no eyewear\u00a0<\/figcaption><\/figure><\/div>\n\n\n\n<div class=\"wp-block-image\"><figure class=\"aligncenter size-full\"><img data-attachment-id=\"221216\" data-permalink=\"https:\/\/agrund.com\/index.php\/minas-trend-26o-edicao-cores-e-formas-no-eyewear\/agrund-minas-trend-2021-6-2\/\" data-orig-file=\"https:\/\/i0.wp.com\/agrund.com\/wp-content\/uploads\/sites\/6\/2021\/11\/agrund-minas-trend-2021-6-2.jpeg?fit=600%2C450&amp;ssl=1\" data-orig-size=\"600,450\" data-comments-opened=\"1\" data-image-meta=\"{&quot;aperture&quot;:&quot;0&quot;,&quot;credit&quot;:&quot;&quot;,&quot;camera&quot;:&quot;&quot;,&quot;caption&quot;:&quot;&quot;,&quot;created_timestamp&quot;:&quot;0&quot;,&quot;copyright&quot;:&quot;&quot;,&quot;focal_length&quot;:&quot;0&quot;,&quot;iso&quot;:&quot;0&quot;,&quot;shutter_speed&quot;:&quot;0&quot;,&quot;title&quot;:&quot;&quot;,&quot;orientation&quot;:&quot;1&quot;}\" data-image-title=\"agrund-minas-trend-2021-6-2\" data-image-description=\"\" data-image-caption=\"\" data-medium-file=\"https:\/\/i0.wp.com\/agrund.com\/wp-content\/uploads\/sites\/6\/2021\/11\/agrund-minas-trend-2021-6-2.jpeg?fit=300%2C225&amp;ssl=1\" data-large-file=\"https:\/\/i0.wp.com\/agrund.com\/wp-content\/uploads\/sites\/6\/2021\/11\/agrund-minas-trend-2021-6-2.jpeg?fit=600%2C450&amp;ssl=1\" decoding=\"async\" loading=\"lazy\" width=\"600\" height=\"450\" src=\"https:\/\/i0.wp.com\/agrund.com\/wp-content\/uploads\/sites\/6\/2021\/11\/agrund-minas-trend-2021-6-2.jpeg?resize=600%2C450&#038;ssl=1\" alt=\"\" class=\"wp-image-221216\" srcset=\"https:\/\/i0.wp.com\/agrund.com\/wp-content\/uploads\/sites\/6\/2021\/11\/agrund-minas-trend-2021-6-2.jpeg?w=600&amp;ssl=1 600w, https:\/\/i0.wp.com\/agrund.com\/wp-content\/uploads\/sites\/6\/2021\/11\/agrund-minas-trend-2021-6-2.jpeg?resize=300%2C225&amp;ssl=1 300w\" sizes=\"(max-width: 600px) 100vw, 600px\" data-recalc-dims=\"1\" \/><figcaption>Minas Trend 26\u00ba edi\u00e7\u00e3o :: Cores e formas no eyewear\u00a0<\/figcaption><\/figure><\/div>\n\n\n\n<div class=\"wp-block-image\"><figure class=\"aligncenter size-full\"><img data-attachment-id=\"221217\" data-permalink=\"https:\/\/agrund.com\/index.php\/minas-trend-26o-edicao-cores-e-formas-no-eyewear\/agrund-minas-trend-2021-5-2\/\" data-orig-file=\"https:\/\/i0.wp.com\/agrund.com\/wp-content\/uploads\/sites\/6\/2021\/11\/agrund-minas-trend-2021-5-2.jpeg?fit=600%2C800&amp;ssl=1\" data-orig-size=\"600,800\" data-comments-opened=\"1\" data-image-meta=\"{&quot;aperture&quot;:&quot;0&quot;,&quot;credit&quot;:&quot;&quot;,&quot;camera&quot;:&quot;&quot;,&quot;caption&quot;:&quot;&quot;,&quot;created_timestamp&quot;:&quot;0&quot;,&quot;copyright&quot;:&quot;&quot;,&quot;focal_length&quot;:&quot;0&quot;,&quot;iso&quot;:&quot;0&quot;,&quot;shutter_speed&quot;:&quot;0&quot;,&quot;title&quot;:&quot;&quot;,&quot;orientation&quot;:&quot;1&quot;}\" data-image-title=\"agrund-minas-trend-2021-5-2\" data-image-description=\"\" data-image-caption=\"\" data-medium-file=\"https:\/\/i0.wp.com\/agrund.com\/wp-content\/uploads\/sites\/6\/2021\/11\/agrund-minas-trend-2021-5-2.jpeg?fit=225%2C300&amp;ssl=1\" data-large-file=\"https:\/\/i0.wp.com\/agrund.com\/wp-content\/uploads\/sites\/6\/2021\/11\/agrund-minas-trend-2021-5-2.jpeg?fit=600%2C800&amp;ssl=1\" decoding=\"async\" loading=\"lazy\" width=\"600\" height=\"800\" src=\"https:\/\/i0.wp.com\/agrund.com\/wp-content\/uploads\/sites\/6\/2021\/11\/agrund-minas-trend-2021-5-2.jpeg?resize=600%2C800&#038;ssl=1\" alt=\"\" class=\"wp-image-221217\" srcset=\"https:\/\/i0.wp.com\/agrund.com\/wp-content\/uploads\/sites\/6\/2021\/11\/agrund-minas-trend-2021-5-2.jpeg?w=600&amp;ssl=1 600w, https:\/\/i0.wp.com\/agrund.com\/wp-content\/uploads\/sites\/6\/2021\/11\/agrund-minas-trend-2021-5-2.jpeg?resize=225%2C300&amp;ssl=1 225w\" sizes=\"(max-width: 600px) 100vw, 600px\" data-recalc-dims=\"1\" \/><figcaption>Minas Trend 26\u00ba edi\u00e7\u00e3o :: Cores e formas no eyewear\u00a0<\/figcaption><\/figure><\/div>\n\n\n\n<div class=\"wp-block-image\"><figure class=\"aligncenter size-full\"><img data-attachment-id=\"221218\" data-permalink=\"https:\/\/agrund.com\/index.php\/minas-trend-26o-edicao-cores-e-formas-no-eyewear\/agrund-minas-trend-2021-4-3\/\" data-orig-file=\"https:\/\/i0.wp.com\/agrund.com\/wp-content\/uploads\/sites\/6\/2021\/11\/agrund-minas-trend-2021-4-3.jpeg?fit=600%2C800&amp;ssl=1\" data-orig-size=\"600,800\" data-comments-opened=\"1\" data-image-meta=\"{&quot;aperture&quot;:&quot;0&quot;,&quot;credit&quot;:&quot;&quot;,&quot;camera&quot;:&quot;&quot;,&quot;caption&quot;:&quot;&quot;,&quot;created_timestamp&quot;:&quot;0&quot;,&quot;copyright&quot;:&quot;&quot;,&quot;focal_length&quot;:&quot;0&quot;,&quot;iso&quot;:&quot;0&quot;,&quot;shutter_speed&quot;:&quot;0&quot;,&quot;title&quot;:&quot;&quot;,&quot;orientation&quot;:&quot;1&quot;}\" data-image-title=\"agrund-minas-trend-2021-4-3\" data-image-description=\"\" data-image-caption=\"\" data-medium-file=\"https:\/\/i0.wp.com\/agrund.com\/wp-content\/uploads\/sites\/6\/2021\/11\/agrund-minas-trend-2021-4-3.jpeg?fit=225%2C300&amp;ssl=1\" data-large-file=\"https:\/\/i0.wp.com\/agrund.com\/wp-content\/uploads\/sites\/6\/2021\/11\/agrund-minas-trend-2021-4-3.jpeg?fit=600%2C800&amp;ssl=1\" decoding=\"async\" loading=\"lazy\" width=\"600\" height=\"800\" src=\"https:\/\/i0.wp.com\/agrund.com\/wp-content\/uploads\/sites\/6\/2021\/11\/agrund-minas-trend-2021-4-3.jpeg?resize=600%2C800&#038;ssl=1\" alt=\"\" class=\"wp-image-221218\" srcset=\"https:\/\/i0.wp.com\/agrund.com\/wp-content\/uploads\/sites\/6\/2021\/11\/agrund-minas-trend-2021-4-3.jpeg?w=600&amp;ssl=1 600w, https:\/\/i0.wp.com\/agrund.com\/wp-content\/uploads\/sites\/6\/2021\/11\/agrund-minas-trend-2021-4-3.jpeg?resize=225%2C300&amp;ssl=1 225w\" sizes=\"(max-width: 600px) 100vw, 600px\" data-recalc-dims=\"1\" \/><figcaption>Minas Trend 26\u00ba edi\u00e7\u00e3o :: Cores e formas no eyewear\u00a0<\/figcaption><\/figure><\/div>\n\n\n\n<p>Fotos: Thay Sanqueta. <\/p>\n","protected":false},"excerpt":{"rendered":"<p>Por Thay Sanqueta&nbsp; O sal\u00e3o de neg\u00f3cios do Minas Trend sempre tem marcas de vestu\u00e1rio, cal\u00e7ados e acess\u00f3rios, mas algo que nos chamou a aten\u00e7\u00e3o nesta temporada foi a \u00fanica marca de \u00f3culos presente entre os estandes.&nbsp; Em um bate-papo, a equipe da Moon Eyewear, que j\u00e1 tem 10 anos de mercado, contou para o [&hellip;]<\/p>\n","protected":false},"author":8,"featured_media":221219,"comment_status":"open","ping_status":"open","sticky":false,"template":"","format":"standard","meta":{"jetpack_post_was_ever_published":false,"_jetpack_newsletter_access":"","jetpack_publicize_message":"","jetpack_is_tweetstorm":false,"jetpack_publicize_feature_enabled":true,"jetpack_social_post_already_shared":true,"jetpack_social_options":{"image_generator_settings":{"template":"highway","enabled":false}}},"categories":[2],"tags":[395,375,568,77,569,2909],"jetpack_publicize_connections":[],"jetpack_featured_media_url":"https:\/\/i0.wp.com\/agrund.com\/wp-content\/uploads\/sites\/6\/2021\/11\/s-6.jpg?fit=960%2C300&ssl=1","jetpack_sharing_enabled":true,"jetpack_shortlink":"https:\/\/wp.me\/p3Hz0n-VxV","jetpack_likes_enabled":true,"_links":{"self":[{"href":"https:\/\/agrund.com\/index.php\/wp-json\/wp\/v2\/posts\/221211"}],"collection":[{"href":"https:\/\/agrund.com\/index.php\/wp-json\/wp\/v2\/posts"}],"about":[{"href":"https:\/\/agrund.com\/index.php\/wp-json\/wp\/v2\/types\/post"}],"author":[{"embeddable":true,"href":"https:\/\/agrund.com\/index.php\/wp-json\/wp\/v2\/users\/8"}],"replies":[{"embeddable":true,"href":"https:\/\/agrund.com\/index.php\/wp-json\/wp\/v2\/comments?post=221211"}],"version-history":[{"count":2,"href":"https:\/\/agrund.com\/index.php\/wp-json\/wp\/v2\/posts\/221211\/revisions"}],"predecessor-version":[{"id":221220,"href":"https:\/\/agrund.com\/index.php\/wp-json\/wp\/v2\/posts\/221211\/revisions\/221220"}],"wp:featuredmedia":[{"embeddable":true,"href":"https:\/\/agrund.com\/index.php\/wp-json\/wp\/v2\/media\/221219"}],"wp:attachment":[{"href":"https:\/\/agrund.com\/index.php\/wp-json\/wp\/v2\/media?parent=221211"}],"wp:term":[{"taxonomy":"category","embeddable":true,"href":"https:\/\/agrund.com\/index.php\/wp-json\/wp\/v2\/categories?post=221211"},{"taxonomy":"post_tag","embeddable":true,"href":"https:\/\/agrund.com\/index.php\/wp-json\/wp\/v2\/tags?post=221211"}],"curies":[{"name":"wp","href":"https:\/\/api.w.org\/{rel}","templated":true}]}}