{"id":221166,"date":"2021-11-03T18:00:00","date_gmt":"2021-11-03T21:00:00","guid":{"rendered":"https:\/\/agrund.com\/?p=221166"},"modified":"2021-11-03T19:25:33","modified_gmt":"2021-11-03T22:25:33","slug":"a-bolsa-de-palha-vai-para-todo-lugar","status":"publish","type":"post","link":"https:\/\/agrund.com\/index.php\/a-bolsa-de-palha-vai-para-todo-lugar\/","title":{"rendered":"A bolsa de palha vai para todo lugar?"},"content":{"rendered":"\n<p>Por Arlindo Grund<\/p>\n\n\n\n<p>A bolsa de palha \u00e9 considerada um item indispens\u00e1vel na praia, mas ser\u00e1 que ela pode ser usada fora da areia? Como a moda se apropria de materiais e cria\u00e7\u00f5es, a bolsa de palha ganhou novas propostas e pode, sim, fazer parte do seu look do dia.\u00a0<\/p>\n\n\n\n<p>Alexa Chung mostra que seu estilo retr\u00f4 rom\u00e2ntico tem tudo a ver com essa bolsa box. \u00c9 claro que se voc\u00ea \u00e9 uma advogada, por exemplo, e vai a uma audi\u00eancia, na minha concep\u00e7\u00e3o essa bolsa n\u00e3o cair\u00e1 muito bem! Agora inspire-se e v\u00e1 atr\u00e1s de um modelo que mais tem a ver com voc\u00ea.<\/p>\n\n\n\n<div class=\"wp-block-image\"><figure class=\"aligncenter size-full\"><img data-attachment-id=\"221167\" data-permalink=\"https:\/\/agrund.com\/index.php\/a-bolsa-de-palha-vai-para-todo-lugar\/agrund-bolsa-de-palha-7\/\" data-orig-file=\"https:\/\/i0.wp.com\/agrund.com\/wp-content\/uploads\/sites\/6\/2021\/11\/agrund-bolsa-de-palha.jpeg?fit=600%2C878&amp;ssl=1\" data-orig-size=\"600,878\" data-comments-opened=\"1\" data-image-meta=\"{&quot;aperture&quot;:&quot;0&quot;,&quot;credit&quot;:&quot;&quot;,&quot;camera&quot;:&quot;&quot;,&quot;caption&quot;:&quot;&quot;,&quot;created_timestamp&quot;:&quot;0&quot;,&quot;copyright&quot;:&quot;&quot;,&quot;focal_length&quot;:&quot;0&quot;,&quot;iso&quot;:&quot;0&quot;,&quot;shutter_speed&quot;:&quot;0&quot;,&quot;title&quot;:&quot;&quot;,&quot;orientation&quot;:&quot;1&quot;}\" data-image-title=\"agrund-bolsa-de-palha\" data-image-description=\"\" data-image-caption=\"\" data-medium-file=\"https:\/\/i0.wp.com\/agrund.com\/wp-content\/uploads\/sites\/6\/2021\/11\/agrund-bolsa-de-palha.jpeg?fit=205%2C300&amp;ssl=1\" data-large-file=\"https:\/\/i0.wp.com\/agrund.com\/wp-content\/uploads\/sites\/6\/2021\/11\/agrund-bolsa-de-palha.jpeg?fit=600%2C878&amp;ssl=1\" decoding=\"async\" loading=\"lazy\" width=\"600\" height=\"878\" src=\"https:\/\/i0.wp.com\/agrund.com\/wp-content\/uploads\/sites\/6\/2021\/11\/agrund-bolsa-de-palha.jpeg?resize=600%2C878&#038;ssl=1\" alt=\"\" class=\"wp-image-221167\" srcset=\"https:\/\/i0.wp.com\/agrund.com\/wp-content\/uploads\/sites\/6\/2021\/11\/agrund-bolsa-de-palha.jpeg?w=600&amp;ssl=1 600w, https:\/\/i0.wp.com\/agrund.com\/wp-content\/uploads\/sites\/6\/2021\/11\/agrund-bolsa-de-palha.jpeg?resize=205%2C300&amp;ssl=1 205w\" sizes=\"(max-width: 600px) 100vw, 600px\" data-recalc-dims=\"1\" \/><figcaption>A bolsa de palha vai para todo lugar?<\/figcaption><\/figure><\/div>\n\n\n\n<p>Top, shorts e bolsa de praia \u00e9 uniforme de praia certo? Errado! Olha que legal esse look. Aqui, o acess\u00f3rio ganhou elementos e ficou mais criativo. Cores s\u00e3o bem-vindas na sua produ\u00e7\u00e3o. O mais legal \u00e9 ver sapatilhas que tamb\u00e9m deixam o look descontra\u00eddo. Ent\u00e3o aposte na trinca, mas com um toque de sofistica\u00e7\u00e3o que pode ser na estampa, textura ou cores.<\/p>\n\n\n\n<div class=\"wp-block-image\"><figure class=\"aligncenter size-full\"><img data-attachment-id=\"221168\" data-permalink=\"https:\/\/agrund.com\/index.php\/a-bolsa-de-palha-vai-para-todo-lugar\/agrund-bolsa-de-palha-2-5\/\" data-orig-file=\"https:\/\/i0.wp.com\/agrund.com\/wp-content\/uploads\/sites\/6\/2021\/11\/agrund-bolsa-de-palha-2.jpeg?fit=600%2C932&amp;ssl=1\" data-orig-size=\"600,932\" data-comments-opened=\"1\" data-image-meta=\"{&quot;aperture&quot;:&quot;0&quot;,&quot;credit&quot;:&quot;\\u00a9 Splash&quot;,&quot;camera&quot;:&quot;&quot;,&quot;caption&quot;:&quot;&quot;,&quot;created_timestamp&quot;:&quot;0&quot;,&quot;copyright&quot;:&quot;&quot;,&quot;focal_length&quot;:&quot;0&quot;,&quot;iso&quot;:&quot;0&quot;,&quot;shutter_speed&quot;:&quot;0&quot;,&quot;title&quot;:&quot;&quot;,&quot;orientation&quot;:&quot;1&quot;}\" data-image-title=\"agrund-bolsa-de-palha-2\" data-image-description=\"\" data-image-caption=\"\" data-medium-file=\"https:\/\/i0.wp.com\/agrund.com\/wp-content\/uploads\/sites\/6\/2021\/11\/agrund-bolsa-de-palha-2.jpeg?fit=193%2C300&amp;ssl=1\" data-large-file=\"https:\/\/i0.wp.com\/agrund.com\/wp-content\/uploads\/sites\/6\/2021\/11\/agrund-bolsa-de-palha-2.jpeg?fit=600%2C932&amp;ssl=1\" decoding=\"async\" loading=\"lazy\" width=\"600\" height=\"932\" src=\"https:\/\/i0.wp.com\/agrund.com\/wp-content\/uploads\/sites\/6\/2021\/11\/agrund-bolsa-de-palha-2.jpeg?resize=600%2C932&#038;ssl=1\" alt=\"\" class=\"wp-image-221168\" srcset=\"https:\/\/i0.wp.com\/agrund.com\/wp-content\/uploads\/sites\/6\/2021\/11\/agrund-bolsa-de-palha-2.jpeg?w=600&amp;ssl=1 600w, https:\/\/i0.wp.com\/agrund.com\/wp-content\/uploads\/sites\/6\/2021\/11\/agrund-bolsa-de-palha-2.jpeg?resize=193%2C300&amp;ssl=1 193w\" sizes=\"(max-width: 600px) 100vw, 600px\" data-recalc-dims=\"1\" \/><figcaption>A bolsa de palha vai para todo lugar?<\/figcaption><\/figure><\/div>\n\n\n\n<p>Se voc\u00ea pretende levar sua bolsa de palha para o ambiente de trabalho, tenho algumas sugest\u00f5es. Primeira: o melhor dia para essa produ\u00e7\u00e3o \u00e9 a sexta-feira casual. Segunda: modelos mais estruturados ficam mais sofisticados e elegantes. E, por fim, voc\u00ea tem que ser organizada ou ter v\u00e1rias bolsinhas para guardar seus apetrechos. Gostei desse look porque a sensualidade est\u00e1 na medida e exemplifica o que estou falando.<\/p>\n\n\n\n<div class=\"wp-block-image\"><figure class=\"aligncenter size-full\"><img data-attachment-id=\"221169\" data-permalink=\"https:\/\/agrund.com\/index.php\/a-bolsa-de-palha-vai-para-todo-lugar\/agrund-bolsa-palha-3-5\/\" data-orig-file=\"https:\/\/i0.wp.com\/agrund.com\/wp-content\/uploads\/sites\/6\/2021\/11\/agrund-bolsa-palha-3.jpeg?fit=600%2C900&amp;ssl=1\" data-orig-size=\"600,900\" data-comments-opened=\"1\" data-image-meta=\"{&quot;aperture&quot;:&quot;0&quot;,&quot;credit&quot;:&quot;&quot;,&quot;camera&quot;:&quot;&quot;,&quot;caption&quot;:&quot;&quot;,&quot;created_timestamp&quot;:&quot;0&quot;,&quot;copyright&quot;:&quot;&quot;,&quot;focal_length&quot;:&quot;0&quot;,&quot;iso&quot;:&quot;0&quot;,&quot;shutter_speed&quot;:&quot;0&quot;,&quot;title&quot;:&quot;&quot;,&quot;orientation&quot;:&quot;1&quot;}\" data-image-title=\"agrund-bolsa-palha-3\" data-image-description=\"\" data-image-caption=\"\" data-medium-file=\"https:\/\/i0.wp.com\/agrund.com\/wp-content\/uploads\/sites\/6\/2021\/11\/agrund-bolsa-palha-3.jpeg?fit=200%2C300&amp;ssl=1\" data-large-file=\"https:\/\/i0.wp.com\/agrund.com\/wp-content\/uploads\/sites\/6\/2021\/11\/agrund-bolsa-palha-3.jpeg?fit=600%2C900&amp;ssl=1\" decoding=\"async\" loading=\"lazy\" width=\"600\" height=\"900\" src=\"https:\/\/i0.wp.com\/agrund.com\/wp-content\/uploads\/sites\/6\/2021\/11\/agrund-bolsa-palha-3.jpeg?resize=600%2C900&#038;ssl=1\" alt=\"\" class=\"wp-image-221169\" srcset=\"https:\/\/i0.wp.com\/agrund.com\/wp-content\/uploads\/sites\/6\/2021\/11\/agrund-bolsa-palha-3.jpeg?w=600&amp;ssl=1 600w, https:\/\/i0.wp.com\/agrund.com\/wp-content\/uploads\/sites\/6\/2021\/11\/agrund-bolsa-palha-3.jpeg?resize=200%2C300&amp;ssl=1 200w\" sizes=\"(max-width: 600px) 100vw, 600px\" data-recalc-dims=\"1\" \/><figcaption>A bolsa de palha vai para todo lugar?<\/figcaption><\/figure><\/div>\n\n\n\n<p>Depois que voc\u00eas estiver familiarizada com essa bolsa e as possibilidades que ela pode te oferecer, aqui vai a \u00faltima dica. Ouse, brinque! Misture os estilos como na imagem abaixo. A camisa &#8211; que pode ser de linho, seda ou at\u00e9 mesmo de jeans &#8211; \u00e9 usada com uma saia longa de seda e a bolsa de palha. Aqui, sapatilhas, oxfords e rasteiras caem melhor!<\/p>\n\n\n\n<div class=\"wp-block-image\"><figure class=\"aligncenter size-large\"><img data-attachment-id=\"221170\" data-permalink=\"https:\/\/agrund.com\/index.php\/a-bolsa-de-palha-vai-para-todo-lugar\/agrund-bolsa-de-palha-4-5\/\" data-orig-file=\"https:\/\/i0.wp.com\/agrund.com\/wp-content\/uploads\/sites\/6\/2021\/11\/agrund-bolsa-de-palha-4.jpeg?fit=600%2C1083&amp;ssl=1\" data-orig-size=\"600,1083\" data-comments-opened=\"1\" data-image-meta=\"{&quot;aperture&quot;:&quot;0&quot;,&quot;credit&quot;:&quot;&quot;,&quot;camera&quot;:&quot;&quot;,&quot;caption&quot;:&quot;&quot;,&quot;created_timestamp&quot;:&quot;0&quot;,&quot;copyright&quot;:&quot;&quot;,&quot;focal_length&quot;:&quot;0&quot;,&quot;iso&quot;:&quot;0&quot;,&quot;shutter_speed&quot;:&quot;0&quot;,&quot;title&quot;:&quot;&quot;,&quot;orientation&quot;:&quot;1&quot;}\" data-image-title=\"agrund-bolsa-de-palha-4\" data-image-description=\"\" data-image-caption=\"\" data-medium-file=\"https:\/\/i0.wp.com\/agrund.com\/wp-content\/uploads\/sites\/6\/2021\/11\/agrund-bolsa-de-palha-4.jpeg?fit=166%2C300&amp;ssl=1\" data-large-file=\"https:\/\/i0.wp.com\/agrund.com\/wp-content\/uploads\/sites\/6\/2021\/11\/agrund-bolsa-de-palha-4.jpeg?fit=567%2C1024&amp;ssl=1\" decoding=\"async\" loading=\"lazy\" width=\"567\" height=\"1024\" src=\"https:\/\/i0.wp.com\/agrund.com\/wp-content\/uploads\/sites\/6\/2021\/11\/agrund-bolsa-de-palha-4.jpeg?resize=567%2C1024&#038;ssl=1\" alt=\"\" class=\"wp-image-221170\" srcset=\"https:\/\/i0.wp.com\/agrund.com\/wp-content\/uploads\/sites\/6\/2021\/11\/agrund-bolsa-de-palha-4.jpeg?resize=567%2C1024&amp;ssl=1 567w, https:\/\/i0.wp.com\/agrund.com\/wp-content\/uploads\/sites\/6\/2021\/11\/agrund-bolsa-de-palha-4.jpeg?resize=166%2C300&amp;ssl=1 166w, https:\/\/i0.wp.com\/agrund.com\/wp-content\/uploads\/sites\/6\/2021\/11\/agrund-bolsa-de-palha-4.jpeg?w=600&amp;ssl=1 600w\" sizes=\"(max-width: 567px) 100vw, 567px\" data-recalc-dims=\"1\" \/><figcaption>A bolsa de palha vai para todo lugar?<\/figcaption><\/figure><\/div>\n\n\n\n<p>Fotos: Reprodu\u00e7\u00e3o. <\/p>\n","protected":false},"excerpt":{"rendered":"<p>Por Arlindo Grund A bolsa de palha \u00e9 considerada um item indispens\u00e1vel na praia, mas ser\u00e1 que ela pode ser usada fora da areia? Como a moda se apropria de materiais e cria\u00e7\u00f5es, a bolsa de palha ganhou novas propostas e pode, sim, fazer parte do seu look do dia.\u00a0 Alexa Chung mostra que seu [&hellip;]<\/p>\n","protected":false},"author":8,"featured_media":221171,"comment_status":"open","ping_status":"open","sticky":false,"template":"","format":"standard","meta":{"jetpack_post_was_ever_published":false,"_jetpack_newsletter_access":"","jetpack_publicize_message":"","jetpack_is_tweetstorm":false,"jetpack_publicize_feature_enabled":true,"jetpack_social_post_already_shared":true,"jetpack_social_options":{"image_generator_settings":{"template":"highway","enabled":false}}},"categories":[2],"tags":[395,349,348,438],"jetpack_publicize_connections":[],"jetpack_featured_media_url":"https:\/\/i0.wp.com\/agrund.com\/wp-content\/uploads\/sites\/6\/2021\/11\/s-1.jpg?fit=960%2C300&ssl=1","jetpack_sharing_enabled":true,"jetpack_shortlink":"https:\/\/wp.me\/p3Hz0n-Vxc","jetpack_likes_enabled":true,"_links":{"self":[{"href":"https:\/\/agrund.com\/index.php\/wp-json\/wp\/v2\/posts\/221166"}],"collection":[{"href":"https:\/\/agrund.com\/index.php\/wp-json\/wp\/v2\/posts"}],"about":[{"href":"https:\/\/agrund.com\/index.php\/wp-json\/wp\/v2\/types\/post"}],"author":[{"embeddable":true,"href":"https:\/\/agrund.com\/index.php\/wp-json\/wp\/v2\/users\/8"}],"replies":[{"embeddable":true,"href":"https:\/\/agrund.com\/index.php\/wp-json\/wp\/v2\/comments?post=221166"}],"version-history":[{"count":1,"href":"https:\/\/agrund.com\/index.php\/wp-json\/wp\/v2\/posts\/221166\/revisions"}],"predecessor-version":[{"id":221172,"href":"https:\/\/agrund.com\/index.php\/wp-json\/wp\/v2\/posts\/221166\/revisions\/221172"}],"wp:featuredmedia":[{"embeddable":true,"href":"https:\/\/agrund.com\/index.php\/wp-json\/wp\/v2\/media\/221171"}],"wp:attachment":[{"href":"https:\/\/agrund.com\/index.php\/wp-json\/wp\/v2\/media?parent=221166"}],"wp:term":[{"taxonomy":"category","embeddable":true,"href":"https:\/\/agrund.com\/index.php\/wp-json\/wp\/v2\/categories?post=221166"},{"taxonomy":"post_tag","embeddable":true,"href":"https:\/\/agrund.com\/index.php\/wp-json\/wp\/v2\/tags?post=221166"}],"curies":[{"name":"wp","href":"https:\/\/api.w.org\/{rel}","templated":true}]}}