{"id":221161,"date":"2021-11-03T13:00:00","date_gmt":"2021-11-03T16:00:00","guid":{"rendered":"https:\/\/agrund.com\/?p=221161"},"modified":"2021-11-03T16:45:58","modified_gmt":"2021-11-03T19:45:58","slug":"cara-delevingne-assina-parceria-com-a-marca-karl-lagerfeld","status":"publish","type":"post","link":"https:\/\/agrund.com\/index.php\/cara-delevingne-assina-parceria-com-a-marca-karl-lagerfeld\/","title":{"rendered":"Cara Delevingne assina parceria com a marca Karl Lagerfeld"},"content":{"rendered":"\n<p>A Karl Lagerfeld anunciou que lan\u00e7ar\u00e1 uma cole\u00e7\u00e3o em parceria com Cara Delevingne.&nbsp;<br>Intitulada &#8216;Cara Loves Karl Loves Cara&#8217;, a collab ser\u00e1 inspirada na amizade entre a modelo e o designer, e contar\u00e1 com pe\u00e7as inclusivas e sem g\u00eanero, al\u00e9m de priorizar materiais sustent\u00e1veis.&nbsp;<\/p>\n\n\n\n<p>\u201cEle acreditou em mim quando tantos outros n\u00e3o, inclusive eu. Ele era um vision\u00e1rio, um g\u00eanio, mas mais do que isso, um querido amigo. Uma das maiores li\u00e7\u00f5es que aprendi com Karl foi ser eu mesma. Para confiar em meus instintos. Para n\u00e3o se conformar. Ouvir isso dele mudou o curso da minha vida\u201d, revelou Cara.&nbsp;<\/p>\n\n\n\n<p>De acordo com a marca, Lagerfeld certa vez descreveu Delevingne como \u201co Charlie Chaplin do mundo da moda. Ela \u00e9 uma esp\u00e9cie de g\u00eanio, como um personagem de um filme mudo\u201d.<\/p>\n\n\n\n<p>O que ser\u00e1 que vem por a\u00ed? O lan\u00e7amento da cole\u00e7\u00e3o est\u00e1 previsto para setembro de 2022.\u00a0<\/p>\n\n\n\n<div class=\"wp-block-image\"><figure class=\"aligncenter size-full\"><img data-attachment-id=\"221163\" data-permalink=\"https:\/\/agrund.com\/index.php\/cara-delevingne-assina-parceria-com-a-marca-karl-lagerfeld\/agrund-cara-delevingne-karl-lagerfeld\/\" data-orig-file=\"https:\/\/i0.wp.com\/agrund.com\/wp-content\/uploads\/sites\/6\/2021\/11\/agrund-cara-delevingne-karl-lagerfeld.jpeg?fit=600%2C819&amp;ssl=1\" data-orig-size=\"600,819\" data-comments-opened=\"1\" data-image-meta=\"{&quot;aperture&quot;:&quot;0&quot;,&quot;credit&quot;:&quot;&quot;,&quot;camera&quot;:&quot;&quot;,&quot;caption&quot;:&quot;&quot;,&quot;created_timestamp&quot;:&quot;0&quot;,&quot;copyright&quot;:&quot;&quot;,&quot;focal_length&quot;:&quot;0&quot;,&quot;iso&quot;:&quot;0&quot;,&quot;shutter_speed&quot;:&quot;0&quot;,&quot;title&quot;:&quot;&quot;,&quot;orientation&quot;:&quot;1&quot;}\" data-image-title=\"agrund-cara-delevingne-karl-lagerfeld\" data-image-description=\"\" data-image-caption=\"\" data-medium-file=\"https:\/\/i0.wp.com\/agrund.com\/wp-content\/uploads\/sites\/6\/2021\/11\/agrund-cara-delevingne-karl-lagerfeld.jpeg?fit=220%2C300&amp;ssl=1\" data-large-file=\"https:\/\/i0.wp.com\/agrund.com\/wp-content\/uploads\/sites\/6\/2021\/11\/agrund-cara-delevingne-karl-lagerfeld.jpeg?fit=600%2C819&amp;ssl=1\" decoding=\"async\" loading=\"lazy\" width=\"600\" height=\"819\" src=\"https:\/\/i0.wp.com\/agrund.com\/wp-content\/uploads\/sites\/6\/2021\/11\/agrund-cara-delevingne-karl-lagerfeld.jpeg?resize=600%2C819&#038;ssl=1\" alt=\"\" class=\"wp-image-221163\" srcset=\"https:\/\/i0.wp.com\/agrund.com\/wp-content\/uploads\/sites\/6\/2021\/11\/agrund-cara-delevingne-karl-lagerfeld.jpeg?w=600&amp;ssl=1 600w, https:\/\/i0.wp.com\/agrund.com\/wp-content\/uploads\/sites\/6\/2021\/11\/agrund-cara-delevingne-karl-lagerfeld.jpeg?resize=220%2C300&amp;ssl=1 220w\" sizes=\"(max-width: 600px) 100vw, 600px\" data-recalc-dims=\"1\" \/><figcaption>Cara Delevingne assina parceria com a marca Karl Lagerfeld<\/figcaption><\/figure><\/div>\n\n\n\n<p>Foto: Reprodu\u00e7\u00e3o. <\/p>\n","protected":false},"excerpt":{"rendered":"<p>A Karl Lagerfeld anunciou que lan\u00e7ar\u00e1 uma cole\u00e7\u00e3o em parceria com Cara Delevingne.&nbsp;Intitulada &#8216;Cara Loves Karl Loves Cara&#8217;, a collab ser\u00e1 inspirada na amizade entre a modelo e o designer, e contar\u00e1 com pe\u00e7as inclusivas e sem g\u00eanero, al\u00e9m de priorizar materiais sustent\u00e1veis.&nbsp; \u201cEle acreditou em mim quando tantos outros n\u00e3o, inclusive eu. Ele era [&hellip;]<\/p>\n","protected":false},"author":8,"featured_media":221164,"comment_status":"open","ping_status":"open","sticky":false,"template":"","format":"standard","meta":{"jetpack_post_was_ever_published":false,"_jetpack_newsletter_access":"","jetpack_publicize_message":"","jetpack_is_tweetstorm":false,"jetpack_publicize_feature_enabled":true,"jetpack_social_post_already_shared":true,"jetpack_social_options":{"image_generator_settings":{"template":"highway","enabled":false}}},"categories":[2],"tags":[395,375,677,57,365],"jetpack_publicize_connections":[],"jetpack_featured_media_url":"https:\/\/i0.wp.com\/agrund.com\/wp-content\/uploads\/sites\/6\/2021\/11\/s.jpg?fit=960%2C300&ssl=1","jetpack_sharing_enabled":true,"jetpack_shortlink":"https:\/\/wp.me\/p3Hz0n-Vx7","jetpack_likes_enabled":true,"_links":{"self":[{"href":"https:\/\/agrund.com\/index.php\/wp-json\/wp\/v2\/posts\/221161"}],"collection":[{"href":"https:\/\/agrund.com\/index.php\/wp-json\/wp\/v2\/posts"}],"about":[{"href":"https:\/\/agrund.com\/index.php\/wp-json\/wp\/v2\/types\/post"}],"author":[{"embeddable":true,"href":"https:\/\/agrund.com\/index.php\/wp-json\/wp\/v2\/users\/8"}],"replies":[{"embeddable":true,"href":"https:\/\/agrund.com\/index.php\/wp-json\/wp\/v2\/comments?post=221161"}],"version-history":[{"count":2,"href":"https:\/\/agrund.com\/index.php\/wp-json\/wp\/v2\/posts\/221161\/revisions"}],"predecessor-version":[{"id":221165,"href":"https:\/\/agrund.com\/index.php\/wp-json\/wp\/v2\/posts\/221161\/revisions\/221165"}],"wp:featuredmedia":[{"embeddable":true,"href":"https:\/\/agrund.com\/index.php\/wp-json\/wp\/v2\/media\/221164"}],"wp:attachment":[{"href":"https:\/\/agrund.com\/index.php\/wp-json\/wp\/v2\/media?parent=221161"}],"wp:term":[{"taxonomy":"category","embeddable":true,"href":"https:\/\/agrund.com\/index.php\/wp-json\/wp\/v2\/categories?post=221161"},{"taxonomy":"post_tag","embeddable":true,"href":"https:\/\/agrund.com\/index.php\/wp-json\/wp\/v2\/tags?post=221161"}],"curies":[{"name":"wp","href":"https:\/\/api.w.org\/{rel}","templated":true}]}}