{"id":221145,"date":"2021-10-29T13:00:00","date_gmt":"2021-10-29T16:00:00","guid":{"rendered":"https:\/\/agrund.com\/?p=221145"},"modified":"2021-10-29T13:25:22","modified_gmt":"2021-10-29T16:25:22","slug":"sao-paulo-fashion-week-anuncia-detalhes-da-edicao-n52","status":"publish","type":"post","link":"https:\/\/agrund.com\/index.php\/sao-paulo-fashion-week-anuncia-detalhes-da-edicao-n52\/","title":{"rendered":"S\u00e3o Paulo Fashion Week anuncia detalhes da edi\u00e7\u00e3o N52"},"content":{"rendered":"\n<p>Depois de duas edi\u00e7\u00f5es 100% digitais, a SPFW anunciou que voltar\u00e1 a realizar desfiles presenciais.\u00a0<br>Com uma proposta h\u00edbrida, o evento ser\u00e1 realizado entre os dias 17 e 20 de novembro, no Pavilh\u00e3o das Culturas Brasileiras, no Parque do Ibiraquera, e todas as apresenta\u00e7\u00f5es ser\u00e3o transmitidas pelas redes da SPFW.\u00a0<\/p>\n\n\n\n<p>Ser\u00e3o 48 desfiles, sendo 23 digitais, com direito a sete marcas estreantes: Bispo dos Anjos, Bold Strap, Corcel, Depedro, Fauve, Mminis e Von Trapp.\u00a0<\/p>\n\n\n\n<p>O retorno presencial ser\u00e1 feito de acordo com todos os cuidados e protocolos exigidos em decorr\u00eancia da Covid-19.\u00a0<\/p>\n\n\n\n<div class=\"wp-block-image\"><figure class=\"aligncenter size-full\"><img data-attachment-id=\"221146\" data-permalink=\"https:\/\/agrund.com\/index.php\/sao-paulo-fashion-week-anuncia-detalhes-da-edicao-n52\/agrund-spfw-n52-regeneracao\/\" data-orig-file=\"https:\/\/i0.wp.com\/agrund.com\/wp-content\/uploads\/sites\/6\/2021\/10\/agrund-spfw-n52-regeneracao.jpeg?fit=600%2C848&amp;ssl=1\" data-orig-size=\"600,848\" data-comments-opened=\"1\" data-image-meta=\"{&quot;aperture&quot;:&quot;0&quot;,&quot;credit&quot;:&quot;&quot;,&quot;camera&quot;:&quot;&quot;,&quot;caption&quot;:&quot;&quot;,&quot;created_timestamp&quot;:&quot;0&quot;,&quot;copyright&quot;:&quot;&quot;,&quot;focal_length&quot;:&quot;0&quot;,&quot;iso&quot;:&quot;0&quot;,&quot;shutter_speed&quot;:&quot;0&quot;,&quot;title&quot;:&quot;&quot;,&quot;orientation&quot;:&quot;1&quot;}\" data-image-title=\"agrund-spfw-n52-regeneracao\" data-image-description=\"\" data-image-caption=\"\" data-medium-file=\"https:\/\/i0.wp.com\/agrund.com\/wp-content\/uploads\/sites\/6\/2021\/10\/agrund-spfw-n52-regeneracao.jpeg?fit=212%2C300&amp;ssl=1\" data-large-file=\"https:\/\/i0.wp.com\/agrund.com\/wp-content\/uploads\/sites\/6\/2021\/10\/agrund-spfw-n52-regeneracao.jpeg?fit=600%2C848&amp;ssl=1\" decoding=\"async\" loading=\"lazy\" width=\"600\" height=\"848\" src=\"https:\/\/i0.wp.com\/agrund.com\/wp-content\/uploads\/sites\/6\/2021\/10\/agrund-spfw-n52-regeneracao.jpeg?resize=600%2C848&#038;ssl=1\" alt=\"\" class=\"wp-image-221146\" srcset=\"https:\/\/i0.wp.com\/agrund.com\/wp-content\/uploads\/sites\/6\/2021\/10\/agrund-spfw-n52-regeneracao.jpeg?w=600&amp;ssl=1 600w, https:\/\/i0.wp.com\/agrund.com\/wp-content\/uploads\/sites\/6\/2021\/10\/agrund-spfw-n52-regeneracao.jpeg?resize=212%2C300&amp;ssl=1 212w\" sizes=\"(max-width: 600px) 100vw, 600px\" data-recalc-dims=\"1\" \/><figcaption>S\u00e3o Paulo Fashion Week anuncia detalhes da edi\u00e7\u00e3o N52<\/figcaption><\/figure><\/div>\n\n\n\n<p>Foto: Divulga\u00e7\u00e3o\/ SPFW.<\/p>\n","protected":false},"excerpt":{"rendered":"<p>Depois de duas edi\u00e7\u00f5es 100% digitais, a SPFW anunciou que voltar\u00e1 a realizar desfiles presenciais.\u00a0Com uma proposta h\u00edbrida, o evento ser\u00e1 realizado entre os dias 17 e 20 de novembro, no Pavilh\u00e3o das Culturas Brasileiras, no Parque do Ibiraquera, e todas as apresenta\u00e7\u00f5es ser\u00e3o transmitidas pelas redes da SPFW.\u00a0 Ser\u00e3o 48 desfiles, sendo 23 digitais, [&hellip;]<\/p>\n","protected":false},"author":8,"featured_media":221147,"comment_status":"open","ping_status":"open","sticky":false,"template":"","format":"standard","meta":{"jetpack_post_was_ever_published":false,"_jetpack_newsletter_access":"","jetpack_publicize_message":"","jetpack_is_tweetstorm":false,"jetpack_publicize_feature_enabled":true,"jetpack_social_post_already_shared":true,"jetpack_social_options":{"image_generator_settings":{"template":"highway","enabled":false}}},"categories":[2],"tags":[395,375,309,423,347,2835,140],"jetpack_publicize_connections":[],"jetpack_featured_media_url":"https:\/\/i0.wp.com\/agrund.com\/wp-content\/uploads\/sites\/6\/2021\/10\/s-40.jpg?fit=960%2C300&ssl=1","jetpack_sharing_enabled":true,"jetpack_shortlink":"https:\/\/wp.me\/p3Hz0n-VwR","jetpack_likes_enabled":true,"_links":{"self":[{"href":"https:\/\/agrund.com\/index.php\/wp-json\/wp\/v2\/posts\/221145"}],"collection":[{"href":"https:\/\/agrund.com\/index.php\/wp-json\/wp\/v2\/posts"}],"about":[{"href":"https:\/\/agrund.com\/index.php\/wp-json\/wp\/v2\/types\/post"}],"author":[{"embeddable":true,"href":"https:\/\/agrund.com\/index.php\/wp-json\/wp\/v2\/users\/8"}],"replies":[{"embeddable":true,"href":"https:\/\/agrund.com\/index.php\/wp-json\/wp\/v2\/comments?post=221145"}],"version-history":[{"count":1,"href":"https:\/\/agrund.com\/index.php\/wp-json\/wp\/v2\/posts\/221145\/revisions"}],"predecessor-version":[{"id":221148,"href":"https:\/\/agrund.com\/index.php\/wp-json\/wp\/v2\/posts\/221145\/revisions\/221148"}],"wp:featuredmedia":[{"embeddable":true,"href":"https:\/\/agrund.com\/index.php\/wp-json\/wp\/v2\/media\/221147"}],"wp:attachment":[{"href":"https:\/\/agrund.com\/index.php\/wp-json\/wp\/v2\/media?parent=221145"}],"wp:term":[{"taxonomy":"category","embeddable":true,"href":"https:\/\/agrund.com\/index.php\/wp-json\/wp\/v2\/categories?post=221145"},{"taxonomy":"post_tag","embeddable":true,"href":"https:\/\/agrund.com\/index.php\/wp-json\/wp\/v2\/tags?post=221145"}],"curies":[{"name":"wp","href":"https:\/\/api.w.org\/{rel}","templated":true}]}}