{"id":221124,"date":"2021-10-27T18:00:00","date_gmt":"2021-10-27T21:00:00","guid":{"rendered":"https:\/\/agrund.com\/?p=221124"},"modified":"2021-10-27T19:11:08","modified_gmt":"2021-10-27T22:11:08","slug":"04-mixes-de-estampas-com-preto-e-branco","status":"publish","type":"post","link":"https:\/\/agrund.com\/index.php\/04-mixes-de-estampas-com-preto-e-branco\/","title":{"rendered":"04 mixes de estampas com preto e branco"},"content":{"rendered":"\n<p>Por Arlindo Grund&nbsp;<\/p>\n\n\n\n<p>A mistura de preto e branco sempre resultou em look ou composi\u00e7\u00e3o cl\u00e1ssica. Mas ser\u00e1 mesmo?<br>Quero mostrar algumas composi\u00e7\u00f5es que podem inspirar voc\u00eas. E a primeira delas vem da tradicional padronagem de listras com a estampa de arabescos.&nbsp;<\/p>\n\n\n\n<p>A cartela de cores traz uma unidade ao visual e, ao mesmo tempo, deixa a produ\u00e7\u00e3o mais moderna. Nas pe\u00e7as mais cl\u00e1ssicas, essa composi\u00e7\u00e3o vai at\u00e9 o ambiente de trabalho, mas s\u00f3 fa\u00e7a se gostar de ousar!<\/p>\n\n\n\n<div class=\"wp-block-image\"><figure class=\"aligncenter size-full\"><img data-attachment-id=\"221125\" data-permalink=\"https:\/\/agrund.com\/index.php\/04-mixes-de-estampas-com-preto-e-branco\/agrund-estampas-peb-6\/\" data-orig-file=\"https:\/\/i0.wp.com\/agrund.com\/wp-content\/uploads\/sites\/6\/2021\/10\/agrund-estampas-peb.jpeg?fit=600%2C900&amp;ssl=1\" data-orig-size=\"600,900\" data-comments-opened=\"1\" data-image-meta=\"{&quot;aperture&quot;:&quot;0&quot;,&quot;credit&quot;:&quot;&quot;,&quot;camera&quot;:&quot;&quot;,&quot;caption&quot;:&quot;&quot;,&quot;created_timestamp&quot;:&quot;0&quot;,&quot;copyright&quot;:&quot;&quot;,&quot;focal_length&quot;:&quot;0&quot;,&quot;iso&quot;:&quot;0&quot;,&quot;shutter_speed&quot;:&quot;0&quot;,&quot;title&quot;:&quot;&quot;,&quot;orientation&quot;:&quot;0&quot;}\" data-image-title=\"agrund-estampas-peb\" data-image-description=\"\" data-image-caption=\"\" data-medium-file=\"https:\/\/i0.wp.com\/agrund.com\/wp-content\/uploads\/sites\/6\/2021\/10\/agrund-estampas-peb.jpeg?fit=200%2C300&amp;ssl=1\" data-large-file=\"https:\/\/i0.wp.com\/agrund.com\/wp-content\/uploads\/sites\/6\/2021\/10\/agrund-estampas-peb.jpeg?fit=600%2C900&amp;ssl=1\" decoding=\"async\" loading=\"lazy\" width=\"600\" height=\"900\" src=\"https:\/\/i0.wp.com\/agrund.com\/wp-content\/uploads\/sites\/6\/2021\/10\/agrund-estampas-peb.jpeg?resize=600%2C900&#038;ssl=1\" alt=\"\" class=\"wp-image-221125\" srcset=\"https:\/\/i0.wp.com\/agrund.com\/wp-content\/uploads\/sites\/6\/2021\/10\/agrund-estampas-peb.jpeg?w=600&amp;ssl=1 600w, https:\/\/i0.wp.com\/agrund.com\/wp-content\/uploads\/sites\/6\/2021\/10\/agrund-estampas-peb.jpeg?resize=200%2C300&amp;ssl=1 200w\" sizes=\"(max-width: 600px) 100vw, 600px\" data-recalc-dims=\"1\" \/><figcaption>04 mixes de estampas com preto e branco<\/figcaption><\/figure><\/div>\n\n\n\n<p>O po\u00e1 &#8211; ou estampa de bolinhas &#8211; sempre traz personalidade ao visual. O que mais gosto \u00e9 fazer misturas interessantes e inusitadas. Compor pe\u00e7as com po\u00e1s em tamanhos diferentes faz da sua roupa quase um brinquedo. Isso mesmo! Experimente, inove, saia da sua zona de conforto e busque imprimir estilo nas suas escolhas.<\/p>\n\n\n\n<div class=\"wp-block-image\"><figure class=\"aligncenter size-full\"><img data-attachment-id=\"221126\" data-permalink=\"https:\/\/agrund.com\/index.php\/04-mixes-de-estampas-com-preto-e-branco\/agrund-estampa-pb\/\" data-orig-file=\"https:\/\/i0.wp.com\/agrund.com\/wp-content\/uploads\/sites\/6\/2021\/10\/agrund-estampa-pb.jpeg?fit=600%2C750&amp;ssl=1\" data-orig-size=\"600,750\" data-comments-opened=\"1\" data-image-meta=\"{&quot;aperture&quot;:&quot;0&quot;,&quot;credit&quot;:&quot;&quot;,&quot;camera&quot;:&quot;&quot;,&quot;caption&quot;:&quot;&quot;,&quot;created_timestamp&quot;:&quot;0&quot;,&quot;copyright&quot;:&quot;&quot;,&quot;focal_length&quot;:&quot;0&quot;,&quot;iso&quot;:&quot;0&quot;,&quot;shutter_speed&quot;:&quot;0&quot;,&quot;title&quot;:&quot;&quot;,&quot;orientation&quot;:&quot;1&quot;}\" data-image-title=\"agrund-estampa-pb\" data-image-description=\"\" data-image-caption=\"\" data-medium-file=\"https:\/\/i0.wp.com\/agrund.com\/wp-content\/uploads\/sites\/6\/2021\/10\/agrund-estampa-pb.jpeg?fit=240%2C300&amp;ssl=1\" data-large-file=\"https:\/\/i0.wp.com\/agrund.com\/wp-content\/uploads\/sites\/6\/2021\/10\/agrund-estampa-pb.jpeg?fit=600%2C750&amp;ssl=1\" decoding=\"async\" loading=\"lazy\" width=\"600\" height=\"750\" src=\"https:\/\/i0.wp.com\/agrund.com\/wp-content\/uploads\/sites\/6\/2021\/10\/agrund-estampa-pb.jpeg?resize=600%2C750&#038;ssl=1\" alt=\"\" class=\"wp-image-221126\" srcset=\"https:\/\/i0.wp.com\/agrund.com\/wp-content\/uploads\/sites\/6\/2021\/10\/agrund-estampa-pb.jpeg?w=600&amp;ssl=1 600w, https:\/\/i0.wp.com\/agrund.com\/wp-content\/uploads\/sites\/6\/2021\/10\/agrund-estampa-pb.jpeg?resize=240%2C300&amp;ssl=1 240w\" sizes=\"(max-width: 600px) 100vw, 600px\" data-recalc-dims=\"1\" \/><figcaption>04 mixes de estampas com preto e branco<\/figcaption><\/figure><\/div>\n\n\n\n<p>Uma mistura que j\u00e1 est\u00e1 a um passo do cl\u00e1ssico: listras com po\u00e1. Eu adoro essa dupla, porque deixa seu look descontra\u00eddo e bem atual. O mais incr\u00edvel \u00e9 que voc\u00ea pode tentar a composi\u00e7\u00e3o em looks casuais e nos mais sofisticados tamb\u00e9m. S\u00f3 atente-se a voc\u00ea mesma! Nada de inseguran\u00e7a. Aqui, a produ\u00e7\u00e3o pede for\u00e7a e decis\u00e3o. Nada de sair na rua e ficar se questionando.<\/p>\n\n\n\n<div class=\"wp-block-image\"><figure class=\"aligncenter size-full\"><img data-attachment-id=\"221130\" data-permalink=\"https:\/\/agrund.com\/index.php\/04-mixes-de-estampas-com-preto-e-branco\/agrund-estampa-pb-5\/\" data-orig-file=\"https:\/\/i0.wp.com\/agrund.com\/wp-content\/uploads\/sites\/6\/2021\/10\/agrund-estampa-pb-5.jpeg?fit=600%2C962&amp;ssl=1\" data-orig-size=\"600,962\" data-comments-opened=\"1\" data-image-meta=\"{&quot;aperture&quot;:&quot;0&quot;,&quot;credit&quot;:&quot;&quot;,&quot;camera&quot;:&quot;&quot;,&quot;caption&quot;:&quot;&quot;,&quot;created_timestamp&quot;:&quot;0&quot;,&quot;copyright&quot;:&quot;&quot;,&quot;focal_length&quot;:&quot;0&quot;,&quot;iso&quot;:&quot;0&quot;,&quot;shutter_speed&quot;:&quot;0&quot;,&quot;title&quot;:&quot;&quot;,&quot;orientation&quot;:&quot;1&quot;}\" data-image-title=\"agrund-estampa-pb-5\" data-image-description=\"\" data-image-caption=\"\" data-medium-file=\"https:\/\/i0.wp.com\/agrund.com\/wp-content\/uploads\/sites\/6\/2021\/10\/agrund-estampa-pb-5.jpeg?fit=187%2C300&amp;ssl=1\" data-large-file=\"https:\/\/i0.wp.com\/agrund.com\/wp-content\/uploads\/sites\/6\/2021\/10\/agrund-estampa-pb-5.jpeg?fit=600%2C962&amp;ssl=1\" decoding=\"async\" loading=\"lazy\" width=\"600\" height=\"962\" src=\"https:\/\/i0.wp.com\/agrund.com\/wp-content\/uploads\/sites\/6\/2021\/10\/agrund-estampa-pb-5.jpeg?resize=600%2C962&#038;ssl=1\" alt=\"\" class=\"wp-image-221130\" srcset=\"https:\/\/i0.wp.com\/agrund.com\/wp-content\/uploads\/sites\/6\/2021\/10\/agrund-estampa-pb-5.jpeg?w=600&amp;ssl=1 600w, https:\/\/i0.wp.com\/agrund.com\/wp-content\/uploads\/sites\/6\/2021\/10\/agrund-estampa-pb-5.jpeg?resize=187%2C300&amp;ssl=1 187w\" sizes=\"(max-width: 600px) 100vw, 600px\" data-recalc-dims=\"1\" \/><figcaption>04 mixes de estampas com preto e branco<\/figcaption><\/figure><\/div>\n\n\n\n<p>Na \u00faltima dica, a geometria norteia a mistura das cores. Preste aten\u00e7\u00e3o que as estampas ou texturas s\u00e3o o inverso. O resultado \u00e9 muito interessante e n\u00e3o choca. Por\u00e9m, o que chama aten\u00e7\u00e3o \u00e9 a jaqueta esportiva, que trouxe mais modernidade \u00e0 produ\u00e7\u00e3o. Os comprimentos tamb\u00e9m ajudam a deixar o visual contempor\u00e2neo e criativo.&nbsp;<\/p>\n\n\n\n<p>Agora \u00e9 olhar para seu guarda-roupa e tentar fazer sua produ\u00e7\u00e3o.<\/p>\n\n\n\n<div class=\"wp-block-image\"><figure class=\"aligncenter size-full\"><img data-attachment-id=\"221129\" data-permalink=\"https:\/\/agrund.com\/index.php\/04-mixes-de-estampas-com-preto-e-branco\/agrund-estampa-pb-4-6\/\" data-orig-file=\"https:\/\/i0.wp.com\/agrund.com\/wp-content\/uploads\/sites\/6\/2021\/10\/agrund-estampa-pb-4.jpeg?fit=600%2C900&amp;ssl=1\" data-orig-size=\"600,900\" data-comments-opened=\"1\" data-image-meta=\"{&quot;aperture&quot;:&quot;0&quot;,&quot;credit&quot;:&quot;&quot;,&quot;camera&quot;:&quot;&quot;,&quot;caption&quot;:&quot;&quot;,&quot;created_timestamp&quot;:&quot;0&quot;,&quot;copyright&quot;:&quot;&quot;,&quot;focal_length&quot;:&quot;0&quot;,&quot;iso&quot;:&quot;0&quot;,&quot;shutter_speed&quot;:&quot;0&quot;,&quot;title&quot;:&quot;&quot;,&quot;orientation&quot;:&quot;1&quot;}\" data-image-title=\"agrund-estampa-pb-4\" data-image-description=\"\" data-image-caption=\"\" data-medium-file=\"https:\/\/i0.wp.com\/agrund.com\/wp-content\/uploads\/sites\/6\/2021\/10\/agrund-estampa-pb-4.jpeg?fit=200%2C300&amp;ssl=1\" data-large-file=\"https:\/\/i0.wp.com\/agrund.com\/wp-content\/uploads\/sites\/6\/2021\/10\/agrund-estampa-pb-4.jpeg?fit=600%2C900&amp;ssl=1\" decoding=\"async\" loading=\"lazy\" width=\"600\" height=\"900\" src=\"https:\/\/i0.wp.com\/agrund.com\/wp-content\/uploads\/sites\/6\/2021\/10\/agrund-estampa-pb-4.jpeg?resize=600%2C900&#038;ssl=1\" alt=\"\" class=\"wp-image-221129\" srcset=\"https:\/\/i0.wp.com\/agrund.com\/wp-content\/uploads\/sites\/6\/2021\/10\/agrund-estampa-pb-4.jpeg?w=600&amp;ssl=1 600w, https:\/\/i0.wp.com\/agrund.com\/wp-content\/uploads\/sites\/6\/2021\/10\/agrund-estampa-pb-4.jpeg?resize=200%2C300&amp;ssl=1 200w\" sizes=\"(max-width: 600px) 100vw, 600px\" data-recalc-dims=\"1\" \/><figcaption>04 mixes de estampas com preto e branco<\/figcaption><\/figure><\/div>\n\n\n\n<p>Fotos: Reprodu\u00e7\u00e3o. <\/p>\n","protected":false},"excerpt":{"rendered":"<p>Por Arlindo Grund&nbsp; A mistura de preto e branco sempre resultou em look ou composi\u00e7\u00e3o cl\u00e1ssica. Mas ser\u00e1 mesmo?Quero mostrar algumas composi\u00e7\u00f5es que podem inspirar voc\u00eas. E a primeira delas vem da tradicional padronagem de listras com a estampa de arabescos.&nbsp; A cartela de cores traz uma unidade ao visual e, ao mesmo tempo, deixa [&hellip;]<\/p>\n","protected":false},"author":8,"featured_media":221131,"comment_status":"open","ping_status":"open","sticky":false,"template":"","format":"standard","meta":{"jetpack_post_was_ever_published":false,"_jetpack_newsletter_access":"","jetpack_publicize_message":"","jetpack_is_tweetstorm":false,"jetpack_publicize_feature_enabled":true,"jetpack_social_post_already_shared":true,"jetpack_social_options":{"image_generator_settings":{"template":"highway","enabled":false}}},"categories":[2],"tags":[395,375,3069,3067,799,800,1199,798],"jetpack_publicize_connections":[],"jetpack_featured_media_url":"https:\/\/i0.wp.com\/agrund.com\/wp-content\/uploads\/sites\/6\/2021\/10\/s-37.jpg?fit=960%2C300&ssl=1","jetpack_sharing_enabled":true,"jetpack_shortlink":"https:\/\/wp.me\/p3Hz0n-Vww","jetpack_likes_enabled":true,"_links":{"self":[{"href":"https:\/\/agrund.com\/index.php\/wp-json\/wp\/v2\/posts\/221124"}],"collection":[{"href":"https:\/\/agrund.com\/index.php\/wp-json\/wp\/v2\/posts"}],"about":[{"href":"https:\/\/agrund.com\/index.php\/wp-json\/wp\/v2\/types\/post"}],"author":[{"embeddable":true,"href":"https:\/\/agrund.com\/index.php\/wp-json\/wp\/v2\/users\/8"}],"replies":[{"embeddable":true,"href":"https:\/\/agrund.com\/index.php\/wp-json\/wp\/v2\/comments?post=221124"}],"version-history":[{"count":2,"href":"https:\/\/agrund.com\/index.php\/wp-json\/wp\/v2\/posts\/221124\/revisions"}],"predecessor-version":[{"id":221132,"href":"https:\/\/agrund.com\/index.php\/wp-json\/wp\/v2\/posts\/221124\/revisions\/221132"}],"wp:featuredmedia":[{"embeddable":true,"href":"https:\/\/agrund.com\/index.php\/wp-json\/wp\/v2\/media\/221131"}],"wp:attachment":[{"href":"https:\/\/agrund.com\/index.php\/wp-json\/wp\/v2\/media?parent=221124"}],"wp:term":[{"taxonomy":"category","embeddable":true,"href":"https:\/\/agrund.com\/index.php\/wp-json\/wp\/v2\/categories?post=221124"},{"taxonomy":"post_tag","embeddable":true,"href":"https:\/\/agrund.com\/index.php\/wp-json\/wp\/v2\/tags?post=221124"}],"curies":[{"name":"wp","href":"https:\/\/api.w.org\/{rel}","templated":true}]}}