{"id":221087,"date":"2021-10-25T12:00:00","date_gmt":"2021-10-25T15:00:00","guid":{"rendered":"https:\/\/agrund.com\/?p=221087"},"modified":"2021-10-25T14:13:45","modified_gmt":"2021-10-25T17:13:45","slug":"kim-kardashian-confirma-parceria-com-a-fendi","status":"publish","type":"post","link":"https:\/\/agrund.com\/index.php\/kim-kardashian-confirma-parceria-com-a-fendi\/","title":{"rendered":"Kim Kardashian confirma parceria com a Fendi"},"content":{"rendered":"\n<p>Depois de alguns rumores, Kim Kardashian finalmente acabou com a curiosidade de todos ao confirmar que a Fendi x Skims \u00e9 real!<\/p>\n\n\n\n<p>Em seu Instagram, a empres\u00e1ria anunciou que se uniu a Kim Jones, diretor criativo da Fendi, para desenvolver a primeira parceria de luxo da sua marca de underwear e loungewear Skims.<\/p>\n\n\n\n<p>Nas primeiras imagens vemos meia-cal\u00e7a estampada com as logos de ambas as marcas, top, body, uma jaqueta puffer e um macac\u00e3o de malha cor da pele tamb\u00e9m com a mesma logomarca.<\/p>\n\n\n\n<p>E a\u00ed, gostou da novidade? A cole\u00e7\u00e3o Fendi x Skims ser\u00e1 lan\u00e7ada oficialmente no dia 9 de novembro. Confira algumas imagens divulgadas:\u00a0<\/p>\n\n\n\n<div class=\"wp-block-image\"><figure class=\"aligncenter size-full\"><img data-attachment-id=\"221089\" data-permalink=\"https:\/\/agrund.com\/index.php\/kim-kardashian-confirma-parceria-com-a-fendi\/agrund-kim-kardashian-skims-fendi-5\/\" data-orig-file=\"https:\/\/i0.wp.com\/agrund.com\/wp-content\/uploads\/sites\/6\/2021\/10\/agrund-kim-kardashian-skims-fendi-5.jpg?fit=600%2C673&amp;ssl=1\" data-orig-size=\"600,673\" data-comments-opened=\"1\" data-image-meta=\"{&quot;aperture&quot;:&quot;0&quot;,&quot;credit&quot;:&quot;&quot;,&quot;camera&quot;:&quot;&quot;,&quot;caption&quot;:&quot;&quot;,&quot;created_timestamp&quot;:&quot;1635170387&quot;,&quot;copyright&quot;:&quot;&quot;,&quot;focal_length&quot;:&quot;0&quot;,&quot;iso&quot;:&quot;0&quot;,&quot;shutter_speed&quot;:&quot;0&quot;,&quot;title&quot;:&quot;&quot;,&quot;orientation&quot;:&quot;1&quot;}\" data-image-title=\"agrund-kim-kardashian-skims-fendi-5\" data-image-description=\"\" data-image-caption=\"\" data-medium-file=\"https:\/\/i0.wp.com\/agrund.com\/wp-content\/uploads\/sites\/6\/2021\/10\/agrund-kim-kardashian-skims-fendi-5.jpg?fit=267%2C300&amp;ssl=1\" data-large-file=\"https:\/\/i0.wp.com\/agrund.com\/wp-content\/uploads\/sites\/6\/2021\/10\/agrund-kim-kardashian-skims-fendi-5.jpg?fit=600%2C673&amp;ssl=1\" decoding=\"async\" loading=\"lazy\" width=\"600\" height=\"673\" src=\"https:\/\/i0.wp.com\/agrund.com\/wp-content\/uploads\/sites\/6\/2021\/10\/agrund-kim-kardashian-skims-fendi-5.jpg?resize=600%2C673&#038;ssl=1\" alt=\"\" class=\"wp-image-221089\" srcset=\"https:\/\/i0.wp.com\/agrund.com\/wp-content\/uploads\/sites\/6\/2021\/10\/agrund-kim-kardashian-skims-fendi-5.jpg?w=600&amp;ssl=1 600w, https:\/\/i0.wp.com\/agrund.com\/wp-content\/uploads\/sites\/6\/2021\/10\/agrund-kim-kardashian-skims-fendi-5.jpg?resize=267%2C300&amp;ssl=1 267w\" sizes=\"(max-width: 600px) 100vw, 600px\" data-recalc-dims=\"1\" \/><figcaption>Kim Kardashian confirma parceria com a Fendi<\/figcaption><\/figure><\/div>\n\n\n\n<div class=\"wp-block-image\"><figure class=\"aligncenter size-full\"><img data-attachment-id=\"221090\" data-permalink=\"https:\/\/agrund.com\/index.php\/kim-kardashian-confirma-parceria-com-a-fendi\/agrund-kim-kardashian-skims-fendi-2\/\" data-orig-file=\"https:\/\/i0.wp.com\/agrund.com\/wp-content\/uploads\/sites\/6\/2021\/10\/agrund-kim-kardashian-skims-fendi-2.jpg?fit=600%2C674&amp;ssl=1\" data-orig-size=\"600,674\" data-comments-opened=\"1\" data-image-meta=\"{&quot;aperture&quot;:&quot;0&quot;,&quot;credit&quot;:&quot;&quot;,&quot;camera&quot;:&quot;&quot;,&quot;caption&quot;:&quot;&quot;,&quot;created_timestamp&quot;:&quot;1635170375&quot;,&quot;copyright&quot;:&quot;&quot;,&quot;focal_length&quot;:&quot;0&quot;,&quot;iso&quot;:&quot;0&quot;,&quot;shutter_speed&quot;:&quot;0&quot;,&quot;title&quot;:&quot;&quot;,&quot;orientation&quot;:&quot;1&quot;}\" data-image-title=\"agrund-kim-kardashian-skims-fendi-2\" data-image-description=\"\" data-image-caption=\"\" data-medium-file=\"https:\/\/i0.wp.com\/agrund.com\/wp-content\/uploads\/sites\/6\/2021\/10\/agrund-kim-kardashian-skims-fendi-2.jpg?fit=267%2C300&amp;ssl=1\" data-large-file=\"https:\/\/i0.wp.com\/agrund.com\/wp-content\/uploads\/sites\/6\/2021\/10\/agrund-kim-kardashian-skims-fendi-2.jpg?fit=600%2C674&amp;ssl=1\" decoding=\"async\" loading=\"lazy\" width=\"600\" height=\"674\" src=\"https:\/\/i0.wp.com\/agrund.com\/wp-content\/uploads\/sites\/6\/2021\/10\/agrund-kim-kardashian-skims-fendi-2.jpg?resize=600%2C674&#038;ssl=1\" alt=\"\" class=\"wp-image-221090\" srcset=\"https:\/\/i0.wp.com\/agrund.com\/wp-content\/uploads\/sites\/6\/2021\/10\/agrund-kim-kardashian-skims-fendi-2.jpg?w=600&amp;ssl=1 600w, https:\/\/i0.wp.com\/agrund.com\/wp-content\/uploads\/sites\/6\/2021\/10\/agrund-kim-kardashian-skims-fendi-2.jpg?resize=267%2C300&amp;ssl=1 267w\" sizes=\"(max-width: 600px) 100vw, 600px\" data-recalc-dims=\"1\" \/><figcaption>Kim Kardashian confirma parceria com a Fendi<\/figcaption><\/figure><\/div>\n\n\n\n<div class=\"wp-block-image\"><figure class=\"aligncenter size-full is-resized\"><img data-attachment-id=\"221091\" data-permalink=\"https:\/\/agrund.com\/index.php\/kim-kardashian-confirma-parceria-com-a-fendi\/agrund-kim-kardashian-skims-fendi-4\/\" data-orig-file=\"https:\/\/i0.wp.com\/agrund.com\/wp-content\/uploads\/sites\/6\/2021\/10\/agrund-kim-kardashian-skims-fendi-4.jpg?fit=600%2C675&amp;ssl=1\" data-orig-size=\"600,675\" data-comments-opened=\"1\" data-image-meta=\"{&quot;aperture&quot;:&quot;0&quot;,&quot;credit&quot;:&quot;&quot;,&quot;camera&quot;:&quot;&quot;,&quot;caption&quot;:&quot;&quot;,&quot;created_timestamp&quot;:&quot;1635170385&quot;,&quot;copyright&quot;:&quot;&quot;,&quot;focal_length&quot;:&quot;0&quot;,&quot;iso&quot;:&quot;0&quot;,&quot;shutter_speed&quot;:&quot;0&quot;,&quot;title&quot;:&quot;&quot;,&quot;orientation&quot;:&quot;1&quot;}\" data-image-title=\"agrund-kim-kardashian-skims-fendi-4\" data-image-description=\"\" data-image-caption=\"\" data-medium-file=\"https:\/\/i0.wp.com\/agrund.com\/wp-content\/uploads\/sites\/6\/2021\/10\/agrund-kim-kardashian-skims-fendi-4.jpg?fit=267%2C300&amp;ssl=1\" data-large-file=\"https:\/\/i0.wp.com\/agrund.com\/wp-content\/uploads\/sites\/6\/2021\/10\/agrund-kim-kardashian-skims-fendi-4.jpg?fit=600%2C675&amp;ssl=1\" decoding=\"async\" loading=\"lazy\" src=\"https:\/\/i0.wp.com\/agrund.com\/wp-content\/uploads\/sites\/6\/2021\/10\/agrund-kim-kardashian-skims-fendi-4.jpg?resize=600%2C675&#038;ssl=1\" alt=\"\" class=\"wp-image-221091\" width=\"600\" height=\"675\" srcset=\"https:\/\/i0.wp.com\/agrund.com\/wp-content\/uploads\/sites\/6\/2021\/10\/agrund-kim-kardashian-skims-fendi-4.jpg?w=600&amp;ssl=1 600w, https:\/\/i0.wp.com\/agrund.com\/wp-content\/uploads\/sites\/6\/2021\/10\/agrund-kim-kardashian-skims-fendi-4.jpg?resize=267%2C300&amp;ssl=1 267w\" sizes=\"(max-width: 600px) 100vw, 600px\" data-recalc-dims=\"1\" \/><figcaption>Kim Kardashian confirma parceria com a Fendi<\/figcaption><\/figure><\/div>\n\n\n\n<div class=\"wp-block-image\"><figure class=\"aligncenter size-full\"><img data-attachment-id=\"221092\" data-permalink=\"https:\/\/agrund.com\/index.php\/kim-kardashian-confirma-parceria-com-a-fendi\/agrund-kim-kardashian-skims-fendi-6\/\" data-orig-file=\"https:\/\/i0.wp.com\/agrund.com\/wp-content\/uploads\/sites\/6\/2021\/10\/agrund-kim-kardashian-skims-fendi-6.jpg?fit=600%2C670&amp;ssl=1\" data-orig-size=\"600,670\" data-comments-opened=\"1\" data-image-meta=\"{&quot;aperture&quot;:&quot;0&quot;,&quot;credit&quot;:&quot;&quot;,&quot;camera&quot;:&quot;&quot;,&quot;caption&quot;:&quot;&quot;,&quot;created_timestamp&quot;:&quot;1635170399&quot;,&quot;copyright&quot;:&quot;&quot;,&quot;focal_length&quot;:&quot;0&quot;,&quot;iso&quot;:&quot;0&quot;,&quot;shutter_speed&quot;:&quot;0&quot;,&quot;title&quot;:&quot;&quot;,&quot;orientation&quot;:&quot;1&quot;}\" data-image-title=\"agrund-kim-kardashian-skims-fendi-6\" data-image-description=\"\" data-image-caption=\"\" data-medium-file=\"https:\/\/i0.wp.com\/agrund.com\/wp-content\/uploads\/sites\/6\/2021\/10\/agrund-kim-kardashian-skims-fendi-6.jpg?fit=269%2C300&amp;ssl=1\" data-large-file=\"https:\/\/i0.wp.com\/agrund.com\/wp-content\/uploads\/sites\/6\/2021\/10\/agrund-kim-kardashian-skims-fendi-6.jpg?fit=600%2C670&amp;ssl=1\" decoding=\"async\" loading=\"lazy\" width=\"600\" height=\"670\" src=\"https:\/\/i0.wp.com\/agrund.com\/wp-content\/uploads\/sites\/6\/2021\/10\/agrund-kim-kardashian-skims-fendi-6.jpg?resize=600%2C670&#038;ssl=1\" alt=\"\" class=\"wp-image-221092\" srcset=\"https:\/\/i0.wp.com\/agrund.com\/wp-content\/uploads\/sites\/6\/2021\/10\/agrund-kim-kardashian-skims-fendi-6.jpg?w=600&amp;ssl=1 600w, https:\/\/i0.wp.com\/agrund.com\/wp-content\/uploads\/sites\/6\/2021\/10\/agrund-kim-kardashian-skims-fendi-6.jpg?resize=269%2C300&amp;ssl=1 269w\" sizes=\"(max-width: 600px) 100vw, 600px\" data-recalc-dims=\"1\" \/><figcaption>Kim Kardashian confirma parceria com a Fendi<\/figcaption><\/figure><\/div>\n\n\n\n<div class=\"wp-block-image\"><figure class=\"aligncenter size-full is-resized\"><img data-attachment-id=\"221093\" data-permalink=\"https:\/\/agrund.com\/index.php\/kim-kardashian-confirma-parceria-com-a-fendi\/agrund-kim-kardashian-skims-fendi-3\/\" data-orig-file=\"https:\/\/i0.wp.com\/agrund.com\/wp-content\/uploads\/sites\/6\/2021\/10\/agrund-kim-kardashian-skims-fendi-3.jpg?fit=600%2C667&amp;ssl=1\" data-orig-size=\"600,667\" data-comments-opened=\"1\" data-image-meta=\"{&quot;aperture&quot;:&quot;0&quot;,&quot;credit&quot;:&quot;&quot;,&quot;camera&quot;:&quot;&quot;,&quot;caption&quot;:&quot;&quot;,&quot;created_timestamp&quot;:&quot;1635170382&quot;,&quot;copyright&quot;:&quot;&quot;,&quot;focal_length&quot;:&quot;0&quot;,&quot;iso&quot;:&quot;0&quot;,&quot;shutter_speed&quot;:&quot;0&quot;,&quot;title&quot;:&quot;&quot;,&quot;orientation&quot;:&quot;1&quot;}\" data-image-title=\"agrund-kim-kardashian-skims-fendi-3\" data-image-description=\"\" data-image-caption=\"\" data-medium-file=\"https:\/\/i0.wp.com\/agrund.com\/wp-content\/uploads\/sites\/6\/2021\/10\/agrund-kim-kardashian-skims-fendi-3.jpg?fit=270%2C300&amp;ssl=1\" data-large-file=\"https:\/\/i0.wp.com\/agrund.com\/wp-content\/uploads\/sites\/6\/2021\/10\/agrund-kim-kardashian-skims-fendi-3.jpg?fit=600%2C667&amp;ssl=1\" decoding=\"async\" loading=\"lazy\" src=\"https:\/\/i0.wp.com\/agrund.com\/wp-content\/uploads\/sites\/6\/2021\/10\/agrund-kim-kardashian-skims-fendi-3.jpg?resize=600%2C667&#038;ssl=1\" alt=\"\" class=\"wp-image-221093\" width=\"600\" height=\"667\" srcset=\"https:\/\/i0.wp.com\/agrund.com\/wp-content\/uploads\/sites\/6\/2021\/10\/agrund-kim-kardashian-skims-fendi-3.jpg?w=600&amp;ssl=1 600w, https:\/\/i0.wp.com\/agrund.com\/wp-content\/uploads\/sites\/6\/2021\/10\/agrund-kim-kardashian-skims-fendi-3.jpg?resize=270%2C300&amp;ssl=1 270w\" sizes=\"(max-width: 600px) 100vw, 600px\" data-recalc-dims=\"1\" \/><figcaption>Kim Kardashian confirma parceria com a Fendi<\/figcaption><\/figure><\/div>\n\n\n\n<div class=\"wp-block-image\"><figure class=\"aligncenter size-full\"><img data-attachment-id=\"221094\" data-permalink=\"https:\/\/agrund.com\/index.php\/kim-kardashian-confirma-parceria-com-a-fendi\/agrund-kim-kardashian-skims-fendi-1\/\" data-orig-file=\"https:\/\/i0.wp.com\/agrund.com\/wp-content\/uploads\/sites\/6\/2021\/10\/agrund-kim-kardashian-skims-fendi-1.jpg?fit=600%2C394&amp;ssl=1\" data-orig-size=\"600,394\" data-comments-opened=\"1\" data-image-meta=\"{&quot;aperture&quot;:&quot;0&quot;,&quot;credit&quot;:&quot;&quot;,&quot;camera&quot;:&quot;&quot;,&quot;caption&quot;:&quot;&quot;,&quot;created_timestamp&quot;:&quot;1635170362&quot;,&quot;copyright&quot;:&quot;&quot;,&quot;focal_length&quot;:&quot;0&quot;,&quot;iso&quot;:&quot;0&quot;,&quot;shutter_speed&quot;:&quot;0&quot;,&quot;title&quot;:&quot;&quot;,&quot;orientation&quot;:&quot;1&quot;}\" data-image-title=\"agrund-kim-kardashian-skims-fendi-1\" data-image-description=\"\" data-image-caption=\"\" data-medium-file=\"https:\/\/i0.wp.com\/agrund.com\/wp-content\/uploads\/sites\/6\/2021\/10\/agrund-kim-kardashian-skims-fendi-1.jpg?fit=300%2C197&amp;ssl=1\" data-large-file=\"https:\/\/i0.wp.com\/agrund.com\/wp-content\/uploads\/sites\/6\/2021\/10\/agrund-kim-kardashian-skims-fendi-1.jpg?fit=600%2C394&amp;ssl=1\" decoding=\"async\" loading=\"lazy\" width=\"600\" height=\"394\" src=\"https:\/\/i0.wp.com\/agrund.com\/wp-content\/uploads\/sites\/6\/2021\/10\/agrund-kim-kardashian-skims-fendi-1.jpg?resize=600%2C394&#038;ssl=1\" alt=\"\" class=\"wp-image-221094\" srcset=\"https:\/\/i0.wp.com\/agrund.com\/wp-content\/uploads\/sites\/6\/2021\/10\/agrund-kim-kardashian-skims-fendi-1.jpg?w=600&amp;ssl=1 600w, https:\/\/i0.wp.com\/agrund.com\/wp-content\/uploads\/sites\/6\/2021\/10\/agrund-kim-kardashian-skims-fendi-1.jpg?resize=300%2C197&amp;ssl=1 300w\" sizes=\"(max-width: 600px) 100vw, 600px\" data-recalc-dims=\"1\" \/><figcaption>Kim Kardashian confirma parceria com a Fendi<\/figcaption><\/figure><\/div>\n\n\n\n<p>Fotos: Reprodu\u00e7\u00e3o\/ Skims x Fendi. <\/p>\n","protected":false},"excerpt":{"rendered":"<p>Depois de alguns rumores, Kim Kardashian finalmente acabou com a curiosidade de todos ao confirmar que a Fendi x Skims \u00e9 real! Em seu Instagram, a empres\u00e1ria anunciou que se uniu a Kim Jones, diretor criativo da Fendi, para desenvolver a primeira parceria de luxo da sua marca de underwear e loungewear Skims. Nas primeiras [&hellip;]<\/p>\n","protected":false},"author":8,"featured_media":221095,"comment_status":"open","ping_status":"open","sticky":false,"template":"","format":"standard","meta":{"jetpack_post_was_ever_published":false,"_jetpack_newsletter_access":"","jetpack_publicize_message":"","jetpack_is_tweetstorm":false,"jetpack_publicize_feature_enabled":true,"jetpack_social_post_already_shared":true,"jetpack_social_options":{"image_generator_settings":{"template":"highway","enabled":false}}},"categories":[2],"tags":[395,375,364,494,365,1006],"jetpack_publicize_connections":[],"jetpack_featured_media_url":"https:\/\/i0.wp.com\/agrund.com\/wp-content\/uploads\/sites\/6\/2021\/10\/s-32.jpg?fit=960%2C300&ssl=1","jetpack_sharing_enabled":true,"jetpack_shortlink":"https:\/\/wp.me\/p3Hz0n-VvV","jetpack_likes_enabled":true,"_links":{"self":[{"href":"https:\/\/agrund.com\/index.php\/wp-json\/wp\/v2\/posts\/221087"}],"collection":[{"href":"https:\/\/agrund.com\/index.php\/wp-json\/wp\/v2\/posts"}],"about":[{"href":"https:\/\/agrund.com\/index.php\/wp-json\/wp\/v2\/types\/post"}],"author":[{"embeddable":true,"href":"https:\/\/agrund.com\/index.php\/wp-json\/wp\/v2\/users\/8"}],"replies":[{"embeddable":true,"href":"https:\/\/agrund.com\/index.php\/wp-json\/wp\/v2\/comments?post=221087"}],"version-history":[{"count":2,"href":"https:\/\/agrund.com\/index.php\/wp-json\/wp\/v2\/posts\/221087\/revisions"}],"predecessor-version":[{"id":221096,"href":"https:\/\/agrund.com\/index.php\/wp-json\/wp\/v2\/posts\/221087\/revisions\/221096"}],"wp:featuredmedia":[{"embeddable":true,"href":"https:\/\/agrund.com\/index.php\/wp-json\/wp\/v2\/media\/221095"}],"wp:attachment":[{"href":"https:\/\/agrund.com\/index.php\/wp-json\/wp\/v2\/media?parent=221087"}],"wp:term":[{"taxonomy":"category","embeddable":true,"href":"https:\/\/agrund.com\/index.php\/wp-json\/wp\/v2\/categories?post=221087"},{"taxonomy":"post_tag","embeddable":true,"href":"https:\/\/agrund.com\/index.php\/wp-json\/wp\/v2\/tags?post=221087"}],"curies":[{"name":"wp","href":"https:\/\/api.w.org\/{rel}","templated":true}]}}