{"id":221079,"date":"2021-10-22T18:00:00","date_gmt":"2021-10-22T21:00:00","guid":{"rendered":"https:\/\/agrund.com\/?p=221079"},"modified":"2021-10-22T19:01:24","modified_gmt":"2021-10-22T22:01:24","slug":"marina-ruy-barbosa-fotografa-campanha-de-sapatos","status":"publish","type":"post","link":"https:\/\/agrund.com\/index.php\/marina-ruy-barbosa-fotografa-campanha-de-sapatos\/","title":{"rendered":"Marina Ruy Barbosa fotografa campanha de sapatos"},"content":{"rendered":"\n<p>Marina Ruy Barbosa est\u00e1 de volta \u00e0 Schutz para estrelar a campanha de ver\u00e3o 2022 da marca.<\/p>\n\n\n\n<p>Apesar da marca ainda n\u00e3o ter revelado os detalhes da cole\u00e7\u00e3o, nos cliques de bastidores percebemos que a esta\u00e7\u00e3o ser\u00e1 super colorida!\u00a0<\/p>\n\n\n\n<p>Marina posou para os cliques nas ruas de S\u00e3o Conrado, Rio de Janeiro, vestindo um conjunto de top e short colorido de croch\u00ea e uma camisa oversized laranja e rosa. Nos p\u00e9s, uma sand\u00e1lia de tiras com amarra\u00e7\u00e3o no tornozelo e um salto bloco.\u00a0<\/p>\n\n\n\n<p>O que mais est\u00e1 por vir? Vamos aguardar!<\/p>\n\n\n\n<div class=\"wp-block-image\"><figure class=\"aligncenter size-large\"><img data-attachment-id=\"221080\" data-permalink=\"https:\/\/agrund.com\/index.php\/marina-ruy-barbosa-fotografa-campanha-de-sapatos\/agrund-marina-ruy-barbosa-schutz-4\/\" data-orig-file=\"https:\/\/i0.wp.com\/agrund.com\/wp-content\/uploads\/sites\/6\/2021\/10\/agrund-marina-ruy-barbosa-schutz-4.jpeg?fit=853%2C1280&amp;ssl=1\" data-orig-size=\"853,1280\" data-comments-opened=\"1\" data-image-meta=\"{&quot;aperture&quot;:&quot;0&quot;,&quot;credit&quot;:&quot;&quot;,&quot;camera&quot;:&quot;&quot;,&quot;caption&quot;:&quot;&quot;,&quot;created_timestamp&quot;:&quot;0&quot;,&quot;copyright&quot;:&quot;&quot;,&quot;focal_length&quot;:&quot;0&quot;,&quot;iso&quot;:&quot;0&quot;,&quot;shutter_speed&quot;:&quot;0&quot;,&quot;title&quot;:&quot;&quot;,&quot;orientation&quot;:&quot;0&quot;}\" data-image-title=\"agrund-marina-ruy-barbosa-schutz-4\" data-image-description=\"\" data-image-caption=\"\" data-medium-file=\"https:\/\/i0.wp.com\/agrund.com\/wp-content\/uploads\/sites\/6\/2021\/10\/agrund-marina-ruy-barbosa-schutz-4.jpeg?fit=200%2C300&amp;ssl=1\" data-large-file=\"https:\/\/i0.wp.com\/agrund.com\/wp-content\/uploads\/sites\/6\/2021\/10\/agrund-marina-ruy-barbosa-schutz-4.jpeg?fit=682%2C1024&amp;ssl=1\" decoding=\"async\" loading=\"lazy\" width=\"682\" height=\"1024\" src=\"https:\/\/i0.wp.com\/agrund.com\/wp-content\/uploads\/sites\/6\/2021\/10\/agrund-marina-ruy-barbosa-schutz-4.jpeg?resize=682%2C1024&#038;ssl=1\" alt=\"\" class=\"wp-image-221080\" srcset=\"https:\/\/i0.wp.com\/agrund.com\/wp-content\/uploads\/sites\/6\/2021\/10\/agrund-marina-ruy-barbosa-schutz-4.jpeg?resize=682%2C1024&amp;ssl=1 682w, https:\/\/i0.wp.com\/agrund.com\/wp-content\/uploads\/sites\/6\/2021\/10\/agrund-marina-ruy-barbosa-schutz-4.jpeg?resize=200%2C300&amp;ssl=1 200w, https:\/\/i0.wp.com\/agrund.com\/wp-content\/uploads\/sites\/6\/2021\/10\/agrund-marina-ruy-barbosa-schutz-4.jpeg?w=853&amp;ssl=1 853w\" sizes=\"(max-width: 682px) 100vw, 682px\" data-recalc-dims=\"1\" \/><figcaption>Marina Ruy Barbosa fotografa campanha de sapatos<\/figcaption><\/figure><\/div>\n\n\n\n<div class=\"wp-block-image\"><figure class=\"aligncenter size-full\"><img data-attachment-id=\"221081\" data-permalink=\"https:\/\/agrund.com\/index.php\/marina-ruy-barbosa-fotografa-campanha-de-sapatos\/agrund-marina-ruy-barbosa-schutz-1\/\" data-orig-file=\"https:\/\/i0.wp.com\/agrund.com\/wp-content\/uploads\/sites\/6\/2021\/10\/agrund-marina-ruy-barbosa-schutz-1.jpeg?fit=600%2C900&amp;ssl=1\" data-orig-size=\"600,900\" data-comments-opened=\"1\" data-image-meta=\"{&quot;aperture&quot;:&quot;0&quot;,&quot;credit&quot;:&quot;&quot;,&quot;camera&quot;:&quot;&quot;,&quot;caption&quot;:&quot;&quot;,&quot;created_timestamp&quot;:&quot;0&quot;,&quot;copyright&quot;:&quot;&quot;,&quot;focal_length&quot;:&quot;0&quot;,&quot;iso&quot;:&quot;0&quot;,&quot;shutter_speed&quot;:&quot;0&quot;,&quot;title&quot;:&quot;&quot;,&quot;orientation&quot;:&quot;1&quot;}\" data-image-title=\"agrund-marina-ruy-barbosa-schutz-1\" data-image-description=\"\" data-image-caption=\"\" data-medium-file=\"https:\/\/i0.wp.com\/agrund.com\/wp-content\/uploads\/sites\/6\/2021\/10\/agrund-marina-ruy-barbosa-schutz-1.jpeg?fit=200%2C300&amp;ssl=1\" data-large-file=\"https:\/\/i0.wp.com\/agrund.com\/wp-content\/uploads\/sites\/6\/2021\/10\/agrund-marina-ruy-barbosa-schutz-1.jpeg?fit=600%2C900&amp;ssl=1\" decoding=\"async\" loading=\"lazy\" width=\"600\" height=\"900\" src=\"https:\/\/i0.wp.com\/agrund.com\/wp-content\/uploads\/sites\/6\/2021\/10\/agrund-marina-ruy-barbosa-schutz-1.jpeg?resize=600%2C900&#038;ssl=1\" alt=\"\" class=\"wp-image-221081\" srcset=\"https:\/\/i0.wp.com\/agrund.com\/wp-content\/uploads\/sites\/6\/2021\/10\/agrund-marina-ruy-barbosa-schutz-1.jpeg?w=600&amp;ssl=1 600w, https:\/\/i0.wp.com\/agrund.com\/wp-content\/uploads\/sites\/6\/2021\/10\/agrund-marina-ruy-barbosa-schutz-1.jpeg?resize=200%2C300&amp;ssl=1 200w\" sizes=\"(max-width: 600px) 100vw, 600px\" data-recalc-dims=\"1\" \/><figcaption>Marina Ruy Barbosa fotografa campanha de sapatos<\/figcaption><\/figure><\/div>\n\n\n\n<div class=\"wp-block-image\"><figure class=\"aligncenter size-full is-resized\"><img data-attachment-id=\"221082\" data-permalink=\"https:\/\/agrund.com\/index.php\/marina-ruy-barbosa-fotografa-campanha-de-sapatos\/agrund-marina-ruy-barbosa-schutz-2\/\" data-orig-file=\"https:\/\/i0.wp.com\/agrund.com\/wp-content\/uploads\/sites\/6\/2021\/10\/agrund-marina-ruy-barbosa-schutz-2.jpeg?fit=600%2C900&amp;ssl=1\" data-orig-size=\"600,900\" data-comments-opened=\"1\" data-image-meta=\"{&quot;aperture&quot;:&quot;0&quot;,&quot;credit&quot;:&quot;&quot;,&quot;camera&quot;:&quot;&quot;,&quot;caption&quot;:&quot;&quot;,&quot;created_timestamp&quot;:&quot;0&quot;,&quot;copyright&quot;:&quot;&quot;,&quot;focal_length&quot;:&quot;0&quot;,&quot;iso&quot;:&quot;0&quot;,&quot;shutter_speed&quot;:&quot;0&quot;,&quot;title&quot;:&quot;&quot;,&quot;orientation&quot;:&quot;1&quot;}\" data-image-title=\"agrund-marina-ruy-barbosa-schutz-2\" data-image-description=\"\" data-image-caption=\"\" data-medium-file=\"https:\/\/i0.wp.com\/agrund.com\/wp-content\/uploads\/sites\/6\/2021\/10\/agrund-marina-ruy-barbosa-schutz-2.jpeg?fit=200%2C300&amp;ssl=1\" data-large-file=\"https:\/\/i0.wp.com\/agrund.com\/wp-content\/uploads\/sites\/6\/2021\/10\/agrund-marina-ruy-barbosa-schutz-2.jpeg?fit=600%2C900&amp;ssl=1\" decoding=\"async\" loading=\"lazy\" src=\"https:\/\/i0.wp.com\/agrund.com\/wp-content\/uploads\/sites\/6\/2021\/10\/agrund-marina-ruy-barbosa-schutz-2.jpeg?resize=600%2C900&#038;ssl=1\" alt=\"\" class=\"wp-image-221082\" width=\"600\" height=\"900\" srcset=\"https:\/\/i0.wp.com\/agrund.com\/wp-content\/uploads\/sites\/6\/2021\/10\/agrund-marina-ruy-barbosa-schutz-2.jpeg?w=600&amp;ssl=1 600w, https:\/\/i0.wp.com\/agrund.com\/wp-content\/uploads\/sites\/6\/2021\/10\/agrund-marina-ruy-barbosa-schutz-2.jpeg?resize=200%2C300&amp;ssl=1 200w\" sizes=\"(max-width: 600px) 100vw, 600px\" data-recalc-dims=\"1\" \/><figcaption>Marina Ruy Barbosa fotografa campanha de sapatos<\/figcaption><\/figure><\/div>\n\n\n\n<div class=\"wp-block-image\"><figure class=\"aligncenter size-full\"><img data-attachment-id=\"221083\" data-permalink=\"https:\/\/agrund.com\/index.php\/marina-ruy-barbosa-fotografa-campanha-de-sapatos\/agrund-marina-ruy-barbosa-schutz-3\/\" data-orig-file=\"https:\/\/i0.wp.com\/agrund.com\/wp-content\/uploads\/sites\/6\/2021\/10\/agrund-marina-ruy-barbosa-schutz-3.jpeg?fit=600%2C900&amp;ssl=1\" data-orig-size=\"600,900\" data-comments-opened=\"1\" data-image-meta=\"{&quot;aperture&quot;:&quot;0&quot;,&quot;credit&quot;:&quot;&quot;,&quot;camera&quot;:&quot;&quot;,&quot;caption&quot;:&quot;&quot;,&quot;created_timestamp&quot;:&quot;0&quot;,&quot;copyright&quot;:&quot;&quot;,&quot;focal_length&quot;:&quot;0&quot;,&quot;iso&quot;:&quot;0&quot;,&quot;shutter_speed&quot;:&quot;0&quot;,&quot;title&quot;:&quot;&quot;,&quot;orientation&quot;:&quot;1&quot;}\" data-image-title=\"agrund-marina-ruy-barbosa-schutz-3\" data-image-description=\"\" data-image-caption=\"\" data-medium-file=\"https:\/\/i0.wp.com\/agrund.com\/wp-content\/uploads\/sites\/6\/2021\/10\/agrund-marina-ruy-barbosa-schutz-3.jpeg?fit=200%2C300&amp;ssl=1\" data-large-file=\"https:\/\/i0.wp.com\/agrund.com\/wp-content\/uploads\/sites\/6\/2021\/10\/agrund-marina-ruy-barbosa-schutz-3.jpeg?fit=600%2C900&amp;ssl=1\" decoding=\"async\" loading=\"lazy\" width=\"600\" height=\"900\" src=\"https:\/\/i0.wp.com\/agrund.com\/wp-content\/uploads\/sites\/6\/2021\/10\/agrund-marina-ruy-barbosa-schutz-3.jpeg?resize=600%2C900&#038;ssl=1\" alt=\"\" class=\"wp-image-221083\" srcset=\"https:\/\/i0.wp.com\/agrund.com\/wp-content\/uploads\/sites\/6\/2021\/10\/agrund-marina-ruy-barbosa-schutz-3.jpeg?w=600&amp;ssl=1 600w, https:\/\/i0.wp.com\/agrund.com\/wp-content\/uploads\/sites\/6\/2021\/10\/agrund-marina-ruy-barbosa-schutz-3.jpeg?resize=200%2C300&amp;ssl=1 200w\" sizes=\"(max-width: 600px) 100vw, 600px\" data-recalc-dims=\"1\" \/><figcaption>Marina Ruy Barbosa fotografa campanha de sapatos<\/figcaption><\/figure><\/div>\n\n\n\n<p>Fotos: Divulga\u00e7\u00e3o. <\/p>\n","protected":false},"excerpt":{"rendered":"<p>Marina Ruy Barbosa est\u00e1 de volta \u00e0 Schutz para estrelar a campanha de ver\u00e3o 2022 da marca. Apesar da marca ainda n\u00e3o ter revelado os detalhes da cole\u00e7\u00e3o, nos cliques de bastidores percebemos que a esta\u00e7\u00e3o ser\u00e1 super colorida!\u00a0 Marina posou para os cliques nas ruas de S\u00e3o Conrado, Rio de Janeiro, vestindo um conjunto [&hellip;]<\/p>\n","protected":false},"author":8,"featured_media":221084,"comment_status":"open","ping_status":"open","sticky":false,"template":"","format":"standard","meta":{"jetpack_post_was_ever_published":false,"_jetpack_newsletter_access":"","jetpack_publicize_message":"","jetpack_is_tweetstorm":false,"jetpack_publicize_feature_enabled":true,"jetpack_social_post_already_shared":true,"jetpack_social_options":{"image_generator_settings":{"template":"highway","enabled":false}}},"categories":[2],"tags":[395,375,390,1103,2483,851],"jetpack_publicize_connections":[],"jetpack_featured_media_url":"https:\/\/i0.wp.com\/agrund.com\/wp-content\/uploads\/sites\/6\/2021\/10\/s-31.jpg?fit=960%2C300&ssl=1","jetpack_sharing_enabled":true,"jetpack_shortlink":"https:\/\/wp.me\/p3Hz0n-VvN","jetpack_likes_enabled":true,"_links":{"self":[{"href":"https:\/\/agrund.com\/index.php\/wp-json\/wp\/v2\/posts\/221079"}],"collection":[{"href":"https:\/\/agrund.com\/index.php\/wp-json\/wp\/v2\/posts"}],"about":[{"href":"https:\/\/agrund.com\/index.php\/wp-json\/wp\/v2\/types\/post"}],"author":[{"embeddable":true,"href":"https:\/\/agrund.com\/index.php\/wp-json\/wp\/v2\/users\/8"}],"replies":[{"embeddable":true,"href":"https:\/\/agrund.com\/index.php\/wp-json\/wp\/v2\/comments?post=221079"}],"version-history":[{"count":1,"href":"https:\/\/agrund.com\/index.php\/wp-json\/wp\/v2\/posts\/221079\/revisions"}],"predecessor-version":[{"id":221085,"href":"https:\/\/agrund.com\/index.php\/wp-json\/wp\/v2\/posts\/221079\/revisions\/221085"}],"wp:featuredmedia":[{"embeddable":true,"href":"https:\/\/agrund.com\/index.php\/wp-json\/wp\/v2\/media\/221084"}],"wp:attachment":[{"href":"https:\/\/agrund.com\/index.php\/wp-json\/wp\/v2\/media?parent=221079"}],"wp:term":[{"taxonomy":"category","embeddable":true,"href":"https:\/\/agrund.com\/index.php\/wp-json\/wp\/v2\/categories?post=221079"},{"taxonomy":"post_tag","embeddable":true,"href":"https:\/\/agrund.com\/index.php\/wp-json\/wp\/v2\/tags?post=221079"}],"curies":[{"name":"wp","href":"https:\/\/api.w.org\/{rel}","templated":true}]}}