{"id":221069,"date":"2021-10-22T12:00:00","date_gmt":"2021-10-22T15:00:00","guid":{"rendered":"https:\/\/agrund.com\/?p=221069"},"modified":"2021-10-22T14:40:25","modified_gmt":"2021-10-22T17:40:25","slug":"balenciaga-e-considerada-a-marca-mais-desejada-de-2021","status":"publish","type":"post","link":"https:\/\/agrund.com\/index.php\/balenciaga-e-considerada-a-marca-mais-desejada-de-2021\/","title":{"rendered":"Balenciaga \u00e9 considerada a marca mais desejada de 2021"},"content":{"rendered":"\n<p>A Lyst, empresa de pesquisa de comportamento, acaba de revelar que a Balenciaga est\u00e1 no topo das marcas mais desejadas do terceiro trimestre de 2021.\u00a0<\/p>\n\n\n\n<p>Este ano tivemos o retorno da grife \u00e0 Alta-Costura depois de 53 anos, uma parceria com o jogo Fortnite, merch em collab com Kanye West, o ic\u00f4nico look de Kim Kardashian no MET Gala 2021 e at\u00e9 a parceria com &#8216;Os Simpsons&#8217; no desfile primavera\/ver\u00e3o 2022. Ufa! Parece que o diretor criativo Demna Gvasalia deu o que falar em 2021.\u00a0<\/p>\n\n\n\n<p>Quem aparece em segundo lugar \u00e9 a Gucci, seguida da Dior em terceiro e a Prada em quarto.\u00a0Qual dessas grifes \u00e9 a sua favorita?<\/p>\n\n\n\n<div class=\"wp-block-image\"><figure class=\"aligncenter size-full\"><img data-attachment-id=\"221070\" data-permalink=\"https:\/\/agrund.com\/index.php\/balenciaga-e-considerada-a-marca-mais-desejada-de-2021\/agrund-balenciaga-desejada-maca\/\" data-orig-file=\"https:\/\/i0.wp.com\/agrund.com\/wp-content\/uploads\/sites\/6\/2021\/10\/agrund-balenciaga-desejada-maca.jpeg?fit=600%2C400&amp;ssl=1\" data-orig-size=\"600,400\" data-comments-opened=\"1\" data-image-meta=\"{&quot;aperture&quot;:&quot;0&quot;,&quot;credit&quot;:&quot;&quot;,&quot;camera&quot;:&quot;&quot;,&quot;caption&quot;:&quot;&quot;,&quot;created_timestamp&quot;:&quot;0&quot;,&quot;copyright&quot;:&quot;&quot;,&quot;focal_length&quot;:&quot;0&quot;,&quot;iso&quot;:&quot;0&quot;,&quot;shutter_speed&quot;:&quot;0&quot;,&quot;title&quot;:&quot;&quot;,&quot;orientation&quot;:&quot;1&quot;}\" data-image-title=\"agrund-balenciaga-desejada-maca\" data-image-description=\"\" data-image-caption=\"\" data-medium-file=\"https:\/\/i0.wp.com\/agrund.com\/wp-content\/uploads\/sites\/6\/2021\/10\/agrund-balenciaga-desejada-maca.jpeg?fit=300%2C200&amp;ssl=1\" data-large-file=\"https:\/\/i0.wp.com\/agrund.com\/wp-content\/uploads\/sites\/6\/2021\/10\/agrund-balenciaga-desejada-maca.jpeg?fit=600%2C400&amp;ssl=1\" decoding=\"async\" loading=\"lazy\" width=\"600\" height=\"400\" src=\"https:\/\/i0.wp.com\/agrund.com\/wp-content\/uploads\/sites\/6\/2021\/10\/agrund-balenciaga-desejada-maca.jpeg?resize=600%2C400&#038;ssl=1\" alt=\"\" class=\"wp-image-221070\" srcset=\"https:\/\/i0.wp.com\/agrund.com\/wp-content\/uploads\/sites\/6\/2021\/10\/agrund-balenciaga-desejada-maca.jpeg?w=600&amp;ssl=1 600w, https:\/\/i0.wp.com\/agrund.com\/wp-content\/uploads\/sites\/6\/2021\/10\/agrund-balenciaga-desejada-maca.jpeg?resize=300%2C200&amp;ssl=1 300w\" sizes=\"(max-width: 600px) 100vw, 600px\" data-recalc-dims=\"1\" \/><figcaption>Balenciaga \u00e9 considerada a marca mais desejada de 2021<\/figcaption><\/figure><\/div>\n\n\n\n<p>Foto: Reprodu\u00e7\u00e3o. <\/p>\n","protected":false},"excerpt":{"rendered":"<p>A Lyst, empresa de pesquisa de comportamento, acaba de revelar que a Balenciaga est\u00e1 no topo das marcas mais desejadas do terceiro trimestre de 2021.\u00a0 Este ano tivemos o retorno da grife \u00e0 Alta-Costura depois de 53 anos, uma parceria com o jogo Fortnite, merch em collab com Kanye West, o ic\u00f4nico look de Kim [&hellip;]<\/p>\n","protected":false},"author":8,"featured_media":221071,"comment_status":"open","ping_status":"open","sticky":false,"template":"","format":"standard","meta":{"jetpack_post_was_ever_published":false,"_jetpack_newsletter_access":"","jetpack_publicize_message":"","jetpack_is_tweetstorm":false,"jetpack_publicize_feature_enabled":true,"jetpack_social_post_already_shared":true,"jetpack_social_options":{"image_generator_settings":{"template":"highway","enabled":false}}},"categories":[2],"tags":[395,375,241,347,3062,494,3060,51],"jetpack_publicize_connections":[],"jetpack_featured_media_url":"https:\/\/i0.wp.com\/agrund.com\/wp-content\/uploads\/sites\/6\/2021\/10\/s-29.jpg?fit=960%2C300&ssl=1","jetpack_sharing_enabled":true,"jetpack_shortlink":"https:\/\/wp.me\/p3Hz0n-VvD","jetpack_likes_enabled":true,"_links":{"self":[{"href":"https:\/\/agrund.com\/index.php\/wp-json\/wp\/v2\/posts\/221069"}],"collection":[{"href":"https:\/\/agrund.com\/index.php\/wp-json\/wp\/v2\/posts"}],"about":[{"href":"https:\/\/agrund.com\/index.php\/wp-json\/wp\/v2\/types\/post"}],"author":[{"embeddable":true,"href":"https:\/\/agrund.com\/index.php\/wp-json\/wp\/v2\/users\/8"}],"replies":[{"embeddable":true,"href":"https:\/\/agrund.com\/index.php\/wp-json\/wp\/v2\/comments?post=221069"}],"version-history":[{"count":1,"href":"https:\/\/agrund.com\/index.php\/wp-json\/wp\/v2\/posts\/221069\/revisions"}],"predecessor-version":[{"id":221072,"href":"https:\/\/agrund.com\/index.php\/wp-json\/wp\/v2\/posts\/221069\/revisions\/221072"}],"wp:featuredmedia":[{"embeddable":true,"href":"https:\/\/agrund.com\/index.php\/wp-json\/wp\/v2\/media\/221071"}],"wp:attachment":[{"href":"https:\/\/agrund.com\/index.php\/wp-json\/wp\/v2\/media?parent=221069"}],"wp:term":[{"taxonomy":"category","embeddable":true,"href":"https:\/\/agrund.com\/index.php\/wp-json\/wp\/v2\/categories?post=221069"},{"taxonomy":"post_tag","embeddable":true,"href":"https:\/\/agrund.com\/index.php\/wp-json\/wp\/v2\/tags?post=221069"}],"curies":[{"name":"wp","href":"https:\/\/api.w.org\/{rel}","templated":true}]}}