{"id":221048,"date":"2021-10-20T12:00:00","date_gmt":"2021-10-20T15:00:00","guid":{"rendered":"https:\/\/agrund.com\/?p=221048"},"modified":"2021-10-20T13:55:27","modified_gmt":"2021-10-20T16:55:27","slug":"ariana-grande-revela-detalhes-de-sua-marca-de-beleza","status":"publish","type":"post","link":"https:\/\/agrund.com\/index.php\/ariana-grande-revela-detalhes-de-sua-marca-de-beleza\/","title":{"rendered":"Ariana Grande revela detalhes de sua marca de beleza"},"content":{"rendered":"\n<p>Voc\u00ea se lembra quando contamos <a href=\"https:\/\/agrund.com\/index.php\/ariana-grande-vai-lancar-marca-de-beleza\/\" data-type=\"URL\" data-id=\"https:\/\/agrund.com\/index.php\/ariana-grande-vai-lancar-marca-de-beleza\/\" target=\"_blank\" rel=\"noreferrer noopener\">AQUI<\/a> que Ariana Grande iria lan\u00e7ar uma marca de beleza? Finalmente a cantora revelou os primeiros detalhes do que vem por a\u00ed na R.E.M. Beauty<\/p>\n\n\n\n<p>Nos spoilers pudemos descobrir que a marca chegar\u00e1 ao mercado com quatro &#8220;Chapters&#8221; (&#8220;Cap\u00edtulos, em portugu\u00eas), sendo que o primeiro se chama \u201cUltraviolet\u201d.<\/p>\n\n\n\n<p>Na foto publicada no Instagram da R.E.M. Beauty vemos uma mensagem de Ariana revelando que esta primeira linha ter\u00e1 c\u00edlios posti\u00e7os, delineadores, glosses que aumentam os l\u00e1bios e lip tints, al\u00e9m de tr\u00eas outros produtos que aparecem desfocados.<\/p>\n\n\n\n<p>Ser\u00e1 que o nome da primeira cole\u00e7\u00e3o \u00e9 um spoiler de que teremos produtos em tons de roxo e lil\u00e1s? Vamos aguardar!\u00a0<\/p>\n\n\n\n<div class=\"wp-block-image\"><figure class=\"aligncenter size-full\"><img data-attachment-id=\"221050\" data-permalink=\"https:\/\/agrund.com\/index.php\/ariana-grande-revela-detalhes-de-sua-marca-de-beleza\/agrund-ariana-beauty-marca-beleza-2\/\" data-orig-file=\"https:\/\/i0.wp.com\/agrund.com\/wp-content\/uploads\/sites\/6\/2021\/10\/agrund-ariana-beauty-marca-beleza-2.jpg?fit=600%2C459&amp;ssl=1\" data-orig-size=\"600,459\" data-comments-opened=\"1\" data-image-meta=\"{&quot;aperture&quot;:&quot;0&quot;,&quot;credit&quot;:&quot;&quot;,&quot;camera&quot;:&quot;&quot;,&quot;caption&quot;:&quot;&quot;,&quot;created_timestamp&quot;:&quot;1634736666&quot;,&quot;copyright&quot;:&quot;&quot;,&quot;focal_length&quot;:&quot;0&quot;,&quot;iso&quot;:&quot;0&quot;,&quot;shutter_speed&quot;:&quot;0&quot;,&quot;title&quot;:&quot;&quot;,&quot;orientation&quot;:&quot;1&quot;}\" data-image-title=\"agrund-ariana-beauty-marca-beleza-2\" data-image-description=\"\" data-image-caption=\"\" data-medium-file=\"https:\/\/i0.wp.com\/agrund.com\/wp-content\/uploads\/sites\/6\/2021\/10\/agrund-ariana-beauty-marca-beleza-2.jpg?fit=300%2C230&amp;ssl=1\" data-large-file=\"https:\/\/i0.wp.com\/agrund.com\/wp-content\/uploads\/sites\/6\/2021\/10\/agrund-ariana-beauty-marca-beleza-2.jpg?fit=600%2C459&amp;ssl=1\" decoding=\"async\" loading=\"lazy\" width=\"600\" height=\"459\" src=\"https:\/\/i0.wp.com\/agrund.com\/wp-content\/uploads\/sites\/6\/2021\/10\/agrund-ariana-beauty-marca-beleza-2.jpg?resize=600%2C459&#038;ssl=1\" alt=\"\" class=\"wp-image-221050\" srcset=\"https:\/\/i0.wp.com\/agrund.com\/wp-content\/uploads\/sites\/6\/2021\/10\/agrund-ariana-beauty-marca-beleza-2.jpg?w=600&amp;ssl=1 600w, https:\/\/i0.wp.com\/agrund.com\/wp-content\/uploads\/sites\/6\/2021\/10\/agrund-ariana-beauty-marca-beleza-2.jpg?resize=300%2C230&amp;ssl=1 300w\" sizes=\"(max-width: 600px) 100vw, 600px\" data-recalc-dims=\"1\" \/><figcaption>Ariana Grande revela detalhes de sua marca de beleza<\/figcaption><\/figure><\/div>\n\n\n\n<div class=\"wp-block-image\"><figure class=\"aligncenter size-full\"><img data-attachment-id=\"221051\" data-permalink=\"https:\/\/agrund.com\/index.php\/ariana-grande-revela-detalhes-de-sua-marca-de-beleza\/agrund-ariana-beauty-marca-beleza-1\/\" data-orig-file=\"https:\/\/i0.wp.com\/agrund.com\/wp-content\/uploads\/sites\/6\/2021\/10\/agrund-ariana-beauty-marca-beleza-1.jpg?fit=600%2C442&amp;ssl=1\" data-orig-size=\"600,442\" data-comments-opened=\"1\" data-image-meta=\"{&quot;aperture&quot;:&quot;0&quot;,&quot;credit&quot;:&quot;&quot;,&quot;camera&quot;:&quot;&quot;,&quot;caption&quot;:&quot;&quot;,&quot;created_timestamp&quot;:&quot;1634736682&quot;,&quot;copyright&quot;:&quot;&quot;,&quot;focal_length&quot;:&quot;0&quot;,&quot;iso&quot;:&quot;0&quot;,&quot;shutter_speed&quot;:&quot;0&quot;,&quot;title&quot;:&quot;&quot;,&quot;orientation&quot;:&quot;1&quot;}\" data-image-title=\"agrund-ariana-beauty-marca-beleza-1\" data-image-description=\"\" data-image-caption=\"\" data-medium-file=\"https:\/\/i0.wp.com\/agrund.com\/wp-content\/uploads\/sites\/6\/2021\/10\/agrund-ariana-beauty-marca-beleza-1.jpg?fit=300%2C221&amp;ssl=1\" data-large-file=\"https:\/\/i0.wp.com\/agrund.com\/wp-content\/uploads\/sites\/6\/2021\/10\/agrund-ariana-beauty-marca-beleza-1.jpg?fit=600%2C442&amp;ssl=1\" decoding=\"async\" loading=\"lazy\" width=\"600\" height=\"442\" src=\"https:\/\/i0.wp.com\/agrund.com\/wp-content\/uploads\/sites\/6\/2021\/10\/agrund-ariana-beauty-marca-beleza-1.jpg?resize=600%2C442&#038;ssl=1\" alt=\"\" class=\"wp-image-221051\" srcset=\"https:\/\/i0.wp.com\/agrund.com\/wp-content\/uploads\/sites\/6\/2021\/10\/agrund-ariana-beauty-marca-beleza-1.jpg?w=600&amp;ssl=1 600w, https:\/\/i0.wp.com\/agrund.com\/wp-content\/uploads\/sites\/6\/2021\/10\/agrund-ariana-beauty-marca-beleza-1.jpg?resize=300%2C221&amp;ssl=1 300w\" sizes=\"(max-width: 600px) 100vw, 600px\" data-recalc-dims=\"1\" \/><figcaption>Ariana Grande revela detalhes de sua marca de beleza<\/figcaption><\/figure><\/div>\n\n\n\n<div class=\"wp-block-image\"><figure class=\"aligncenter size-full\"><img data-attachment-id=\"221052\" data-permalink=\"https:\/\/agrund.com\/index.php\/ariana-grande-revela-detalhes-de-sua-marca-de-beleza\/agrund-ariana-beauty-marca-beleza-3\/\" data-orig-file=\"https:\/\/i0.wp.com\/agrund.com\/wp-content\/uploads\/sites\/6\/2021\/10\/agrund-ariana-beauty-marca-beleza-3.jpg?fit=600%2C546&amp;ssl=1\" data-orig-size=\"600,546\" data-comments-opened=\"1\" data-image-meta=\"{&quot;aperture&quot;:&quot;0&quot;,&quot;credit&quot;:&quot;&quot;,&quot;camera&quot;:&quot;&quot;,&quot;caption&quot;:&quot;&quot;,&quot;created_timestamp&quot;:&quot;0&quot;,&quot;copyright&quot;:&quot;&quot;,&quot;focal_length&quot;:&quot;0&quot;,&quot;iso&quot;:&quot;0&quot;,&quot;shutter_speed&quot;:&quot;0&quot;,&quot;title&quot;:&quot;&quot;,&quot;orientation&quot;:&quot;1&quot;}\" data-image-title=\"agrund-ariana-beauty-marca-beleza-3\" data-image-description=\"\" data-image-caption=\"\" data-medium-file=\"https:\/\/i0.wp.com\/agrund.com\/wp-content\/uploads\/sites\/6\/2021\/10\/agrund-ariana-beauty-marca-beleza-3.jpg?fit=300%2C273&amp;ssl=1\" data-large-file=\"https:\/\/i0.wp.com\/agrund.com\/wp-content\/uploads\/sites\/6\/2021\/10\/agrund-ariana-beauty-marca-beleza-3.jpg?fit=600%2C546&amp;ssl=1\" decoding=\"async\" loading=\"lazy\" width=\"600\" height=\"546\" src=\"https:\/\/i0.wp.com\/agrund.com\/wp-content\/uploads\/sites\/6\/2021\/10\/agrund-ariana-beauty-marca-beleza-3.jpg?resize=600%2C546&#038;ssl=1\" alt=\"\" class=\"wp-image-221052\" srcset=\"https:\/\/i0.wp.com\/agrund.com\/wp-content\/uploads\/sites\/6\/2021\/10\/agrund-ariana-beauty-marca-beleza-3.jpg?w=600&amp;ssl=1 600w, https:\/\/i0.wp.com\/agrund.com\/wp-content\/uploads\/sites\/6\/2021\/10\/agrund-ariana-beauty-marca-beleza-3.jpg?resize=300%2C273&amp;ssl=1 300w\" sizes=\"(max-width: 600px) 100vw, 600px\" data-recalc-dims=\"1\" \/><figcaption>Ariana Grande revela detalhes de sua marca de beleza<\/figcaption><\/figure><\/div>\n\n\n\n<div class=\"wp-block-image\"><figure class=\"aligncenter size-full\"><img data-attachment-id=\"221053\" data-permalink=\"https:\/\/agrund.com\/index.php\/ariana-grande-revela-detalhes-de-sua-marca-de-beleza\/agrund-ariana-beauty-marca-beleza-4\/\" data-orig-file=\"https:\/\/i0.wp.com\/agrund.com\/wp-content\/uploads\/sites\/6\/2021\/10\/agrund-ariana-beauty-marca-beleza-4.jpg?fit=600%2C564&amp;ssl=1\" data-orig-size=\"600,564\" data-comments-opened=\"1\" data-image-meta=\"{&quot;aperture&quot;:&quot;0&quot;,&quot;credit&quot;:&quot;&quot;,&quot;camera&quot;:&quot;&quot;,&quot;caption&quot;:&quot;&quot;,&quot;created_timestamp&quot;:&quot;0&quot;,&quot;copyright&quot;:&quot;&quot;,&quot;focal_length&quot;:&quot;0&quot;,&quot;iso&quot;:&quot;0&quot;,&quot;shutter_speed&quot;:&quot;0&quot;,&quot;title&quot;:&quot;&quot;,&quot;orientation&quot;:&quot;1&quot;}\" data-image-title=\"agrund-ariana-beauty-marca-beleza-4\" data-image-description=\"\" data-image-caption=\"\" data-medium-file=\"https:\/\/i0.wp.com\/agrund.com\/wp-content\/uploads\/sites\/6\/2021\/10\/agrund-ariana-beauty-marca-beleza-4.jpg?fit=300%2C282&amp;ssl=1\" data-large-file=\"https:\/\/i0.wp.com\/agrund.com\/wp-content\/uploads\/sites\/6\/2021\/10\/agrund-ariana-beauty-marca-beleza-4.jpg?fit=600%2C564&amp;ssl=1\" decoding=\"async\" loading=\"lazy\" width=\"600\" height=\"564\" src=\"https:\/\/i0.wp.com\/agrund.com\/wp-content\/uploads\/sites\/6\/2021\/10\/agrund-ariana-beauty-marca-beleza-4.jpg?resize=600%2C564&#038;ssl=1\" alt=\"\" class=\"wp-image-221053\" srcset=\"https:\/\/i0.wp.com\/agrund.com\/wp-content\/uploads\/sites\/6\/2021\/10\/agrund-ariana-beauty-marca-beleza-4.jpg?w=600&amp;ssl=1 600w, https:\/\/i0.wp.com\/agrund.com\/wp-content\/uploads\/sites\/6\/2021\/10\/agrund-ariana-beauty-marca-beleza-4.jpg?resize=300%2C282&amp;ssl=1 300w\" sizes=\"(max-width: 600px) 100vw, 600px\" data-recalc-dims=\"1\" \/><figcaption>Ariana Grande revela detalhes de sua marca de beleza<\/figcaption><\/figure><\/div>\n\n\n\n<p>Fotos: Reprodu\u00e7\u00e3o. <\/p>\n","protected":false},"excerpt":{"rendered":"<p>Voc\u00ea se lembra quando contamos AQUI que Ariana Grande iria lan\u00e7ar uma marca de beleza? Finalmente a cantora revelou os primeiros detalhes do que vem por a\u00ed na R.E.M. Beauty Nos spoilers pudemos descobrir que a marca chegar\u00e1 ao mercado com quatro &#8220;Chapters&#8221; (&#8220;Cap\u00edtulos, em portugu\u00eas), sendo que o primeiro se chama \u201cUltraviolet\u201d. Na foto [&hellip;]<\/p>\n","protected":false},"author":8,"featured_media":221054,"comment_status":"open","ping_status":"open","sticky":false,"template":"","format":"standard","meta":{"jetpack_post_was_ever_published":false,"_jetpack_newsletter_access":"","jetpack_publicize_message":"","jetpack_is_tweetstorm":false,"jetpack_publicize_feature_enabled":true,"jetpack_social_post_already_shared":true,"jetpack_social_options":{"image_generator_settings":{"template":"highway","enabled":false}}},"categories":[2],"tags":[395,375,352,692,3058,371,372],"jetpack_publicize_connections":[],"jetpack_featured_media_url":"https:\/\/i0.wp.com\/agrund.com\/wp-content\/uploads\/sites\/6\/2021\/10\/s-26.jpg?fit=960%2C300&ssl=1","jetpack_sharing_enabled":true,"jetpack_shortlink":"https:\/\/wp.me\/p3Hz0n-Vvi","jetpack_likes_enabled":true,"_links":{"self":[{"href":"https:\/\/agrund.com\/index.php\/wp-json\/wp\/v2\/posts\/221048"}],"collection":[{"href":"https:\/\/agrund.com\/index.php\/wp-json\/wp\/v2\/posts"}],"about":[{"href":"https:\/\/agrund.com\/index.php\/wp-json\/wp\/v2\/types\/post"}],"author":[{"embeddable":true,"href":"https:\/\/agrund.com\/index.php\/wp-json\/wp\/v2\/users\/8"}],"replies":[{"embeddable":true,"href":"https:\/\/agrund.com\/index.php\/wp-json\/wp\/v2\/comments?post=221048"}],"version-history":[{"count":2,"href":"https:\/\/agrund.com\/index.php\/wp-json\/wp\/v2\/posts\/221048\/revisions"}],"predecessor-version":[{"id":221055,"href":"https:\/\/agrund.com\/index.php\/wp-json\/wp\/v2\/posts\/221048\/revisions\/221055"}],"wp:featuredmedia":[{"embeddable":true,"href":"https:\/\/agrund.com\/index.php\/wp-json\/wp\/v2\/media\/221054"}],"wp:attachment":[{"href":"https:\/\/agrund.com\/index.php\/wp-json\/wp\/v2\/media?parent=221048"}],"wp:term":[{"taxonomy":"category","embeddable":true,"href":"https:\/\/agrund.com\/index.php\/wp-json\/wp\/v2\/categories?post=221048"},{"taxonomy":"post_tag","embeddable":true,"href":"https:\/\/agrund.com\/index.php\/wp-json\/wp\/v2\/tags?post=221048"}],"curies":[{"name":"wp","href":"https:\/\/api.w.org\/{rel}","templated":true}]}}