{"id":220893,"date":"2021-10-13T12:00:00","date_gmt":"2021-10-13T15:00:00","guid":{"rendered":"https:\/\/agrund.com\/?p=220893"},"modified":"2021-10-13T12:41:36","modified_gmt":"2021-10-13T15:41:36","slug":"mfw-primavera-2022-fendi-provoca-e-instiga-com-sua-elegancia-e-sensualidade","status":"publish","type":"post","link":"https:\/\/agrund.com\/index.php\/mfw-primavera-2022-fendi-provoca-e-instiga-com-sua-elegancia-e-sensualidade\/","title":{"rendered":"MFW Primavera 2022 :: Fendi provoca e instiga com sua eleg\u00e2ncia e sensualidade"},"content":{"rendered":"\n<p>Por Arlindo Grund<\/p>\n\n\n\n<p>A semana de moda de Mil\u00e3o volta cheia de significados nesta&nbsp;temporada primavera 2022. A primeira de todas, com a maioria das marcas apresentando de forma presencial suas&nbsp;cole\u00e7\u00f5es, j\u00e1 que&nbsp;a pandemia de Covid-19 est\u00e1 controlada na Europa.<\/p>\n\n\n\n<p>Depois de NY e Londres, Mil\u00e3o \u00e9 considerada uma semana de moda mais sofisticada com influ\u00eancias tradicionais e,&nbsp;obvio, com pontos avant-garde. A cole\u00e7\u00e3o da Fendi, assinada por Kim Jones com colabora\u00e7\u00e3o de Silvia Venturini Fendi e Delfina Delettrez Fendi, mostra que cada marca trar\u00e1 sua vis\u00e3o deste momento de acordo com seus conceitos, valores e prop\u00f3sitos. Ainda que muitas vezes de forma mais discreta e em outras vezes de forma mais articulada, teatral. Em se tratando da casa italiana, suas cria\u00e7\u00f5es seguem o caminho proposto desde sempre: deixar a mulher elegante e sensual.<\/p>\n\n\n\n<p>A apresenta\u00e7\u00e3o come\u00e7a com os brancos, depois seguimos para aquele momento de inserir as cores, incluindo,\u00a0a\u00ed, estampas. Tamb\u00e9m podemos ver o conforto voltando como tema principal, al\u00e9m de &#8211; obvio\u00a0&#8211;\u00a0 essa necessidade de voltar \u00e0 conviv\u00eancia social. Atrav\u00e9s das roupas isso est\u00e1 aparecendo de forma bem festiva, colorida e texturizada. A moda como reflexo do comportamento de uma sociedade mostra exatamente essa ansiedade e busca por uma liberdade total, inclusive nas cria\u00e7\u00f5es e composi\u00e7\u00f5es de produ\u00e7\u00f5es. Nas temporadas 2024\/2025, veremos essa liberdade aflorar de maneira hedonista e sexualizada. Anote!<\/p>\n\n\n\n<div class=\"wp-block-image\"><figure class=\"aligncenter size-full\"><img data-attachment-id=\"220895\" data-permalink=\"https:\/\/agrund.com\/index.php\/mfw-primavera-2022-fendi-provoca-e-instiga-com-sua-elegancia-e-sensualidade\/agrund-semana-moda-milao-fendi-1-2\/\" data-orig-file=\"https:\/\/i0.wp.com\/agrund.com\/wp-content\/uploads\/sites\/6\/2021\/10\/agrund-semana-moda-milao-fendi-1.jpg?fit=600%2C900&amp;ssl=1\" data-orig-size=\"600,900\" data-comments-opened=\"1\" data-image-meta=\"{&quot;aperture&quot;:&quot;0&quot;,&quot;credit&quot;:&quot;&quot;,&quot;camera&quot;:&quot;&quot;,&quot;caption&quot;:&quot;&quot;,&quot;created_timestamp&quot;:&quot;0&quot;,&quot;copyright&quot;:&quot;&quot;,&quot;focal_length&quot;:&quot;0&quot;,&quot;iso&quot;:&quot;0&quot;,&quot;shutter_speed&quot;:&quot;0&quot;,&quot;title&quot;:&quot;&quot;,&quot;orientation&quot;:&quot;1&quot;}\" data-image-title=\"agrund-semana-moda-milao-fendi-1\" data-image-description=\"\" data-image-caption=\"\" data-medium-file=\"https:\/\/i0.wp.com\/agrund.com\/wp-content\/uploads\/sites\/6\/2021\/10\/agrund-semana-moda-milao-fendi-1.jpg?fit=200%2C300&amp;ssl=1\" data-large-file=\"https:\/\/i0.wp.com\/agrund.com\/wp-content\/uploads\/sites\/6\/2021\/10\/agrund-semana-moda-milao-fendi-1.jpg?fit=600%2C900&amp;ssl=1\" decoding=\"async\" loading=\"lazy\" width=\"600\" height=\"900\" src=\"https:\/\/i0.wp.com\/agrund.com\/wp-content\/uploads\/sites\/6\/2021\/10\/agrund-semana-moda-milao-fendi-1.jpg?resize=600%2C900&#038;ssl=1\" alt=\"\" class=\"wp-image-220895\" srcset=\"https:\/\/i0.wp.com\/agrund.com\/wp-content\/uploads\/sites\/6\/2021\/10\/agrund-semana-moda-milao-fendi-1.jpg?w=600&amp;ssl=1 600w, https:\/\/i0.wp.com\/agrund.com\/wp-content\/uploads\/sites\/6\/2021\/10\/agrund-semana-moda-milao-fendi-1.jpg?resize=200%2C300&amp;ssl=1 200w\" sizes=\"(max-width: 600px) 100vw, 600px\" data-recalc-dims=\"1\" \/><figcaption>MFW Primavera 2022 :: Fendi provoca e instiga com sua eleg\u00e2ncia e sensualidade<\/figcaption><\/figure><\/div>\n\n\n\n<div class=\"wp-block-image\"><figure class=\"aligncenter size-full\"><img data-attachment-id=\"220896\" data-permalink=\"https:\/\/agrund.com\/index.php\/mfw-primavera-2022-fendi-provoca-e-instiga-com-sua-elegancia-e-sensualidade\/agrund-semana-moda-milao-fendi-2-2\/\" data-orig-file=\"https:\/\/i0.wp.com\/agrund.com\/wp-content\/uploads\/sites\/6\/2021\/10\/agrund-semana-moda-milao-fendi-2.jpg?fit=600%2C900&amp;ssl=1\" data-orig-size=\"600,900\" data-comments-opened=\"1\" data-image-meta=\"{&quot;aperture&quot;:&quot;0&quot;,&quot;credit&quot;:&quot;&quot;,&quot;camera&quot;:&quot;&quot;,&quot;caption&quot;:&quot;&quot;,&quot;created_timestamp&quot;:&quot;0&quot;,&quot;copyright&quot;:&quot;&quot;,&quot;focal_length&quot;:&quot;0&quot;,&quot;iso&quot;:&quot;0&quot;,&quot;shutter_speed&quot;:&quot;0&quot;,&quot;title&quot;:&quot;&quot;,&quot;orientation&quot;:&quot;1&quot;}\" data-image-title=\"agrund-semana-moda-milao-fendi-2\" data-image-description=\"\" data-image-caption=\"\" data-medium-file=\"https:\/\/i0.wp.com\/agrund.com\/wp-content\/uploads\/sites\/6\/2021\/10\/agrund-semana-moda-milao-fendi-2.jpg?fit=200%2C300&amp;ssl=1\" data-large-file=\"https:\/\/i0.wp.com\/agrund.com\/wp-content\/uploads\/sites\/6\/2021\/10\/agrund-semana-moda-milao-fendi-2.jpg?fit=600%2C900&amp;ssl=1\" decoding=\"async\" loading=\"lazy\" width=\"600\" height=\"900\" src=\"https:\/\/i0.wp.com\/agrund.com\/wp-content\/uploads\/sites\/6\/2021\/10\/agrund-semana-moda-milao-fendi-2.jpg?resize=600%2C900&#038;ssl=1\" alt=\"\" class=\"wp-image-220896\" srcset=\"https:\/\/i0.wp.com\/agrund.com\/wp-content\/uploads\/sites\/6\/2021\/10\/agrund-semana-moda-milao-fendi-2.jpg?w=600&amp;ssl=1 600w, https:\/\/i0.wp.com\/agrund.com\/wp-content\/uploads\/sites\/6\/2021\/10\/agrund-semana-moda-milao-fendi-2.jpg?resize=200%2C300&amp;ssl=1 200w\" sizes=\"(max-width: 600px) 100vw, 600px\" data-recalc-dims=\"1\" \/><figcaption>MFW Primavera 2022 :: Fendi provoca e instiga com sua eleg\u00e2ncia e sensualidade<\/figcaption><\/figure><\/div>\n\n\n\n<div class=\"wp-block-image\"><figure class=\"aligncenter size-full\"><img data-attachment-id=\"220897\" data-permalink=\"https:\/\/agrund.com\/index.php\/mfw-primavera-2022-fendi-provoca-e-instiga-com-sua-elegancia-e-sensualidade\/agrund-semana-moda-milao-fendi-3-2\/\" data-orig-file=\"https:\/\/i0.wp.com\/agrund.com\/wp-content\/uploads\/sites\/6\/2021\/10\/agrund-semana-moda-milao-fendi-3.jpg?fit=600%2C900&amp;ssl=1\" data-orig-size=\"600,900\" data-comments-opened=\"1\" data-image-meta=\"{&quot;aperture&quot;:&quot;0&quot;,&quot;credit&quot;:&quot;&quot;,&quot;camera&quot;:&quot;&quot;,&quot;caption&quot;:&quot;&quot;,&quot;created_timestamp&quot;:&quot;0&quot;,&quot;copyright&quot;:&quot;&quot;,&quot;focal_length&quot;:&quot;0&quot;,&quot;iso&quot;:&quot;0&quot;,&quot;shutter_speed&quot;:&quot;0&quot;,&quot;title&quot;:&quot;&quot;,&quot;orientation&quot;:&quot;1&quot;}\" data-image-title=\"agrund-semana-moda-milao-fendi-3\" data-image-description=\"\" data-image-caption=\"\" data-medium-file=\"https:\/\/i0.wp.com\/agrund.com\/wp-content\/uploads\/sites\/6\/2021\/10\/agrund-semana-moda-milao-fendi-3.jpg?fit=200%2C300&amp;ssl=1\" data-large-file=\"https:\/\/i0.wp.com\/agrund.com\/wp-content\/uploads\/sites\/6\/2021\/10\/agrund-semana-moda-milao-fendi-3.jpg?fit=600%2C900&amp;ssl=1\" decoding=\"async\" loading=\"lazy\" width=\"600\" height=\"900\" src=\"https:\/\/i0.wp.com\/agrund.com\/wp-content\/uploads\/sites\/6\/2021\/10\/agrund-semana-moda-milao-fendi-3.jpg?resize=600%2C900&#038;ssl=1\" alt=\"\" class=\"wp-image-220897\" srcset=\"https:\/\/i0.wp.com\/agrund.com\/wp-content\/uploads\/sites\/6\/2021\/10\/agrund-semana-moda-milao-fendi-3.jpg?w=600&amp;ssl=1 600w, https:\/\/i0.wp.com\/agrund.com\/wp-content\/uploads\/sites\/6\/2021\/10\/agrund-semana-moda-milao-fendi-3.jpg?resize=200%2C300&amp;ssl=1 200w\" sizes=\"(max-width: 600px) 100vw, 600px\" data-recalc-dims=\"1\" \/><figcaption>MFW Primavera 2022 :: Fendi provoca e instiga com sua eleg\u00e2ncia e sensualidade<\/figcaption><\/figure><\/div>\n\n\n\n<div class=\"wp-block-image\"><figure class=\"aligncenter size-full\"><img data-attachment-id=\"220898\" data-permalink=\"https:\/\/agrund.com\/index.php\/mfw-primavera-2022-fendi-provoca-e-instiga-com-sua-elegancia-e-sensualidade\/agrund-semana-moda-milao-fendi-4-2\/\" data-orig-file=\"https:\/\/i0.wp.com\/agrund.com\/wp-content\/uploads\/sites\/6\/2021\/10\/agrund-semana-moda-milao-fendi-4.jpg?fit=600%2C900&amp;ssl=1\" data-orig-size=\"600,900\" data-comments-opened=\"1\" data-image-meta=\"{&quot;aperture&quot;:&quot;0&quot;,&quot;credit&quot;:&quot;&quot;,&quot;camera&quot;:&quot;&quot;,&quot;caption&quot;:&quot;&quot;,&quot;created_timestamp&quot;:&quot;0&quot;,&quot;copyright&quot;:&quot;&quot;,&quot;focal_length&quot;:&quot;0&quot;,&quot;iso&quot;:&quot;0&quot;,&quot;shutter_speed&quot;:&quot;0&quot;,&quot;title&quot;:&quot;&quot;,&quot;orientation&quot;:&quot;1&quot;}\" data-image-title=\"agrund-semana-moda-milao-fendi-4\" data-image-description=\"\" data-image-caption=\"\" data-medium-file=\"https:\/\/i0.wp.com\/agrund.com\/wp-content\/uploads\/sites\/6\/2021\/10\/agrund-semana-moda-milao-fendi-4.jpg?fit=200%2C300&amp;ssl=1\" data-large-file=\"https:\/\/i0.wp.com\/agrund.com\/wp-content\/uploads\/sites\/6\/2021\/10\/agrund-semana-moda-milao-fendi-4.jpg?fit=600%2C900&amp;ssl=1\" decoding=\"async\" loading=\"lazy\" width=\"600\" height=\"900\" src=\"https:\/\/i0.wp.com\/agrund.com\/wp-content\/uploads\/sites\/6\/2021\/10\/agrund-semana-moda-milao-fendi-4.jpg?resize=600%2C900&#038;ssl=1\" alt=\"\" class=\"wp-image-220898\" srcset=\"https:\/\/i0.wp.com\/agrund.com\/wp-content\/uploads\/sites\/6\/2021\/10\/agrund-semana-moda-milao-fendi-4.jpg?w=600&amp;ssl=1 600w, https:\/\/i0.wp.com\/agrund.com\/wp-content\/uploads\/sites\/6\/2021\/10\/agrund-semana-moda-milao-fendi-4.jpg?resize=200%2C300&amp;ssl=1 200w\" sizes=\"(max-width: 600px) 100vw, 600px\" data-recalc-dims=\"1\" \/><figcaption>MFW Primavera 2022 :: Fendi provoca e instiga com sua eleg\u00e2ncia e sensualidade<\/figcaption><\/figure><\/div>\n\n\n\n<div class=\"wp-block-image\"><figure class=\"aligncenter size-full\"><img data-attachment-id=\"220899\" data-permalink=\"https:\/\/agrund.com\/index.php\/mfw-primavera-2022-fendi-provoca-e-instiga-com-sua-elegancia-e-sensualidade\/agrund-semana-moda-milao-fendi-5-2\/\" data-orig-file=\"https:\/\/i0.wp.com\/agrund.com\/wp-content\/uploads\/sites\/6\/2021\/10\/agrund-semana-moda-milao-fendi-5.jpg?fit=600%2C900&amp;ssl=1\" data-orig-size=\"600,900\" data-comments-opened=\"1\" data-image-meta=\"{&quot;aperture&quot;:&quot;0&quot;,&quot;credit&quot;:&quot;&quot;,&quot;camera&quot;:&quot;&quot;,&quot;caption&quot;:&quot;&quot;,&quot;created_timestamp&quot;:&quot;0&quot;,&quot;copyright&quot;:&quot;&quot;,&quot;focal_length&quot;:&quot;0&quot;,&quot;iso&quot;:&quot;0&quot;,&quot;shutter_speed&quot;:&quot;0&quot;,&quot;title&quot;:&quot;&quot;,&quot;orientation&quot;:&quot;1&quot;}\" data-image-title=\"agrund-semana-moda-milao-fendi-5\" data-image-description=\"\" data-image-caption=\"\" data-medium-file=\"https:\/\/i0.wp.com\/agrund.com\/wp-content\/uploads\/sites\/6\/2021\/10\/agrund-semana-moda-milao-fendi-5.jpg?fit=200%2C300&amp;ssl=1\" data-large-file=\"https:\/\/i0.wp.com\/agrund.com\/wp-content\/uploads\/sites\/6\/2021\/10\/agrund-semana-moda-milao-fendi-5.jpg?fit=600%2C900&amp;ssl=1\" decoding=\"async\" loading=\"lazy\" width=\"600\" height=\"900\" src=\"https:\/\/i0.wp.com\/agrund.com\/wp-content\/uploads\/sites\/6\/2021\/10\/agrund-semana-moda-milao-fendi-5.jpg?resize=600%2C900&#038;ssl=1\" alt=\"\" class=\"wp-image-220899\" srcset=\"https:\/\/i0.wp.com\/agrund.com\/wp-content\/uploads\/sites\/6\/2021\/10\/agrund-semana-moda-milao-fendi-5.jpg?w=600&amp;ssl=1 600w, https:\/\/i0.wp.com\/agrund.com\/wp-content\/uploads\/sites\/6\/2021\/10\/agrund-semana-moda-milao-fendi-5.jpg?resize=200%2C300&amp;ssl=1 200w\" sizes=\"(max-width: 600px) 100vw, 600px\" data-recalc-dims=\"1\" \/><figcaption>MFW Primavera 2022 :: Fendi provoca e instiga com sua eleg\u00e2ncia e sensualidade<\/figcaption><\/figure><\/div>\n\n\n\n<div class=\"wp-block-image\"><figure class=\"aligncenter size-full\"><img data-attachment-id=\"220900\" data-permalink=\"https:\/\/agrund.com\/index.php\/mfw-primavera-2022-fendi-provoca-e-instiga-com-sua-elegancia-e-sensualidade\/agrund-semana-moda-milao-fendi-6-2\/\" data-orig-file=\"https:\/\/i0.wp.com\/agrund.com\/wp-content\/uploads\/sites\/6\/2021\/10\/agrund-semana-moda-milao-fendi-6.jpg?fit=600%2C900&amp;ssl=1\" data-orig-size=\"600,900\" data-comments-opened=\"1\" data-image-meta=\"{&quot;aperture&quot;:&quot;0&quot;,&quot;credit&quot;:&quot;&quot;,&quot;camera&quot;:&quot;&quot;,&quot;caption&quot;:&quot;&quot;,&quot;created_timestamp&quot;:&quot;0&quot;,&quot;copyright&quot;:&quot;&quot;,&quot;focal_length&quot;:&quot;0&quot;,&quot;iso&quot;:&quot;0&quot;,&quot;shutter_speed&quot;:&quot;0&quot;,&quot;title&quot;:&quot;&quot;,&quot;orientation&quot;:&quot;1&quot;}\" data-image-title=\"agrund-semana-moda-milao-fendi-6\" data-image-description=\"\" data-image-caption=\"\" data-medium-file=\"https:\/\/i0.wp.com\/agrund.com\/wp-content\/uploads\/sites\/6\/2021\/10\/agrund-semana-moda-milao-fendi-6.jpg?fit=200%2C300&amp;ssl=1\" data-large-file=\"https:\/\/i0.wp.com\/agrund.com\/wp-content\/uploads\/sites\/6\/2021\/10\/agrund-semana-moda-milao-fendi-6.jpg?fit=600%2C900&amp;ssl=1\" decoding=\"async\" loading=\"lazy\" width=\"600\" height=\"900\" src=\"https:\/\/i0.wp.com\/agrund.com\/wp-content\/uploads\/sites\/6\/2021\/10\/agrund-semana-moda-milao-fendi-6.jpg?resize=600%2C900&#038;ssl=1\" alt=\"\" class=\"wp-image-220900\" srcset=\"https:\/\/i0.wp.com\/agrund.com\/wp-content\/uploads\/sites\/6\/2021\/10\/agrund-semana-moda-milao-fendi-6.jpg?w=600&amp;ssl=1 600w, https:\/\/i0.wp.com\/agrund.com\/wp-content\/uploads\/sites\/6\/2021\/10\/agrund-semana-moda-milao-fendi-6.jpg?resize=200%2C300&amp;ssl=1 200w\" sizes=\"(max-width: 600px) 100vw, 600px\" data-recalc-dims=\"1\" \/><figcaption>MFW Primavera 2022 :: Fendi provoca e instiga com sua eleg\u00e2ncia e sensualidade<\/figcaption><\/figure><\/div>\n\n\n\n<div class=\"wp-block-image\"><figure class=\"aligncenter size-full\"><img data-attachment-id=\"220901\" data-permalink=\"https:\/\/agrund.com\/index.php\/mfw-primavera-2022-fendi-provoca-e-instiga-com-sua-elegancia-e-sensualidade\/agrund-semana-moda-milao-fendi-7-2\/\" data-orig-file=\"https:\/\/i0.wp.com\/agrund.com\/wp-content\/uploads\/sites\/6\/2021\/10\/agrund-semana-moda-milao-fendi-7.jpg?fit=600%2C900&amp;ssl=1\" data-orig-size=\"600,900\" data-comments-opened=\"1\" data-image-meta=\"{&quot;aperture&quot;:&quot;0&quot;,&quot;credit&quot;:&quot;&quot;,&quot;camera&quot;:&quot;&quot;,&quot;caption&quot;:&quot;&quot;,&quot;created_timestamp&quot;:&quot;0&quot;,&quot;copyright&quot;:&quot;&quot;,&quot;focal_length&quot;:&quot;0&quot;,&quot;iso&quot;:&quot;0&quot;,&quot;shutter_speed&quot;:&quot;0&quot;,&quot;title&quot;:&quot;&quot;,&quot;orientation&quot;:&quot;1&quot;}\" data-image-title=\"agrund-semana-moda-milao-fendi-7\" data-image-description=\"\" data-image-caption=\"\" data-medium-file=\"https:\/\/i0.wp.com\/agrund.com\/wp-content\/uploads\/sites\/6\/2021\/10\/agrund-semana-moda-milao-fendi-7.jpg?fit=200%2C300&amp;ssl=1\" data-large-file=\"https:\/\/i0.wp.com\/agrund.com\/wp-content\/uploads\/sites\/6\/2021\/10\/agrund-semana-moda-milao-fendi-7.jpg?fit=600%2C900&amp;ssl=1\" decoding=\"async\" loading=\"lazy\" width=\"600\" height=\"900\" src=\"https:\/\/i0.wp.com\/agrund.com\/wp-content\/uploads\/sites\/6\/2021\/10\/agrund-semana-moda-milao-fendi-7.jpg?resize=600%2C900&#038;ssl=1\" alt=\"\" class=\"wp-image-220901\" srcset=\"https:\/\/i0.wp.com\/agrund.com\/wp-content\/uploads\/sites\/6\/2021\/10\/agrund-semana-moda-milao-fendi-7.jpg?w=600&amp;ssl=1 600w, https:\/\/i0.wp.com\/agrund.com\/wp-content\/uploads\/sites\/6\/2021\/10\/agrund-semana-moda-milao-fendi-7.jpg?resize=200%2C300&amp;ssl=1 200w\" sizes=\"(max-width: 600px) 100vw, 600px\" data-recalc-dims=\"1\" \/><figcaption>MFW Primavera 2022 :: Fendi provoca e instiga com sua eleg\u00e2ncia e sensualidade<\/figcaption><\/figure><\/div>\n\n\n\n<div class=\"wp-block-image\"><figure class=\"aligncenter size-full\"><img data-attachment-id=\"220902\" data-permalink=\"https:\/\/agrund.com\/index.php\/mfw-primavera-2022-fendi-provoca-e-instiga-com-sua-elegancia-e-sensualidade\/agrund-semana-moda-milao-fendi-8-2\/\" data-orig-file=\"https:\/\/i0.wp.com\/agrund.com\/wp-content\/uploads\/sites\/6\/2021\/10\/agrund-semana-moda-milao-fendi-8.jpg?fit=600%2C900&amp;ssl=1\" data-orig-size=\"600,900\" data-comments-opened=\"1\" data-image-meta=\"{&quot;aperture&quot;:&quot;0&quot;,&quot;credit&quot;:&quot;&quot;,&quot;camera&quot;:&quot;&quot;,&quot;caption&quot;:&quot;&quot;,&quot;created_timestamp&quot;:&quot;0&quot;,&quot;copyright&quot;:&quot;&quot;,&quot;focal_length&quot;:&quot;0&quot;,&quot;iso&quot;:&quot;0&quot;,&quot;shutter_speed&quot;:&quot;0&quot;,&quot;title&quot;:&quot;&quot;,&quot;orientation&quot;:&quot;1&quot;}\" data-image-title=\"agrund-semana-moda-milao-fendi-8\" data-image-description=\"\" data-image-caption=\"\" data-medium-file=\"https:\/\/i0.wp.com\/agrund.com\/wp-content\/uploads\/sites\/6\/2021\/10\/agrund-semana-moda-milao-fendi-8.jpg?fit=200%2C300&amp;ssl=1\" data-large-file=\"https:\/\/i0.wp.com\/agrund.com\/wp-content\/uploads\/sites\/6\/2021\/10\/agrund-semana-moda-milao-fendi-8.jpg?fit=600%2C900&amp;ssl=1\" decoding=\"async\" loading=\"lazy\" width=\"600\" height=\"900\" src=\"https:\/\/i0.wp.com\/agrund.com\/wp-content\/uploads\/sites\/6\/2021\/10\/agrund-semana-moda-milao-fendi-8.jpg?resize=600%2C900&#038;ssl=1\" alt=\"\" class=\"wp-image-220902\" srcset=\"https:\/\/i0.wp.com\/agrund.com\/wp-content\/uploads\/sites\/6\/2021\/10\/agrund-semana-moda-milao-fendi-8.jpg?w=600&amp;ssl=1 600w, https:\/\/i0.wp.com\/agrund.com\/wp-content\/uploads\/sites\/6\/2021\/10\/agrund-semana-moda-milao-fendi-8.jpg?resize=200%2C300&amp;ssl=1 200w\" sizes=\"(max-width: 600px) 100vw, 600px\" data-recalc-dims=\"1\" \/><figcaption>MFW Primavera 2022 :: Fendi provoca e instiga com sua eleg\u00e2ncia e sensualidade<\/figcaption><\/figure><\/div>\n\n\n\n<div class=\"wp-block-image\"><figure class=\"aligncenter size-full\"><img data-attachment-id=\"220903\" data-permalink=\"https:\/\/agrund.com\/index.php\/mfw-primavera-2022-fendi-provoca-e-instiga-com-sua-elegancia-e-sensualidade\/agrund-semana-moda-milao-fendi-9-2\/\" data-orig-file=\"https:\/\/i0.wp.com\/agrund.com\/wp-content\/uploads\/sites\/6\/2021\/10\/agrund-semana-moda-milao-fendi-9.jpg?fit=600%2C900&amp;ssl=1\" data-orig-size=\"600,900\" data-comments-opened=\"1\" data-image-meta=\"{&quot;aperture&quot;:&quot;0&quot;,&quot;credit&quot;:&quot;&quot;,&quot;camera&quot;:&quot;&quot;,&quot;caption&quot;:&quot;&quot;,&quot;created_timestamp&quot;:&quot;0&quot;,&quot;copyright&quot;:&quot;&quot;,&quot;focal_length&quot;:&quot;0&quot;,&quot;iso&quot;:&quot;0&quot;,&quot;shutter_speed&quot;:&quot;0&quot;,&quot;title&quot;:&quot;&quot;,&quot;orientation&quot;:&quot;1&quot;}\" data-image-title=\"agrund-semana-moda-milao-fendi-9\" data-image-description=\"\" data-image-caption=\"\" data-medium-file=\"https:\/\/i0.wp.com\/agrund.com\/wp-content\/uploads\/sites\/6\/2021\/10\/agrund-semana-moda-milao-fendi-9.jpg?fit=200%2C300&amp;ssl=1\" data-large-file=\"https:\/\/i0.wp.com\/agrund.com\/wp-content\/uploads\/sites\/6\/2021\/10\/agrund-semana-moda-milao-fendi-9.jpg?fit=600%2C900&amp;ssl=1\" decoding=\"async\" loading=\"lazy\" width=\"600\" height=\"900\" src=\"https:\/\/i0.wp.com\/agrund.com\/wp-content\/uploads\/sites\/6\/2021\/10\/agrund-semana-moda-milao-fendi-9.jpg?resize=600%2C900&#038;ssl=1\" alt=\"\" class=\"wp-image-220903\" srcset=\"https:\/\/i0.wp.com\/agrund.com\/wp-content\/uploads\/sites\/6\/2021\/10\/agrund-semana-moda-milao-fendi-9.jpg?w=600&amp;ssl=1 600w, https:\/\/i0.wp.com\/agrund.com\/wp-content\/uploads\/sites\/6\/2021\/10\/agrund-semana-moda-milao-fendi-9.jpg?resize=200%2C300&amp;ssl=1 200w\" sizes=\"(max-width: 600px) 100vw, 600px\" data-recalc-dims=\"1\" \/><figcaption>MFW Primavera 2022 :: Fendi provoca e instiga com sua eleg\u00e2ncia e sensualidade<\/figcaption><\/figure><\/div>\n\n\n\n<p>Imagens: Reprodu\u00e7\u00e3o \/ Filippo Fior\/Gorunway.com.<\/p>\n","protected":false},"excerpt":{"rendered":"<p>Por Arlindo Grund A semana de moda de Mil\u00e3o volta cheia de significados nesta&nbsp;temporada primavera 2022. A primeira de todas, com a maioria das marcas apresentando de forma presencial suas&nbsp;cole\u00e7\u00f5es, j\u00e1 que&nbsp;a pandemia de Covid-19 est\u00e1 controlada na Europa. Depois de NY e Londres, Mil\u00e3o \u00e9 considerada uma semana de moda mais sofisticada com influ\u00eancias [&hellip;]<\/p>\n","protected":false},"author":8,"featured_media":220904,"comment_status":"open","ping_status":"open","sticky":false,"template":"","format":"standard","meta":{"jetpack_post_was_ever_published":false,"_jetpack_newsletter_access":"","jetpack_publicize_message":"","jetpack_is_tweetstorm":false,"jetpack_publicize_feature_enabled":true,"jetpack_social_post_already_shared":true,"jetpack_social_options":{"image_generator_settings":{"template":"highway","enabled":false}}},"categories":[21,2],"tags":[395,64,309,170,455,544],"jetpack_publicize_connections":[],"jetpack_featured_media_url":"https:\/\/i0.wp.com\/agrund.com\/wp-content\/uploads\/sites\/6\/2021\/10\/s-11.jpg?fit=960%2C300&ssl=1","jetpack_sharing_enabled":true,"jetpack_shortlink":"https:\/\/wp.me\/p3Hz0n-VsN","jetpack_likes_enabled":true,"_links":{"self":[{"href":"https:\/\/agrund.com\/index.php\/wp-json\/wp\/v2\/posts\/220893"}],"collection":[{"href":"https:\/\/agrund.com\/index.php\/wp-json\/wp\/v2\/posts"}],"about":[{"href":"https:\/\/agrund.com\/index.php\/wp-json\/wp\/v2\/types\/post"}],"author":[{"embeddable":true,"href":"https:\/\/agrund.com\/index.php\/wp-json\/wp\/v2\/users\/8"}],"replies":[{"embeddable":true,"href":"https:\/\/agrund.com\/index.php\/wp-json\/wp\/v2\/comments?post=220893"}],"version-history":[{"count":2,"href":"https:\/\/agrund.com\/index.php\/wp-json\/wp\/v2\/posts\/220893\/revisions"}],"predecessor-version":[{"id":220905,"href":"https:\/\/agrund.com\/index.php\/wp-json\/wp\/v2\/posts\/220893\/revisions\/220905"}],"wp:featuredmedia":[{"embeddable":true,"href":"https:\/\/agrund.com\/index.php\/wp-json\/wp\/v2\/media\/220904"}],"wp:attachment":[{"href":"https:\/\/agrund.com\/index.php\/wp-json\/wp\/v2\/media?parent=220893"}],"wp:term":[{"taxonomy":"category","embeddable":true,"href":"https:\/\/agrund.com\/index.php\/wp-json\/wp\/v2\/categories?post=220893"},{"taxonomy":"post_tag","embeddable":true,"href":"https:\/\/agrund.com\/index.php\/wp-json\/wp\/v2\/tags?post=220893"}],"curies":[{"name":"wp","href":"https:\/\/api.w.org\/{rel}","templated":true}]}}