{"id":220821,"date":"2021-10-04T12:00:00","date_gmt":"2021-10-04T15:00:00","guid":{"rendered":"https:\/\/agrund.com\/?p=220821"},"modified":"2021-10-04T14:12:33","modified_gmt":"2021-10-04T17:12:33","slug":"juliette-e-embaixadora-de-marca-de-haircare","status":"publish","type":"post","link":"https:\/\/agrund.com\/index.php\/juliette-e-embaixadora-de-marca-de-haircare\/","title":{"rendered":"Juliette \u00e9 embaixadora de marca de haircare"},"content":{"rendered":"\n<p>A Pantene acaba de anunciar Juliette como sua nova embaixadora! A apresentadora e cantora agora integra o time da marca ao lado de nomes como Camila Queiroz, Liniker, Maisa, Marina Ruy Barbosa e Sheron Menezes.\u00a0<\/p>\n\n\n\n<p>&#8220;O meu relacionamento com Pantene n\u00e3o \u00e9 novidade. Sempre admirei a marca e ter o prazer de receber o convite para ser embaixadora \u00e9 algo muito expressivo, a realiza\u00e7\u00e3o de mais um sonho, tem um significado muito grande para mim e que eu sei que vai ser muito importante para o p\u00fablico. Esse \u00e9 s\u00f3 o primeiro passo, ainda tem muita coisa pela frente!&#8221;, comentou Juliette.\u00a0<\/p>\n\n\n\n<p>Reconhecida pelo ato de se empoderar por meio da sua fala, a parabaiana se tornou um s\u00edmbolo de resili\u00eancia, perseveran\u00e7a e autenticidade dentro do BBB 2021.\u00a0<\/p>\n\n\n\n<p>Sua estreia na Pantene ser\u00e1 em uma campanha que enaltece sua personalidade \u00fanica e que ir\u00e1 refor\u00e7ar o poder da autoexpress\u00e3o atrav\u00e9s de seus cabelos.\u00a0<\/p>\n\n\n\n<div class=\"wp-block-image\"><figure class=\"aligncenter size-full\"><img data-attachment-id=\"220822\" data-permalink=\"https:\/\/agrund.com\/index.php\/juliette-e-embaixadora-de-marca-de-haircare\/agrund-juliette-pantene\/\" data-orig-file=\"https:\/\/i0.wp.com\/agrund.com\/wp-content\/uploads\/sites\/6\/2021\/10\/agrund-juliette-pantene.jpg?fit=600%2C790&amp;ssl=1\" data-orig-size=\"600,790\" data-comments-opened=\"1\" data-image-meta=\"{&quot;aperture&quot;:&quot;0&quot;,&quot;credit&quot;:&quot;&quot;,&quot;camera&quot;:&quot;&quot;,&quot;caption&quot;:&quot;&quot;,&quot;created_timestamp&quot;:&quot;0&quot;,&quot;copyright&quot;:&quot;&quot;,&quot;focal_length&quot;:&quot;0&quot;,&quot;iso&quot;:&quot;0&quot;,&quot;shutter_speed&quot;:&quot;0&quot;,&quot;title&quot;:&quot;&quot;,&quot;orientation&quot;:&quot;1&quot;}\" data-image-title=\"agrund-juliette-pantene\" data-image-description=\"\" data-image-caption=\"\" data-medium-file=\"https:\/\/i0.wp.com\/agrund.com\/wp-content\/uploads\/sites\/6\/2021\/10\/agrund-juliette-pantene.jpg?fit=228%2C300&amp;ssl=1\" data-large-file=\"https:\/\/i0.wp.com\/agrund.com\/wp-content\/uploads\/sites\/6\/2021\/10\/agrund-juliette-pantene.jpg?fit=600%2C790&amp;ssl=1\" decoding=\"async\" loading=\"lazy\" width=\"600\" height=\"790\" src=\"https:\/\/i0.wp.com\/agrund.com\/wp-content\/uploads\/sites\/6\/2021\/10\/agrund-juliette-pantene.jpg?resize=600%2C790&#038;ssl=1\" alt=\"\" class=\"wp-image-220822\" srcset=\"https:\/\/i0.wp.com\/agrund.com\/wp-content\/uploads\/sites\/6\/2021\/10\/agrund-juliette-pantene.jpg?w=600&amp;ssl=1 600w, https:\/\/i0.wp.com\/agrund.com\/wp-content\/uploads\/sites\/6\/2021\/10\/agrund-juliette-pantene.jpg?resize=228%2C300&amp;ssl=1 228w\" sizes=\"(max-width: 600px) 100vw, 600px\" data-recalc-dims=\"1\" \/><figcaption>Juliette \u00e9 embaixadora de marca de haircare<\/figcaption><\/figure><\/div>\n\n\n\n<p>Foto: Divulga\u00e7\u00e3o. <\/p>\n","protected":false},"excerpt":{"rendered":"<p>A Pantene acaba de anunciar Juliette como sua nova embaixadora! A apresentadora e cantora agora integra o time da marca ao lado de nomes como Camila Queiroz, Liniker, Maisa, Marina Ruy Barbosa e Sheron Menezes.\u00a0 &#8220;O meu relacionamento com Pantene n\u00e3o \u00e9 novidade. Sempre admirei a marca e ter o prazer de receber o convite [&hellip;]<\/p>\n","protected":false},"author":8,"featured_media":220823,"comment_status":"open","ping_status":"open","sticky":false,"template":"","format":"standard","meta":{"jetpack_post_was_ever_published":false,"_jetpack_newsletter_access":"","jetpack_publicize_message":"","jetpack_is_tweetstorm":false,"jetpack_publicize_feature_enabled":true,"jetpack_social_post_already_shared":true,"jetpack_social_options":{"image_generator_settings":{"template":"highway","enabled":false}}},"categories":[2],"tags":[395,375,390,2462,3043,3042,2993],"jetpack_publicize_connections":[],"jetpack_featured_media_url":"https:\/\/i0.wp.com\/agrund.com\/wp-content\/uploads\/sites\/6\/2021\/10\/s-2.jpg?fit=960%2C300&ssl=1","jetpack_sharing_enabled":true,"jetpack_shortlink":"https:\/\/wp.me\/p3Hz0n-VrD","jetpack_likes_enabled":true,"_links":{"self":[{"href":"https:\/\/agrund.com\/index.php\/wp-json\/wp\/v2\/posts\/220821"}],"collection":[{"href":"https:\/\/agrund.com\/index.php\/wp-json\/wp\/v2\/posts"}],"about":[{"href":"https:\/\/agrund.com\/index.php\/wp-json\/wp\/v2\/types\/post"}],"author":[{"embeddable":true,"href":"https:\/\/agrund.com\/index.php\/wp-json\/wp\/v2\/users\/8"}],"replies":[{"embeddable":true,"href":"https:\/\/agrund.com\/index.php\/wp-json\/wp\/v2\/comments?post=220821"}],"version-history":[{"count":1,"href":"https:\/\/agrund.com\/index.php\/wp-json\/wp\/v2\/posts\/220821\/revisions"}],"predecessor-version":[{"id":220824,"href":"https:\/\/agrund.com\/index.php\/wp-json\/wp\/v2\/posts\/220821\/revisions\/220824"}],"wp:featuredmedia":[{"embeddable":true,"href":"https:\/\/agrund.com\/index.php\/wp-json\/wp\/v2\/media\/220823"}],"wp:attachment":[{"href":"https:\/\/agrund.com\/index.php\/wp-json\/wp\/v2\/media?parent=220821"}],"wp:term":[{"taxonomy":"category","embeddable":true,"href":"https:\/\/agrund.com\/index.php\/wp-json\/wp\/v2\/categories?post=220821"},{"taxonomy":"post_tag","embeddable":true,"href":"https:\/\/agrund.com\/index.php\/wp-json\/wp\/v2\/tags?post=220821"}],"curies":[{"name":"wp","href":"https:\/\/api.w.org\/{rel}","templated":true}]}}