{"id":220815,"date":"2021-10-01T15:00:00","date_gmt":"2021-10-01T18:00:00","guid":{"rendered":"https:\/\/agrund.com\/?p=220815"},"modified":"2021-10-01T17:30:33","modified_gmt":"2021-10-01T20:30:33","slug":"a-ausencia-que-seremos","status":"publish","type":"post","link":"https:\/\/agrund.com\/index.php\/a-ausencia-que-seremos\/","title":{"rendered":"&#8216;A aus\u00eancia que seremos&#8217;"},"content":{"rendered":"\n<p>Por Paulo Ricardo\u00a0<\/p>\n\n\n\n<p>Esse \u00e9 o t\u00edtulo do melodrama do diretor espanhol David Trueba &#8211; que j\u00e1 tem um Oscar de filme internacional\u00a0 por &#8216;Sedu\u00e7\u00e3o&#8217; em seu curr\u00edculo &#8211; que acaba de entrar no cat\u00e1logo da Netflix.<\/p>\n\n\n\n<p>Aqui, os anos de chumbo da Col\u00f4mbia s\u00e3o vistos pelos olhos de uma crian\u00e7a e por isso mesmo a complexidade e dureza do assunto s\u00e3o amenizadas, j\u00e1 que s\u00e3o retratadas com filtro da inf\u00e2ncia. \u00a0<\/p>\n\n\n\n<p>A vida do m\u00e9dico sanitarista e professor de universidade, defensor de causas sociais e dos direitos humanos, H\u00e9ctor Abad, perseguido e morto por for\u00e7as reacion\u00e1rias que assombravam a Col\u00f4mbia dos anos 70, nos \u00e9 contada atrav\u00e9s do ambiente familiar onde Quinqu\u00edn, o filho que mais tarde escreve o livro no qual o filme \u00e9 baseado, convive entre afetos e harmonia at\u00e9 a chegada da trag\u00e9dia pol\u00edtica no seio do lar.<\/p>\n\n\n\n<p>A interpreta\u00e7\u00e3o que Javier C\u00e2mara d\u00e1 para o personagem do pai ativista \u00e9 carregada de bondade e carisma \u00e9 um dos pontos altos do filme, assim tamb\u00e9m como a dire\u00e7\u00e3o de arte, que faz uma recria\u00e7\u00e3o incr\u00edvel da \u00e9poca.<\/p>\n\n\n\n<p>Um filme necess\u00e1rio para os dias atuais.\u00a0 Ent\u00e3o #FicaEmCasa e confere.\u00a0<\/p>\n\n\n\n<div class=\"wp-block-image\"><figure class=\"aligncenter size-full\"><img data-attachment-id=\"220816\" data-permalink=\"https:\/\/agrund.com\/index.php\/a-ausencia-que-seremos\/agrund-cinema-a-ausencia-que-seremos-1\/\" data-orig-file=\"https:\/\/i0.wp.com\/agrund.com\/wp-content\/uploads\/sites\/6\/2021\/10\/agrund-cinema-A-ausencia-que-seremos-1.jpeg?fit=600%2C898&amp;ssl=1\" data-orig-size=\"600,898\" data-comments-opened=\"1\" data-image-meta=\"{&quot;aperture&quot;:&quot;0&quot;,&quot;credit&quot;:&quot;&quot;,&quot;camera&quot;:&quot;&quot;,&quot;caption&quot;:&quot;&quot;,&quot;created_timestamp&quot;:&quot;0&quot;,&quot;copyright&quot;:&quot;&quot;,&quot;focal_length&quot;:&quot;0&quot;,&quot;iso&quot;:&quot;0&quot;,&quot;shutter_speed&quot;:&quot;0&quot;,&quot;title&quot;:&quot;&quot;,&quot;orientation&quot;:&quot;1&quot;}\" data-image-title=\"agrund-cinema-A-ausencia-que-seremos-1\" data-image-description=\"\" data-image-caption=\"\" data-medium-file=\"https:\/\/i0.wp.com\/agrund.com\/wp-content\/uploads\/sites\/6\/2021\/10\/agrund-cinema-A-ausencia-que-seremos-1.jpeg?fit=200%2C300&amp;ssl=1\" data-large-file=\"https:\/\/i0.wp.com\/agrund.com\/wp-content\/uploads\/sites\/6\/2021\/10\/agrund-cinema-A-ausencia-que-seremos-1.jpeg?fit=600%2C898&amp;ssl=1\" decoding=\"async\" loading=\"lazy\" width=\"600\" height=\"898\" src=\"https:\/\/i0.wp.com\/agrund.com\/wp-content\/uploads\/sites\/6\/2021\/10\/agrund-cinema-A-ausencia-que-seremos-1.jpeg?resize=600%2C898&#038;ssl=1\" alt=\"\" class=\"wp-image-220816\" srcset=\"https:\/\/i0.wp.com\/agrund.com\/wp-content\/uploads\/sites\/6\/2021\/10\/agrund-cinema-A-ausencia-que-seremos-1.jpeg?w=600&amp;ssl=1 600w, https:\/\/i0.wp.com\/agrund.com\/wp-content\/uploads\/sites\/6\/2021\/10\/agrund-cinema-A-ausencia-que-seremos-1.jpeg?resize=200%2C300&amp;ssl=1 200w\" sizes=\"(max-width: 600px) 100vw, 600px\" data-recalc-dims=\"1\" \/><figcaption>&#8216;A aus\u00eancia que seremos&#8217;<\/figcaption><\/figure><\/div>\n\n\n\n<div class=\"wp-block-image\"><figure class=\"aligncenter size-full\"><img data-attachment-id=\"220817\" data-permalink=\"https:\/\/agrund.com\/index.php\/a-ausencia-que-seremos\/agrund-cinema-a-ausencia-que-seremos-3\/\" data-orig-file=\"https:\/\/i0.wp.com\/agrund.com\/wp-content\/uploads\/sites\/6\/2021\/10\/agrund-cinema-A-ausencia-que-seremos-3.jpg?fit=600%2C338&amp;ssl=1\" data-orig-size=\"600,338\" data-comments-opened=\"1\" data-image-meta=\"{&quot;aperture&quot;:&quot;0&quot;,&quot;credit&quot;:&quot;&quot;,&quot;camera&quot;:&quot;&quot;,&quot;caption&quot;:&quot;&quot;,&quot;created_timestamp&quot;:&quot;0&quot;,&quot;copyright&quot;:&quot;&quot;,&quot;focal_length&quot;:&quot;0&quot;,&quot;iso&quot;:&quot;0&quot;,&quot;shutter_speed&quot;:&quot;0&quot;,&quot;title&quot;:&quot;&quot;,&quot;orientation&quot;:&quot;1&quot;}\" data-image-title=\"agrund-cinema-A-ausencia-que-seremos-3\" data-image-description=\"\" data-image-caption=\"\" data-medium-file=\"https:\/\/i0.wp.com\/agrund.com\/wp-content\/uploads\/sites\/6\/2021\/10\/agrund-cinema-A-ausencia-que-seremos-3.jpg?fit=300%2C169&amp;ssl=1\" data-large-file=\"https:\/\/i0.wp.com\/agrund.com\/wp-content\/uploads\/sites\/6\/2021\/10\/agrund-cinema-A-ausencia-que-seremos-3.jpg?fit=600%2C338&amp;ssl=1\" decoding=\"async\" loading=\"lazy\" width=\"600\" height=\"338\" src=\"https:\/\/i0.wp.com\/agrund.com\/wp-content\/uploads\/sites\/6\/2021\/10\/agrund-cinema-A-ausencia-que-seremos-3.jpg?resize=600%2C338&#038;ssl=1\" alt=\"\" class=\"wp-image-220817\" srcset=\"https:\/\/i0.wp.com\/agrund.com\/wp-content\/uploads\/sites\/6\/2021\/10\/agrund-cinema-A-ausencia-que-seremos-3.jpg?w=600&amp;ssl=1 600w, https:\/\/i0.wp.com\/agrund.com\/wp-content\/uploads\/sites\/6\/2021\/10\/agrund-cinema-A-ausencia-que-seremos-3.jpg?resize=300%2C169&amp;ssl=1 300w\" sizes=\"(max-width: 600px) 100vw, 600px\" data-recalc-dims=\"1\" \/><figcaption>&#8216;A aus\u00eancia que seremos&#8217;<\/figcaption><\/figure><\/div>\n\n\n\n<div class=\"wp-block-image\"><figure class=\"aligncenter size-full\"><img data-attachment-id=\"220818\" data-permalink=\"https:\/\/agrund.com\/index.php\/a-ausencia-que-seremos\/agrund-cinema-a-ausencia-que-seremos-2\/\" data-orig-file=\"https:\/\/i0.wp.com\/agrund.com\/wp-content\/uploads\/sites\/6\/2021\/10\/agrund-cinema-A-ausencia-que-seremos-2.png?fit=600%2C338&amp;ssl=1\" data-orig-size=\"600,338\" data-comments-opened=\"1\" data-image-meta=\"{&quot;aperture&quot;:&quot;0&quot;,&quot;credit&quot;:&quot;&quot;,&quot;camera&quot;:&quot;&quot;,&quot;caption&quot;:&quot;&quot;,&quot;created_timestamp&quot;:&quot;0&quot;,&quot;copyright&quot;:&quot;&quot;,&quot;focal_length&quot;:&quot;0&quot;,&quot;iso&quot;:&quot;0&quot;,&quot;shutter_speed&quot;:&quot;0&quot;,&quot;title&quot;:&quot;&quot;,&quot;orientation&quot;:&quot;0&quot;}\" data-image-title=\"agrund-cinema-A-ausencia-que-seremos-2\" data-image-description=\"\" data-image-caption=\"\" data-medium-file=\"https:\/\/i0.wp.com\/agrund.com\/wp-content\/uploads\/sites\/6\/2021\/10\/agrund-cinema-A-ausencia-que-seremos-2.png?fit=300%2C169&amp;ssl=1\" data-large-file=\"https:\/\/i0.wp.com\/agrund.com\/wp-content\/uploads\/sites\/6\/2021\/10\/agrund-cinema-A-ausencia-que-seremos-2.png?fit=600%2C338&amp;ssl=1\" decoding=\"async\" loading=\"lazy\" width=\"600\" height=\"338\" src=\"https:\/\/i0.wp.com\/agrund.com\/wp-content\/uploads\/sites\/6\/2021\/10\/agrund-cinema-A-ausencia-que-seremos-2.png?resize=600%2C338&#038;ssl=1\" alt=\"\" class=\"wp-image-220818\" srcset=\"https:\/\/i0.wp.com\/agrund.com\/wp-content\/uploads\/sites\/6\/2021\/10\/agrund-cinema-A-ausencia-que-seremos-2.png?w=600&amp;ssl=1 600w, https:\/\/i0.wp.com\/agrund.com\/wp-content\/uploads\/sites\/6\/2021\/10\/agrund-cinema-A-ausencia-que-seremos-2.png?resize=300%2C169&amp;ssl=1 300w\" sizes=\"(max-width: 600px) 100vw, 600px\" data-recalc-dims=\"1\" \/><figcaption>&#8216;A aus\u00eancia que seremos&#8217;<\/figcaption><\/figure><\/div>\n\n\n\n<p>Fotos: Reprodu\u00e7\u00e3o. <\/p>\n","protected":false},"excerpt":{"rendered":"<p>Por Paulo Ricardo\u00a0 Esse \u00e9 o t\u00edtulo do melodrama do diretor espanhol David Trueba &#8211; que j\u00e1 tem um Oscar de filme internacional\u00a0 por &#8216;Sedu\u00e7\u00e3o&#8217; em seu curr\u00edculo &#8211; que acaba de entrar no cat\u00e1logo da Netflix. Aqui, os anos de chumbo da Col\u00f4mbia s\u00e3o vistos pelos olhos de uma crian\u00e7a e por isso mesmo [&hellip;]<\/p>\n","protected":false},"author":8,"featured_media":220819,"comment_status":"open","ping_status":"open","sticky":false,"template":"","format":"standard","meta":{"jetpack_post_was_ever_published":false,"_jetpack_newsletter_access":"","jetpack_publicize_message":"","jetpack_is_tweetstorm":false,"jetpack_publicize_feature_enabled":true,"jetpack_social_post_already_shared":true,"jetpack_social_options":{"image_generator_settings":{"template":"highway","enabled":false}}},"categories":[2],"tags":[3041,395,375,3040],"jetpack_publicize_connections":[],"jetpack_featured_media_url":"https:\/\/i0.wp.com\/agrund.com\/wp-content\/uploads\/sites\/6\/2021\/10\/s-1.jpg?fit=960%2C300&ssl=1","jetpack_sharing_enabled":true,"jetpack_shortlink":"https:\/\/wp.me\/p3Hz0n-Vrx","jetpack_likes_enabled":true,"_links":{"self":[{"href":"https:\/\/agrund.com\/index.php\/wp-json\/wp\/v2\/posts\/220815"}],"collection":[{"href":"https:\/\/agrund.com\/index.php\/wp-json\/wp\/v2\/posts"}],"about":[{"href":"https:\/\/agrund.com\/index.php\/wp-json\/wp\/v2\/types\/post"}],"author":[{"embeddable":true,"href":"https:\/\/agrund.com\/index.php\/wp-json\/wp\/v2\/users\/8"}],"replies":[{"embeddable":true,"href":"https:\/\/agrund.com\/index.php\/wp-json\/wp\/v2\/comments?post=220815"}],"version-history":[{"count":1,"href":"https:\/\/agrund.com\/index.php\/wp-json\/wp\/v2\/posts\/220815\/revisions"}],"predecessor-version":[{"id":220820,"href":"https:\/\/agrund.com\/index.php\/wp-json\/wp\/v2\/posts\/220815\/revisions\/220820"}],"wp:featuredmedia":[{"embeddable":true,"href":"https:\/\/agrund.com\/index.php\/wp-json\/wp\/v2\/media\/220819"}],"wp:attachment":[{"href":"https:\/\/agrund.com\/index.php\/wp-json\/wp\/v2\/media?parent=220815"}],"wp:term":[{"taxonomy":"category","embeddable":true,"href":"https:\/\/agrund.com\/index.php\/wp-json\/wp\/v2\/categories?post=220815"},{"taxonomy":"post_tag","embeddable":true,"href":"https:\/\/agrund.com\/index.php\/wp-json\/wp\/v2\/tags?post=220815"}],"curies":[{"name":"wp","href":"https:\/\/api.w.org\/{rel}","templated":true}]}}