{"id":220706,"date":"2021-09-23T12:00:00","date_gmt":"2021-09-23T15:00:00","guid":{"rendered":"https:\/\/agrund.com\/?p=220706"},"modified":"2021-09-23T16:24:51","modified_gmt":"2021-09-23T19:24:51","slug":"jennie-do-blackpink-estrela-campanha-da-chanel","status":"publish","type":"post","link":"https:\/\/agrund.com\/index.php\/jennie-do-blackpink-estrela-campanha-da-chanel\/","title":{"rendered":"Jennie, do BlackPink, estrela campanha da Chanel\u00a0"},"content":{"rendered":"\n<p>A Chanel acaba de revelar que Jennie, do BlackPink, \u00e9 o novo rosto da campanha &#8216;Coco Neige&#8217;.<br>Fotografada pela dupla Inez &amp; Vinoodh, a estrela do K-pop veste um conjunto de moletom pink e um casaco longo puffer. O look \u00e9 complementado por colares de p\u00e9rolas e um cinto de corrente dourada com pingentes de cora\u00e7\u00e3o.\u00a0<\/p>\n\n\n\n<p>\u201cOuvir sobre a possibilidade de ingressar na cole\u00e7\u00e3o \u2018Coco Neige\u2019 foi como um sonho. Amo sair na neve, praticar esportes de inverno. Eu realmente gosto de como a neve faz voc\u00ea se sentir. Usar essas roupas me faz sentir como se estivesse pronta para esquiar amanh\u00e3\u201d, contou a cantora.\u00a0<\/p>\n\n\n\n<p>At\u00e9 o momento, s\u00f3 um clique oficial foi divulgado, mas a campanha &#8216;Coco Neige 2021\/22&#8217; ser\u00e1 lan\u00e7ada no dia 28 de setembro.\u00a0<\/p>\n\n\n\n<div class=\"wp-block-image\"><figure class=\"aligncenter size-full is-resized\"><img data-attachment-id=\"220707\" data-permalink=\"https:\/\/agrund.com\/index.php\/jennie-do-blackpink-estrela-campanha-da-chanel\/agrund-chanel-jennie-blackpink-1\/\" data-orig-file=\"https:\/\/i0.wp.com\/agrund.com\/wp-content\/uploads\/sites\/6\/2021\/09\/agrund-chanel-jennie-blackpink-1.jpg?fit=600%2C726&amp;ssl=1\" data-orig-size=\"600,726\" data-comments-opened=\"1\" data-image-meta=\"{&quot;aperture&quot;:&quot;0&quot;,&quot;credit&quot;:&quot;&quot;,&quot;camera&quot;:&quot;&quot;,&quot;caption&quot;:&quot;&quot;,&quot;created_timestamp&quot;:&quot;0&quot;,&quot;copyright&quot;:&quot;&quot;,&quot;focal_length&quot;:&quot;0&quot;,&quot;iso&quot;:&quot;0&quot;,&quot;shutter_speed&quot;:&quot;0&quot;,&quot;title&quot;:&quot;&quot;,&quot;orientation&quot;:&quot;1&quot;}\" data-image-title=\"agrund-chanel-jennie-blackpink-1\" data-image-description=\"\" data-image-caption=\"\" data-medium-file=\"https:\/\/i0.wp.com\/agrund.com\/wp-content\/uploads\/sites\/6\/2021\/09\/agrund-chanel-jennie-blackpink-1.jpg?fit=248%2C300&amp;ssl=1\" data-large-file=\"https:\/\/i0.wp.com\/agrund.com\/wp-content\/uploads\/sites\/6\/2021\/09\/agrund-chanel-jennie-blackpink-1.jpg?fit=600%2C726&amp;ssl=1\" decoding=\"async\" loading=\"lazy\" src=\"https:\/\/i0.wp.com\/agrund.com\/wp-content\/uploads\/sites\/6\/2021\/09\/agrund-chanel-jennie-blackpink-1.jpg?resize=600%2C726&#038;ssl=1\" alt=\"\" class=\"wp-image-220707\" width=\"600\" height=\"726\" srcset=\"https:\/\/i0.wp.com\/agrund.com\/wp-content\/uploads\/sites\/6\/2021\/09\/agrund-chanel-jennie-blackpink-1.jpg?w=600&amp;ssl=1 600w, https:\/\/i0.wp.com\/agrund.com\/wp-content\/uploads\/sites\/6\/2021\/09\/agrund-chanel-jennie-blackpink-1.jpg?resize=248%2C300&amp;ssl=1 248w\" sizes=\"(max-width: 600px) 100vw, 600px\" data-recalc-dims=\"1\" \/><figcaption>Jennie, do BlackPink, estrela campanha da Chanel\u00a0<\/figcaption><\/figure><\/div>\n\n\n\n<p>Fotos: Reprodu\u00e7\u00e3o\/ Chanel. <\/p>\n","protected":false},"excerpt":{"rendered":"<p>A Chanel acaba de revelar que Jennie, do BlackPink, \u00e9 o novo rosto da campanha &#8216;Coco Neige&#8217;.Fotografada pela dupla Inez &amp; Vinoodh, a estrela do K-pop veste um conjunto de moletom pink e um casaco longo puffer. O look \u00e9 complementado por colares de p\u00e9rolas e um cinto de corrente dourada com pingentes de cora\u00e7\u00e3o.\u00a0 [&hellip;]<\/p>\n","protected":false},"author":8,"featured_media":220708,"comment_status":"open","ping_status":"open","sticky":false,"template":"","format":"standard","meta":{"jetpack_post_was_ever_published":false,"_jetpack_newsletter_access":"","jetpack_publicize_message":"","jetpack_is_tweetstorm":false,"jetpack_publicize_feature_enabled":true,"jetpack_social_post_already_shared":true,"jetpack_social_options":{"image_generator_settings":{"template":"highway","enabled":false}}},"categories":[2],"tags":[395,2302,56,3027],"jetpack_publicize_connections":[],"jetpack_featured_media_url":"https:\/\/i0.wp.com\/agrund.com\/wp-content\/uploads\/sites\/6\/2021\/09\/s-35.jpg?fit=960%2C300&ssl=1","jetpack_sharing_enabled":true,"jetpack_shortlink":"https:\/\/wp.me\/p3Hz0n-VpM","jetpack_likes_enabled":true,"_links":{"self":[{"href":"https:\/\/agrund.com\/index.php\/wp-json\/wp\/v2\/posts\/220706"}],"collection":[{"href":"https:\/\/agrund.com\/index.php\/wp-json\/wp\/v2\/posts"}],"about":[{"href":"https:\/\/agrund.com\/index.php\/wp-json\/wp\/v2\/types\/post"}],"author":[{"embeddable":true,"href":"https:\/\/agrund.com\/index.php\/wp-json\/wp\/v2\/users\/8"}],"replies":[{"embeddable":true,"href":"https:\/\/agrund.com\/index.php\/wp-json\/wp\/v2\/comments?post=220706"}],"version-history":[{"count":1,"href":"https:\/\/agrund.com\/index.php\/wp-json\/wp\/v2\/posts\/220706\/revisions"}],"predecessor-version":[{"id":220709,"href":"https:\/\/agrund.com\/index.php\/wp-json\/wp\/v2\/posts\/220706\/revisions\/220709"}],"wp:featuredmedia":[{"embeddable":true,"href":"https:\/\/agrund.com\/index.php\/wp-json\/wp\/v2\/media\/220708"}],"wp:attachment":[{"href":"https:\/\/agrund.com\/index.php\/wp-json\/wp\/v2\/media?parent=220706"}],"wp:term":[{"taxonomy":"category","embeddable":true,"href":"https:\/\/agrund.com\/index.php\/wp-json\/wp\/v2\/categories?post=220706"},{"taxonomy":"post_tag","embeddable":true,"href":"https:\/\/agrund.com\/index.php\/wp-json\/wp\/v2\/tags?post=220706"}],"curies":[{"name":"wp","href":"https:\/\/api.w.org\/{rel}","templated":true}]}}