{"id":220608,"date":"2021-09-17T18:00:00","date_gmt":"2021-09-17T21:00:00","guid":{"rendered":"https:\/\/agrund.com\/?p=220608"},"modified":"2021-09-17T17:25:33","modified_gmt":"2021-09-17T20:25:33","slug":"o-funeral-das-rosas","status":"publish","type":"post","link":"https:\/\/agrund.com\/index.php\/o-funeral-das-rosas\/","title":{"rendered":"&#8216;O Funeral das Rosas&#8217;"},"content":{"rendered":"\n<p>Por Paulo Ricardo<\/p>\n\n\n\n<p>\u00c9&nbsp; cinema transgressor que voc\u00ea quer?&nbsp; Esse exemplar de 69 da &#8216;nouvelle vague japonesa&#8217; \u00e9 o que voc\u00ea precisa. Nos anos 60, uma &#8216;nova onda&#8217; tomou conta de algumas cinematografias mundo afora. O movimento no Jap\u00e3o foi uma das principais escolas.<\/p>\n\n\n\n<p>&#8216;O funeral das&nbsp; rosas&#8217; &#8211; filme que inspirou &#8216;laranja mec\u00e2nica&#8217; &#8211; \u00e9 uma experi\u00eancia radical de cinema, especialmente se pensarmos na data de realiza\u00e7\u00e3o. A dire\u00e7\u00e3o \u00e9 de Toshio Matsumoto.<\/p>\n\n\n\n<p>Um mix dos arqu\u00e9tipos de \u00c9dipo com Electra que resulta numa terceira via de significa\u00e7\u00e3o dos conhecidos complexos. A disputa de poder entre duas travestis, Eddi e Leda, pelo mesmo homem e pelo comando da casa noturna em que convivem \u00e9 o pano de fundo de uma hist\u00f3ria com v\u00e1rias camadas superpostas de um Jap\u00e3o moderno e totalmente influenciado pelo ocidente. A maneira que essa hist\u00f3ria \u00e9 contada segue essa linha de sobreposi\u00e7\u00f5es de camadas, tornando o filme rico em interpreta\u00e7\u00f5es.&nbsp;<\/p>\n\n\n\n<p>A a\u00e7\u00e3o \u00e9 interrompida para depoimentos do elenco ou de simples transeuntes que cruzam o caminho das filmagens para ser\u00a0 retomada logo em seguida, sem que essas interrup\u00e7\u00f5es prejudiquem nosso envolvimento com a obra. A desconstru\u00e7\u00e3o do tempo tamb\u00e9m \u00e9 bem empregada com \u00f3timo resultado na trama. Alguns dos elementos t\u00edpicos da &#8216;nova onda&#8217; , e de &#8216;filmes de culto&#8217; &#8211; aquele que voc\u00ea cultua assistindo de novo, e de novo, e de novo &#8211; fazem do cinquent\u00e3o &#8216;O funeral das rosas&#8217; um cl\u00e1ssico da vanguarda que tem sido redescoberto atualmente.\u00a0<\/p>\n\n\n\n<div class=\"wp-block-image\"><figure class=\"aligncenter size-full\"><img data-attachment-id=\"220610\" data-permalink=\"https:\/\/agrund.com\/index.php\/o-funeral-das-rosas\/3-2060\/\" data-orig-file=\"https:\/\/i0.wp.com\/agrund.com\/wp-content\/uploads\/sites\/6\/2021\/09\/3.jpeg?fit=600%2C338&amp;ssl=1\" data-orig-size=\"600,338\" data-comments-opened=\"1\" data-image-meta=\"{&quot;aperture&quot;:&quot;0&quot;,&quot;credit&quot;:&quot;&quot;,&quot;camera&quot;:&quot;&quot;,&quot;caption&quot;:&quot;&quot;,&quot;created_timestamp&quot;:&quot;0&quot;,&quot;copyright&quot;:&quot;&quot;,&quot;focal_length&quot;:&quot;0&quot;,&quot;iso&quot;:&quot;0&quot;,&quot;shutter_speed&quot;:&quot;0&quot;,&quot;title&quot;:&quot;&quot;,&quot;orientation&quot;:&quot;1&quot;}\" data-image-title=\"3\" data-image-description=\"\" data-image-caption=\"\" data-medium-file=\"https:\/\/i0.wp.com\/agrund.com\/wp-content\/uploads\/sites\/6\/2021\/09\/3.jpeg?fit=300%2C169&amp;ssl=1\" data-large-file=\"https:\/\/i0.wp.com\/agrund.com\/wp-content\/uploads\/sites\/6\/2021\/09\/3.jpeg?fit=600%2C338&amp;ssl=1\" decoding=\"async\" loading=\"lazy\" width=\"600\" height=\"338\" src=\"https:\/\/i0.wp.com\/agrund.com\/wp-content\/uploads\/sites\/6\/2021\/09\/3.jpeg?resize=600%2C338&#038;ssl=1\" alt=\"\" class=\"wp-image-220610\" srcset=\"https:\/\/i0.wp.com\/agrund.com\/wp-content\/uploads\/sites\/6\/2021\/09\/3.jpeg?w=600&amp;ssl=1 600w, https:\/\/i0.wp.com\/agrund.com\/wp-content\/uploads\/sites\/6\/2021\/09\/3.jpeg?resize=300%2C169&amp;ssl=1 300w\" sizes=\"(max-width: 600px) 100vw, 600px\" data-recalc-dims=\"1\" \/><figcaption>&#8216;O Funeral das Rosas&#8217;<\/figcaption><\/figure><\/div>\n\n\n\n<div class=\"wp-block-image\"><figure class=\"aligncenter size-full\"><img data-attachment-id=\"220611\" data-permalink=\"https:\/\/agrund.com\/index.php\/o-funeral-das-rosas\/1-2394\/\" data-orig-file=\"https:\/\/i0.wp.com\/agrund.com\/wp-content\/uploads\/sites\/6\/2021\/09\/1.jpg?fit=600%2C338&amp;ssl=1\" data-orig-size=\"600,338\" data-comments-opened=\"1\" data-image-meta=\"{&quot;aperture&quot;:&quot;0&quot;,&quot;credit&quot;:&quot;&quot;,&quot;camera&quot;:&quot;&quot;,&quot;caption&quot;:&quot;&quot;,&quot;created_timestamp&quot;:&quot;0&quot;,&quot;copyright&quot;:&quot;&quot;,&quot;focal_length&quot;:&quot;0&quot;,&quot;iso&quot;:&quot;0&quot;,&quot;shutter_speed&quot;:&quot;0&quot;,&quot;title&quot;:&quot;&quot;,&quot;orientation&quot;:&quot;1&quot;}\" data-image-title=\"1\" data-image-description=\"\" data-image-caption=\"\" data-medium-file=\"https:\/\/i0.wp.com\/agrund.com\/wp-content\/uploads\/sites\/6\/2021\/09\/1.jpg?fit=300%2C169&amp;ssl=1\" data-large-file=\"https:\/\/i0.wp.com\/agrund.com\/wp-content\/uploads\/sites\/6\/2021\/09\/1.jpg?fit=600%2C338&amp;ssl=1\" decoding=\"async\" loading=\"lazy\" width=\"600\" height=\"338\" src=\"https:\/\/i0.wp.com\/agrund.com\/wp-content\/uploads\/sites\/6\/2021\/09\/1.jpg?resize=600%2C338&#038;ssl=1\" alt=\"\" class=\"wp-image-220611\" srcset=\"https:\/\/i0.wp.com\/agrund.com\/wp-content\/uploads\/sites\/6\/2021\/09\/1.jpg?w=600&amp;ssl=1 600w, https:\/\/i0.wp.com\/agrund.com\/wp-content\/uploads\/sites\/6\/2021\/09\/1.jpg?resize=300%2C169&amp;ssl=1 300w\" sizes=\"(max-width: 600px) 100vw, 600px\" data-recalc-dims=\"1\" \/><figcaption>&#8216;O Funeral das Rosas&#8217;<\/figcaption><\/figure><\/div>\n\n\n\n<div class=\"wp-block-image\"><figure class=\"aligncenter size-full\"><img data-attachment-id=\"220612\" data-permalink=\"https:\/\/agrund.com\/index.php\/o-funeral-das-rosas\/2-2245\/\" data-orig-file=\"https:\/\/i0.wp.com\/agrund.com\/wp-content\/uploads\/sites\/6\/2021\/09\/2.jpeg?fit=600%2C434&amp;ssl=1\" data-orig-size=\"600,434\" data-comments-opened=\"1\" data-image-meta=\"{&quot;aperture&quot;:&quot;0&quot;,&quot;credit&quot;:&quot;&quot;,&quot;camera&quot;:&quot;&quot;,&quot;caption&quot;:&quot;&quot;,&quot;created_timestamp&quot;:&quot;0&quot;,&quot;copyright&quot;:&quot;&quot;,&quot;focal_length&quot;:&quot;0&quot;,&quot;iso&quot;:&quot;0&quot;,&quot;shutter_speed&quot;:&quot;0&quot;,&quot;title&quot;:&quot;&quot;,&quot;orientation&quot;:&quot;1&quot;}\" data-image-title=\"2\" data-image-description=\"\" data-image-caption=\"\" data-medium-file=\"https:\/\/i0.wp.com\/agrund.com\/wp-content\/uploads\/sites\/6\/2021\/09\/2.jpeg?fit=300%2C217&amp;ssl=1\" data-large-file=\"https:\/\/i0.wp.com\/agrund.com\/wp-content\/uploads\/sites\/6\/2021\/09\/2.jpeg?fit=600%2C434&amp;ssl=1\" decoding=\"async\" loading=\"lazy\" width=\"600\" height=\"434\" src=\"https:\/\/i0.wp.com\/agrund.com\/wp-content\/uploads\/sites\/6\/2021\/09\/2.jpeg?resize=600%2C434&#038;ssl=1\" alt=\"\" class=\"wp-image-220612\" srcset=\"https:\/\/i0.wp.com\/agrund.com\/wp-content\/uploads\/sites\/6\/2021\/09\/2.jpeg?w=600&amp;ssl=1 600w, https:\/\/i0.wp.com\/agrund.com\/wp-content\/uploads\/sites\/6\/2021\/09\/2.jpeg?resize=300%2C217&amp;ssl=1 300w\" sizes=\"(max-width: 600px) 100vw, 600px\" data-recalc-dims=\"1\" \/><figcaption>&#8216;O Funeral das Rosas&#8217;<\/figcaption><\/figure><\/div>\n\n\n\n<p>Fotos: Reprodu\u00e7\u00e3o. <\/p>\n","protected":false},"excerpt":{"rendered":"<p>Por Paulo Ricardo \u00c9&nbsp; cinema transgressor que voc\u00ea quer?&nbsp; Esse exemplar de 69 da &#8216;nouvelle vague japonesa&#8217; \u00e9 o que voc\u00ea precisa. Nos anos 60, uma &#8216;nova onda&#8217; tomou conta de algumas cinematografias mundo afora. O movimento no Jap\u00e3o foi uma das principais escolas. &#8216;O funeral das&nbsp; rosas&#8217; &#8211; filme que inspirou &#8216;laranja mec\u00e2nica&#8217; &#8211; [&hellip;]<\/p>\n","protected":false},"author":8,"featured_media":220613,"comment_status":"open","ping_status":"open","sticky":false,"template":"","format":"standard","meta":{"jetpack_post_was_ever_published":false,"_jetpack_newsletter_access":"","jetpack_publicize_message":"","jetpack_is_tweetstorm":false,"jetpack_publicize_feature_enabled":true,"jetpack_social_post_already_shared":true,"jetpack_social_options":{"image_generator_settings":{"template":"highway","enabled":false}}},"categories":[2],"tags":[395,375,856,3019],"jetpack_publicize_connections":[],"jetpack_featured_media_url":"https:\/\/i0.wp.com\/agrund.com\/wp-content\/uploads\/sites\/6\/2021\/09\/s-24.jpg?fit=960%2C300&ssl=1","jetpack_sharing_enabled":true,"jetpack_shortlink":"https:\/\/wp.me\/p3Hz0n-Voc","jetpack_likes_enabled":true,"_links":{"self":[{"href":"https:\/\/agrund.com\/index.php\/wp-json\/wp\/v2\/posts\/220608"}],"collection":[{"href":"https:\/\/agrund.com\/index.php\/wp-json\/wp\/v2\/posts"}],"about":[{"href":"https:\/\/agrund.com\/index.php\/wp-json\/wp\/v2\/types\/post"}],"author":[{"embeddable":true,"href":"https:\/\/agrund.com\/index.php\/wp-json\/wp\/v2\/users\/8"}],"replies":[{"embeddable":true,"href":"https:\/\/agrund.com\/index.php\/wp-json\/wp\/v2\/comments?post=220608"}],"version-history":[{"count":2,"href":"https:\/\/agrund.com\/index.php\/wp-json\/wp\/v2\/posts\/220608\/revisions"}],"predecessor-version":[{"id":220614,"href":"https:\/\/agrund.com\/index.php\/wp-json\/wp\/v2\/posts\/220608\/revisions\/220614"}],"wp:featuredmedia":[{"embeddable":true,"href":"https:\/\/agrund.com\/index.php\/wp-json\/wp\/v2\/media\/220613"}],"wp:attachment":[{"href":"https:\/\/agrund.com\/index.php\/wp-json\/wp\/v2\/media?parent=220608"}],"wp:term":[{"taxonomy":"category","embeddable":true,"href":"https:\/\/agrund.com\/index.php\/wp-json\/wp\/v2\/categories?post=220608"},{"taxonomy":"post_tag","embeddable":true,"href":"https:\/\/agrund.com\/index.php\/wp-json\/wp\/v2\/tags?post=220608"}],"curies":[{"name":"wp","href":"https:\/\/api.w.org\/{rel}","templated":true}]}}