{"id":220545,"date":"2021-09-15T18:00:00","date_gmt":"2021-09-15T21:00:00","guid":{"rendered":"https:\/\/agrund.com\/?p=220545"},"modified":"2021-09-15T18:38:48","modified_gmt":"2021-09-15T21:38:48","slug":"melissa-lanca-colecao-com-obras-de-tarsila-do-amaral","status":"publish","type":"post","link":"https:\/\/agrund.com\/index.php\/melissa-lanca-colecao-com-obras-de-tarsila-do-amaral\/","title":{"rendered":"Melissa lan\u00e7a cole\u00e7\u00e3o com obras de Tarsila do Amaral"},"content":{"rendered":"\n<p>A Melissa acaba de lan\u00e7ar uma nova linha, chamada Melissa Studio, que enaltece a arte. E a estreia \u00e9 com uma cole\u00e7\u00e3o de Tarsila do Amaral.<\/p>\n\n\n\n<p>Desenvolvidos sob os cuidados de Tarsilinha do Amaral, neta de Tarsila, todos os produtos s\u00e3o estampados com pinturas da ic\u00f4nica pintora paulista, como Abapuru, A Caipirinha, O Lago e seu autorretrato.&nbsp;<\/p>\n\n\n\n<p>A collab conta com novas vers\u00f5es da Melissa Cloud Slide, Mini Melissa Cloud Sandal e Melissa Canvas Bag.<\/p>\n\n\n\n<p>Gostou? A nova cole\u00e7\u00e3o Melissa Studio est\u00e1 dispon\u00edvel no e-commerce e nas lojas f\u00edsicas da Melissa, mas tamb\u00e9m poder ser encontrada no MASP, um dos museus mais conhecidos de S\u00e3o Paulo. Os pre\u00e7os v\u00e3o de R$150 a R$250.\u00a0Veja os detalhes:\u00a0<\/p>\n\n\n\n<div class=\"wp-block-image\"><figure class=\"aligncenter size-full\"><img data-attachment-id=\"220547\" data-permalink=\"https:\/\/agrund.com\/index.php\/melissa-lanca-colecao-com-obras-de-tarsila-do-amaral\/agrund-melissa-tarsila-amaral-1\/\" data-orig-file=\"https:\/\/i0.wp.com\/agrund.com\/wp-content\/uploads\/sites\/6\/2021\/09\/agrund-melissa-tarsila-amaral-1.jpg?fit=600%2C450&amp;ssl=1\" data-orig-size=\"600,450\" data-comments-opened=\"1\" data-image-meta=\"{&quot;aperture&quot;:&quot;0&quot;,&quot;credit&quot;:&quot;&quot;,&quot;camera&quot;:&quot;&quot;,&quot;caption&quot;:&quot;&quot;,&quot;created_timestamp&quot;:&quot;0&quot;,&quot;copyright&quot;:&quot;&quot;,&quot;focal_length&quot;:&quot;0&quot;,&quot;iso&quot;:&quot;0&quot;,&quot;shutter_speed&quot;:&quot;0&quot;,&quot;title&quot;:&quot;&quot;,&quot;orientation&quot;:&quot;1&quot;}\" data-image-title=\"agrund-melissa-tarsila-amaral-1\" data-image-description=\"\" data-image-caption=\"\" data-medium-file=\"https:\/\/i0.wp.com\/agrund.com\/wp-content\/uploads\/sites\/6\/2021\/09\/agrund-melissa-tarsila-amaral-1.jpg?fit=300%2C225&amp;ssl=1\" data-large-file=\"https:\/\/i0.wp.com\/agrund.com\/wp-content\/uploads\/sites\/6\/2021\/09\/agrund-melissa-tarsila-amaral-1.jpg?fit=600%2C450&amp;ssl=1\" decoding=\"async\" loading=\"lazy\" width=\"600\" height=\"450\" src=\"https:\/\/i0.wp.com\/agrund.com\/wp-content\/uploads\/sites\/6\/2021\/09\/agrund-melissa-tarsila-amaral-1.jpg?resize=600%2C450&#038;ssl=1\" alt=\"\" class=\"wp-image-220547\" srcset=\"https:\/\/i0.wp.com\/agrund.com\/wp-content\/uploads\/sites\/6\/2021\/09\/agrund-melissa-tarsila-amaral-1.jpg?w=600&amp;ssl=1 600w, https:\/\/i0.wp.com\/agrund.com\/wp-content\/uploads\/sites\/6\/2021\/09\/agrund-melissa-tarsila-amaral-1.jpg?resize=300%2C225&amp;ssl=1 300w\" sizes=\"(max-width: 600px) 100vw, 600px\" data-recalc-dims=\"1\" \/><figcaption>Melissa lan\u00e7a cole\u00e7\u00e3o com obras de Tarsila do Amaral<\/figcaption><\/figure><\/div>\n\n\n\n<div class=\"wp-block-image\"><figure class=\"aligncenter size-full\"><img data-attachment-id=\"220548\" data-permalink=\"https:\/\/agrund.com\/index.php\/melissa-lanca-colecao-com-obras-de-tarsila-do-amaral\/agrund-melissa-tarsila-amaral-3\/\" data-orig-file=\"https:\/\/i0.wp.com\/agrund.com\/wp-content\/uploads\/sites\/6\/2021\/09\/agrund-melissa-tarsila-amaral-3.jpg?fit=600%2C450&amp;ssl=1\" data-orig-size=\"600,450\" data-comments-opened=\"1\" data-image-meta=\"{&quot;aperture&quot;:&quot;0&quot;,&quot;credit&quot;:&quot;&quot;,&quot;camera&quot;:&quot;&quot;,&quot;caption&quot;:&quot;&quot;,&quot;created_timestamp&quot;:&quot;0&quot;,&quot;copyright&quot;:&quot;&quot;,&quot;focal_length&quot;:&quot;0&quot;,&quot;iso&quot;:&quot;0&quot;,&quot;shutter_speed&quot;:&quot;0&quot;,&quot;title&quot;:&quot;&quot;,&quot;orientation&quot;:&quot;1&quot;}\" data-image-title=\"agrund-melissa-tarsila-amaral-3\" data-image-description=\"\" data-image-caption=\"\" data-medium-file=\"https:\/\/i0.wp.com\/agrund.com\/wp-content\/uploads\/sites\/6\/2021\/09\/agrund-melissa-tarsila-amaral-3.jpg?fit=300%2C225&amp;ssl=1\" data-large-file=\"https:\/\/i0.wp.com\/agrund.com\/wp-content\/uploads\/sites\/6\/2021\/09\/agrund-melissa-tarsila-amaral-3.jpg?fit=600%2C450&amp;ssl=1\" decoding=\"async\" loading=\"lazy\" width=\"600\" height=\"450\" src=\"https:\/\/i0.wp.com\/agrund.com\/wp-content\/uploads\/sites\/6\/2021\/09\/agrund-melissa-tarsila-amaral-3.jpg?resize=600%2C450&#038;ssl=1\" alt=\"\" class=\"wp-image-220548\" srcset=\"https:\/\/i0.wp.com\/agrund.com\/wp-content\/uploads\/sites\/6\/2021\/09\/agrund-melissa-tarsila-amaral-3.jpg?w=600&amp;ssl=1 600w, https:\/\/i0.wp.com\/agrund.com\/wp-content\/uploads\/sites\/6\/2021\/09\/agrund-melissa-tarsila-amaral-3.jpg?resize=300%2C225&amp;ssl=1 300w\" sizes=\"(max-width: 600px) 100vw, 600px\" data-recalc-dims=\"1\" \/><figcaption>Melissa lan\u00e7a cole\u00e7\u00e3o com obras de Tarsila do Amaral<\/figcaption><\/figure><\/div>\n\n\n\n<div class=\"wp-block-image\"><figure class=\"aligncenter size-full\"><img data-attachment-id=\"220549\" data-permalink=\"https:\/\/agrund.com\/index.php\/melissa-lanca-colecao-com-obras-de-tarsila-do-amaral\/agrund-melissa-tarsila-amaral-2\/\" data-orig-file=\"https:\/\/i0.wp.com\/agrund.com\/wp-content\/uploads\/sites\/6\/2021\/09\/agrund-melissa-tarsila-amaral-2.jpg?fit=600%2C450&amp;ssl=1\" data-orig-size=\"600,450\" data-comments-opened=\"1\" data-image-meta=\"{&quot;aperture&quot;:&quot;0&quot;,&quot;credit&quot;:&quot;&quot;,&quot;camera&quot;:&quot;&quot;,&quot;caption&quot;:&quot;&quot;,&quot;created_timestamp&quot;:&quot;0&quot;,&quot;copyright&quot;:&quot;&quot;,&quot;focal_length&quot;:&quot;0&quot;,&quot;iso&quot;:&quot;0&quot;,&quot;shutter_speed&quot;:&quot;0&quot;,&quot;title&quot;:&quot;&quot;,&quot;orientation&quot;:&quot;1&quot;}\" data-image-title=\"agrund-melissa-tarsila-amaral-2\" data-image-description=\"\" data-image-caption=\"\" data-medium-file=\"https:\/\/i0.wp.com\/agrund.com\/wp-content\/uploads\/sites\/6\/2021\/09\/agrund-melissa-tarsila-amaral-2.jpg?fit=300%2C225&amp;ssl=1\" data-large-file=\"https:\/\/i0.wp.com\/agrund.com\/wp-content\/uploads\/sites\/6\/2021\/09\/agrund-melissa-tarsila-amaral-2.jpg?fit=600%2C450&amp;ssl=1\" decoding=\"async\" loading=\"lazy\" width=\"600\" height=\"450\" src=\"https:\/\/i0.wp.com\/agrund.com\/wp-content\/uploads\/sites\/6\/2021\/09\/agrund-melissa-tarsila-amaral-2.jpg?resize=600%2C450&#038;ssl=1\" alt=\"\" class=\"wp-image-220549\" srcset=\"https:\/\/i0.wp.com\/agrund.com\/wp-content\/uploads\/sites\/6\/2021\/09\/agrund-melissa-tarsila-amaral-2.jpg?w=600&amp;ssl=1 600w, https:\/\/i0.wp.com\/agrund.com\/wp-content\/uploads\/sites\/6\/2021\/09\/agrund-melissa-tarsila-amaral-2.jpg?resize=300%2C225&amp;ssl=1 300w\" sizes=\"(max-width: 600px) 100vw, 600px\" data-recalc-dims=\"1\" \/><figcaption>Melissa lan\u00e7a cole\u00e7\u00e3o com obras de Tarsila do Amaral<\/figcaption><\/figure><\/div>\n\n\n\n<div class=\"wp-block-image\"><figure class=\"aligncenter size-full\"><img data-attachment-id=\"220550\" data-permalink=\"https:\/\/agrund.com\/index.php\/melissa-lanca-colecao-com-obras-de-tarsila-do-amaral\/agrund-melissa-tarsila-amaral-5\/\" data-orig-file=\"https:\/\/i0.wp.com\/agrund.com\/wp-content\/uploads\/sites\/6\/2021\/09\/agrund-melissa-tarsila-amaral-5.jpg?fit=600%2C450&amp;ssl=1\" data-orig-size=\"600,450\" data-comments-opened=\"1\" data-image-meta=\"{&quot;aperture&quot;:&quot;0&quot;,&quot;credit&quot;:&quot;&quot;,&quot;camera&quot;:&quot;&quot;,&quot;caption&quot;:&quot;&quot;,&quot;created_timestamp&quot;:&quot;0&quot;,&quot;copyright&quot;:&quot;&quot;,&quot;focal_length&quot;:&quot;0&quot;,&quot;iso&quot;:&quot;0&quot;,&quot;shutter_speed&quot;:&quot;0&quot;,&quot;title&quot;:&quot;&quot;,&quot;orientation&quot;:&quot;1&quot;}\" data-image-title=\"agrund-melissa-tarsila-amaral-5\" data-image-description=\"\" data-image-caption=\"\" data-medium-file=\"https:\/\/i0.wp.com\/agrund.com\/wp-content\/uploads\/sites\/6\/2021\/09\/agrund-melissa-tarsila-amaral-5.jpg?fit=300%2C225&amp;ssl=1\" data-large-file=\"https:\/\/i0.wp.com\/agrund.com\/wp-content\/uploads\/sites\/6\/2021\/09\/agrund-melissa-tarsila-amaral-5.jpg?fit=600%2C450&amp;ssl=1\" decoding=\"async\" loading=\"lazy\" width=\"600\" height=\"450\" src=\"https:\/\/i0.wp.com\/agrund.com\/wp-content\/uploads\/sites\/6\/2021\/09\/agrund-melissa-tarsila-amaral-5.jpg?resize=600%2C450&#038;ssl=1\" alt=\"\" class=\"wp-image-220550\" srcset=\"https:\/\/i0.wp.com\/agrund.com\/wp-content\/uploads\/sites\/6\/2021\/09\/agrund-melissa-tarsila-amaral-5.jpg?w=600&amp;ssl=1 600w, https:\/\/i0.wp.com\/agrund.com\/wp-content\/uploads\/sites\/6\/2021\/09\/agrund-melissa-tarsila-amaral-5.jpg?resize=300%2C225&amp;ssl=1 300w\" sizes=\"(max-width: 600px) 100vw, 600px\" data-recalc-dims=\"1\" \/><figcaption>Melissa lan\u00e7a cole\u00e7\u00e3o com obras de Tarsila do Amaral<\/figcaption><\/figure><\/div>\n\n\n\n<div class=\"wp-block-image\"><figure class=\"aligncenter size-full\"><img data-attachment-id=\"220551\" data-permalink=\"https:\/\/agrund.com\/index.php\/melissa-lanca-colecao-com-obras-de-tarsila-do-amaral\/agrund-melissa-tarsila-amaral-6\/\" data-orig-file=\"https:\/\/i0.wp.com\/agrund.com\/wp-content\/uploads\/sites\/6\/2021\/09\/agrund-melissa-tarsila-amaral-6.jpg?fit=600%2C450&amp;ssl=1\" data-orig-size=\"600,450\" data-comments-opened=\"1\" data-image-meta=\"{&quot;aperture&quot;:&quot;0&quot;,&quot;credit&quot;:&quot;&quot;,&quot;camera&quot;:&quot;&quot;,&quot;caption&quot;:&quot;&quot;,&quot;created_timestamp&quot;:&quot;0&quot;,&quot;copyright&quot;:&quot;&quot;,&quot;focal_length&quot;:&quot;0&quot;,&quot;iso&quot;:&quot;0&quot;,&quot;shutter_speed&quot;:&quot;0&quot;,&quot;title&quot;:&quot;&quot;,&quot;orientation&quot;:&quot;1&quot;}\" data-image-title=\"agrund-melissa-tarsila-amaral-6\" data-image-description=\"\" data-image-caption=\"\" data-medium-file=\"https:\/\/i0.wp.com\/agrund.com\/wp-content\/uploads\/sites\/6\/2021\/09\/agrund-melissa-tarsila-amaral-6.jpg?fit=300%2C225&amp;ssl=1\" data-large-file=\"https:\/\/i0.wp.com\/agrund.com\/wp-content\/uploads\/sites\/6\/2021\/09\/agrund-melissa-tarsila-amaral-6.jpg?fit=600%2C450&amp;ssl=1\" decoding=\"async\" loading=\"lazy\" width=\"600\" height=\"450\" src=\"https:\/\/i0.wp.com\/agrund.com\/wp-content\/uploads\/sites\/6\/2021\/09\/agrund-melissa-tarsila-amaral-6.jpg?resize=600%2C450&#038;ssl=1\" alt=\"\" class=\"wp-image-220551\" srcset=\"https:\/\/i0.wp.com\/agrund.com\/wp-content\/uploads\/sites\/6\/2021\/09\/agrund-melissa-tarsila-amaral-6.jpg?w=600&amp;ssl=1 600w, https:\/\/i0.wp.com\/agrund.com\/wp-content\/uploads\/sites\/6\/2021\/09\/agrund-melissa-tarsila-amaral-6.jpg?resize=300%2C225&amp;ssl=1 300w\" sizes=\"(max-width: 600px) 100vw, 600px\" data-recalc-dims=\"1\" \/><figcaption>Melissa lan\u00e7a cole\u00e7\u00e3o com obras de Tarsila do Amaral<\/figcaption><\/figure><\/div>\n\n\n\n<div class=\"wp-block-image\"><figure class=\"aligncenter size-full\"><img data-attachment-id=\"220552\" data-permalink=\"https:\/\/agrund.com\/index.php\/melissa-lanca-colecao-com-obras-de-tarsila-do-amaral\/agrund-melissa-tarsila-amaral-4\/\" data-orig-file=\"https:\/\/i0.wp.com\/agrund.com\/wp-content\/uploads\/sites\/6\/2021\/09\/agrund-melissa-tarsila-amaral-4.jpg?fit=600%2C450&amp;ssl=1\" data-orig-size=\"600,450\" data-comments-opened=\"1\" data-image-meta=\"{&quot;aperture&quot;:&quot;0&quot;,&quot;credit&quot;:&quot;&quot;,&quot;camera&quot;:&quot;&quot;,&quot;caption&quot;:&quot;&quot;,&quot;created_timestamp&quot;:&quot;0&quot;,&quot;copyright&quot;:&quot;&quot;,&quot;focal_length&quot;:&quot;0&quot;,&quot;iso&quot;:&quot;0&quot;,&quot;shutter_speed&quot;:&quot;0&quot;,&quot;title&quot;:&quot;&quot;,&quot;orientation&quot;:&quot;1&quot;}\" data-image-title=\"agrund-melissa-tarsila-amaral-4\" data-image-description=\"\" data-image-caption=\"\" data-medium-file=\"https:\/\/i0.wp.com\/agrund.com\/wp-content\/uploads\/sites\/6\/2021\/09\/agrund-melissa-tarsila-amaral-4.jpg?fit=300%2C225&amp;ssl=1\" data-large-file=\"https:\/\/i0.wp.com\/agrund.com\/wp-content\/uploads\/sites\/6\/2021\/09\/agrund-melissa-tarsila-amaral-4.jpg?fit=600%2C450&amp;ssl=1\" decoding=\"async\" loading=\"lazy\" width=\"600\" height=\"450\" src=\"https:\/\/i0.wp.com\/agrund.com\/wp-content\/uploads\/sites\/6\/2021\/09\/agrund-melissa-tarsila-amaral-4.jpg?resize=600%2C450&#038;ssl=1\" alt=\"\" class=\"wp-image-220552\" srcset=\"https:\/\/i0.wp.com\/agrund.com\/wp-content\/uploads\/sites\/6\/2021\/09\/agrund-melissa-tarsila-amaral-4.jpg?w=600&amp;ssl=1 600w, https:\/\/i0.wp.com\/agrund.com\/wp-content\/uploads\/sites\/6\/2021\/09\/agrund-melissa-tarsila-amaral-4.jpg?resize=300%2C225&amp;ssl=1 300w\" sizes=\"(max-width: 600px) 100vw, 600px\" data-recalc-dims=\"1\" \/><figcaption>Melissa lan\u00e7a cole\u00e7\u00e3o com obras de Tarsila do Amaral<\/figcaption><\/figure><\/div>\n\n\n\n<div class=\"wp-block-image\"><figure class=\"aligncenter size-full\"><img data-attachment-id=\"220553\" data-permalink=\"https:\/\/agrund.com\/index.php\/melissa-lanca-colecao-com-obras-de-tarsila-do-amaral\/agrund-melissa-tarsila-amaral-7\/\" data-orig-file=\"https:\/\/i0.wp.com\/agrund.com\/wp-content\/uploads\/sites\/6\/2021\/09\/agrund-melissa-tarsila-amaral-7.jpg?fit=600%2C450&amp;ssl=1\" data-orig-size=\"600,450\" data-comments-opened=\"1\" data-image-meta=\"{&quot;aperture&quot;:&quot;0&quot;,&quot;credit&quot;:&quot;&quot;,&quot;camera&quot;:&quot;&quot;,&quot;caption&quot;:&quot;&quot;,&quot;created_timestamp&quot;:&quot;0&quot;,&quot;copyright&quot;:&quot;&quot;,&quot;focal_length&quot;:&quot;0&quot;,&quot;iso&quot;:&quot;0&quot;,&quot;shutter_speed&quot;:&quot;0&quot;,&quot;title&quot;:&quot;&quot;,&quot;orientation&quot;:&quot;1&quot;}\" data-image-title=\"agrund-melissa-tarsila-amaral-7\" data-image-description=\"\" data-image-caption=\"\" data-medium-file=\"https:\/\/i0.wp.com\/agrund.com\/wp-content\/uploads\/sites\/6\/2021\/09\/agrund-melissa-tarsila-amaral-7.jpg?fit=300%2C225&amp;ssl=1\" data-large-file=\"https:\/\/i0.wp.com\/agrund.com\/wp-content\/uploads\/sites\/6\/2021\/09\/agrund-melissa-tarsila-amaral-7.jpg?fit=600%2C450&amp;ssl=1\" decoding=\"async\" loading=\"lazy\" width=\"600\" height=\"450\" src=\"https:\/\/i0.wp.com\/agrund.com\/wp-content\/uploads\/sites\/6\/2021\/09\/agrund-melissa-tarsila-amaral-7.jpg?resize=600%2C450&#038;ssl=1\" alt=\"\" class=\"wp-image-220553\" srcset=\"https:\/\/i0.wp.com\/agrund.com\/wp-content\/uploads\/sites\/6\/2021\/09\/agrund-melissa-tarsila-amaral-7.jpg?w=600&amp;ssl=1 600w, https:\/\/i0.wp.com\/agrund.com\/wp-content\/uploads\/sites\/6\/2021\/09\/agrund-melissa-tarsila-amaral-7.jpg?resize=300%2C225&amp;ssl=1 300w\" sizes=\"(max-width: 600px) 100vw, 600px\" data-recalc-dims=\"1\" \/><figcaption>Melissa lan\u00e7a cole\u00e7\u00e3o com obras de Tarsila do Amaral<\/figcaption><\/figure><\/div>\n\n\n\n<div class=\"wp-block-image\"><figure class=\"aligncenter size-full\"><img data-attachment-id=\"220554\" data-permalink=\"https:\/\/agrund.com\/index.php\/melissa-lanca-colecao-com-obras-de-tarsila-do-amaral\/agrund-melissa-tarsila-amaral-19\/\" data-orig-file=\"https:\/\/i0.wp.com\/agrund.com\/wp-content\/uploads\/sites\/6\/2021\/09\/agrund-melissa-tarsila-amaral-19.jpg?fit=600%2C450&amp;ssl=1\" data-orig-size=\"600,450\" data-comments-opened=\"1\" data-image-meta=\"{&quot;aperture&quot;:&quot;0&quot;,&quot;credit&quot;:&quot;&quot;,&quot;camera&quot;:&quot;&quot;,&quot;caption&quot;:&quot;&quot;,&quot;created_timestamp&quot;:&quot;0&quot;,&quot;copyright&quot;:&quot;&quot;,&quot;focal_length&quot;:&quot;0&quot;,&quot;iso&quot;:&quot;0&quot;,&quot;shutter_speed&quot;:&quot;0&quot;,&quot;title&quot;:&quot;&quot;,&quot;orientation&quot;:&quot;1&quot;}\" data-image-title=\"agrund-melissa-tarsila-amaral-19\" data-image-description=\"\" data-image-caption=\"\" data-medium-file=\"https:\/\/i0.wp.com\/agrund.com\/wp-content\/uploads\/sites\/6\/2021\/09\/agrund-melissa-tarsila-amaral-19.jpg?fit=300%2C225&amp;ssl=1\" data-large-file=\"https:\/\/i0.wp.com\/agrund.com\/wp-content\/uploads\/sites\/6\/2021\/09\/agrund-melissa-tarsila-amaral-19.jpg?fit=600%2C450&amp;ssl=1\" decoding=\"async\" loading=\"lazy\" width=\"600\" height=\"450\" src=\"https:\/\/i0.wp.com\/agrund.com\/wp-content\/uploads\/sites\/6\/2021\/09\/agrund-melissa-tarsila-amaral-19.jpg?resize=600%2C450&#038;ssl=1\" alt=\"\" class=\"wp-image-220554\" srcset=\"https:\/\/i0.wp.com\/agrund.com\/wp-content\/uploads\/sites\/6\/2021\/09\/agrund-melissa-tarsila-amaral-19.jpg?w=600&amp;ssl=1 600w, https:\/\/i0.wp.com\/agrund.com\/wp-content\/uploads\/sites\/6\/2021\/09\/agrund-melissa-tarsila-amaral-19.jpg?resize=300%2C225&amp;ssl=1 300w\" sizes=\"(max-width: 600px) 100vw, 600px\" data-recalc-dims=\"1\" \/><figcaption>Melissa lan\u00e7a cole\u00e7\u00e3o com obras de Tarsila do Amaral<\/figcaption><\/figure><\/div>\n\n\n\n<div class=\"wp-block-image\"><figure class=\"aligncenter size-full\"><img data-attachment-id=\"220555\" data-permalink=\"https:\/\/agrund.com\/index.php\/melissa-lanca-colecao-com-obras-de-tarsila-do-amaral\/agrund-melissa-tarsila-amaral-10\/\" data-orig-file=\"https:\/\/i0.wp.com\/agrund.com\/wp-content\/uploads\/sites\/6\/2021\/09\/agrund-melissa-tarsila-amaral-10.jpg?fit=600%2C450&amp;ssl=1\" data-orig-size=\"600,450\" data-comments-opened=\"1\" data-image-meta=\"{&quot;aperture&quot;:&quot;0&quot;,&quot;credit&quot;:&quot;&quot;,&quot;camera&quot;:&quot;&quot;,&quot;caption&quot;:&quot;&quot;,&quot;created_timestamp&quot;:&quot;0&quot;,&quot;copyright&quot;:&quot;&quot;,&quot;focal_length&quot;:&quot;0&quot;,&quot;iso&quot;:&quot;0&quot;,&quot;shutter_speed&quot;:&quot;0&quot;,&quot;title&quot;:&quot;&quot;,&quot;orientation&quot;:&quot;1&quot;}\" data-image-title=\"agrund-melissa-tarsila-amaral-10\" data-image-description=\"\" data-image-caption=\"\" data-medium-file=\"https:\/\/i0.wp.com\/agrund.com\/wp-content\/uploads\/sites\/6\/2021\/09\/agrund-melissa-tarsila-amaral-10.jpg?fit=300%2C225&amp;ssl=1\" data-large-file=\"https:\/\/i0.wp.com\/agrund.com\/wp-content\/uploads\/sites\/6\/2021\/09\/agrund-melissa-tarsila-amaral-10.jpg?fit=600%2C450&amp;ssl=1\" decoding=\"async\" loading=\"lazy\" width=\"600\" height=\"450\" src=\"https:\/\/i0.wp.com\/agrund.com\/wp-content\/uploads\/sites\/6\/2021\/09\/agrund-melissa-tarsila-amaral-10.jpg?resize=600%2C450&#038;ssl=1\" alt=\"\" class=\"wp-image-220555\" srcset=\"https:\/\/i0.wp.com\/agrund.com\/wp-content\/uploads\/sites\/6\/2021\/09\/agrund-melissa-tarsila-amaral-10.jpg?w=600&amp;ssl=1 600w, https:\/\/i0.wp.com\/agrund.com\/wp-content\/uploads\/sites\/6\/2021\/09\/agrund-melissa-tarsila-amaral-10.jpg?resize=300%2C225&amp;ssl=1 300w\" sizes=\"(max-width: 600px) 100vw, 600px\" data-recalc-dims=\"1\" \/><figcaption>Melissa lan\u00e7a cole\u00e7\u00e3o com obras de Tarsila do Amaral<\/figcaption><\/figure><\/div>\n\n\n\n<div class=\"wp-block-image\"><figure class=\"aligncenter size-full\"><img data-attachment-id=\"220556\" data-permalink=\"https:\/\/agrund.com\/index.php\/melissa-lanca-colecao-com-obras-de-tarsila-do-amaral\/agrund-melissa-tarsila-amaral-13\/\" data-orig-file=\"https:\/\/i0.wp.com\/agrund.com\/wp-content\/uploads\/sites\/6\/2021\/09\/agrund-melissa-tarsila-amaral-13.jpg?fit=600%2C450&amp;ssl=1\" data-orig-size=\"600,450\" data-comments-opened=\"1\" data-image-meta=\"{&quot;aperture&quot;:&quot;0&quot;,&quot;credit&quot;:&quot;&quot;,&quot;camera&quot;:&quot;&quot;,&quot;caption&quot;:&quot;&quot;,&quot;created_timestamp&quot;:&quot;0&quot;,&quot;copyright&quot;:&quot;&quot;,&quot;focal_length&quot;:&quot;0&quot;,&quot;iso&quot;:&quot;0&quot;,&quot;shutter_speed&quot;:&quot;0&quot;,&quot;title&quot;:&quot;&quot;,&quot;orientation&quot;:&quot;1&quot;}\" data-image-title=\"agrund-melissa-tarsila-amaral-13\" data-image-description=\"\" data-image-caption=\"\" data-medium-file=\"https:\/\/i0.wp.com\/agrund.com\/wp-content\/uploads\/sites\/6\/2021\/09\/agrund-melissa-tarsila-amaral-13.jpg?fit=300%2C225&amp;ssl=1\" data-large-file=\"https:\/\/i0.wp.com\/agrund.com\/wp-content\/uploads\/sites\/6\/2021\/09\/agrund-melissa-tarsila-amaral-13.jpg?fit=600%2C450&amp;ssl=1\" decoding=\"async\" loading=\"lazy\" width=\"600\" height=\"450\" src=\"https:\/\/i0.wp.com\/agrund.com\/wp-content\/uploads\/sites\/6\/2021\/09\/agrund-melissa-tarsila-amaral-13.jpg?resize=600%2C450&#038;ssl=1\" alt=\"\" class=\"wp-image-220556\" srcset=\"https:\/\/i0.wp.com\/agrund.com\/wp-content\/uploads\/sites\/6\/2021\/09\/agrund-melissa-tarsila-amaral-13.jpg?w=600&amp;ssl=1 600w, https:\/\/i0.wp.com\/agrund.com\/wp-content\/uploads\/sites\/6\/2021\/09\/agrund-melissa-tarsila-amaral-13.jpg?resize=300%2C225&amp;ssl=1 300w\" sizes=\"(max-width: 600px) 100vw, 600px\" data-recalc-dims=\"1\" \/><figcaption>Melissa lan\u00e7a cole\u00e7\u00e3o com obras de Tarsila do Amaral<\/figcaption><\/figure><\/div>\n\n\n\n<p>Fotos: Divulga\u00e7\u00e3o\/ Melissa. <\/p>\n","protected":false},"excerpt":{"rendered":"<p>A Melissa acaba de lan\u00e7ar uma nova linha, chamada Melissa Studio, que enaltece a arte. E a estreia \u00e9 com uma cole\u00e7\u00e3o de Tarsila do Amaral. Desenvolvidos sob os cuidados de Tarsilinha do Amaral, neta de Tarsila, todos os produtos s\u00e3o estampados com pinturas da ic\u00f4nica pintora paulista, como Abapuru, A Caipirinha, O Lago e [&hellip;]<\/p>\n","protected":false},"author":8,"featured_media":220557,"comment_status":"open","ping_status":"open","sticky":false,"template":"","format":"standard","meta":{"jetpack_post_was_ever_published":false,"_jetpack_newsletter_access":"","jetpack_publicize_message":"","jetpack_is_tweetstorm":false,"jetpack_publicize_feature_enabled":true,"jetpack_social_post_already_shared":true,"jetpack_social_options":{"image_generator_settings":{"template":"highway","enabled":false}}},"categories":[2],"tags":[395,375,760,1642,364,818,365,3015],"jetpack_publicize_connections":[],"jetpack_featured_media_url":"https:\/\/i0.wp.com\/agrund.com\/wp-content\/uploads\/sites\/6\/2021\/09\/s-19.jpg?fit=960%2C300&ssl=1","jetpack_sharing_enabled":true,"jetpack_shortlink":"https:\/\/wp.me\/p3Hz0n-Vnb","jetpack_likes_enabled":true,"_links":{"self":[{"href":"https:\/\/agrund.com\/index.php\/wp-json\/wp\/v2\/posts\/220545"}],"collection":[{"href":"https:\/\/agrund.com\/index.php\/wp-json\/wp\/v2\/posts"}],"about":[{"href":"https:\/\/agrund.com\/index.php\/wp-json\/wp\/v2\/types\/post"}],"author":[{"embeddable":true,"href":"https:\/\/agrund.com\/index.php\/wp-json\/wp\/v2\/users\/8"}],"replies":[{"embeddable":true,"href":"https:\/\/agrund.com\/index.php\/wp-json\/wp\/v2\/comments?post=220545"}],"version-history":[{"count":2,"href":"https:\/\/agrund.com\/index.php\/wp-json\/wp\/v2\/posts\/220545\/revisions"}],"predecessor-version":[{"id":220558,"href":"https:\/\/agrund.com\/index.php\/wp-json\/wp\/v2\/posts\/220545\/revisions\/220558"}],"wp:featuredmedia":[{"embeddable":true,"href":"https:\/\/agrund.com\/index.php\/wp-json\/wp\/v2\/media\/220557"}],"wp:attachment":[{"href":"https:\/\/agrund.com\/index.php\/wp-json\/wp\/v2\/media?parent=220545"}],"wp:term":[{"taxonomy":"category","embeddable":true,"href":"https:\/\/agrund.com\/index.php\/wp-json\/wp\/v2\/categories?post=220545"},{"taxonomy":"post_tag","embeddable":true,"href":"https:\/\/agrund.com\/index.php\/wp-json\/wp\/v2\/tags?post=220545"}],"curies":[{"name":"wp","href":"https:\/\/api.w.org\/{rel}","templated":true}]}}