{"id":220533,"date":"2021-09-14T18:00:00","date_gmt":"2021-09-14T21:00:00","guid":{"rendered":"https:\/\/agrund.com\/?p=220533"},"modified":"2021-09-14T18:49:39","modified_gmt":"2021-09-14T21:49:39","slug":"beyonce-e-jay-z-estrelam-novo-video-da-tiffany-co","status":"publish","type":"post","link":"https:\/\/agrund.com\/index.php\/beyonce-e-jay-z-estrelam-novo-video-da-tiffany-co\/","title":{"rendered":"Beyonc\u00e9 e Jay-Z estrelam novo v\u00eddeo da Tiffany &amp; Co."},"content":{"rendered":"\n<div class=\"wp-block-image\"><figure class=\"aligncenter size-full\"><img data-attachment-id=\"220534\" data-permalink=\"https:\/\/agrund.com\/index.php\/beyonce-e-jay-z-estrelam-novo-video-da-tiffany-co\/agrund-beyonce-jay-z-tiffany\/\" data-orig-file=\"https:\/\/i0.wp.com\/agrund.com\/wp-content\/uploads\/sites\/6\/2021\/09\/agrund-beyonce-jay-z-tiffany.jpg?fit=600%2C400&amp;ssl=1\" data-orig-size=\"600,400\" data-comments-opened=\"1\" data-image-meta=\"{&quot;aperture&quot;:&quot;0&quot;,&quot;credit&quot;:&quot;&quot;,&quot;camera&quot;:&quot;&quot;,&quot;caption&quot;:&quot;&quot;,&quot;created_timestamp&quot;:&quot;0&quot;,&quot;copyright&quot;:&quot;&quot;,&quot;focal_length&quot;:&quot;0&quot;,&quot;iso&quot;:&quot;0&quot;,&quot;shutter_speed&quot;:&quot;0&quot;,&quot;title&quot;:&quot;&quot;,&quot;orientation&quot;:&quot;1&quot;}\" data-image-title=\"agrund-beyonce-jay-z-tiffany\" data-image-description=\"\" data-image-caption=\"\" data-medium-file=\"https:\/\/i0.wp.com\/agrund.com\/wp-content\/uploads\/sites\/6\/2021\/09\/agrund-beyonce-jay-z-tiffany.jpg?fit=300%2C200&amp;ssl=1\" data-large-file=\"https:\/\/i0.wp.com\/agrund.com\/wp-content\/uploads\/sites\/6\/2021\/09\/agrund-beyonce-jay-z-tiffany.jpg?fit=600%2C400&amp;ssl=1\" decoding=\"async\" loading=\"lazy\" width=\"600\" height=\"400\" src=\"https:\/\/i0.wp.com\/agrund.com\/wp-content\/uploads\/sites\/6\/2021\/09\/agrund-beyonce-jay-z-tiffany.jpg?resize=600%2C400&#038;ssl=1\" alt=\"\" class=\"wp-image-220534\" srcset=\"https:\/\/i0.wp.com\/agrund.com\/wp-content\/uploads\/sites\/6\/2021\/09\/agrund-beyonce-jay-z-tiffany.jpg?w=600&amp;ssl=1 600w, https:\/\/i0.wp.com\/agrund.com\/wp-content\/uploads\/sites\/6\/2021\/09\/agrund-beyonce-jay-z-tiffany.jpg?resize=300%2C200&amp;ssl=1 300w\" sizes=\"(max-width: 600px) 100vw, 600px\" data-recalc-dims=\"1\" \/><figcaption>Beyonc\u00e9 e Jay-Z estrelam novo v\u00eddeo da Tiffany &amp; Co.<\/figcaption><\/figure><\/div>\n\n\n\n<p>Voc\u00ea se lembra quando contamos <a href=\"https:\/\/agrund.com\/index.php\/beyonce-e-jay-z-estrelam-campanha-da-tiffany-co\/\" data-type=\"URL\" data-id=\"https:\/\/agrund.com\/index.php\/beyonce-e-jay-z-estrelam-campanha-da-tiffany-co\/\" target=\"_blank\" rel=\"noreferrer noopener\">AQUI<\/a> que Beyonc\u00e9 e Jay-Z eram os novos embaixadores da Tiffany &amp; Co.?Agora, o casal estrela uma campanha em v\u00eddeo chamada \u201cAbout Love&#8221;.\u00a0<\/p>\n\n\n\n<p>No filme dirigido por Emmanuel Adjei, Bey aparece em uma lembran\u00e7a, sentada ao piano, cantando &#8220;Moon River&#8221;, uma homenagem ao filme \u2018Breakfast at Tiffany&#8217;s&#8217;, de 1961. O casal relembra o momento enquanto espera a hora de se reencontrar.\u00a0<\/p>\n\n\n\n<p>Aperte o play:\u00a0<\/p>\n\n\n\n<figure class=\"wp-block-embed aligncenter is-type-video is-provider-youtube wp-block-embed-youtube wp-embed-aspect-16-9 wp-has-aspect-ratio\"><div class=\"wp-block-embed__wrapper\">\n<span class=\"embed-youtube\" style=\"text-align:center; display: block;\"><iframe loading=\"lazy\" class=\"youtube-player\" width=\"640\" height=\"360\" src=\"https:\/\/www.youtube.com\/embed\/ZOXO1Cyu1WY?version=3&#038;rel=1&#038;showsearch=0&#038;showinfo=1&#038;iv_load_policy=1&#038;fs=1&#038;hl=pt-BR&#038;autohide=2&#038;start=90&#038;wmode=transparent\" allowfullscreen=\"true\" style=\"border:0;\" sandbox=\"allow-scripts allow-same-origin allow-popups allow-presentation\"><\/iframe><\/span>\n<\/div><\/figure>\n\n\n\n<p>Foto e v\u00eddeo: Reprodu\u00e7\u00e3o\/ Tiffany &amp; Co. <\/p>\n","protected":false},"excerpt":{"rendered":"<p>Voc\u00ea se lembra quando contamos AQUI que Beyonc\u00e9 e Jay-Z eram os novos embaixadores da Tiffany &amp; Co.?Agora, o casal estrela uma campanha em v\u00eddeo chamada \u201cAbout Love&#8221;.\u00a0 No filme dirigido por Emmanuel Adjei, Bey aparece em uma lembran\u00e7a, sentada ao piano, cantando &#8220;Moon River&#8221;, uma homenagem ao filme \u2018Breakfast at Tiffany&#8217;s&#8217;, de 1961. O [&hellip;]<\/p>\n","protected":false},"author":8,"featured_media":220535,"comment_status":"open","ping_status":"open","sticky":false,"template":"","format":"standard","meta":{"jetpack_post_was_ever_published":false,"_jetpack_newsletter_access":"","jetpack_publicize_message":"","jetpack_is_tweetstorm":false,"jetpack_publicize_feature_enabled":true,"jetpack_social_post_already_shared":true,"jetpack_social_options":{"image_generator_settings":{"template":"highway","enabled":false}}},"categories":[2],"tags":[395,375,383,390,2998,400,396],"jetpack_publicize_connections":[],"jetpack_featured_media_url":"https:\/\/i0.wp.com\/agrund.com\/wp-content\/uploads\/sites\/6\/2021\/09\/s-17.jpg?fit=960%2C300&ssl=1","jetpack_sharing_enabled":true,"jetpack_shortlink":"https:\/\/wp.me\/p3Hz0n-VmZ","jetpack_likes_enabled":true,"_links":{"self":[{"href":"https:\/\/agrund.com\/index.php\/wp-json\/wp\/v2\/posts\/220533"}],"collection":[{"href":"https:\/\/agrund.com\/index.php\/wp-json\/wp\/v2\/posts"}],"about":[{"href":"https:\/\/agrund.com\/index.php\/wp-json\/wp\/v2\/types\/post"}],"author":[{"embeddable":true,"href":"https:\/\/agrund.com\/index.php\/wp-json\/wp\/v2\/users\/8"}],"replies":[{"embeddable":true,"href":"https:\/\/agrund.com\/index.php\/wp-json\/wp\/v2\/comments?post=220533"}],"version-history":[{"count":1,"href":"https:\/\/agrund.com\/index.php\/wp-json\/wp\/v2\/posts\/220533\/revisions"}],"predecessor-version":[{"id":220536,"href":"https:\/\/agrund.com\/index.php\/wp-json\/wp\/v2\/posts\/220533\/revisions\/220536"}],"wp:featuredmedia":[{"embeddable":true,"href":"https:\/\/agrund.com\/index.php\/wp-json\/wp\/v2\/media\/220535"}],"wp:attachment":[{"href":"https:\/\/agrund.com\/index.php\/wp-json\/wp\/v2\/media?parent=220533"}],"wp:term":[{"taxonomy":"category","embeddable":true,"href":"https:\/\/agrund.com\/index.php\/wp-json\/wp\/v2\/categories?post=220533"},{"taxonomy":"post_tag","embeddable":true,"href":"https:\/\/agrund.com\/index.php\/wp-json\/wp\/v2\/tags?post=220533"}],"curies":[{"name":"wp","href":"https:\/\/api.w.org\/{rel}","templated":true}]}}