{"id":220509,"date":"2021-09-14T12:00:00","date_gmt":"2021-09-14T15:00:00","guid":{"rendered":"https:\/\/agrund.com\/?p=220509"},"modified":"2021-09-14T13:48:33","modified_gmt":"2021-09-14T16:48:33","slug":"nyfw-primavera-2022-o-show-plural-da-collina-strada","status":"publish","type":"post","link":"https:\/\/agrund.com\/index.php\/nyfw-primavera-2022-o-show-plural-da-collina-strada\/","title":{"rendered":"NYFW Primavera 2022 :: O show plural da Collina Strada"},"content":{"rendered":"\n<p>Por Arlindo Grund<\/p>\n\n\n\n<p>Um marco na hist\u00f3ria da moda: o simples fato dos desfiles presenciais voltarem j\u00e1 sinaliza uma sa\u00edda para o caos pand\u00eamico que estamos vivendo, ainda t\u00e3o fortemente, aqui no Brasil. Celebrar \u00e9 preciso, mas com muita cautela e cuidado. E pelo visto, os protocolos est\u00e3o acontecendo. Lembrando que nos EUA a popula\u00e7\u00e3o est\u00e1 bem adiantada nas vacina\u00e7\u00f5es. Ent\u00e3o, aten\u00e7\u00e3o para o que veremos a partir de agora!<\/p>\n\n\n\n<p>Hillary Taymour faz de sua cole\u00e7\u00e3o primavera 2022 uma verdadeira festa! Um retorno \u00e0 vida com muita alegria. Para isso ela trouxe cores, texturas, misturas alegres e que refletem um ar de otimismo para os pr\u00f3ximos dias. Bordados manuais para valorizar o trabalho feito \u00e0 m\u00e3o, redu\u00e7\u00e3o de res\u00edduos para deixar a moda mais sustent\u00e1vel e, no mesmo vi\u00e9s, pe\u00e7as criadas a partir do conceito de upcycling. Junte tudo isso e pense num novo hippie cheio de criatividade e liberdade. As sobreposi\u00e7\u00f5es criavam camadas que remetiam \u00e0s fadas urbanas e traziam um ar mais delicado, mas com muita for\u00e7a.<\/p>\n\n\n\n<p>Mais uma apresenta\u00e7\u00e3o que mostra uma moda feita para v\u00e1rios corpos e com estilos mais arrojados. A diversidade e a pluralidade dos corpos na passarela mostram que sua roupa veste pessoas, de todas as idades, e que traz uma mensagem de amor e uni\u00e3o.<\/p>\n\n\n\n<div class=\"wp-block-image\"><figure class=\"aligncenter size-full\"><img data-attachment-id=\"220511\" data-permalink=\"https:\/\/agrund.com\/index.php\/nyfw-primavera-2022-o-show-plural-da-collina-strada\/agrund-nyfw-collina-strada-1\/\" data-orig-file=\"https:\/\/i0.wp.com\/agrund.com\/wp-content\/uploads\/sites\/6\/2021\/09\/agrund-nyfw-Collina-Strada-1.jpg?fit=600%2C900&amp;ssl=1\" data-orig-size=\"600,900\" data-comments-opened=\"1\" data-image-meta=\"{&quot;aperture&quot;:&quot;0&quot;,&quot;credit&quot;:&quot;&quot;,&quot;camera&quot;:&quot;&quot;,&quot;caption&quot;:&quot;&quot;,&quot;created_timestamp&quot;:&quot;0&quot;,&quot;copyright&quot;:&quot;&quot;,&quot;focal_length&quot;:&quot;0&quot;,&quot;iso&quot;:&quot;0&quot;,&quot;shutter_speed&quot;:&quot;0&quot;,&quot;title&quot;:&quot;&quot;,&quot;orientation&quot;:&quot;1&quot;}\" data-image-title=\"agrund-nyfw-Collina-Strada-1\" data-image-description=\"\" data-image-caption=\"\" data-medium-file=\"https:\/\/i0.wp.com\/agrund.com\/wp-content\/uploads\/sites\/6\/2021\/09\/agrund-nyfw-Collina-Strada-1.jpg?fit=200%2C300&amp;ssl=1\" data-large-file=\"https:\/\/i0.wp.com\/agrund.com\/wp-content\/uploads\/sites\/6\/2021\/09\/agrund-nyfw-Collina-Strada-1.jpg?fit=600%2C900&amp;ssl=1\" decoding=\"async\" loading=\"lazy\" width=\"600\" height=\"900\" src=\"https:\/\/i0.wp.com\/agrund.com\/wp-content\/uploads\/sites\/6\/2021\/09\/agrund-nyfw-Collina-Strada-1.jpg?resize=600%2C900&#038;ssl=1\" alt=\"\" class=\"wp-image-220511\" srcset=\"https:\/\/i0.wp.com\/agrund.com\/wp-content\/uploads\/sites\/6\/2021\/09\/agrund-nyfw-Collina-Strada-1.jpg?w=600&amp;ssl=1 600w, https:\/\/i0.wp.com\/agrund.com\/wp-content\/uploads\/sites\/6\/2021\/09\/agrund-nyfw-Collina-Strada-1.jpg?resize=200%2C300&amp;ssl=1 200w\" sizes=\"(max-width: 600px) 100vw, 600px\" data-recalc-dims=\"1\" \/><figcaption>NYFW Primavera 2022 :: O show plural da Collina Strada<\/figcaption><\/figure><\/div>\n\n\n\n<div class=\"wp-block-image\"><figure class=\"aligncenter size-full\"><img data-attachment-id=\"220512\" data-permalink=\"https:\/\/agrund.com\/index.php\/nyfw-primavera-2022-o-show-plural-da-collina-strada\/agrund-nyfw-collina-strada-2\/\" data-orig-file=\"https:\/\/i0.wp.com\/agrund.com\/wp-content\/uploads\/sites\/6\/2021\/09\/agrund-nyfw-Collina-Strada-2.jpg?fit=600%2C900&amp;ssl=1\" data-orig-size=\"600,900\" data-comments-opened=\"1\" data-image-meta=\"{&quot;aperture&quot;:&quot;0&quot;,&quot;credit&quot;:&quot;&quot;,&quot;camera&quot;:&quot;&quot;,&quot;caption&quot;:&quot;&quot;,&quot;created_timestamp&quot;:&quot;0&quot;,&quot;copyright&quot;:&quot;&quot;,&quot;focal_length&quot;:&quot;0&quot;,&quot;iso&quot;:&quot;0&quot;,&quot;shutter_speed&quot;:&quot;0&quot;,&quot;title&quot;:&quot;&quot;,&quot;orientation&quot;:&quot;1&quot;}\" data-image-title=\"agrund-nyfw-Collina-Strada-2\" data-image-description=\"\" data-image-caption=\"\" data-medium-file=\"https:\/\/i0.wp.com\/agrund.com\/wp-content\/uploads\/sites\/6\/2021\/09\/agrund-nyfw-Collina-Strada-2.jpg?fit=200%2C300&amp;ssl=1\" data-large-file=\"https:\/\/i0.wp.com\/agrund.com\/wp-content\/uploads\/sites\/6\/2021\/09\/agrund-nyfw-Collina-Strada-2.jpg?fit=600%2C900&amp;ssl=1\" decoding=\"async\" loading=\"lazy\" width=\"600\" height=\"900\" src=\"https:\/\/i0.wp.com\/agrund.com\/wp-content\/uploads\/sites\/6\/2021\/09\/agrund-nyfw-Collina-Strada-2.jpg?resize=600%2C900&#038;ssl=1\" alt=\"\" class=\"wp-image-220512\" srcset=\"https:\/\/i0.wp.com\/agrund.com\/wp-content\/uploads\/sites\/6\/2021\/09\/agrund-nyfw-Collina-Strada-2.jpg?w=600&amp;ssl=1 600w, https:\/\/i0.wp.com\/agrund.com\/wp-content\/uploads\/sites\/6\/2021\/09\/agrund-nyfw-Collina-Strada-2.jpg?resize=200%2C300&amp;ssl=1 200w\" sizes=\"(max-width: 600px) 100vw, 600px\" data-recalc-dims=\"1\" \/><figcaption>NYFW Primavera 2022 :: O show plural da Collina Strada<\/figcaption><\/figure><\/div>\n\n\n\n<div class=\"wp-block-image\"><figure class=\"aligncenter size-full\"><img data-attachment-id=\"220513\" data-permalink=\"https:\/\/agrund.com\/index.php\/nyfw-primavera-2022-o-show-plural-da-collina-strada\/agrund-nyfw-collina-strada-3\/\" data-orig-file=\"https:\/\/i0.wp.com\/agrund.com\/wp-content\/uploads\/sites\/6\/2021\/09\/agrund-nyfw-Collina-Strada-3.jpg?fit=600%2C900&amp;ssl=1\" data-orig-size=\"600,900\" data-comments-opened=\"1\" data-image-meta=\"{&quot;aperture&quot;:&quot;0&quot;,&quot;credit&quot;:&quot;&quot;,&quot;camera&quot;:&quot;&quot;,&quot;caption&quot;:&quot;&quot;,&quot;created_timestamp&quot;:&quot;0&quot;,&quot;copyright&quot;:&quot;&quot;,&quot;focal_length&quot;:&quot;0&quot;,&quot;iso&quot;:&quot;0&quot;,&quot;shutter_speed&quot;:&quot;0&quot;,&quot;title&quot;:&quot;&quot;,&quot;orientation&quot;:&quot;1&quot;}\" data-image-title=\"agrund-nyfw-Collina-Strada-3\" data-image-description=\"\" data-image-caption=\"\" data-medium-file=\"https:\/\/i0.wp.com\/agrund.com\/wp-content\/uploads\/sites\/6\/2021\/09\/agrund-nyfw-Collina-Strada-3.jpg?fit=200%2C300&amp;ssl=1\" data-large-file=\"https:\/\/i0.wp.com\/agrund.com\/wp-content\/uploads\/sites\/6\/2021\/09\/agrund-nyfw-Collina-Strada-3.jpg?fit=600%2C900&amp;ssl=1\" decoding=\"async\" loading=\"lazy\" width=\"600\" height=\"900\" src=\"https:\/\/i0.wp.com\/agrund.com\/wp-content\/uploads\/sites\/6\/2021\/09\/agrund-nyfw-Collina-Strada-3.jpg?resize=600%2C900&#038;ssl=1\" alt=\"\" class=\"wp-image-220513\" srcset=\"https:\/\/i0.wp.com\/agrund.com\/wp-content\/uploads\/sites\/6\/2021\/09\/agrund-nyfw-Collina-Strada-3.jpg?w=600&amp;ssl=1 600w, https:\/\/i0.wp.com\/agrund.com\/wp-content\/uploads\/sites\/6\/2021\/09\/agrund-nyfw-Collina-Strada-3.jpg?resize=200%2C300&amp;ssl=1 200w\" sizes=\"(max-width: 600px) 100vw, 600px\" data-recalc-dims=\"1\" \/><figcaption>NYFW Primavera 2022 :: O show plural da Collina Strada<\/figcaption><\/figure><\/div>\n\n\n\n<div class=\"wp-block-image\"><figure class=\"aligncenter size-full\"><img data-attachment-id=\"220514\" data-permalink=\"https:\/\/agrund.com\/index.php\/nyfw-primavera-2022-o-show-plural-da-collina-strada\/agrund-nyfw-collina-strada-4\/\" data-orig-file=\"https:\/\/i0.wp.com\/agrund.com\/wp-content\/uploads\/sites\/6\/2021\/09\/agrund-nyfw-Collina-Strada-4.jpg?fit=600%2C900&amp;ssl=1\" data-orig-size=\"600,900\" data-comments-opened=\"1\" data-image-meta=\"{&quot;aperture&quot;:&quot;0&quot;,&quot;credit&quot;:&quot;&quot;,&quot;camera&quot;:&quot;&quot;,&quot;caption&quot;:&quot;&quot;,&quot;created_timestamp&quot;:&quot;0&quot;,&quot;copyright&quot;:&quot;&quot;,&quot;focal_length&quot;:&quot;0&quot;,&quot;iso&quot;:&quot;0&quot;,&quot;shutter_speed&quot;:&quot;0&quot;,&quot;title&quot;:&quot;&quot;,&quot;orientation&quot;:&quot;1&quot;}\" data-image-title=\"agrund-nyfw-Collina-Strada-4\" data-image-description=\"\" data-image-caption=\"\" data-medium-file=\"https:\/\/i0.wp.com\/agrund.com\/wp-content\/uploads\/sites\/6\/2021\/09\/agrund-nyfw-Collina-Strada-4.jpg?fit=200%2C300&amp;ssl=1\" data-large-file=\"https:\/\/i0.wp.com\/agrund.com\/wp-content\/uploads\/sites\/6\/2021\/09\/agrund-nyfw-Collina-Strada-4.jpg?fit=600%2C900&amp;ssl=1\" decoding=\"async\" loading=\"lazy\" width=\"600\" height=\"900\" src=\"https:\/\/i0.wp.com\/agrund.com\/wp-content\/uploads\/sites\/6\/2021\/09\/agrund-nyfw-Collina-Strada-4.jpg?resize=600%2C900&#038;ssl=1\" alt=\"\" class=\"wp-image-220514\" srcset=\"https:\/\/i0.wp.com\/agrund.com\/wp-content\/uploads\/sites\/6\/2021\/09\/agrund-nyfw-Collina-Strada-4.jpg?w=600&amp;ssl=1 600w, https:\/\/i0.wp.com\/agrund.com\/wp-content\/uploads\/sites\/6\/2021\/09\/agrund-nyfw-Collina-Strada-4.jpg?resize=200%2C300&amp;ssl=1 200w\" sizes=\"(max-width: 600px) 100vw, 600px\" data-recalc-dims=\"1\" \/><figcaption>NYFW Primavera 2022 :: O show plural da Collina Strada<\/figcaption><\/figure><\/div>\n\n\n\n<div class=\"wp-block-image\"><figure class=\"aligncenter size-full\"><img data-attachment-id=\"220515\" data-permalink=\"https:\/\/agrund.com\/index.php\/nyfw-primavera-2022-o-show-plural-da-collina-strada\/agrund-nyfw-collina-strada-5\/\" data-orig-file=\"https:\/\/i0.wp.com\/agrund.com\/wp-content\/uploads\/sites\/6\/2021\/09\/agrund-nyfw-Collina-Strada-5.jpg?fit=600%2C900&amp;ssl=1\" data-orig-size=\"600,900\" data-comments-opened=\"1\" data-image-meta=\"{&quot;aperture&quot;:&quot;0&quot;,&quot;credit&quot;:&quot;&quot;,&quot;camera&quot;:&quot;&quot;,&quot;caption&quot;:&quot;&quot;,&quot;created_timestamp&quot;:&quot;0&quot;,&quot;copyright&quot;:&quot;&quot;,&quot;focal_length&quot;:&quot;0&quot;,&quot;iso&quot;:&quot;0&quot;,&quot;shutter_speed&quot;:&quot;0&quot;,&quot;title&quot;:&quot;&quot;,&quot;orientation&quot;:&quot;1&quot;}\" data-image-title=\"agrund-nyfw-Collina-Strada-5\" data-image-description=\"\" data-image-caption=\"\" data-medium-file=\"https:\/\/i0.wp.com\/agrund.com\/wp-content\/uploads\/sites\/6\/2021\/09\/agrund-nyfw-Collina-Strada-5.jpg?fit=200%2C300&amp;ssl=1\" data-large-file=\"https:\/\/i0.wp.com\/agrund.com\/wp-content\/uploads\/sites\/6\/2021\/09\/agrund-nyfw-Collina-Strada-5.jpg?fit=600%2C900&amp;ssl=1\" decoding=\"async\" loading=\"lazy\" width=\"600\" height=\"900\" src=\"https:\/\/i0.wp.com\/agrund.com\/wp-content\/uploads\/sites\/6\/2021\/09\/agrund-nyfw-Collina-Strada-5.jpg?resize=600%2C900&#038;ssl=1\" alt=\"\" class=\"wp-image-220515\" srcset=\"https:\/\/i0.wp.com\/agrund.com\/wp-content\/uploads\/sites\/6\/2021\/09\/agrund-nyfw-Collina-Strada-5.jpg?w=600&amp;ssl=1 600w, https:\/\/i0.wp.com\/agrund.com\/wp-content\/uploads\/sites\/6\/2021\/09\/agrund-nyfw-Collina-Strada-5.jpg?resize=200%2C300&amp;ssl=1 200w\" sizes=\"(max-width: 600px) 100vw, 600px\" data-recalc-dims=\"1\" \/><figcaption>NYFW Primavera 2022 :: O show plural da Collina Strada<\/figcaption><\/figure><\/div>\n\n\n\n<div class=\"wp-block-image\"><figure class=\"aligncenter size-full\"><img data-attachment-id=\"220516\" data-permalink=\"https:\/\/agrund.com\/index.php\/nyfw-primavera-2022-o-show-plural-da-collina-strada\/agrund-nyfw-collina-strada-6\/\" data-orig-file=\"https:\/\/i0.wp.com\/agrund.com\/wp-content\/uploads\/sites\/6\/2021\/09\/agrund-nyfw-Collina-Strada-6.jpg?fit=600%2C900&amp;ssl=1\" data-orig-size=\"600,900\" data-comments-opened=\"1\" data-image-meta=\"{&quot;aperture&quot;:&quot;0&quot;,&quot;credit&quot;:&quot;&quot;,&quot;camera&quot;:&quot;&quot;,&quot;caption&quot;:&quot;&quot;,&quot;created_timestamp&quot;:&quot;0&quot;,&quot;copyright&quot;:&quot;&quot;,&quot;focal_length&quot;:&quot;0&quot;,&quot;iso&quot;:&quot;0&quot;,&quot;shutter_speed&quot;:&quot;0&quot;,&quot;title&quot;:&quot;&quot;,&quot;orientation&quot;:&quot;1&quot;}\" data-image-title=\"agrund-nyfw-Collina-Strada-6\" data-image-description=\"\" data-image-caption=\"\" data-medium-file=\"https:\/\/i0.wp.com\/agrund.com\/wp-content\/uploads\/sites\/6\/2021\/09\/agrund-nyfw-Collina-Strada-6.jpg?fit=200%2C300&amp;ssl=1\" data-large-file=\"https:\/\/i0.wp.com\/agrund.com\/wp-content\/uploads\/sites\/6\/2021\/09\/agrund-nyfw-Collina-Strada-6.jpg?fit=600%2C900&amp;ssl=1\" decoding=\"async\" loading=\"lazy\" width=\"600\" height=\"900\" src=\"https:\/\/i0.wp.com\/agrund.com\/wp-content\/uploads\/sites\/6\/2021\/09\/agrund-nyfw-Collina-Strada-6.jpg?resize=600%2C900&#038;ssl=1\" alt=\"\" class=\"wp-image-220516\" srcset=\"https:\/\/i0.wp.com\/agrund.com\/wp-content\/uploads\/sites\/6\/2021\/09\/agrund-nyfw-Collina-Strada-6.jpg?w=600&amp;ssl=1 600w, https:\/\/i0.wp.com\/agrund.com\/wp-content\/uploads\/sites\/6\/2021\/09\/agrund-nyfw-Collina-Strada-6.jpg?resize=200%2C300&amp;ssl=1 200w\" sizes=\"(max-width: 600px) 100vw, 600px\" data-recalc-dims=\"1\" \/><figcaption>NYFW Primavera 2022 :: O show plural da Collina Strada<\/figcaption><\/figure><\/div>\n\n\n\n<div class=\"wp-block-image\"><figure class=\"aligncenter size-full\"><img data-attachment-id=\"220517\" data-permalink=\"https:\/\/agrund.com\/index.php\/nyfw-primavera-2022-o-show-plural-da-collina-strada\/agrund-nyfw-collina-strada-7\/\" data-orig-file=\"https:\/\/i0.wp.com\/agrund.com\/wp-content\/uploads\/sites\/6\/2021\/09\/agrund-nyfw-Collina-Strada-7.jpg?fit=600%2C900&amp;ssl=1\" data-orig-size=\"600,900\" data-comments-opened=\"1\" data-image-meta=\"{&quot;aperture&quot;:&quot;0&quot;,&quot;credit&quot;:&quot;&quot;,&quot;camera&quot;:&quot;&quot;,&quot;caption&quot;:&quot;&quot;,&quot;created_timestamp&quot;:&quot;0&quot;,&quot;copyright&quot;:&quot;&quot;,&quot;focal_length&quot;:&quot;0&quot;,&quot;iso&quot;:&quot;0&quot;,&quot;shutter_speed&quot;:&quot;0&quot;,&quot;title&quot;:&quot;&quot;,&quot;orientation&quot;:&quot;1&quot;}\" data-image-title=\"agrund-nyfw-Collina-Strada-7\" data-image-description=\"\" data-image-caption=\"\" data-medium-file=\"https:\/\/i0.wp.com\/agrund.com\/wp-content\/uploads\/sites\/6\/2021\/09\/agrund-nyfw-Collina-Strada-7.jpg?fit=200%2C300&amp;ssl=1\" data-large-file=\"https:\/\/i0.wp.com\/agrund.com\/wp-content\/uploads\/sites\/6\/2021\/09\/agrund-nyfw-Collina-Strada-7.jpg?fit=600%2C900&amp;ssl=1\" decoding=\"async\" loading=\"lazy\" width=\"600\" height=\"900\" src=\"https:\/\/i0.wp.com\/agrund.com\/wp-content\/uploads\/sites\/6\/2021\/09\/agrund-nyfw-Collina-Strada-7.jpg?resize=600%2C900&#038;ssl=1\" alt=\"\" class=\"wp-image-220517\" srcset=\"https:\/\/i0.wp.com\/agrund.com\/wp-content\/uploads\/sites\/6\/2021\/09\/agrund-nyfw-Collina-Strada-7.jpg?w=600&amp;ssl=1 600w, https:\/\/i0.wp.com\/agrund.com\/wp-content\/uploads\/sites\/6\/2021\/09\/agrund-nyfw-Collina-Strada-7.jpg?resize=200%2C300&amp;ssl=1 200w\" sizes=\"(max-width: 600px) 100vw, 600px\" data-recalc-dims=\"1\" \/><figcaption>NYFW Primavera 2022 :: O show plural da Collina Strada<\/figcaption><\/figure><\/div>\n\n\n\n<p>Imagens: Reprodu\u00e7\u00e3o\/Alessandro Viero\/Gorunway.com<\/p>\n","protected":false},"excerpt":{"rendered":"<p>Por Arlindo Grund Um marco na hist\u00f3ria da moda: o simples fato dos desfiles presenciais voltarem j\u00e1 sinaliza uma sa\u00edda para o caos pand\u00eamico que estamos vivendo, ainda t\u00e3o fortemente, aqui no Brasil. Celebrar \u00e9 preciso, mas com muita cautela e cuidado. E pelo visto, os protocolos est\u00e3o acontecendo. Lembrando que nos EUA a popula\u00e7\u00e3o [&hellip;]<\/p>\n","protected":false},"author":8,"featured_media":220518,"comment_status":"open","ping_status":"open","sticky":false,"template":"","format":"standard","meta":{"jetpack_post_was_ever_published":false,"_jetpack_newsletter_access":"","jetpack_publicize_message":"","jetpack_is_tweetstorm":false,"jetpack_publicize_feature_enabled":true,"jetpack_social_post_already_shared":true,"jetpack_social_options":{"image_generator_settings":{"template":"highway","enabled":false}}},"categories":[2],"tags":[395,375,834,309,777,455,775],"jetpack_publicize_connections":[],"jetpack_featured_media_url":"https:\/\/i0.wp.com\/agrund.com\/wp-content\/uploads\/sites\/6\/2021\/09\/s-15.jpg?fit=960%2C300&ssl=1","jetpack_sharing_enabled":true,"jetpack_shortlink":"https:\/\/wp.me\/p3Hz0n-VmB","jetpack_likes_enabled":true,"_links":{"self":[{"href":"https:\/\/agrund.com\/index.php\/wp-json\/wp\/v2\/posts\/220509"}],"collection":[{"href":"https:\/\/agrund.com\/index.php\/wp-json\/wp\/v2\/posts"}],"about":[{"href":"https:\/\/agrund.com\/index.php\/wp-json\/wp\/v2\/types\/post"}],"author":[{"embeddable":true,"href":"https:\/\/agrund.com\/index.php\/wp-json\/wp\/v2\/users\/8"}],"replies":[{"embeddable":true,"href":"https:\/\/agrund.com\/index.php\/wp-json\/wp\/v2\/comments?post=220509"}],"version-history":[{"count":2,"href":"https:\/\/agrund.com\/index.php\/wp-json\/wp\/v2\/posts\/220509\/revisions"}],"predecessor-version":[{"id":220519,"href":"https:\/\/agrund.com\/index.php\/wp-json\/wp\/v2\/posts\/220509\/revisions\/220519"}],"wp:featuredmedia":[{"embeddable":true,"href":"https:\/\/agrund.com\/index.php\/wp-json\/wp\/v2\/media\/220518"}],"wp:attachment":[{"href":"https:\/\/agrund.com\/index.php\/wp-json\/wp\/v2\/media?parent=220509"}],"wp:term":[{"taxonomy":"category","embeddable":true,"href":"https:\/\/agrund.com\/index.php\/wp-json\/wp\/v2\/categories?post=220509"},{"taxonomy":"post_tag","embeddable":true,"href":"https:\/\/agrund.com\/index.php\/wp-json\/wp\/v2\/tags?post=220509"}],"curies":[{"name":"wp","href":"https:\/\/api.w.org\/{rel}","templated":true}]}}