{"id":220427,"date":"2021-09-03T12:00:59","date_gmt":"2021-09-03T15:00:59","guid":{"rendered":"https:\/\/agrund.com\/?p=220427"},"modified":"2021-09-03T14:53:17","modified_gmt":"2021-09-03T17:53:17","slug":"jennifer-aniston-vai-lancar-marca-de-beleza","status":"publish","type":"post","link":"https:\/\/agrund.com\/index.php\/jennifer-aniston-vai-lancar-marca-de-beleza\/","title":{"rendered":"Jennifer Aniston vai lan\u00e7ar marca de beleza"},"content":{"rendered":"\n<p>Jennifer Aniston decidiu se aventurar em um projeto fora das telas e acaba de anunciar que lan\u00e7ar\u00e1 sua marca pr\u00f3pria de beleza, a LolaVie.&nbsp;<\/p>\n\n\n\n<p>Em seu Instagram, a atriz postou uma foto dos bastidores de uma campanha com a legenda &#8220;Algo est\u00e1 vindo&#8221; e marcou o instagram oficial da marca, que est\u00e1 divulgando 08 de setembro como data de lan\u00e7amento.&nbsp;<\/p>\n\n\n\n<p>Nenhuma informa\u00e7\u00e3o oficial sobre os produtos foi divulgada, ent\u00e3o nos resta aguardar.\u00a0 Qual \u00e9 o seu palpite?\u00a0<\/p>\n\n\n\n<div class=\"wp-block-image\"><figure class=\"aligncenter\"><img data-attachment-id=\"220429\" data-permalink=\"https:\/\/agrund.com\/index.php\/jennifer-aniston-vai-lancar-marca-de-beleza\/agrund-jennifer-aniston-marca-beleza-1\/\" data-orig-file=\"https:\/\/i0.wp.com\/agrund.com\/wp-content\/uploads\/sites\/6\/2021\/09\/agrund-jennifer-aniston-marca-beleza-1.jpg?fit=550%2C658&amp;ssl=1\" data-orig-size=\"550,658\" data-comments-opened=\"1\" data-image-meta=\"{&quot;aperture&quot;:&quot;0&quot;,&quot;credit&quot;:&quot;&quot;,&quot;camera&quot;:&quot;&quot;,&quot;caption&quot;:&quot;&quot;,&quot;created_timestamp&quot;:&quot;0&quot;,&quot;copyright&quot;:&quot;&quot;,&quot;focal_length&quot;:&quot;0&quot;,&quot;iso&quot;:&quot;0&quot;,&quot;shutter_speed&quot;:&quot;0&quot;,&quot;title&quot;:&quot;&quot;,&quot;orientation&quot;:&quot;1&quot;}\" data-image-title=\"agrund-jennifer-aniston-marca-beleza-1\" data-image-description=\"\" data-image-caption=\"\" data-medium-file=\"https:\/\/i0.wp.com\/agrund.com\/wp-content\/uploads\/sites\/6\/2021\/09\/agrund-jennifer-aniston-marca-beleza-1.jpg?fit=251%2C300&amp;ssl=1\" data-large-file=\"https:\/\/i0.wp.com\/agrund.com\/wp-content\/uploads\/sites\/6\/2021\/09\/agrund-jennifer-aniston-marca-beleza-1.jpg?fit=550%2C658&amp;ssl=1\" decoding=\"async\" loading=\"lazy\" width=\"550\" height=\"658\" src=\"https:\/\/i0.wp.com\/agrund.com\/wp-content\/uploads\/sites\/6\/2021\/09\/agrund-jennifer-aniston-marca-beleza-1.jpg?resize=550%2C658&#038;ssl=1\" alt=\"\" class=\"wp-image-220429\" srcset=\"https:\/\/i0.wp.com\/agrund.com\/wp-content\/uploads\/sites\/6\/2021\/09\/agrund-jennifer-aniston-marca-beleza-1.jpg?w=550&amp;ssl=1 550w, https:\/\/i0.wp.com\/agrund.com\/wp-content\/uploads\/sites\/6\/2021\/09\/agrund-jennifer-aniston-marca-beleza-1.jpg?resize=251%2C300&amp;ssl=1 251w\" sizes=\"(max-width: 550px) 100vw, 550px\" data-recalc-dims=\"1\" \/><figcaption>Jennifer Aniston vai lan\u00e7ar marca de beleza<\/figcaption><\/figure><\/div>\n\n\n\n<div class=\"wp-block-image\"><figure class=\"aligncenter\"><img data-attachment-id=\"220430\" data-permalink=\"https:\/\/agrund.com\/index.php\/jennifer-aniston-vai-lancar-marca-de-beleza\/agrund-jennifer-aniston-marca-beleza-2\/\" data-orig-file=\"https:\/\/i0.wp.com\/agrund.com\/wp-content\/uploads\/sites\/6\/2021\/09\/agrund-jennifer-aniston-marca-beleza-2.jpg?fit=550%2C653&amp;ssl=1\" data-orig-size=\"550,653\" data-comments-opened=\"1\" data-image-meta=\"{&quot;aperture&quot;:&quot;0&quot;,&quot;credit&quot;:&quot;&quot;,&quot;camera&quot;:&quot;&quot;,&quot;caption&quot;:&quot;&quot;,&quot;created_timestamp&quot;:&quot;0&quot;,&quot;copyright&quot;:&quot;&quot;,&quot;focal_length&quot;:&quot;0&quot;,&quot;iso&quot;:&quot;0&quot;,&quot;shutter_speed&quot;:&quot;0&quot;,&quot;title&quot;:&quot;&quot;,&quot;orientation&quot;:&quot;1&quot;}\" data-image-title=\"agrund-jennifer-aniston-marca-beleza-2\" data-image-description=\"\" data-image-caption=\"\" data-medium-file=\"https:\/\/i0.wp.com\/agrund.com\/wp-content\/uploads\/sites\/6\/2021\/09\/agrund-jennifer-aniston-marca-beleza-2.jpg?fit=253%2C300&amp;ssl=1\" data-large-file=\"https:\/\/i0.wp.com\/agrund.com\/wp-content\/uploads\/sites\/6\/2021\/09\/agrund-jennifer-aniston-marca-beleza-2.jpg?fit=550%2C653&amp;ssl=1\" decoding=\"async\" loading=\"lazy\" width=\"550\" height=\"653\" src=\"https:\/\/i0.wp.com\/agrund.com\/wp-content\/uploads\/sites\/6\/2021\/09\/agrund-jennifer-aniston-marca-beleza-2.jpg?resize=550%2C653&#038;ssl=1\" alt=\"\" class=\"wp-image-220430\" srcset=\"https:\/\/i0.wp.com\/agrund.com\/wp-content\/uploads\/sites\/6\/2021\/09\/agrund-jennifer-aniston-marca-beleza-2.jpg?w=550&amp;ssl=1 550w, https:\/\/i0.wp.com\/agrund.com\/wp-content\/uploads\/sites\/6\/2021\/09\/agrund-jennifer-aniston-marca-beleza-2.jpg?resize=253%2C300&amp;ssl=1 253w\" sizes=\"(max-width: 550px) 100vw, 550px\" data-recalc-dims=\"1\" \/><figcaption>Jennifer Aniston vai lan\u00e7ar marca de beleza<\/figcaption><\/figure><\/div>\n\n\n\n<p>Fotos: Reprodu\u00e7\u00e3o\/ Instagram. <\/p>\n","protected":false},"excerpt":{"rendered":"<p>Jennifer Aniston decidiu se aventurar em um projeto fora das telas e acaba de anunciar que lan\u00e7ar\u00e1 sua marca pr\u00f3pria de beleza, a LolaVie.&nbsp; Em seu Instagram, a atriz postou uma foto dos bastidores de uma campanha com a legenda &#8220;Algo est\u00e1 vindo&#8221; e marcou o instagram oficial da marca, que est\u00e1 divulgando 08 de [&hellip;]<\/p>\n","protected":false},"author":8,"featured_media":220431,"comment_status":"open","ping_status":"open","sticky":false,"template":"","format":"standard","meta":{"jetpack_post_was_ever_published":false,"_jetpack_newsletter_access":"","jetpack_publicize_message":"","jetpack_is_tweetstorm":false,"jetpack_publicize_feature_enabled":true,"jetpack_social_post_already_shared":true,"jetpack_social_options":{"image_generator_settings":{"template":"highway","enabled":false}}},"categories":[2],"tags":[395,375,353,352,1864,3006],"jetpack_publicize_connections":[],"jetpack_featured_media_url":"https:\/\/i0.wp.com\/agrund.com\/wp-content\/uploads\/sites\/6\/2021\/09\/s-4.jpg?fit=960%2C300&ssl=1","jetpack_sharing_enabled":true,"jetpack_shortlink":"https:\/\/wp.me\/p3Hz0n-Vlh","jetpack_likes_enabled":true,"_links":{"self":[{"href":"https:\/\/agrund.com\/index.php\/wp-json\/wp\/v2\/posts\/220427"}],"collection":[{"href":"https:\/\/agrund.com\/index.php\/wp-json\/wp\/v2\/posts"}],"about":[{"href":"https:\/\/agrund.com\/index.php\/wp-json\/wp\/v2\/types\/post"}],"author":[{"embeddable":true,"href":"https:\/\/agrund.com\/index.php\/wp-json\/wp\/v2\/users\/8"}],"replies":[{"embeddable":true,"href":"https:\/\/agrund.com\/index.php\/wp-json\/wp\/v2\/comments?post=220427"}],"version-history":[{"count":2,"href":"https:\/\/agrund.com\/index.php\/wp-json\/wp\/v2\/posts\/220427\/revisions"}],"predecessor-version":[{"id":220432,"href":"https:\/\/agrund.com\/index.php\/wp-json\/wp\/v2\/posts\/220427\/revisions\/220432"}],"wp:featuredmedia":[{"embeddable":true,"href":"https:\/\/agrund.com\/index.php\/wp-json\/wp\/v2\/media\/220431"}],"wp:attachment":[{"href":"https:\/\/agrund.com\/index.php\/wp-json\/wp\/v2\/media?parent=220427"}],"wp:term":[{"taxonomy":"category","embeddable":true,"href":"https:\/\/agrund.com\/index.php\/wp-json\/wp\/v2\/categories?post=220427"},{"taxonomy":"post_tag","embeddable":true,"href":"https:\/\/agrund.com\/index.php\/wp-json\/wp\/v2\/tags?post=220427"}],"curies":[{"name":"wp","href":"https:\/\/api.w.org\/{rel}","templated":true}]}}