{"id":220422,"date":"2021-09-02T18:00:37","date_gmt":"2021-09-02T21:00:37","guid":{"rendered":"https:\/\/agrund.com\/?p=220422"},"modified":"2021-09-02T17:34:53","modified_gmt":"2021-09-02T20:34:53","slug":"hailey-bieber-e-o-novo-rosto-da-jimmy-choo","status":"publish","type":"post","link":"https:\/\/agrund.com\/index.php\/hailey-bieber-e-o-novo-rosto-da-jimmy-choo\/","title":{"rendered":"Hailey Bieber \u00e9 o novo rosto da Jimmy Choo"},"content":{"rendered":"\n<p>A Jimmy Choo acaba de revelar que Hailey Bieber \u00e9 a estrela de sua campanha eyewear outono 2021, chamada Time to Dare (hora de ousar, em portugu\u00eas).<\/p>\n\n\n\n<p>Capturadas em Los Angeles por Pierre-Ange Carlotti, as imagens exploram os panoramas exagerados e closes \u00edntimos de Hailey, com seu olhar confidente e magn\u00e9tico.<\/p>\n\n\n\n<p>&#8220;Hailey \u00e9 a personifica\u00e7\u00e3o do atual esp\u00edrito da Jimmy Choo: glamouroso, sexy, sedutor, desafiador e confiante. Ela representa perfeitamente o DNA, que \u00e9 o cora\u00e7\u00e3o da marca. Eu amo a sua energia, estilo e sua inata confian\u00e7a que \u00e9 exibida nessas imagens. Eu estou t\u00e3o emocionada que n\u00f3s fomos capazes de trabalhar juntos para criar uma campanha t\u00e3o bonita&#8221;, disse Sandra Choi, Diretora Criativa.<\/p>\n\n\n\n<p>Veja o resultado na galeria abaixo:\u00a0<\/p>\n\n\n\n<div class=\"wp-block-image\"><figure class=\"aligncenter\"><img data-attachment-id=\"220423\" data-permalink=\"https:\/\/agrund.com\/index.php\/hailey-bieber-e-o-novo-rosto-da-jimmy-choo\/agrund-jimmy-choo-hailey-bieber-1\/\" data-orig-file=\"https:\/\/i0.wp.com\/agrund.com\/wp-content\/uploads\/sites\/6\/2021\/09\/agrund-jimmy-choo-hailey-bieber-1.jpg?fit=600%2C849&amp;ssl=1\" data-orig-size=\"600,849\" data-comments-opened=\"1\" data-image-meta=\"{&quot;aperture&quot;:&quot;0&quot;,&quot;credit&quot;:&quot;&quot;,&quot;camera&quot;:&quot;&quot;,&quot;caption&quot;:&quot;&quot;,&quot;created_timestamp&quot;:&quot;0&quot;,&quot;copyright&quot;:&quot;&quot;,&quot;focal_length&quot;:&quot;0&quot;,&quot;iso&quot;:&quot;0&quot;,&quot;shutter_speed&quot;:&quot;0&quot;,&quot;title&quot;:&quot;&quot;,&quot;orientation&quot;:&quot;1&quot;}\" data-image-title=\"agrund-jimmy-choo-hailey-bieber-1\" data-image-description=\"\" data-image-caption=\"\" data-medium-file=\"https:\/\/i0.wp.com\/agrund.com\/wp-content\/uploads\/sites\/6\/2021\/09\/agrund-jimmy-choo-hailey-bieber-1.jpg?fit=212%2C300&amp;ssl=1\" data-large-file=\"https:\/\/i0.wp.com\/agrund.com\/wp-content\/uploads\/sites\/6\/2021\/09\/agrund-jimmy-choo-hailey-bieber-1.jpg?fit=600%2C849&amp;ssl=1\" decoding=\"async\" loading=\"lazy\" width=\"600\" height=\"849\" src=\"https:\/\/i0.wp.com\/agrund.com\/wp-content\/uploads\/sites\/6\/2021\/09\/agrund-jimmy-choo-hailey-bieber-1.jpg?resize=600%2C849&#038;ssl=1\" alt=\"\" class=\"wp-image-220423\" srcset=\"https:\/\/i0.wp.com\/agrund.com\/wp-content\/uploads\/sites\/6\/2021\/09\/agrund-jimmy-choo-hailey-bieber-1.jpg?w=600&amp;ssl=1 600w, https:\/\/i0.wp.com\/agrund.com\/wp-content\/uploads\/sites\/6\/2021\/09\/agrund-jimmy-choo-hailey-bieber-1.jpg?resize=212%2C300&amp;ssl=1 212w\" sizes=\"(max-width: 600px) 100vw, 600px\" data-recalc-dims=\"1\" \/><figcaption>Hailey Bieber \u00e9 o novo rosto da Jimmy Choo <\/figcaption><\/figure><\/div>\n\n\n\n<div class=\"wp-block-image\"><figure class=\"aligncenter\"><img data-attachment-id=\"220424\" data-permalink=\"https:\/\/agrund.com\/index.php\/hailey-bieber-e-o-novo-rosto-da-jimmy-choo\/agrund-jimmy-choo-hailey-bieber-2\/\" data-orig-file=\"https:\/\/i0.wp.com\/agrund.com\/wp-content\/uploads\/sites\/6\/2021\/09\/agrund-jimmy-choo-hailey-bieber-2.jpg?fit=600%2C849&amp;ssl=1\" data-orig-size=\"600,849\" data-comments-opened=\"1\" data-image-meta=\"{&quot;aperture&quot;:&quot;0&quot;,&quot;credit&quot;:&quot;&quot;,&quot;camera&quot;:&quot;&quot;,&quot;caption&quot;:&quot;&quot;,&quot;created_timestamp&quot;:&quot;0&quot;,&quot;copyright&quot;:&quot;&quot;,&quot;focal_length&quot;:&quot;0&quot;,&quot;iso&quot;:&quot;0&quot;,&quot;shutter_speed&quot;:&quot;0&quot;,&quot;title&quot;:&quot;&quot;,&quot;orientation&quot;:&quot;1&quot;}\" data-image-title=\"agrund-jimmy-choo-hailey-bieber-2\" data-image-description=\"\" data-image-caption=\"\" data-medium-file=\"https:\/\/i0.wp.com\/agrund.com\/wp-content\/uploads\/sites\/6\/2021\/09\/agrund-jimmy-choo-hailey-bieber-2.jpg?fit=212%2C300&amp;ssl=1\" data-large-file=\"https:\/\/i0.wp.com\/agrund.com\/wp-content\/uploads\/sites\/6\/2021\/09\/agrund-jimmy-choo-hailey-bieber-2.jpg?fit=600%2C849&amp;ssl=1\" decoding=\"async\" loading=\"lazy\" width=\"600\" height=\"849\" src=\"https:\/\/i0.wp.com\/agrund.com\/wp-content\/uploads\/sites\/6\/2021\/09\/agrund-jimmy-choo-hailey-bieber-2.jpg?resize=600%2C849&#038;ssl=1\" alt=\"\" class=\"wp-image-220424\" srcset=\"https:\/\/i0.wp.com\/agrund.com\/wp-content\/uploads\/sites\/6\/2021\/09\/agrund-jimmy-choo-hailey-bieber-2.jpg?w=600&amp;ssl=1 600w, https:\/\/i0.wp.com\/agrund.com\/wp-content\/uploads\/sites\/6\/2021\/09\/agrund-jimmy-choo-hailey-bieber-2.jpg?resize=212%2C300&amp;ssl=1 212w\" sizes=\"(max-width: 600px) 100vw, 600px\" data-recalc-dims=\"1\" \/><figcaption>Hailey Bieber \u00e9 o novo rosto da Jimmy Choo <\/figcaption><\/figure><\/div>\n\n\n\n<figure class=\"wp-block-embed-youtube aligncenter wp-block-embed is-type-video is-provider-youtube wp-embed-aspect-16-9 wp-has-aspect-ratio\"><div class=\"wp-block-embed__wrapper\">\n<span class=\"embed-youtube\" style=\"text-align:center; display: block;\"><iframe loading=\"lazy\" class=\"youtube-player\" width=\"640\" height=\"360\" src=\"https:\/\/www.youtube.com\/embed\/LUmJK6XV0d4?version=3&#038;rel=1&#038;showsearch=0&#038;showinfo=1&#038;iv_load_policy=1&#038;fs=1&#038;hl=pt-BR&#038;autohide=2&#038;wmode=transparent\" allowfullscreen=\"true\" style=\"border:0;\" sandbox=\"allow-scripts allow-same-origin allow-popups allow-presentation\"><\/iframe><\/span>\n<\/div><\/figure>\n\n\n\n<p>Fotos: Divulga\u00e7\u00e3o\/ Jimmy Choo. <\/p>\n","protected":false},"excerpt":{"rendered":"<p>A Jimmy Choo acaba de revelar que Hailey Bieber \u00e9 a estrela de sua campanha eyewear outono 2021, chamada Time to Dare (hora de ousar, em portugu\u00eas). Capturadas em Los Angeles por Pierre-Ange Carlotti, as imagens exploram os panoramas exagerados e closes \u00edntimos de Hailey, com seu olhar confidente e magn\u00e9tico. &#8220;Hailey \u00e9 a personifica\u00e7\u00e3o [&hellip;]<\/p>\n","protected":false},"author":8,"featured_media":220425,"comment_status":"open","ping_status":"open","sticky":false,"template":"","format":"standard","meta":{"jetpack_post_was_ever_published":false,"_jetpack_newsletter_access":"","jetpack_publicize_message":"","jetpack_is_tweetstorm":false,"jetpack_publicize_feature_enabled":true,"jetpack_social_post_already_shared":true,"jetpack_social_options":{"image_generator_settings":{"template":"highway","enabled":false}}},"categories":[2],"tags":[395,375,445,568,3005,940,1319],"jetpack_publicize_connections":[],"jetpack_featured_media_url":"https:\/\/i0.wp.com\/agrund.com\/wp-content\/uploads\/sites\/6\/2021\/09\/s-3.jpg?fit=960%2C300&ssl=1","jetpack_sharing_enabled":true,"jetpack_shortlink":"https:\/\/wp.me\/p3Hz0n-Vlc","jetpack_likes_enabled":true,"_links":{"self":[{"href":"https:\/\/agrund.com\/index.php\/wp-json\/wp\/v2\/posts\/220422"}],"collection":[{"href":"https:\/\/agrund.com\/index.php\/wp-json\/wp\/v2\/posts"}],"about":[{"href":"https:\/\/agrund.com\/index.php\/wp-json\/wp\/v2\/types\/post"}],"author":[{"embeddable":true,"href":"https:\/\/agrund.com\/index.php\/wp-json\/wp\/v2\/users\/8"}],"replies":[{"embeddable":true,"href":"https:\/\/agrund.com\/index.php\/wp-json\/wp\/v2\/comments?post=220422"}],"version-history":[{"count":1,"href":"https:\/\/agrund.com\/index.php\/wp-json\/wp\/v2\/posts\/220422\/revisions"}],"predecessor-version":[{"id":220426,"href":"https:\/\/agrund.com\/index.php\/wp-json\/wp\/v2\/posts\/220422\/revisions\/220426"}],"wp:featuredmedia":[{"embeddable":true,"href":"https:\/\/agrund.com\/index.php\/wp-json\/wp\/v2\/media\/220425"}],"wp:attachment":[{"href":"https:\/\/agrund.com\/index.php\/wp-json\/wp\/v2\/media?parent=220422"}],"wp:term":[{"taxonomy":"category","embeddable":true,"href":"https:\/\/agrund.com\/index.php\/wp-json\/wp\/v2\/categories?post=220422"},{"taxonomy":"post_tag","embeddable":true,"href":"https:\/\/agrund.com\/index.php\/wp-json\/wp\/v2\/tags?post=220422"}],"curies":[{"name":"wp","href":"https:\/\/api.w.org\/{rel}","templated":true}]}}