{"id":22032,"date":"2012-02-07T12:05:13","date_gmt":"2012-02-07T14:05:13","guid":{"rendered":"http:\/\/www.agrund.com\/blogs\/notas\/?p=22032"},"modified":"2012-02-07T12:05:13","modified_gmt":"2012-02-07T14:05:13","slug":"curso-tendencia-verao-2013","status":"publish","type":"post","link":"https:\/\/agrund.com\/index.php\/curso-tendencia-verao-2013\/","title":{"rendered":"Curso :: Tend\u00eancia ver\u00e3o 2013"},"content":{"rendered":"<p>Pr\u00f3ximo dia 09 de fevereiro acontecer\u00e1 o <strong>36\u00ba encontro<\/strong>, No evento Renata Abranchs, nome por tr\u00e1s do\u00a0<strong>Bureau de estilo<\/strong> e do site\/livro de\u00a0streetstyle <strong>RIOetc.,<\/strong> antecipa as tend\u00eancias do ver\u00e3o 2013. O encontro conta ainda com palestra de\u00a0<em>Clarissa Ara\u00fajo<\/em>, Gerente comercial na Am\u00e9rica do Sul do\u00a0<em>WGSN<\/em>, maior site de an\u00e1lise de tend\u00eancias e comportamento do mundo, que falar\u00e1 sobre Inova\u00e7\u00f5es digitais.<\/p>\n<p style=\"text-align: center\"><img decoding=\"async\" loading=\"lazy\" class=\"aligncenter size-full wp-image-22033\" src=\"https:\/\/i0.wp.com\/www.agrund.com\/arquivo\/notas\/files\/2012\/02\/23.jpg?resize=471%2C330\" alt=\"\" width=\"471\" height=\"330\" data-recalc-dims=\"1\" \/><\/p>\n<p style=\"text-align: center\">\n<p>Confira programa\u00e7\u00e3o.<\/p>\n<p><strong>36\u00ba Encontro \u2013\u00a0Preview\u00a0ver\u00e3o 2012\/13<\/strong><\/p>\n<p>Data: 09\/02\/2012<\/p>\n<p>Programa\u00e7\u00e3o:\u00a0Welcome\u00a0coffee\u00a0\u2013 8H00<\/p>\n<p>Palestra WGSN \u2013 8H30<\/p>\n<p>Palestra Renata\u00a0Abranchs\u00a0\u2013 9H00 (Apresenta\u00e7\u00e3o dos temas, com degusta\u00e7\u00e3o olfativa)<\/p>\n<p>Coffee\u00a0Break\u00a0\u2013 10H30<\/p>\n<p>Palestra Renata\u00a0Abranchs\u00a0\u2013 11H00<\/p>\n<p>Encerramento \u2013 13H00<\/p>\n<p>Local: Unibanco\u00a0Arteplex\u00a0\u2013 Praia de Botafogo,316, Botafogo \u2013 RJ<\/p>\n","protected":false},"excerpt":{"rendered":"<p>Pr\u00f3ximo dia 09 de fevereiro acontecer\u00e1 o 36\u00ba encontro, No evento Renata Abranchs, nome por tr\u00e1s do\u00a0Bureau de estilo e do site\/livro de\u00a0streetstyle RIOetc., antecipa as tend\u00eancias do ver\u00e3o 2013. O encontro conta ainda com palestra de\u00a0Clarissa Ara\u00fajo, Gerente comercial na Am\u00e9rica do Sul do\u00a0WGSN, maior site de an\u00e1lise de tend\u00eancias e comportamento do mundo, [&hellip;]<\/p>\n","protected":false},"author":8,"featured_media":22033,"comment_status":"open","ping_status":"open","sticky":false,"template":"","format":"standard","meta":{"jetpack_post_was_ever_published":false,"_jetpack_newsletter_access":"","jetpack_publicize_message":"","jetpack_is_tweetstorm":false,"jetpack_publicize_feature_enabled":true,"jetpack_social_post_already_shared":false,"jetpack_social_options":{"image_generator_settings":{"template":"highway","enabled":false}}},"categories":[2],"tags":[],"jetpack_publicize_connections":[],"jetpack_featured_media_url":"","jetpack_sharing_enabled":true,"jetpack_shortlink":"https:\/\/wp.me\/p3Hz0n-5Jm","jetpack_likes_enabled":true,"_links":{"self":[{"href":"https:\/\/agrund.com\/index.php\/wp-json\/wp\/v2\/posts\/22032"}],"collection":[{"href":"https:\/\/agrund.com\/index.php\/wp-json\/wp\/v2\/posts"}],"about":[{"href":"https:\/\/agrund.com\/index.php\/wp-json\/wp\/v2\/types\/post"}],"author":[{"embeddable":true,"href":"https:\/\/agrund.com\/index.php\/wp-json\/wp\/v2\/users\/8"}],"replies":[{"embeddable":true,"href":"https:\/\/agrund.com\/index.php\/wp-json\/wp\/v2\/comments?post=22032"}],"version-history":[{"count":0,"href":"https:\/\/agrund.com\/index.php\/wp-json\/wp\/v2\/posts\/22032\/revisions"}],"wp:featuredmedia":[{"embeddable":true,"href":"https:\/\/agrund.com\/index.php\/wp-json\/"}],"wp:attachment":[{"href":"https:\/\/agrund.com\/index.php\/wp-json\/wp\/v2\/media?parent=22032"}],"wp:term":[{"taxonomy":"category","embeddable":true,"href":"https:\/\/agrund.com\/index.php\/wp-json\/wp\/v2\/categories?post=22032"},{"taxonomy":"post_tag","embeddable":true,"href":"https:\/\/agrund.com\/index.php\/wp-json\/wp\/v2\/tags?post=22032"}],"curies":[{"name":"wp","href":"https:\/\/api.w.org\/{rel}","templated":true}]}}