{"id":210909,"date":"2020-04-29T16:00:40","date_gmt":"2020-04-29T19:00:40","guid":{"rendered":"https:\/\/agrund.com\/?p=210909"},"modified":"2020-04-29T14:50:55","modified_gmt":"2020-04-29T17:50:55","slug":"carine-roitfeld-fara-desfile-virtual-beneficente","status":"publish","type":"post","link":"https:\/\/agrund.com\/index.php\/carine-roitfeld-fara-desfile-virtual-beneficente\/","title":{"rendered":"Carine Roitfeld far\u00e1 desfile virtual beneficente"},"content":{"rendered":"\n<p>A moda vem at\u00e9 a nossa casa? Se depender de Carine Roitfeld, sim! A editora de moda francesa anunciou que far\u00e1 um desfile de moda virtual em parceria com o amfAR.<\/p>\n\n\n\n<p>Chamado \u201cCR Runway with amfAR Against COVID-19: Fashion Unites\u201d, o evento virtual ser\u00e1 transmitido no Youtube na pr\u00f3xima sexta-feira (01) com o intuito n\u00e3o s\u00f3 de celebrar a moda, mas principalmente arrecadar fundos para a luta contra o coronav\u00edrus do amfAR.\u00a0<\/p>\n\n\n\n<p>Derek Blasberg, diretor de moda e beleza da rede social, ser\u00e1 o apresentador do desfile que contar\u00e1 com imagens gravadas pelos pr\u00f3prios participantes e modelos usando looks de seus pr\u00f3prios guarda-roupas. Dentre os convidados est\u00e3o Kim Kardashian West, Diane von Furstenberg, Donatella Versace, Marc Jacobs, Hailey Bieber, Karlie Kloss, Virgil Abloh, Alexander Wang, Heron Preston, Alessandra Ambrosio, Ashley Graham, Winnie Harlow, Adriana Lima, Stella Maxwell, Irina Shayk, Amber Valleta, entre outros.\u00a0<\/p>\n\n\n\n<p>Haver\u00e1 tamb\u00e9m uma atra\u00e7\u00e3o musical que ainda n\u00e3o foi divulgada. Quem vai assistir?\u00a0<\/p>\n\n\n\n<div class=\"wp-block-image\"><figure class=\"aligncenter\"><img data-attachment-id=\"210910\" data-permalink=\"https:\/\/agrund.com\/index.php\/carine-roitfeld-fara-desfile-virtual-beneficente\/agrund-carine-roitfeld\/\" data-orig-file=\"https:\/\/i0.wp.com\/agrund.com\/wp-content\/uploads\/sites\/6\/2020\/04\/agrund-carine-roitfeld.jpg?fit=600%2C399&amp;ssl=1\" data-orig-size=\"600,399\" data-comments-opened=\"1\" data-image-meta=\"{&quot;aperture&quot;:&quot;0&quot;,&quot;credit&quot;:&quot;&quot;,&quot;camera&quot;:&quot;&quot;,&quot;caption&quot;:&quot;&quot;,&quot;created_timestamp&quot;:&quot;0&quot;,&quot;copyright&quot;:&quot;&quot;,&quot;focal_length&quot;:&quot;0&quot;,&quot;iso&quot;:&quot;0&quot;,&quot;shutter_speed&quot;:&quot;0&quot;,&quot;title&quot;:&quot;&quot;,&quot;orientation&quot;:&quot;1&quot;}\" data-image-title=\"agrund-carine-roitfeld\" data-image-description=\"\" data-image-caption=\"\" data-medium-file=\"https:\/\/i0.wp.com\/agrund.com\/wp-content\/uploads\/sites\/6\/2020\/04\/agrund-carine-roitfeld.jpg?fit=300%2C200&amp;ssl=1\" data-large-file=\"https:\/\/i0.wp.com\/agrund.com\/wp-content\/uploads\/sites\/6\/2020\/04\/agrund-carine-roitfeld.jpg?fit=600%2C399&amp;ssl=1\" decoding=\"async\" loading=\"lazy\" width=\"600\" height=\"399\" src=\"https:\/\/i0.wp.com\/agrund.com\/wp-content\/uploads\/sites\/6\/2020\/04\/agrund-carine-roitfeld.jpg?resize=600%2C399&#038;ssl=1\" alt=\"\" class=\"wp-image-210910\" srcset=\"https:\/\/i0.wp.com\/agrund.com\/wp-content\/uploads\/sites\/6\/2020\/04\/agrund-carine-roitfeld.jpg?w=600&amp;ssl=1 600w, https:\/\/i0.wp.com\/agrund.com\/wp-content\/uploads\/sites\/6\/2020\/04\/agrund-carine-roitfeld.jpg?resize=300%2C200&amp;ssl=1 300w\" sizes=\"(max-width: 600px) 100vw, 600px\" data-recalc-dims=\"1\" \/><figcaption>Carine Roitfeld far\u00e1 desfile virtual beneficente <\/figcaption><\/figure><\/div>\n\n\n\n<p>Foto: Reprodu\u00e7\u00e3o. <\/p>\n","protected":false},"excerpt":{"rendered":"<p>A moda vem at\u00e9 a nossa casa? Se depender de Carine Roitfeld, sim! A editora de moda francesa anunciou que far\u00e1 um desfile de moda virtual em parceria com o amfAR. Chamado \u201cCR Runway with amfAR Against COVID-19: Fashion Unites\u201d, o evento virtual ser\u00e1 transmitido no Youtube na pr\u00f3xima sexta-feira (01) com o intuito n\u00e3o [&hellip;]<\/p>\n","protected":false},"author":8,"featured_media":210911,"comment_status":"open","ping_status":"open","sticky":false,"template":"","format":"standard","meta":{"jetpack_post_was_ever_published":false,"_jetpack_newsletter_access":"","jetpack_publicize_message":"","jetpack_is_tweetstorm":false,"jetpack_publicize_feature_enabled":true,"jetpack_social_post_already_shared":true,"jetpack_social_options":{"image_generator_settings":{"template":"highway","enabled":false}}},"categories":[2],"tags":[395,375,1693,1473,1576,1694,64,423,347,374,438,377,524,917,67,525,148,424,862],"jetpack_publicize_connections":[],"jetpack_featured_media_url":"https:\/\/i0.wp.com\/agrund.com\/wp-content\/uploads\/sites\/6\/2020\/04\/s-132.jpg?fit=960%2C300&ssl=1","jetpack_sharing_enabled":true,"jetpack_shortlink":"https:\/\/wp.me\/p3Hz0n-SRL","jetpack_likes_enabled":true,"_links":{"self":[{"href":"https:\/\/agrund.com\/index.php\/wp-json\/wp\/v2\/posts\/210909"}],"collection":[{"href":"https:\/\/agrund.com\/index.php\/wp-json\/wp\/v2\/posts"}],"about":[{"href":"https:\/\/agrund.com\/index.php\/wp-json\/wp\/v2\/types\/post"}],"author":[{"embeddable":true,"href":"https:\/\/agrund.com\/index.php\/wp-json\/wp\/v2\/users\/8"}],"replies":[{"embeddable":true,"href":"https:\/\/agrund.com\/index.php\/wp-json\/wp\/v2\/comments?post=210909"}],"version-history":[{"count":1,"href":"https:\/\/agrund.com\/index.php\/wp-json\/wp\/v2\/posts\/210909\/revisions"}],"predecessor-version":[{"id":210912,"href":"https:\/\/agrund.com\/index.php\/wp-json\/wp\/v2\/posts\/210909\/revisions\/210912"}],"wp:featuredmedia":[{"embeddable":true,"href":"https:\/\/agrund.com\/index.php\/wp-json\/wp\/v2\/media\/210911"}],"wp:attachment":[{"href":"https:\/\/agrund.com\/index.php\/wp-json\/wp\/v2\/media?parent=210909"}],"wp:term":[{"taxonomy":"category","embeddable":true,"href":"https:\/\/agrund.com\/index.php\/wp-json\/wp\/v2\/categories?post=210909"},{"taxonomy":"post_tag","embeddable":true,"href":"https:\/\/agrund.com\/index.php\/wp-json\/wp\/v2\/tags?post=210909"}],"curies":[{"name":"wp","href":"https:\/\/api.w.org\/{rel}","templated":true}]}}