{"id":210839,"date":"2020-04-28T15:00:54","date_gmt":"2020-04-28T18:00:54","guid":{"rendered":"https:\/\/agrund.com\/?p=210839"},"modified":"2020-04-28T09:55:26","modified_gmt":"2020-04-28T12:55:26","slug":"capa-da-vogue-us-faz-referencia-a-pandemia","status":"publish","type":"post","link":"https:\/\/agrund.com\/index.php\/capa-da-vogue-us-faz-referencia-a-pandemia\/","title":{"rendered":"Capa da &#8216;Vogue US&#8217; faz refer\u00eancia \u00e0 pandemia"},"content":{"rendered":"\n<p>No m\u00eas passado, a &#8216;Vogue It\u00e1lia&#8217; publicou uma edi\u00e7\u00e3o com a capa completamente branca, como uma forma de representar o momento de pandemia mundial (reveja <a href=\"https:\/\/agrund.com\/index.php\/vogue-italia-publica-capa-branca-em-referencia-ao-coronavirus\/\">AQUI<\/a>). Agora, a &#8216;Vogue&#8217; americana mostra sua solidariedade com tudo o que est\u00e1 acontecendo no mundo atrav\u00e9s de uma edi\u00e7\u00e3o com apenas uma rosa vermelha na capa, junto da frase &#8220;Our Common Thread: Creativity in a Time of Crisis&#8221; (&#8220;Nosso fio comum: criatividade em tempos de crise&#8221;, em portugu\u00eas).<\/p>\n\n\n\n<p>A rosa \u00e9 uma foto capturada em 1970 por Irving Penn e nunca publicada antes. Produzida remotamente, a revista conta com muitas fotos e hist\u00f3rias enviadas por colaboradores frequentes, como Florence Pugh, Marc Jacobs e Kim Kardashian West.\u00a0<\/p>\n\n\n\n<p>\u201cComo voc\u00ea, sem d\u00favida, fiquei abalada pelas mudan\u00e7as dram\u00e1ticas que experimentamos no espa\u00e7o de poucas semanas e pelos constantes desafios emocionais de tentar cuidar de nossas fam\u00edlias, amigos, colegas &#8211; e n\u00f3s mesmos. Criamos um documento desse momento para os pr\u00f3ximos anos: um lembrete comovente de como todos est\u00e1vamos perdendo os milagres da vida cotidiana e a alegria que eles podem trazer\u201d, escreveu Anna Wintour na carta da editora.\u00a0<\/p>\n\n\n\n<p>Confira:\u00a0<\/p>\n\n\n\n<div class=\"wp-block-image\"><figure class=\"aligncenter\"><img data-attachment-id=\"210841\" data-permalink=\"https:\/\/agrund.com\/index.php\/capa-da-vogue-us-faz-referencia-a-pandemia\/agrund-vogue-usa-pandemia-coronavirus\/\" data-orig-file=\"https:\/\/i0.wp.com\/agrund.com\/wp-content\/uploads\/sites\/6\/2020\/04\/agrund-vogue-usa-pandemia-coronavirus.jpg?fit=550%2C686&amp;ssl=1\" data-orig-size=\"550,686\" data-comments-opened=\"1\" data-image-meta=\"{&quot;aperture&quot;:&quot;0&quot;,&quot;credit&quot;:&quot;&quot;,&quot;camera&quot;:&quot;&quot;,&quot;caption&quot;:&quot;&quot;,&quot;created_timestamp&quot;:&quot;0&quot;,&quot;copyright&quot;:&quot;&quot;,&quot;focal_length&quot;:&quot;0&quot;,&quot;iso&quot;:&quot;0&quot;,&quot;shutter_speed&quot;:&quot;0&quot;,&quot;title&quot;:&quot;&quot;,&quot;orientation&quot;:&quot;1&quot;}\" data-image-title=\"agrund-vogue-usa-pandemia-coronavirus\" data-image-description=\"\" data-image-caption=\"\" data-medium-file=\"https:\/\/i0.wp.com\/agrund.com\/wp-content\/uploads\/sites\/6\/2020\/04\/agrund-vogue-usa-pandemia-coronavirus.jpg?fit=241%2C300&amp;ssl=1\" data-large-file=\"https:\/\/i0.wp.com\/agrund.com\/wp-content\/uploads\/sites\/6\/2020\/04\/agrund-vogue-usa-pandemia-coronavirus.jpg?fit=550%2C686&amp;ssl=1\" decoding=\"async\" loading=\"lazy\" width=\"550\" height=\"686\" src=\"https:\/\/i0.wp.com\/agrund.com\/wp-content\/uploads\/sites\/6\/2020\/04\/agrund-vogue-usa-pandemia-coronavirus.jpg?resize=550%2C686&#038;ssl=1\" alt=\"\" class=\"wp-image-210841\" srcset=\"https:\/\/i0.wp.com\/agrund.com\/wp-content\/uploads\/sites\/6\/2020\/04\/agrund-vogue-usa-pandemia-coronavirus.jpg?w=550&amp;ssl=1 550w, https:\/\/i0.wp.com\/agrund.com\/wp-content\/uploads\/sites\/6\/2020\/04\/agrund-vogue-usa-pandemia-coronavirus.jpg?resize=241%2C300&amp;ssl=1 241w\" sizes=\"(max-width: 550px) 100vw, 550px\" data-recalc-dims=\"1\" \/><figcaption>Capa da &#8216;Vogue US&#8217; faz refer\u00eancia \u00e0 pandemia<\/figcaption><\/figure><\/div>\n\n\n\n<p>Foto: Reprodu\u00e7\u00e3o\/ Vogue US. <\/p>\n","protected":false},"excerpt":{"rendered":"<p>No m\u00eas passado, a &#8216;Vogue It\u00e1lia&#8217; publicou uma edi\u00e7\u00e3o com a capa completamente branca, como uma forma de representar o momento de pandemia mundial (reveja AQUI). Agora, a &#8216;Vogue&#8217; americana mostra sua solidariedade com tudo o que est\u00e1 acontecendo no mundo atrav\u00e9s de uma edi\u00e7\u00e3o com apenas uma rosa vermelha na capa, junto da frase [&hellip;]<\/p>\n","protected":false},"author":8,"featured_media":210840,"comment_status":"open","ping_status":"open","sticky":false,"template":"","format":"standard","meta":{"jetpack_post_was_ever_published":false,"_jetpack_newsletter_access":"","jetpack_publicize_message":"","jetpack_is_tweetstorm":false,"jetpack_publicize_feature_enabled":true,"jetpack_social_post_already_shared":true,"jetpack_social_options":{"image_generator_settings":{"template":"highway","enabled":false}}},"categories":[2],"tags":[395,375,410,1473,859,423,347,438,377,524,917,67,525,148,1594,1675,424,408,1674,411,862],"jetpack_publicize_connections":[],"jetpack_featured_media_url":"https:\/\/i0.wp.com\/agrund.com\/wp-content\/uploads\/sites\/6\/2020\/04\/s-123.jpg?fit=960%2C300&ssl=1","jetpack_sharing_enabled":true,"jetpack_shortlink":"https:\/\/wp.me\/p3Hz0n-SQD","jetpack_likes_enabled":true,"_links":{"self":[{"href":"https:\/\/agrund.com\/index.php\/wp-json\/wp\/v2\/posts\/210839"}],"collection":[{"href":"https:\/\/agrund.com\/index.php\/wp-json\/wp\/v2\/posts"}],"about":[{"href":"https:\/\/agrund.com\/index.php\/wp-json\/wp\/v2\/types\/post"}],"author":[{"embeddable":true,"href":"https:\/\/agrund.com\/index.php\/wp-json\/wp\/v2\/users\/8"}],"replies":[{"embeddable":true,"href":"https:\/\/agrund.com\/index.php\/wp-json\/wp\/v2\/comments?post=210839"}],"version-history":[{"count":1,"href":"https:\/\/agrund.com\/index.php\/wp-json\/wp\/v2\/posts\/210839\/revisions"}],"predecessor-version":[{"id":210842,"href":"https:\/\/agrund.com\/index.php\/wp-json\/wp\/v2\/posts\/210839\/revisions\/210842"}],"wp:featuredmedia":[{"embeddable":true,"href":"https:\/\/agrund.com\/index.php\/wp-json\/wp\/v2\/media\/210840"}],"wp:attachment":[{"href":"https:\/\/agrund.com\/index.php\/wp-json\/wp\/v2\/media?parent=210839"}],"wp:term":[{"taxonomy":"category","embeddable":true,"href":"https:\/\/agrund.com\/index.php\/wp-json\/wp\/v2\/categories?post=210839"},{"taxonomy":"post_tag","embeddable":true,"href":"https:\/\/agrund.com\/index.php\/wp-json\/wp\/v2\/tags?post=210839"}],"curies":[{"name":"wp","href":"https:\/\/api.w.org\/{rel}","templated":true}]}}