{"id":21063,"date":"2012-01-18T10:07:51","date_gmt":"2012-01-18T12:07:51","guid":{"rendered":"http:\/\/www.agrund.com\/blogs\/notas\/?p=21063"},"modified":"2012-01-18T10:07:51","modified_gmt":"2012-01-18T12:07:51","slug":"mara-mac-inverno-2012","status":"publish","type":"post","link":"https:\/\/agrund.com\/index.php\/mara-mac-inverno-2012\/","title":{"rendered":"Mara Mac :: Inverno 2012"},"content":{"rendered":"<p>Depois de mais de 19 anos consecutivos de desfiles, a Mara Mac mostra sua cole\u00e7\u00e3o de maneira diferente. Dessa vez um v\u00eddeo para mostrar palavras, gestos e sons como fonte de inspira\u00e7\u00e3o. Estampas de fibras \u00f3ticas e vestidos em camadas \u2013 que mais parecem livros \u2013 aparecem nas imagens. A alfaiataria masculina tamb\u00e9m com forte presen\u00e7a.<\/p>\n<p>\u201cEstou muito confiante com esta nova proposta de apresentar a cole\u00e7\u00e3o Inverno 2012. Come\u00e7amos com sucesso o e-commerce no ano passado e tenho me aventurado cada vez mais no mundo da internet. \u00c9 tempo de investir mais nesse mercado,\u201d esclarece Mara MacDowell, diretora de estilo da marca.<\/p>\n<p>Confira o v\u00eddeo <a href=\"http:\/\/vimeo.com\/maramac\/inverno2012\">aqui<\/a>!<\/p>\n<p style=\"text-align: center\"><img decoding=\"async\" loading=\"lazy\" class=\"aligncenter size-full wp-image-21065\" src=\"https:\/\/i0.wp.com\/www.agrund.com\/arquivo\/notas\/files\/2012\/01\/19.jpg?resize=290%2C480\" alt=\"\" width=\"290\" height=\"480\" data-recalc-dims=\"1\" \/><\/p>\n<p style=\"text-align: center\"><img decoding=\"async\" loading=\"lazy\" class=\"aligncenter size-full wp-image-21066\" src=\"https:\/\/i0.wp.com\/www.agrund.com\/arquivo\/notas\/files\/2012\/01\/23.jpg?resize=245%2C480\" alt=\"\" width=\"245\" height=\"480\" data-recalc-dims=\"1\" \/><\/p>\n<p style=\"text-align: center\"><img decoding=\"async\" loading=\"lazy\" class=\"aligncenter size-full wp-image-21067\" src=\"https:\/\/i0.wp.com\/www.agrund.com\/arquivo\/notas\/files\/2012\/01\/31.jpg?resize=343%2C480\" alt=\"\" width=\"343\" height=\"480\" data-recalc-dims=\"1\" \/><\/p>\n<p style=\"text-align: center\"><img decoding=\"async\" loading=\"lazy\" class=\"aligncenter size-full wp-image-21068\" src=\"https:\/\/i0.wp.com\/www.agrund.com\/arquivo\/notas\/files\/2012\/01\/41.jpg?resize=236%2C480\" alt=\"\" width=\"236\" height=\"480\" data-recalc-dims=\"1\" \/><\/p>\n","protected":false},"excerpt":{"rendered":"<p>Depois de mais de 19 anos consecutivos de desfiles, a Mara Mac mostra sua cole\u00e7\u00e3o de maneira diferente. Dessa vez um v\u00eddeo para mostrar palavras, gestos e sons como fonte de inspira\u00e7\u00e3o. Estampas de fibras \u00f3ticas e vestidos em camadas \u2013 que mais parecem livros \u2013 aparecem nas imagens. A alfaiataria masculina tamb\u00e9m com forte [&hellip;]<\/p>\n","protected":false},"author":8,"featured_media":21065,"comment_status":"open","ping_status":"open","sticky":false,"template":"","format":"standard","meta":{"jetpack_post_was_ever_published":false,"_jetpack_newsletter_access":"","jetpack_publicize_message":"","jetpack_is_tweetstorm":false,"jetpack_publicize_feature_enabled":true,"jetpack_social_post_already_shared":false,"jetpack_social_options":{"image_generator_settings":{"template":"highway","enabled":false}}},"categories":[2],"tags":[],"jetpack_publicize_connections":[],"jetpack_featured_media_url":"","jetpack_sharing_enabled":true,"jetpack_shortlink":"https:\/\/wp.me\/p3Hz0n-5tJ","jetpack_likes_enabled":true,"_links":{"self":[{"href":"https:\/\/agrund.com\/index.php\/wp-json\/wp\/v2\/posts\/21063"}],"collection":[{"href":"https:\/\/agrund.com\/index.php\/wp-json\/wp\/v2\/posts"}],"about":[{"href":"https:\/\/agrund.com\/index.php\/wp-json\/wp\/v2\/types\/post"}],"author":[{"embeddable":true,"href":"https:\/\/agrund.com\/index.php\/wp-json\/wp\/v2\/users\/8"}],"replies":[{"embeddable":true,"href":"https:\/\/agrund.com\/index.php\/wp-json\/wp\/v2\/comments?post=21063"}],"version-history":[{"count":0,"href":"https:\/\/agrund.com\/index.php\/wp-json\/wp\/v2\/posts\/21063\/revisions"}],"wp:featuredmedia":[{"embeddable":true,"href":"https:\/\/agrund.com\/index.php\/wp-json\/"}],"wp:attachment":[{"href":"https:\/\/agrund.com\/index.php\/wp-json\/wp\/v2\/media?parent=21063"}],"wp:term":[{"taxonomy":"category","embeddable":true,"href":"https:\/\/agrund.com\/index.php\/wp-json\/wp\/v2\/categories?post=21063"},{"taxonomy":"post_tag","embeddable":true,"href":"https:\/\/agrund.com\/index.php\/wp-json\/wp\/v2\/tags?post=21063"}],"curies":[{"name":"wp","href":"https:\/\/api.w.org\/{rel}","templated":true}]}}