{"id":204772,"date":"2019-11-06T10:00:37","date_gmt":"2019-11-06T13:00:37","guid":{"rendered":"http:\/\/www.agrund.com\/?p=204772"},"modified":"2019-11-06T10:06:56","modified_gmt":"2019-11-06T13:06:56","slug":"emily-ratajkowski-e-processada-por-fotografo","status":"publish","type":"post","link":"https:\/\/agrund.com\/index.php\/emily-ratajkowski-e-processada-por-fotografo\/","title":{"rendered":"Emily Ratajkowski \u00e9 processada por fot\u00f3grafo"},"content":{"rendered":"\n<p>Depois de Kim Kardashian processar um aplicativo de celular (<a href=\"https:\/\/www.agrund.com\/kim-kardashian-processa-aplicativo-de-celular\/\">AQUI<\/a>), agora \u00e9 Emily Ratajkowski que est\u00e1 passando por problemas de uso de imagem.\u00a0<\/p>\n\n\n\n<p>A modelo est\u00e1 sendo processada pelo fot\u00f3grafo Robert O&#8217;Neil por causa de uma foto que ela compartilhou em seu Instagram sem a permiss\u00e3o ou consentimento dele.\u00a0<\/p>\n\n\n\n<p>De acordo com as informa\u00e7\u00f5es divulgadas, o fot\u00f3grafo est\u00e1 pedindo cerca de R$ 600 mil por danos e tamb\u00e9m est\u00e1 solicitando todos os lucros que ela obteve com a sua foto. Complicado, n\u00e3o \u00e9 mesmo?\u00a0<\/p>\n\n\n\n<p>Vale dizer que O&#8217;Neil j\u00e1 processou Gigi Hadid por uma foto que ela postou de seu ex-namorado Zayn Malik.\u00a0<\/p>\n\n\n\n<div class=\"wp-block-image\"><figure class=\"aligncenter\"><img data-attachment-id=\"204773\" data-permalink=\"https:\/\/agrund.com\/index.php\/emily-ratajkowski-e-processada-por-fotografo\/agrund-emily\/\" data-orig-file=\"https:\/\/i0.wp.com\/agrund.com\/wp-content\/uploads\/sites\/6\/2019\/11\/agrund-emily.jpeg?fit=600%2C450&amp;ssl=1\" data-orig-size=\"600,450\" data-comments-opened=\"1\" data-image-meta=\"{&quot;aperture&quot;:&quot;0&quot;,&quot;credit&quot;:&quot;&quot;,&quot;camera&quot;:&quot;&quot;,&quot;caption&quot;:&quot;&quot;,&quot;created_timestamp&quot;:&quot;0&quot;,&quot;copyright&quot;:&quot;&quot;,&quot;focal_length&quot;:&quot;0&quot;,&quot;iso&quot;:&quot;0&quot;,&quot;shutter_speed&quot;:&quot;0&quot;,&quot;title&quot;:&quot;&quot;,&quot;orientation&quot;:&quot;1&quot;}\" data-image-title=\"agrund-emily\" data-image-description=\"\" data-image-caption=\"\" data-medium-file=\"https:\/\/i0.wp.com\/agrund.com\/wp-content\/uploads\/sites\/6\/2019\/11\/agrund-emily.jpeg?fit=300%2C225&amp;ssl=1\" data-large-file=\"https:\/\/i0.wp.com\/agrund.com\/wp-content\/uploads\/sites\/6\/2019\/11\/agrund-emily.jpeg?fit=600%2C450&amp;ssl=1\" decoding=\"async\" loading=\"lazy\" width=\"600\" height=\"450\" src=\"https:\/\/i0.wp.com\/www.agrund.com\/wp-content\/uploads\/sites\/6\/2019\/11\/agrund-emily.jpeg?resize=600%2C450&#038;ssl=1\" alt=\"\" class=\"wp-image-204773\" srcset=\"https:\/\/i0.wp.com\/agrund.com\/wp-content\/uploads\/sites\/6\/2019\/11\/agrund-emily.jpeg?w=600&amp;ssl=1 600w, https:\/\/i0.wp.com\/agrund.com\/wp-content\/uploads\/sites\/6\/2019\/11\/agrund-emily.jpeg?resize=300%2C225&amp;ssl=1 300w\" sizes=\"(max-width: 600px) 100vw, 600px\" data-recalc-dims=\"1\" \/><figcaption>Emily Ratajkowski \u00e9 processado por foto no Instagram  <\/figcaption><\/figure><\/div>\n\n\n\n<p>Foto: Reprodu\u00e7\u00e3o. <\/p>\n","protected":false},"excerpt":{"rendered":"<p>Depois de Kim Kardashian processar um aplicativo de celular (AQUI), agora \u00e9 Emily Ratajkowski que est\u00e1 passando por problemas de uso de imagem.\u00a0 A modelo est\u00e1 sendo processada pelo fot\u00f3grafo Robert O&#8217;Neil por causa de uma foto que ela compartilhou em seu Instagram sem a permiss\u00e3o ou consentimento dele.\u00a0 De acordo com as informa\u00e7\u00f5es divulgadas, [&hellip;]<\/p>\n","protected":false},"author":8,"featured_media":204774,"comment_status":"open","ping_status":"open","sticky":false,"template":"","format":"standard","meta":{"jetpack_post_was_ever_published":false,"_jetpack_newsletter_access":"","jetpack_publicize_message":"","jetpack_is_tweetstorm":false,"jetpack_publicize_feature_enabled":true,"jetpack_social_post_already_shared":true,"jetpack_social_options":{"image_generator_settings":{"template":"highway","enabled":false}}},"categories":[2],"tags":[],"jetpack_publicize_connections":[],"jetpack_featured_media_url":"https:\/\/i0.wp.com\/agrund.com\/wp-content\/uploads\/sites\/6\/2019\/11\/s-25.jpg?fit=960%2C300&ssl=1","jetpack_sharing_enabled":true,"jetpack_shortlink":"https:\/\/wp.me\/p3Hz0n-RgM","jetpack_likes_enabled":true,"_links":{"self":[{"href":"https:\/\/agrund.com\/index.php\/wp-json\/wp\/v2\/posts\/204772"}],"collection":[{"href":"https:\/\/agrund.com\/index.php\/wp-json\/wp\/v2\/posts"}],"about":[{"href":"https:\/\/agrund.com\/index.php\/wp-json\/wp\/v2\/types\/post"}],"author":[{"embeddable":true,"href":"https:\/\/agrund.com\/index.php\/wp-json\/wp\/v2\/users\/8"}],"replies":[{"embeddable":true,"href":"https:\/\/agrund.com\/index.php\/wp-json\/wp\/v2\/comments?post=204772"}],"version-history":[{"count":1,"href":"https:\/\/agrund.com\/index.php\/wp-json\/wp\/v2\/posts\/204772\/revisions"}],"predecessor-version":[{"id":204775,"href":"https:\/\/agrund.com\/index.php\/wp-json\/wp\/v2\/posts\/204772\/revisions\/204775"}],"wp:featuredmedia":[{"embeddable":true,"href":"https:\/\/agrund.com\/index.php\/wp-json\/wp\/v2\/media\/204774"}],"wp:attachment":[{"href":"https:\/\/agrund.com\/index.php\/wp-json\/wp\/v2\/media?parent=204772"}],"wp:term":[{"taxonomy":"category","embeddable":true,"href":"https:\/\/agrund.com\/index.php\/wp-json\/wp\/v2\/categories?post=204772"},{"taxonomy":"post_tag","embeddable":true,"href":"https:\/\/agrund.com\/index.php\/wp-json\/wp\/v2\/tags?post=204772"}],"curies":[{"name":"wp","href":"https:\/\/api.w.org\/{rel}","templated":true}]}}