{"id":204312,"date":"2019-10-24T18:00:28","date_gmt":"2019-10-24T21:00:28","guid":{"rendered":"http:\/\/www.agrund.com\/?p=204312"},"modified":"2019-10-24T19:22:29","modified_gmt":"2019-10-24T22:22:29","slug":"minas-trend-inverno-2020-o-coletivo-da-passarela-textil","status":"publish","type":"post","link":"https:\/\/agrund.com\/index.php\/minas-trend-inverno-2020-o-coletivo-da-passarela-textil\/","title":{"rendered":"Minas Trend Inverno 2020 :: O coletivo da Passarela T\u00eaxtil"},"content":{"rendered":"\n<p>Por Thay Sanqueta\u00a0| Edi\u00e7\u00e3o Rafaela Piovezani <\/p>\n\n\n\n<p>Estreante no evento, a Passarela T\u00eaxtil encerrou o primeiro dia de desfiles do Minas Trend com uma cole\u00e7\u00e3o muito bem executada. A estilista Amanda Le\u00e3o foi a respons\u00e1vel pela cria\u00e7\u00e3o das pe\u00e7as, enquanto todo o desenvolvimento aconteceu no Senai Modatec &#8211; Centro de Refer\u00eancia de Cria\u00e7\u00e3o e Produ\u00e7\u00e3o do Vestu\u00e1rio do Sistema FIEMG. <\/p>\n\n\n\n<p>Inspirados pelo tema desta edi\u00e7\u00e3o do MT &#8211; &#8220;Tecendo Futuros&#8221;, os 30 looks levaram para a passarela uma moda casual com modelagens n\u00e3o \u00f3bvias e bem trabalhadas. Tudo criado a partir de tecidos de seis ind\u00fastrias mineiras &#8211; Cataguases, Cedro T\u00eaxtil, Fabril Mascarenhas, S\u00e3o Joanense, Santanense, e Tear T\u00eaxtil. Super bacana o projeto, n\u00e3o \u00e9 mesmo? <\/p>\n\n\n\n<div class=\"wp-block-image\"><figure class=\"aligncenter\"><img data-attachment-id=\"204315\" data-permalink=\"https:\/\/agrund.com\/index.php\/minas-trend-inverno-2020-o-coletivo-da-passarela-textil\/passarela-textil-minas-trend-inverno-2020foto-marcelo-soubhia-fotosite\/\" data-orig-file=\"https:\/\/i0.wp.com\/agrund.com\/wp-content\/uploads\/sites\/6\/2019\/10\/agrund-minas-trend-passarela-textil-1.jpg?fit=600%2C900&amp;ssl=1\" data-orig-size=\"600,900\" data-comments-opened=\"1\" data-image-meta=\"{&quot;aperture&quot;:&quot;0&quot;,&quot;credit&quot;:&quot;Marcelo Soubhia\\\/Fotosite&quot;,&quot;camera&quot;:&quot;&quot;,&quot;caption&quot;:&quot;Passarela Textil- Minas Trend Inverno 2020\\r\\rFoto: Marcelo Soubhia\\\/Fotosite&quot;,&quot;created_timestamp&quot;:&quot;1571783762&quot;,&quot;copyright&quot;:&quot;Agencia Fotosite&quot;,&quot;focal_length&quot;:&quot;0&quot;,&quot;iso&quot;:&quot;0&quot;,&quot;shutter_speed&quot;:&quot;0&quot;,&quot;title&quot;:&quot;Passarela Textil- Minas Trend Inverno 2020\\r\\rFoto: Marcelo Soubhia\\\/Fotosite&quot;,&quot;orientation&quot;:&quot;1&quot;}\" data-image-title=\"Passarela Textil- Minas Trend Inverno 2020\r\rFoto: Marcelo Soubhia\/Fotosite\" data-image-description=\"\" data-image-caption=\"&lt;p&gt;Passarela Textil- Minas Trend Inverno 2020&lt;\/p&gt;\n&lt;p&gt;Foto: Marcelo Soubhia\/Fotosite&lt;\/p&gt;\n\" data-medium-file=\"https:\/\/i0.wp.com\/agrund.com\/wp-content\/uploads\/sites\/6\/2019\/10\/agrund-minas-trend-passarela-textil-1.jpg?fit=200%2C300&amp;ssl=1\" data-large-file=\"https:\/\/i0.wp.com\/agrund.com\/wp-content\/uploads\/sites\/6\/2019\/10\/agrund-minas-trend-passarela-textil-1.jpg?fit=600%2C900&amp;ssl=1\" decoding=\"async\" loading=\"lazy\" width=\"600\" height=\"900\" src=\"https:\/\/i0.wp.com\/www.agrund.com\/wp-content\/uploads\/sites\/6\/2019\/10\/agrund-minas-trend-passarela-textil-1.jpg?resize=600%2C900&#038;ssl=1\" alt=\"\" class=\"wp-image-204315\" srcset=\"https:\/\/i0.wp.com\/agrund.com\/wp-content\/uploads\/sites\/6\/2019\/10\/agrund-minas-trend-passarela-textil-1.jpg?w=600&amp;ssl=1 600w, https:\/\/i0.wp.com\/agrund.com\/wp-content\/uploads\/sites\/6\/2019\/10\/agrund-minas-trend-passarela-textil-1.jpg?resize=200%2C300&amp;ssl=1 200w\" sizes=\"(max-width: 600px) 100vw, 600px\" data-recalc-dims=\"1\" \/><figcaption>Minas Trend Inverno 2020 :: O coletivo da Passarela T\u00eaxtil<\/figcaption><\/figure><\/div>\n\n\n\n<div class=\"wp-block-image\"><figure class=\"aligncenter\"><img data-attachment-id=\"204316\" data-permalink=\"https:\/\/agrund.com\/index.php\/minas-trend-inverno-2020-o-coletivo-da-passarela-textil\/passarela-textil-minas-trend-inverno-2020foto-marcelo-soubhia-fotosite-2\/\" data-orig-file=\"https:\/\/i0.wp.com\/agrund.com\/wp-content\/uploads\/sites\/6\/2019\/10\/agrund-minas-trend-passarela-textil-2.jpg?fit=600%2C900&amp;ssl=1\" data-orig-size=\"600,900\" data-comments-opened=\"1\" data-image-meta=\"{&quot;aperture&quot;:&quot;0&quot;,&quot;credit&quot;:&quot;Marcelo Soubhia\\\/Fotosite&quot;,&quot;camera&quot;:&quot;&quot;,&quot;caption&quot;:&quot;Passarela Textil- Minas Trend Inverno 2020\\r\\rFoto: Marcelo Soubhia\\\/Fotosite&quot;,&quot;created_timestamp&quot;:&quot;1571783774&quot;,&quot;copyright&quot;:&quot;Agencia Fotosite&quot;,&quot;focal_length&quot;:&quot;0&quot;,&quot;iso&quot;:&quot;0&quot;,&quot;shutter_speed&quot;:&quot;0&quot;,&quot;title&quot;:&quot;Passarela Textil- Minas Trend Inverno 2020\\r\\rFoto: Marcelo Soubhia\\\/Fotosite&quot;,&quot;orientation&quot;:&quot;1&quot;}\" data-image-title=\"Passarela Textil- Minas Trend Inverno 2020\r\rFoto: Marcelo Soubhia\/Fotosite\" data-image-description=\"\" data-image-caption=\"&lt;p&gt;Passarela Textil- Minas Trend Inverno 2020&lt;\/p&gt;\n&lt;p&gt;Foto: Marcelo Soubhia\/Fotosite&lt;\/p&gt;\n\" data-medium-file=\"https:\/\/i0.wp.com\/agrund.com\/wp-content\/uploads\/sites\/6\/2019\/10\/agrund-minas-trend-passarela-textil-2.jpg?fit=200%2C300&amp;ssl=1\" data-large-file=\"https:\/\/i0.wp.com\/agrund.com\/wp-content\/uploads\/sites\/6\/2019\/10\/agrund-minas-trend-passarela-textil-2.jpg?fit=600%2C900&amp;ssl=1\" decoding=\"async\" loading=\"lazy\" width=\"600\" height=\"900\" src=\"https:\/\/i0.wp.com\/www.agrund.com\/wp-content\/uploads\/sites\/6\/2019\/10\/agrund-minas-trend-passarela-textil-2.jpg?resize=600%2C900&#038;ssl=1\" alt=\"\" class=\"wp-image-204316\" srcset=\"https:\/\/i0.wp.com\/agrund.com\/wp-content\/uploads\/sites\/6\/2019\/10\/agrund-minas-trend-passarela-textil-2.jpg?w=600&amp;ssl=1 600w, https:\/\/i0.wp.com\/agrund.com\/wp-content\/uploads\/sites\/6\/2019\/10\/agrund-minas-trend-passarela-textil-2.jpg?resize=200%2C300&amp;ssl=1 200w\" sizes=\"(max-width: 600px) 100vw, 600px\" data-recalc-dims=\"1\" \/><figcaption>Minas Trend Inverno 2020 :: O coletivo da Passarela T\u00eaxtil<\/figcaption><\/figure><\/div>\n\n\n\n<div class=\"wp-block-image\"><figure class=\"aligncenter\"><img data-attachment-id=\"204317\" data-permalink=\"https:\/\/agrund.com\/index.php\/minas-trend-inverno-2020-o-coletivo-da-passarela-textil\/passarela-textil-minas-trend-inverno-2020foto-marcelo-soubhia-fotosite-3\/\" data-orig-file=\"https:\/\/i0.wp.com\/agrund.com\/wp-content\/uploads\/sites\/6\/2019\/10\/agrund-minas-trend-passarela-textil-3.jpg?fit=600%2C900&amp;ssl=1\" data-orig-size=\"600,900\" data-comments-opened=\"1\" data-image-meta=\"{&quot;aperture&quot;:&quot;0&quot;,&quot;credit&quot;:&quot;Marcelo Soubhia\\\/Fotosite&quot;,&quot;camera&quot;:&quot;&quot;,&quot;caption&quot;:&quot;Passarela Textil- Minas Trend Inverno 2020\\r\\rFoto: Marcelo Soubhia\\\/Fotosite&quot;,&quot;created_timestamp&quot;:&quot;1571783784&quot;,&quot;copyright&quot;:&quot;Agencia Fotosite&quot;,&quot;focal_length&quot;:&quot;0&quot;,&quot;iso&quot;:&quot;0&quot;,&quot;shutter_speed&quot;:&quot;0&quot;,&quot;title&quot;:&quot;Passarela Textil- Minas Trend Inverno 2020\\r\\rFoto: Marcelo Soubhia\\\/Fotosite&quot;,&quot;orientation&quot;:&quot;1&quot;}\" data-image-title=\"Passarela Textil- Minas Trend Inverno 2020\r\rFoto: Marcelo Soubhia\/Fotosite\" data-image-description=\"\" data-image-caption=\"&lt;p&gt;Passarela Textil- Minas Trend Inverno 2020&lt;\/p&gt;\n&lt;p&gt;Foto: Marcelo Soubhia\/Fotosite&lt;\/p&gt;\n\" data-medium-file=\"https:\/\/i0.wp.com\/agrund.com\/wp-content\/uploads\/sites\/6\/2019\/10\/agrund-minas-trend-passarela-textil-3.jpg?fit=200%2C300&amp;ssl=1\" data-large-file=\"https:\/\/i0.wp.com\/agrund.com\/wp-content\/uploads\/sites\/6\/2019\/10\/agrund-minas-trend-passarela-textil-3.jpg?fit=600%2C900&amp;ssl=1\" decoding=\"async\" loading=\"lazy\" width=\"600\" height=\"900\" src=\"https:\/\/i0.wp.com\/www.agrund.com\/wp-content\/uploads\/sites\/6\/2019\/10\/agrund-minas-trend-passarela-textil-3.jpg?resize=600%2C900&#038;ssl=1\" alt=\"\" class=\"wp-image-204317\" srcset=\"https:\/\/i0.wp.com\/agrund.com\/wp-content\/uploads\/sites\/6\/2019\/10\/agrund-minas-trend-passarela-textil-3.jpg?w=600&amp;ssl=1 600w, https:\/\/i0.wp.com\/agrund.com\/wp-content\/uploads\/sites\/6\/2019\/10\/agrund-minas-trend-passarela-textil-3.jpg?resize=200%2C300&amp;ssl=1 200w\" sizes=\"(max-width: 600px) 100vw, 600px\" data-recalc-dims=\"1\" \/><figcaption>Minas Trend Inverno 2020 :: O coletivo da Passarela T\u00eaxtil<\/figcaption><\/figure><\/div>\n\n\n\n<div class=\"wp-block-image\"><figure class=\"aligncenter\"><img data-attachment-id=\"204318\" data-permalink=\"https:\/\/agrund.com\/index.php\/minas-trend-inverno-2020-o-coletivo-da-passarela-textil\/passarela-textil-minas-trend-inverno-2020foto-marcelo-soubhia-fotosite-4\/\" data-orig-file=\"https:\/\/i0.wp.com\/agrund.com\/wp-content\/uploads\/sites\/6\/2019\/10\/agrund-minas-trend-passarela-textil-4.jpg?fit=600%2C900&amp;ssl=1\" data-orig-size=\"600,900\" data-comments-opened=\"1\" data-image-meta=\"{&quot;aperture&quot;:&quot;0&quot;,&quot;credit&quot;:&quot;Marcelo Soubhia\\\/Fotosite&quot;,&quot;camera&quot;:&quot;&quot;,&quot;caption&quot;:&quot;Passarela Textil- Minas Trend Inverno 2020\\r\\rFoto: Marcelo Soubhia\\\/Fotosite&quot;,&quot;created_timestamp&quot;:&quot;1571783793&quot;,&quot;copyright&quot;:&quot;Agencia Fotosite&quot;,&quot;focal_length&quot;:&quot;0&quot;,&quot;iso&quot;:&quot;0&quot;,&quot;shutter_speed&quot;:&quot;0&quot;,&quot;title&quot;:&quot;Passarela Textil- Minas Trend Inverno 2020\\r\\rFoto: Marcelo Soubhia\\\/Fotosite&quot;,&quot;orientation&quot;:&quot;1&quot;}\" data-image-title=\"Passarela Textil- Minas Trend Inverno 2020\r\rFoto: Marcelo Soubhia\/Fotosite\" data-image-description=\"\" data-image-caption=\"&lt;p&gt;Passarela Textil- Minas Trend Inverno 2020&lt;\/p&gt;\n&lt;p&gt;Foto: Marcelo Soubhia\/Fotosite&lt;\/p&gt;\n\" data-medium-file=\"https:\/\/i0.wp.com\/agrund.com\/wp-content\/uploads\/sites\/6\/2019\/10\/agrund-minas-trend-passarela-textil-4.jpg?fit=200%2C300&amp;ssl=1\" data-large-file=\"https:\/\/i0.wp.com\/agrund.com\/wp-content\/uploads\/sites\/6\/2019\/10\/agrund-minas-trend-passarela-textil-4.jpg?fit=600%2C900&amp;ssl=1\" decoding=\"async\" loading=\"lazy\" width=\"600\" height=\"900\" src=\"https:\/\/i0.wp.com\/www.agrund.com\/wp-content\/uploads\/sites\/6\/2019\/10\/agrund-minas-trend-passarela-textil-4.jpg?resize=600%2C900&#038;ssl=1\" alt=\"\" class=\"wp-image-204318\" srcset=\"https:\/\/i0.wp.com\/agrund.com\/wp-content\/uploads\/sites\/6\/2019\/10\/agrund-minas-trend-passarela-textil-4.jpg?w=600&amp;ssl=1 600w, https:\/\/i0.wp.com\/agrund.com\/wp-content\/uploads\/sites\/6\/2019\/10\/agrund-minas-trend-passarela-textil-4.jpg?resize=200%2C300&amp;ssl=1 200w\" sizes=\"(max-width: 600px) 100vw, 600px\" data-recalc-dims=\"1\" \/><figcaption>Minas Trend Inverno 2020 :: O coletivo da Passarela T\u00eaxtil<\/figcaption><\/figure><\/div>\n\n\n\n<div class=\"wp-block-image\"><figure class=\"aligncenter\"><img data-attachment-id=\"204319\" data-permalink=\"https:\/\/agrund.com\/index.php\/minas-trend-inverno-2020-o-coletivo-da-passarela-textil\/passarela-textil-minas-trend-inverno-2020foto-marcelo-soubhia-fotosite-5\/\" data-orig-file=\"https:\/\/i0.wp.com\/agrund.com\/wp-content\/uploads\/sites\/6\/2019\/10\/agrund-minas-trend-passarela-textil-5.jpg?fit=600%2C900&amp;ssl=1\" data-orig-size=\"600,900\" data-comments-opened=\"1\" data-image-meta=\"{&quot;aperture&quot;:&quot;0&quot;,&quot;credit&quot;:&quot;Marcelo Soubhia\\\/Fotosite&quot;,&quot;camera&quot;:&quot;&quot;,&quot;caption&quot;:&quot;Passarela Textil- Minas Trend Inverno 2020\\r\\rFoto: Marcelo Soubhia\\\/Fotosite&quot;,&quot;created_timestamp&quot;:&quot;1571783830&quot;,&quot;copyright&quot;:&quot;Agencia Fotosite&quot;,&quot;focal_length&quot;:&quot;0&quot;,&quot;iso&quot;:&quot;0&quot;,&quot;shutter_speed&quot;:&quot;0&quot;,&quot;title&quot;:&quot;Passarela Textil- Minas Trend Inverno 2020\\r\\rFoto: Marcelo Soubhia\\\/Fotosite&quot;,&quot;orientation&quot;:&quot;1&quot;}\" data-image-title=\"Passarela Textil- Minas Trend Inverno 2020\r\rFoto: Marcelo Soubhia\/Fotosite\" data-image-description=\"\" data-image-caption=\"&lt;p&gt;Passarela Textil- Minas Trend Inverno 2020&lt;\/p&gt;\n&lt;p&gt;Foto: Marcelo Soubhia\/Fotosite&lt;\/p&gt;\n\" data-medium-file=\"https:\/\/i0.wp.com\/agrund.com\/wp-content\/uploads\/sites\/6\/2019\/10\/agrund-minas-trend-passarela-textil-5.jpg?fit=200%2C300&amp;ssl=1\" data-large-file=\"https:\/\/i0.wp.com\/agrund.com\/wp-content\/uploads\/sites\/6\/2019\/10\/agrund-minas-trend-passarela-textil-5.jpg?fit=600%2C900&amp;ssl=1\" decoding=\"async\" loading=\"lazy\" width=\"600\" height=\"900\" src=\"https:\/\/i0.wp.com\/www.agrund.com\/wp-content\/uploads\/sites\/6\/2019\/10\/agrund-minas-trend-passarela-textil-5.jpg?resize=600%2C900&#038;ssl=1\" alt=\"\" class=\"wp-image-204319\" srcset=\"https:\/\/i0.wp.com\/agrund.com\/wp-content\/uploads\/sites\/6\/2019\/10\/agrund-minas-trend-passarela-textil-5.jpg?w=600&amp;ssl=1 600w, https:\/\/i0.wp.com\/agrund.com\/wp-content\/uploads\/sites\/6\/2019\/10\/agrund-minas-trend-passarela-textil-5.jpg?resize=200%2C300&amp;ssl=1 200w\" sizes=\"(max-width: 600px) 100vw, 600px\" data-recalc-dims=\"1\" \/><figcaption>Minas Trend Inverno 2020 :: O coletivo da Passarela T\u00eaxtil<\/figcaption><\/figure><\/div>\n\n\n\n<div class=\"wp-block-image\"><figure class=\"aligncenter\"><img data-attachment-id=\"204320\" data-permalink=\"https:\/\/agrund.com\/index.php\/minas-trend-inverno-2020-o-coletivo-da-passarela-textil\/passarela-textil-minas-trend-inverno-2020foto-marcelo-soubhia-fotosite-6\/\" data-orig-file=\"https:\/\/i0.wp.com\/agrund.com\/wp-content\/uploads\/sites\/6\/2019\/10\/agrund-minas-trend-passarela-textil-6.jpg?fit=600%2C900&amp;ssl=1\" data-orig-size=\"600,900\" data-comments-opened=\"1\" data-image-meta=\"{&quot;aperture&quot;:&quot;0&quot;,&quot;credit&quot;:&quot;Marcelo Soubhia\\\/Fotosite&quot;,&quot;camera&quot;:&quot;&quot;,&quot;caption&quot;:&quot;Passarela Textil- Minas Trend Inverno 2020\\r\\rFoto: Marcelo Soubhia\\\/Fotosite&quot;,&quot;created_timestamp&quot;:&quot;1571783846&quot;,&quot;copyright&quot;:&quot;Agencia Fotosite&quot;,&quot;focal_length&quot;:&quot;0&quot;,&quot;iso&quot;:&quot;0&quot;,&quot;shutter_speed&quot;:&quot;0&quot;,&quot;title&quot;:&quot;Passarela Textil- Minas Trend Inverno 2020\\r\\rFoto: Marcelo Soubhia\\\/Fotosite&quot;,&quot;orientation&quot;:&quot;1&quot;}\" data-image-title=\"Passarela Textil- Minas Trend Inverno 2020\r\rFoto: Marcelo Soubhia\/Fotosite\" data-image-description=\"\" data-image-caption=\"&lt;p&gt;Passarela Textil- Minas Trend Inverno 2020&lt;\/p&gt;\n&lt;p&gt;Foto: Marcelo Soubhia\/Fotosite&lt;\/p&gt;\n\" data-medium-file=\"https:\/\/i0.wp.com\/agrund.com\/wp-content\/uploads\/sites\/6\/2019\/10\/agrund-minas-trend-passarela-textil-6.jpg?fit=200%2C300&amp;ssl=1\" data-large-file=\"https:\/\/i0.wp.com\/agrund.com\/wp-content\/uploads\/sites\/6\/2019\/10\/agrund-minas-trend-passarela-textil-6.jpg?fit=600%2C900&amp;ssl=1\" decoding=\"async\" loading=\"lazy\" width=\"600\" height=\"900\" src=\"https:\/\/i0.wp.com\/www.agrund.com\/wp-content\/uploads\/sites\/6\/2019\/10\/agrund-minas-trend-passarela-textil-6.jpg?resize=600%2C900&#038;ssl=1\" alt=\"\" class=\"wp-image-204320\" srcset=\"https:\/\/i0.wp.com\/agrund.com\/wp-content\/uploads\/sites\/6\/2019\/10\/agrund-minas-trend-passarela-textil-6.jpg?w=600&amp;ssl=1 600w, https:\/\/i0.wp.com\/agrund.com\/wp-content\/uploads\/sites\/6\/2019\/10\/agrund-minas-trend-passarela-textil-6.jpg?resize=200%2C300&amp;ssl=1 200w\" sizes=\"(max-width: 600px) 100vw, 600px\" data-recalc-dims=\"1\" \/><figcaption>Minas Trend Inverno 2020 :: O coletivo da Passarela T\u00eaxtil<\/figcaption><\/figure><\/div>\n\n\n\n<div class=\"wp-block-image\"><figure class=\"aligncenter\"><img data-attachment-id=\"204321\" data-permalink=\"https:\/\/agrund.com\/index.php\/minas-trend-inverno-2020-o-coletivo-da-passarela-textil\/passarela-textil-minas-trend-inverno-2020foto-marcelo-soubhia-fotosite-7\/\" data-orig-file=\"https:\/\/i0.wp.com\/agrund.com\/wp-content\/uploads\/sites\/6\/2019\/10\/agrund-minas-trend-passarela-textil-7.jpg?fit=600%2C900&amp;ssl=1\" data-orig-size=\"600,900\" data-comments-opened=\"1\" data-image-meta=\"{&quot;aperture&quot;:&quot;0&quot;,&quot;credit&quot;:&quot;Marcelo Soubhia\\\/Fotosite&quot;,&quot;camera&quot;:&quot;&quot;,&quot;caption&quot;:&quot;Passarela Textil- Minas Trend Inverno 2020\\r\\rFoto: Marcelo Soubhia\\\/Fotosite&quot;,&quot;created_timestamp&quot;:&quot;1571783859&quot;,&quot;copyright&quot;:&quot;Agencia Fotosite&quot;,&quot;focal_length&quot;:&quot;0&quot;,&quot;iso&quot;:&quot;0&quot;,&quot;shutter_speed&quot;:&quot;0&quot;,&quot;title&quot;:&quot;Passarela Textil- Minas Trend Inverno 2020\\r\\rFoto: Marcelo Soubhia\\\/Fotosite&quot;,&quot;orientation&quot;:&quot;1&quot;}\" data-image-title=\"Passarela Textil- Minas Trend Inverno 2020\r\rFoto: Marcelo Soubhia\/Fotosite\" data-image-description=\"\" data-image-caption=\"&lt;p&gt;Passarela Textil- Minas Trend Inverno 2020&lt;\/p&gt;\n&lt;p&gt;Foto: Marcelo Soubhia\/Fotosite&lt;\/p&gt;\n\" data-medium-file=\"https:\/\/i0.wp.com\/agrund.com\/wp-content\/uploads\/sites\/6\/2019\/10\/agrund-minas-trend-passarela-textil-7.jpg?fit=200%2C300&amp;ssl=1\" data-large-file=\"https:\/\/i0.wp.com\/agrund.com\/wp-content\/uploads\/sites\/6\/2019\/10\/agrund-minas-trend-passarela-textil-7.jpg?fit=600%2C900&amp;ssl=1\" decoding=\"async\" loading=\"lazy\" width=\"600\" height=\"900\" src=\"https:\/\/i0.wp.com\/www.agrund.com\/wp-content\/uploads\/sites\/6\/2019\/10\/agrund-minas-trend-passarela-textil-7.jpg?resize=600%2C900&#038;ssl=1\" alt=\"\" class=\"wp-image-204321\" srcset=\"https:\/\/i0.wp.com\/agrund.com\/wp-content\/uploads\/sites\/6\/2019\/10\/agrund-minas-trend-passarela-textil-7.jpg?w=600&amp;ssl=1 600w, https:\/\/i0.wp.com\/agrund.com\/wp-content\/uploads\/sites\/6\/2019\/10\/agrund-minas-trend-passarela-textil-7.jpg?resize=200%2C300&amp;ssl=1 200w\" sizes=\"(max-width: 600px) 100vw, 600px\" data-recalc-dims=\"1\" \/><figcaption>Minas Trend Inverno 2020 :: O coletivo da Passarela T\u00eaxtil<\/figcaption><\/figure><\/div>\n\n\n\n<div class=\"wp-block-image\"><figure class=\"aligncenter\"><img data-attachment-id=\"204322\" data-permalink=\"https:\/\/agrund.com\/index.php\/minas-trend-inverno-2020-o-coletivo-da-passarela-textil\/passarela-textil-minas-trend-inverno-2020foto-marcelo-soubhia-fotosite-8\/\" data-orig-file=\"https:\/\/i0.wp.com\/agrund.com\/wp-content\/uploads\/sites\/6\/2019\/10\/agrund-minas-trend-passarela-textil-8.jpg?fit=600%2C900&amp;ssl=1\" data-orig-size=\"600,900\" data-comments-opened=\"1\" data-image-meta=\"{&quot;aperture&quot;:&quot;0&quot;,&quot;credit&quot;:&quot;Marcelo Soubhia\\\/Fotosite&quot;,&quot;camera&quot;:&quot;&quot;,&quot;caption&quot;:&quot;Passarela Textil- Minas Trend Inverno 2020\\r\\rFoto: Marcelo Soubhia\\\/Fotosite&quot;,&quot;created_timestamp&quot;:&quot;1571783889&quot;,&quot;copyright&quot;:&quot;Agencia Fotosite&quot;,&quot;focal_length&quot;:&quot;0&quot;,&quot;iso&quot;:&quot;0&quot;,&quot;shutter_speed&quot;:&quot;0&quot;,&quot;title&quot;:&quot;Passarela Textil- Minas Trend Inverno 2020\\r\\rFoto: Marcelo Soubhia\\\/Fotosite&quot;,&quot;orientation&quot;:&quot;1&quot;}\" data-image-title=\"Passarela Textil- Minas Trend Inverno 2020\r\rFoto: Marcelo Soubhia\/Fotosite\" data-image-description=\"\" data-image-caption=\"&lt;p&gt;Passarela Textil- Minas Trend Inverno 2020&lt;\/p&gt;\n&lt;p&gt;Foto: Marcelo Soubhia\/Fotosite&lt;\/p&gt;\n\" data-medium-file=\"https:\/\/i0.wp.com\/agrund.com\/wp-content\/uploads\/sites\/6\/2019\/10\/agrund-minas-trend-passarela-textil-8.jpg?fit=200%2C300&amp;ssl=1\" data-large-file=\"https:\/\/i0.wp.com\/agrund.com\/wp-content\/uploads\/sites\/6\/2019\/10\/agrund-minas-trend-passarela-textil-8.jpg?fit=600%2C900&amp;ssl=1\" decoding=\"async\" loading=\"lazy\" width=\"600\" height=\"900\" src=\"https:\/\/i0.wp.com\/www.agrund.com\/wp-content\/uploads\/sites\/6\/2019\/10\/agrund-minas-trend-passarela-textil-8.jpg?resize=600%2C900&#038;ssl=1\" alt=\"\" class=\"wp-image-204322\" srcset=\"https:\/\/i0.wp.com\/agrund.com\/wp-content\/uploads\/sites\/6\/2019\/10\/agrund-minas-trend-passarela-textil-8.jpg?w=600&amp;ssl=1 600w, https:\/\/i0.wp.com\/agrund.com\/wp-content\/uploads\/sites\/6\/2019\/10\/agrund-minas-trend-passarela-textil-8.jpg?resize=200%2C300&amp;ssl=1 200w\" sizes=\"(max-width: 600px) 100vw, 600px\" data-recalc-dims=\"1\" \/><figcaption>Minas Trend Inverno 2020 :: O coletivo da Passarela T\u00eaxtil<\/figcaption><\/figure><\/div>\n\n\n\n<div class=\"wp-block-image\"><figure class=\"aligncenter\"><img data-attachment-id=\"204323\" data-permalink=\"https:\/\/agrund.com\/index.php\/minas-trend-inverno-2020-o-coletivo-da-passarela-textil\/passarela-textil-minas-trend-inverno-2020foto-marcelo-soubhia-fotosite-9\/\" data-orig-file=\"https:\/\/i0.wp.com\/agrund.com\/wp-content\/uploads\/sites\/6\/2019\/10\/agrund-minas-trend-passarela-textil-9.jpg?fit=600%2C900&amp;ssl=1\" data-orig-size=\"600,900\" data-comments-opened=\"1\" data-image-meta=\"{&quot;aperture&quot;:&quot;0&quot;,&quot;credit&quot;:&quot;Marcelo Soubhia\\\/Fotosite&quot;,&quot;camera&quot;:&quot;&quot;,&quot;caption&quot;:&quot;Passarela Textil- Minas Trend Inverno 2020\\r\\rFoto: Marcelo Soubhia\\\/Fotosite&quot;,&quot;created_timestamp&quot;:&quot;1571783915&quot;,&quot;copyright&quot;:&quot;Agencia Fotosite&quot;,&quot;focal_length&quot;:&quot;0&quot;,&quot;iso&quot;:&quot;0&quot;,&quot;shutter_speed&quot;:&quot;0&quot;,&quot;title&quot;:&quot;Passarela Textil- Minas Trend Inverno 2020\\r\\rFoto: Marcelo Soubhia\\\/Fotosite&quot;,&quot;orientation&quot;:&quot;1&quot;}\" data-image-title=\"Passarela Textil- Minas Trend Inverno 2020\r\rFoto: Marcelo Soubhia\/Fotosite\" data-image-description=\"\" data-image-caption=\"&lt;p&gt;Passarela Textil- Minas Trend Inverno 2020&lt;\/p&gt;\n&lt;p&gt;Foto: Marcelo Soubhia\/Fotosite&lt;\/p&gt;\n\" data-medium-file=\"https:\/\/i0.wp.com\/agrund.com\/wp-content\/uploads\/sites\/6\/2019\/10\/agrund-minas-trend-passarela-textil-9.jpg?fit=200%2C300&amp;ssl=1\" data-large-file=\"https:\/\/i0.wp.com\/agrund.com\/wp-content\/uploads\/sites\/6\/2019\/10\/agrund-minas-trend-passarela-textil-9.jpg?fit=600%2C900&amp;ssl=1\" decoding=\"async\" loading=\"lazy\" width=\"600\" height=\"900\" src=\"https:\/\/i0.wp.com\/www.agrund.com\/wp-content\/uploads\/sites\/6\/2019\/10\/agrund-minas-trend-passarela-textil-9.jpg?resize=600%2C900&#038;ssl=1\" alt=\"\" class=\"wp-image-204323\" srcset=\"https:\/\/i0.wp.com\/agrund.com\/wp-content\/uploads\/sites\/6\/2019\/10\/agrund-minas-trend-passarela-textil-9.jpg?w=600&amp;ssl=1 600w, https:\/\/i0.wp.com\/agrund.com\/wp-content\/uploads\/sites\/6\/2019\/10\/agrund-minas-trend-passarela-textil-9.jpg?resize=200%2C300&amp;ssl=1 200w\" sizes=\"(max-width: 600px) 100vw, 600px\" data-recalc-dims=\"1\" \/><figcaption>Minas Trend Inverno 2020 :: O coletivo da Passarela T\u00eaxtil<\/figcaption><\/figure><\/div>\n\n\n\n<div class=\"wp-block-image\"><figure class=\"aligncenter\"><img data-attachment-id=\"204324\" data-permalink=\"https:\/\/agrund.com\/index.php\/minas-trend-inverno-2020-o-coletivo-da-passarela-textil\/passarela-textil-minas-trend-inverno-2020foto-marcelo-soubhia-fotosite-10\/\" data-orig-file=\"https:\/\/i0.wp.com\/agrund.com\/wp-content\/uploads\/sites\/6\/2019\/10\/agrund-minas-trend-passarela-textil-10.jpg?fit=600%2C900&amp;ssl=1\" data-orig-size=\"600,900\" data-comments-opened=\"1\" data-image-meta=\"{&quot;aperture&quot;:&quot;0&quot;,&quot;credit&quot;:&quot;Marcelo Soubhia\\\/Fotosite&quot;,&quot;camera&quot;:&quot;&quot;,&quot;caption&quot;:&quot;Passarela Textil- Minas Trend Inverno 2020\\r\\rFoto: Marcelo Soubhia\\\/Fotosite&quot;,&quot;created_timestamp&quot;:&quot;1571783950&quot;,&quot;copyright&quot;:&quot;Agencia Fotosite&quot;,&quot;focal_length&quot;:&quot;0&quot;,&quot;iso&quot;:&quot;0&quot;,&quot;shutter_speed&quot;:&quot;0&quot;,&quot;title&quot;:&quot;Passarela Textil- Minas Trend Inverno 2020\\r\\rFoto: Marcelo Soubhia\\\/Fotosite&quot;,&quot;orientation&quot;:&quot;1&quot;}\" data-image-title=\"Passarela Textil- Minas Trend Inverno 2020\r\rFoto: Marcelo Soubhia\/Fotosite\" data-image-description=\"\" data-image-caption=\"&lt;p&gt;Passarela Textil- Minas Trend Inverno 2020&lt;\/p&gt;\n&lt;p&gt;Foto: Marcelo Soubhia\/Fotosite&lt;\/p&gt;\n\" data-medium-file=\"https:\/\/i0.wp.com\/agrund.com\/wp-content\/uploads\/sites\/6\/2019\/10\/agrund-minas-trend-passarela-textil-10.jpg?fit=200%2C300&amp;ssl=1\" data-large-file=\"https:\/\/i0.wp.com\/agrund.com\/wp-content\/uploads\/sites\/6\/2019\/10\/agrund-minas-trend-passarela-textil-10.jpg?fit=600%2C900&amp;ssl=1\" decoding=\"async\" loading=\"lazy\" width=\"600\" height=\"900\" src=\"https:\/\/i0.wp.com\/www.agrund.com\/wp-content\/uploads\/sites\/6\/2019\/10\/agrund-minas-trend-passarela-textil-10.jpg?resize=600%2C900&#038;ssl=1\" alt=\"\" class=\"wp-image-204324\" srcset=\"https:\/\/i0.wp.com\/agrund.com\/wp-content\/uploads\/sites\/6\/2019\/10\/agrund-minas-trend-passarela-textil-10.jpg?w=600&amp;ssl=1 600w, https:\/\/i0.wp.com\/agrund.com\/wp-content\/uploads\/sites\/6\/2019\/10\/agrund-minas-trend-passarela-textil-10.jpg?resize=200%2C300&amp;ssl=1 200w\" sizes=\"(max-width: 600px) 100vw, 600px\" data-recalc-dims=\"1\" \/><figcaption>Minas Trend Inverno 2020 :: O coletivo da Passarela T\u00eaxtil<\/figcaption><\/figure><\/div>\n\n\n\n<p>Fotos: Divulga\u00e7\u00e3o\/ Ag\u00eancia Fotosite. <\/p>\n","protected":false},"excerpt":{"rendered":"<p>Por Thay Sanqueta\u00a0| Edi\u00e7\u00e3o Rafaela Piovezani Estreante no evento, a Passarela T\u00eaxtil encerrou o primeiro dia de desfiles do Minas Trend com uma cole\u00e7\u00e3o muito bem executada. A estilista Amanda Le\u00e3o foi a respons\u00e1vel pela cria\u00e7\u00e3o das pe\u00e7as, enquanto todo o desenvolvimento aconteceu no Senai Modatec &#8211; Centro de Refer\u00eancia de Cria\u00e7\u00e3o e Produ\u00e7\u00e3o do [&hellip;]<\/p>\n","protected":false},"author":8,"featured_media":204314,"comment_status":"open","ping_status":"open","sticky":false,"template":"","format":"standard","meta":{"jetpack_post_was_ever_published":false,"_jetpack_newsletter_access":"","jetpack_publicize_message":"","jetpack_is_tweetstorm":false,"jetpack_publicize_feature_enabled":true,"jetpack_social_post_already_shared":true,"jetpack_social_options":{"image_generator_settings":{"template":"highway","enabled":false}}},"categories":[9,2],"tags":[],"jetpack_publicize_connections":[],"jetpack_featured_media_url":"https:\/\/i0.wp.com\/agrund.com\/wp-content\/uploads\/sites\/6\/2019\/10\/s-187.jpg?fit=960%2C300&ssl=1","jetpack_sharing_enabled":true,"jetpack_shortlink":"https:\/\/wp.me\/p3Hz0n-R9m","jetpack_likes_enabled":true,"_links":{"self":[{"href":"https:\/\/agrund.com\/index.php\/wp-json\/wp\/v2\/posts\/204312"}],"collection":[{"href":"https:\/\/agrund.com\/index.php\/wp-json\/wp\/v2\/posts"}],"about":[{"href":"https:\/\/agrund.com\/index.php\/wp-json\/wp\/v2\/types\/post"}],"author":[{"embeddable":true,"href":"https:\/\/agrund.com\/index.php\/wp-json\/wp\/v2\/users\/8"}],"replies":[{"embeddable":true,"href":"https:\/\/agrund.com\/index.php\/wp-json\/wp\/v2\/comments?post=204312"}],"version-history":[{"count":2,"href":"https:\/\/agrund.com\/index.php\/wp-json\/wp\/v2\/posts\/204312\/revisions"}],"predecessor-version":[{"id":204325,"href":"https:\/\/agrund.com\/index.php\/wp-json\/wp\/v2\/posts\/204312\/revisions\/204325"}],"wp:featuredmedia":[{"embeddable":true,"href":"https:\/\/agrund.com\/index.php\/wp-json\/wp\/v2\/media\/204314"}],"wp:attachment":[{"href":"https:\/\/agrund.com\/index.php\/wp-json\/wp\/v2\/media?parent=204312"}],"wp:term":[{"taxonomy":"category","embeddable":true,"href":"https:\/\/agrund.com\/index.php\/wp-json\/wp\/v2\/categories?post=204312"},{"taxonomy":"post_tag","embeddable":true,"href":"https:\/\/agrund.com\/index.php\/wp-json\/wp\/v2\/tags?post=204312"}],"curies":[{"name":"wp","href":"https:\/\/api.w.org\/{rel}","templated":true}]}}