{"id":204279,"date":"2019-10-24T12:00:26","date_gmt":"2019-10-24T15:00:26","guid":{"rendered":"http:\/\/www.agrund.com\/?p=204279"},"modified":"2019-10-24T10:13:27","modified_gmt":"2019-10-24T13:13:27","slug":"minas-trend-inverno-2020-o-poder-dos-olhos","status":"publish","type":"post","link":"https:\/\/agrund.com\/index.php\/minas-trend-inverno-2020-o-poder-dos-olhos\/","title":{"rendered":"Minas Trend Inverno 2020 :: O poder dos olhos"},"content":{"rendered":"\n<p>Por Lel\u00ea Santhana\u00a0<\/p>\n\n\n\n<p>Quem finaliza o \u00faltimo dia de desfiles no Minas Trend \u00e9 Victor Dzenk e Alagoas. O AGrund.com entrou no backstage das marcas e conferiu as belezas que j\u00e1 j\u00e1 estar\u00e3o na passarela. Veja:<\/p>\n\n\n\n<div class=\"wp-block-image\"><figure class=\"aligncenter\"><img data-attachment-id=\"204280\" data-permalink=\"https:\/\/agrund.com\/index.php\/minas-trend-inverno-2020-o-poder-dos-olhos\/agrund-minas-trend-beleza-maquiagem-2\/\" data-orig-file=\"https:\/\/i0.wp.com\/agrund.com\/wp-content\/uploads\/sites\/6\/2019\/10\/agrund-minas-trend-beleza-maquiagem-2.jpg?fit=600%2C338&amp;ssl=1\" data-orig-size=\"600,338\" data-comments-opened=\"1\" data-image-meta=\"{&quot;aperture&quot;:&quot;0&quot;,&quot;credit&quot;:&quot;&quot;,&quot;camera&quot;:&quot;&quot;,&quot;caption&quot;:&quot;&quot;,&quot;created_timestamp&quot;:&quot;0&quot;,&quot;copyright&quot;:&quot;&quot;,&quot;focal_length&quot;:&quot;0&quot;,&quot;iso&quot;:&quot;0&quot;,&quot;shutter_speed&quot;:&quot;0&quot;,&quot;title&quot;:&quot;&quot;,&quot;orientation&quot;:&quot;1&quot;}\" data-image-title=\"agrund-minas-trend-beleza-maquiagem-2\" data-image-description=\"\" data-image-caption=\"\" data-medium-file=\"https:\/\/i0.wp.com\/agrund.com\/wp-content\/uploads\/sites\/6\/2019\/10\/agrund-minas-trend-beleza-maquiagem-2.jpg?fit=300%2C169&amp;ssl=1\" data-large-file=\"https:\/\/i0.wp.com\/agrund.com\/wp-content\/uploads\/sites\/6\/2019\/10\/agrund-minas-trend-beleza-maquiagem-2.jpg?fit=600%2C338&amp;ssl=1\" decoding=\"async\" loading=\"lazy\" width=\"600\" height=\"338\" src=\"https:\/\/i0.wp.com\/www.agrund.com\/wp-content\/uploads\/sites\/6\/2019\/10\/agrund-minas-trend-beleza-maquiagem-2.jpg?resize=600%2C338&#038;ssl=1\" alt=\"\" class=\"wp-image-204280\" srcset=\"https:\/\/i0.wp.com\/agrund.com\/wp-content\/uploads\/sites\/6\/2019\/10\/agrund-minas-trend-beleza-maquiagem-2.jpg?w=600&amp;ssl=1 600w, https:\/\/i0.wp.com\/agrund.com\/wp-content\/uploads\/sites\/6\/2019\/10\/agrund-minas-trend-beleza-maquiagem-2.jpg?resize=300%2C169&amp;ssl=1 300w\" sizes=\"(max-width: 600px) 100vw, 600px\" data-recalc-dims=\"1\" \/><figcaption>Minas Trend Inverno 2020 :: O poder dos olhos  <\/figcaption><\/figure><\/div>\n\n\n\n<p>Para o desfile de Victor Dzenk, Ricardo dos Anjos coloca de lado as maquiagens com est\u00e9ticas matinais e abusa do l\u00e1pis preto rente aos c\u00edlios superiores e inferiores. Em algumas modelos, o preto aparece levemente esfumado, dando ainda mais profundidade ao olhar. A pele \u00e9 vi\u00e7osa e sem brilho.\u00a0<\/p>\n\n\n\n<div class=\"wp-block-image\"><figure class=\"aligncenter\"><img data-attachment-id=\"204281\" data-permalink=\"https:\/\/agrund.com\/index.php\/minas-trend-inverno-2020-o-poder-dos-olhos\/agrund-minas-trend-beleza-maquiagem\/\" data-orig-file=\"https:\/\/i0.wp.com\/agrund.com\/wp-content\/uploads\/sites\/6\/2019\/10\/agrund-minas-trend-beleza-maquiagem.jpg?fit=600%2C338&amp;ssl=1\" data-orig-size=\"600,338\" data-comments-opened=\"1\" data-image-meta=\"{&quot;aperture&quot;:&quot;0&quot;,&quot;credit&quot;:&quot;&quot;,&quot;camera&quot;:&quot;&quot;,&quot;caption&quot;:&quot;&quot;,&quot;created_timestamp&quot;:&quot;0&quot;,&quot;copyright&quot;:&quot;&quot;,&quot;focal_length&quot;:&quot;0&quot;,&quot;iso&quot;:&quot;0&quot;,&quot;shutter_speed&quot;:&quot;0&quot;,&quot;title&quot;:&quot;&quot;,&quot;orientation&quot;:&quot;1&quot;}\" data-image-title=\"agrund-minas-trend-beleza-maquiagem\" data-image-description=\"\" data-image-caption=\"\" data-medium-file=\"https:\/\/i0.wp.com\/agrund.com\/wp-content\/uploads\/sites\/6\/2019\/10\/agrund-minas-trend-beleza-maquiagem.jpg?fit=300%2C169&amp;ssl=1\" data-large-file=\"https:\/\/i0.wp.com\/agrund.com\/wp-content\/uploads\/sites\/6\/2019\/10\/agrund-minas-trend-beleza-maquiagem.jpg?fit=600%2C338&amp;ssl=1\" decoding=\"async\" loading=\"lazy\" width=\"600\" height=\"338\" src=\"https:\/\/i0.wp.com\/www.agrund.com\/wp-content\/uploads\/sites\/6\/2019\/10\/agrund-minas-trend-beleza-maquiagem.jpg?resize=600%2C338&#038;ssl=1\" alt=\"\" class=\"wp-image-204281\" srcset=\"https:\/\/i0.wp.com\/agrund.com\/wp-content\/uploads\/sites\/6\/2019\/10\/agrund-minas-trend-beleza-maquiagem.jpg?w=600&amp;ssl=1 600w, https:\/\/i0.wp.com\/agrund.com\/wp-content\/uploads\/sites\/6\/2019\/10\/agrund-minas-trend-beleza-maquiagem.jpg?resize=300%2C169&amp;ssl=1 300w\" sizes=\"(max-width: 600px) 100vw, 600px\" data-recalc-dims=\"1\" \/><figcaption>Minas Trend Inverno 2020 :: O poder dos olhos  <\/figcaption><\/figure><\/div>\n\n\n\n<p>J\u00e1 para o desfile da Alagoas, o beauty artist preparou uma composi\u00e7\u00e3o que abusa das cores vibrantes. Em tons neon, o laranja e o rosa dominam, sendo aplicados at\u00e9 o c\u00f4ncavo e sem mais produtos no olho. A maquiagem \u00e9 finalizada com uma pele levemente brilhosa e corada nas bochechas.\u00a0<\/p>\n","protected":false},"excerpt":{"rendered":"<p>Por Lel\u00ea Santhana\u00a0 Quem finaliza o \u00faltimo dia de desfiles no Minas Trend \u00e9 Victor Dzenk e Alagoas. O AGrund.com entrou no backstage das marcas e conferiu as belezas que j\u00e1 j\u00e1 estar\u00e3o na passarela. Veja: Para o desfile de Victor Dzenk, Ricardo dos Anjos coloca de lado as maquiagens com est\u00e9ticas matinais e abusa [&hellip;]<\/p>\n","protected":false},"author":8,"featured_media":204282,"comment_status":"open","ping_status":"open","sticky":false,"template":"","format":"standard","meta":{"jetpack_post_was_ever_published":false,"_jetpack_newsletter_access":"","jetpack_publicize_message":"","jetpack_is_tweetstorm":false,"jetpack_publicize_feature_enabled":true,"jetpack_social_post_already_shared":true,"jetpack_social_options":{"image_generator_settings":{"template":"highway","enabled":false}}},"categories":[2],"tags":[],"jetpack_publicize_connections":[],"jetpack_featured_media_url":"https:\/\/i0.wp.com\/agrund.com\/wp-content\/uploads\/sites\/6\/2019\/10\/s-183.jpg?fit=960%2C300&ssl=1","jetpack_sharing_enabled":true,"jetpack_shortlink":"https:\/\/wp.me\/p3Hz0n-R8P","jetpack_likes_enabled":true,"_links":{"self":[{"href":"https:\/\/agrund.com\/index.php\/wp-json\/wp\/v2\/posts\/204279"}],"collection":[{"href":"https:\/\/agrund.com\/index.php\/wp-json\/wp\/v2\/posts"}],"about":[{"href":"https:\/\/agrund.com\/index.php\/wp-json\/wp\/v2\/types\/post"}],"author":[{"embeddable":true,"href":"https:\/\/agrund.com\/index.php\/wp-json\/wp\/v2\/users\/8"}],"replies":[{"embeddable":true,"href":"https:\/\/agrund.com\/index.php\/wp-json\/wp\/v2\/comments?post=204279"}],"version-history":[{"count":1,"href":"https:\/\/agrund.com\/index.php\/wp-json\/wp\/v2\/posts\/204279\/revisions"}],"predecessor-version":[{"id":204283,"href":"https:\/\/agrund.com\/index.php\/wp-json\/wp\/v2\/posts\/204279\/revisions\/204283"}],"wp:featuredmedia":[{"embeddable":true,"href":"https:\/\/agrund.com\/index.php\/wp-json\/wp\/v2\/media\/204282"}],"wp:attachment":[{"href":"https:\/\/agrund.com\/index.php\/wp-json\/wp\/v2\/media?parent=204279"}],"wp:term":[{"taxonomy":"category","embeddable":true,"href":"https:\/\/agrund.com\/index.php\/wp-json\/wp\/v2\/categories?post=204279"},{"taxonomy":"post_tag","embeddable":true,"href":"https:\/\/agrund.com\/index.php\/wp-json\/wp\/v2\/tags?post=204279"}],"curies":[{"name":"wp","href":"https:\/\/api.w.org\/{rel}","templated":true}]}}