{"id":204274,"date":"2019-10-24T10:00:19","date_gmt":"2019-10-24T13:00:19","guid":{"rendered":"http:\/\/www.agrund.com\/?p=204274"},"modified":"2019-10-24T10:05:47","modified_gmt":"2019-10-24T13:05:47","slug":"minas-trend-inverno-2020-make-natural-e-tendencia","status":"publish","type":"post","link":"https:\/\/agrund.com\/index.php\/minas-trend-inverno-2020-make-natural-e-tendencia\/","title":{"rendered":"Minas Trend Inverno 2020 :: Make natural \u00e9 tend\u00eancia"},"content":{"rendered":"\n<p>Por Lel\u00ea Santhana<\/p>\n\n\n\n<p>Quem abre o \u00faltimo dia de desfiles no Minas Trend \u00e9 a Denise Valadares e a Trendbijoux by Sindijoias. O AGrund.com entrou no backstage e conferiu um pouco de como ser\u00e1 a beleza das cole\u00e7\u00f5es que j\u00e1 j\u00e1 estar\u00e3o na passarela. Confira:<\/p>\n\n\n\n<div class=\"wp-block-image\"><figure class=\"aligncenter\"><img data-attachment-id=\"204276\" data-permalink=\"https:\/\/agrund.com\/index.php\/minas-trend-inverno-2020-make-natural-e-tendencia\/agrund-minas-trend-beleza-1\/\" data-orig-file=\"https:\/\/i0.wp.com\/agrund.com\/wp-content\/uploads\/sites\/6\/2019\/10\/agrund-minas-trend-beleza-1.jpg?fit=600%2C338&amp;ssl=1\" data-orig-size=\"600,338\" data-comments-opened=\"1\" data-image-meta=\"{&quot;aperture&quot;:&quot;0&quot;,&quot;credit&quot;:&quot;&quot;,&quot;camera&quot;:&quot;&quot;,&quot;caption&quot;:&quot;&quot;,&quot;created_timestamp&quot;:&quot;0&quot;,&quot;copyright&quot;:&quot;&quot;,&quot;focal_length&quot;:&quot;0&quot;,&quot;iso&quot;:&quot;0&quot;,&quot;shutter_speed&quot;:&quot;0&quot;,&quot;title&quot;:&quot;&quot;,&quot;orientation&quot;:&quot;1&quot;}\" data-image-title=\"agrund-minas-trend-beleza-1\" data-image-description=\"\" data-image-caption=\"\" data-medium-file=\"https:\/\/i0.wp.com\/agrund.com\/wp-content\/uploads\/sites\/6\/2019\/10\/agrund-minas-trend-beleza-1.jpg?fit=300%2C169&amp;ssl=1\" data-large-file=\"https:\/\/i0.wp.com\/agrund.com\/wp-content\/uploads\/sites\/6\/2019\/10\/agrund-minas-trend-beleza-1.jpg?fit=600%2C338&amp;ssl=1\" decoding=\"async\" loading=\"lazy\" width=\"600\" height=\"338\" src=\"https:\/\/i0.wp.com\/www.agrund.com\/wp-content\/uploads\/sites\/6\/2019\/10\/agrund-minas-trend-beleza-1.jpg?resize=600%2C338&#038;ssl=1\" alt=\"\" class=\"wp-image-204276\" srcset=\"https:\/\/i0.wp.com\/agrund.com\/wp-content\/uploads\/sites\/6\/2019\/10\/agrund-minas-trend-beleza-1.jpg?w=600&amp;ssl=1 600w, https:\/\/i0.wp.com\/agrund.com\/wp-content\/uploads\/sites\/6\/2019\/10\/agrund-minas-trend-beleza-1.jpg?resize=300%2C169&amp;ssl=1 300w\" sizes=\"(max-width: 600px) 100vw, 600px\" data-recalc-dims=\"1\" \/><figcaption>Minas Trend Inverno 2020 :: Make natural \u00e9 tend\u00eancia  <\/figcaption><\/figure><\/div>\n\n\n\n<p>Ambas escolheram usar uma pele natural e sem brilho. Ricardo dos Anjos, beauty artist que assina a beleza, nos conta mais: \u201cestamos tentando usar s\u00f3 os iluminadores que n\u00e3o tenham part\u00edculas de cintil\u00e2ncia. Ent\u00e3o, focamos no gloss transparente e nos \u00f3leos de pele para criar uma textura de vi\u00e7o\u201d.<\/p>\n\n\n\n<div class=\"wp-block-image\"><figure class=\"aligncenter\"><img data-attachment-id=\"204277\" data-permalink=\"https:\/\/agrund.com\/index.php\/minas-trend-inverno-2020-make-natural-e-tendencia\/agrund-minas-trend-beleza-2-1\/\" data-orig-file=\"https:\/\/i0.wp.com\/agrund.com\/wp-content\/uploads\/sites\/6\/2019\/10\/agrund-minas-trend-beleza-2-1.jpg?fit=600%2C338&amp;ssl=1\" data-orig-size=\"600,338\" data-comments-opened=\"1\" data-image-meta=\"{&quot;aperture&quot;:&quot;0&quot;,&quot;credit&quot;:&quot;&quot;,&quot;camera&quot;:&quot;&quot;,&quot;caption&quot;:&quot;&quot;,&quot;created_timestamp&quot;:&quot;0&quot;,&quot;copyright&quot;:&quot;&quot;,&quot;focal_length&quot;:&quot;0&quot;,&quot;iso&quot;:&quot;0&quot;,&quot;shutter_speed&quot;:&quot;0&quot;,&quot;title&quot;:&quot;&quot;,&quot;orientation&quot;:&quot;1&quot;}\" data-image-title=\"agrund-minas-trend-beleza-2-1\" data-image-description=\"\" data-image-caption=\"\" data-medium-file=\"https:\/\/i0.wp.com\/agrund.com\/wp-content\/uploads\/sites\/6\/2019\/10\/agrund-minas-trend-beleza-2-1.jpg?fit=300%2C169&amp;ssl=1\" data-large-file=\"https:\/\/i0.wp.com\/agrund.com\/wp-content\/uploads\/sites\/6\/2019\/10\/agrund-minas-trend-beleza-2-1.jpg?fit=600%2C338&amp;ssl=1\" decoding=\"async\" loading=\"lazy\" width=\"600\" height=\"338\" src=\"https:\/\/i0.wp.com\/www.agrund.com\/wp-content\/uploads\/sites\/6\/2019\/10\/agrund-minas-trend-beleza-2-1.jpg?resize=600%2C338&#038;ssl=1\" alt=\"\" class=\"wp-image-204277\" srcset=\"https:\/\/i0.wp.com\/agrund.com\/wp-content\/uploads\/sites\/6\/2019\/10\/agrund-minas-trend-beleza-2-1.jpg?w=600&amp;ssl=1 600w, https:\/\/i0.wp.com\/agrund.com\/wp-content\/uploads\/sites\/6\/2019\/10\/agrund-minas-trend-beleza-2-1.jpg?resize=300%2C169&amp;ssl=1 300w\" sizes=\"(max-width: 600px) 100vw, 600px\" data-recalc-dims=\"1\" \/><figcaption>Minas Trend Inverno 2020 :: Make natural \u00e9 tend\u00eancia  <\/figcaption><\/figure><\/div>\n\n\n\n<p>Para o cabelo, a ideia \u00e9 respeitar as individualidades de cada modelo e fazer penteados que valorizem os fios naturais. Por\u00e9m, o penteado queridinho da temporada que vem sendo muito feito por Ricardo \u00e9 o rabo de cavalo baixo.\u00a0<\/p>\n\n\n\n<p>Fotos: Lel\u00ea Santhana. <\/p>\n","protected":false},"excerpt":{"rendered":"<p>Por Lel\u00ea Santhana Quem abre o \u00faltimo dia de desfiles no Minas Trend \u00e9 a Denise Valadares e a Trendbijoux by Sindijoias. O AGrund.com entrou no backstage e conferiu um pouco de como ser\u00e1 a beleza das cole\u00e7\u00f5es que j\u00e1 j\u00e1 estar\u00e3o na passarela. Confira: Ambas escolheram usar uma pele natural e sem brilho. Ricardo [&hellip;]<\/p>\n","protected":false},"author":8,"featured_media":204275,"comment_status":"open","ping_status":"open","sticky":false,"template":"","format":"standard","meta":{"jetpack_post_was_ever_published":false,"_jetpack_newsletter_access":"","jetpack_publicize_message":"","jetpack_is_tweetstorm":false,"jetpack_publicize_feature_enabled":true,"jetpack_social_post_already_shared":true,"jetpack_social_options":{"image_generator_settings":{"template":"highway","enabled":false}}},"categories":[2],"tags":[],"jetpack_publicize_connections":[],"jetpack_featured_media_url":"https:\/\/i0.wp.com\/agrund.com\/wp-content\/uploads\/sites\/6\/2019\/10\/s-182.jpg?fit=960%2C300&ssl=1","jetpack_sharing_enabled":true,"jetpack_shortlink":"https:\/\/wp.me\/p3Hz0n-R8K","jetpack_likes_enabled":true,"_links":{"self":[{"href":"https:\/\/agrund.com\/index.php\/wp-json\/wp\/v2\/posts\/204274"}],"collection":[{"href":"https:\/\/agrund.com\/index.php\/wp-json\/wp\/v2\/posts"}],"about":[{"href":"https:\/\/agrund.com\/index.php\/wp-json\/wp\/v2\/types\/post"}],"author":[{"embeddable":true,"href":"https:\/\/agrund.com\/index.php\/wp-json\/wp\/v2\/users\/8"}],"replies":[{"embeddable":true,"href":"https:\/\/agrund.com\/index.php\/wp-json\/wp\/v2\/comments?post=204274"}],"version-history":[{"count":1,"href":"https:\/\/agrund.com\/index.php\/wp-json\/wp\/v2\/posts\/204274\/revisions"}],"predecessor-version":[{"id":204278,"href":"https:\/\/agrund.com\/index.php\/wp-json\/wp\/v2\/posts\/204274\/revisions\/204278"}],"wp:featuredmedia":[{"embeddable":true,"href":"https:\/\/agrund.com\/index.php\/wp-json\/wp\/v2\/media\/204275"}],"wp:attachment":[{"href":"https:\/\/agrund.com\/index.php\/wp-json\/wp\/v2\/media?parent=204274"}],"wp:term":[{"taxonomy":"category","embeddable":true,"href":"https:\/\/agrund.com\/index.php\/wp-json\/wp\/v2\/categories?post=204274"},{"taxonomy":"post_tag","embeddable":true,"href":"https:\/\/agrund.com\/index.php\/wp-json\/wp\/v2\/tags?post=204274"}],"curies":[{"name":"wp","href":"https:\/\/api.w.org\/{rel}","templated":true}]}}